{"id":16727,"date":"2021-03-02T21:06:04","date_gmt":"2021-03-02T19:06:04","guid":{"rendered":"http:\/\/esponsorama.ad\/?p=16727"},"modified":"2021-03-02T22:45:49","modified_gmt":"2021-03-02T20:45:49","slug":"comunicado-prensa-test-oficiales-jerez-1o-jornada-motoe","status":"publish","type":"post","link":"http:\/\/esponsorama.ad\/es\/comunicado-prensa-test-oficiales-jerez-1o-jornada-motoe\/","title":{"rendered":"Comunicado de Prensa Test Oficiales Jerez 1\u00ba Jornada MotoE"},"content":{"rendered":"<p><strong>CONCLUYE LA PRIMERA JORNADA DE LOS TEST OFICIALES DE MOTOE EN EL CIRCUITO JEREZANO.<\/strong><\/p>\n<p>&nbsp;<\/p>\n<p>Con Muy buenas sensaciones y un positivo rendimiento, concluye la primera jornada de Test Oficiales de MotoE en el circuito Jerezano.<\/p>\n<p>Sin duda una buena experiencia para los pilotos del Esponsorama Avintia Racing que han visto como despu\u00e9s de un largo periodo de tiempo sin poder probar sus motos en pista, finalmente hoy han podido recuperar las sensaciones de cara a poder desarrollar la puesta a punto de sus monturas.<\/p>\n<p>Xavier Cardel\u00fas ha marcado su mejor tiempo en 1:49.734, su compa\u00f1ero Andre Pires en su debut en la categor\u00eda a rodado un total de 34 vueltas marcando su mejor tiempo en 1:52.351<\/p>\n<p>A esta jornada le seguir\u00e1n dos d\u00edas m\u00e1s de Test oficiales en los que se esperan unas buenas condiciones meteorol\u00f3gicas.<\/p>\n<p>&nbsp;<\/p>\n<p><strong># 18 XAVIER CARDEL\u00daS <\/strong><\/p>\n<p>\u201cEstoy contento por poder volver a subirme en la moto despu\u00e9s de casi un a\u00f1o parados. Las primeras sensaciones han sido para recordar c\u00f3mo va esta moto que es muy diferente a lo que uno est\u00e1 habituado, pero muy contento de c\u00f3mo ha marchado esta primera jornada. Todav\u00eda quedan dos jornadas m\u00e1s por lo que no hay que precipitarse. Jerez es un circuito al que estamos acostumbrados todos los que llevamos a\u00f1os corriendo, personalmente creo que es un circuito dif\u00edcil, pero en resumen estoy muy contento y las sensaciones de este primer d\u00eda son muy positivas\u201d.<\/p>\n<p>&nbsp;<\/p>\n<p>&nbsp;<\/p>\n<p><strong># 14\u00a0 ANDR\u00c9 PIRES<\/strong><\/p>\n<p>\u201cMe estoy adaptando muy bien despu\u00e9s de tanto tiempo sin montar, me gusta mucho la moto seguramente el haber rodado tanto en otras motos tiene que ver con que me este adaptado tambi\u00e9n a esta moto. Este circuito me gusta much\u00edsimo, todo el equipo est\u00e1 haciendo un excelente trabajo. Necesito rodar y dar vueltas para adaptarme y entender cada vez m\u00e1s la moto. Es mi debut en esta categor\u00eda y todo es nuevo para m\u00ed , los neum\u00e1ticos, los frenos, la potencia de la moto , hoy ha sido mi primera toma de contacto y en todos los sentidos ha sido muy positivo \u201c.<\/p>\n<p>&nbsp;<\/p>\n<p>&nbsp;<\/p>\n","protected":false},"excerpt":{"rendered":"<p>CONCLUYE LA PRIMERA JORNADA DE LOS TEST OFICIALES DE MOTOE EN EL CIRCUITO JEREZANO. &nbsp; Con Muy buenas sensaciones y un positivo rendimiento, concluye la primera jornada de Test Oficiales de MotoE en el circuito Jerezano. Sin duda una buena experiencia para los pilotos del Esponsorama Avintia Racing que han visto como despu\u00e9s de un [&hellip;]<\/p>\n","protected":false},"author":6,"featured_media":16725,"comment_status":"closed","ping_status":"closed","sticky":false,"template":"","format":"standard","meta":{"footnotes":""},"categories":[21],"tags":[],"class_list":["post-16727","post","type-post","status-publish","format-standard","has-post-thumbnail","hentry","category-motoe"],"yoast_head":"<!-- This site is optimized with the Yoast SEO plugin v27.1.1 - https:\/\/yoast.com\/product\/yoast-seo-wordpress\/ -->\n<title>Comunicado de Prensa Test Oficiales Jerez 1\u00ba Jornada MotoE - Esponsorama<\/title>\n<meta name=\"robots\" content=\"index, follow, max-snippet:-1, max-image-preview:large, max-video-preview:-1\" \/>\n<link rel=\"canonical\" href=\"http:\/\/esponsorama.ad\/es\/comunicado-prensa-test-oficiales-jerez-1o-jornada-motoe\/\" \/>\n<meta property=\"og:locale\" content=\"es_ES\" \/>\n<meta property=\"og:type\" content=\"article\" \/>\n<meta property=\"og:title\" content=\"Comunicado de Prensa Test Oficiales Jerez 1\u00ba Jornada MotoE - Esponsorama\" \/>\n<meta property=\"og:description\" content=\"CONCLUYE LA PRIMERA JORNADA DE LOS TEST OFICIALES DE MOTOE EN EL CIRCUITO JEREZANO. &nbsp; Con Muy buenas sensaciones y un positivo rendimiento, concluye la primera jornada de Test Oficiales de MotoE en el circuito Jerezano. Sin duda una buena experiencia para los pilotos del Esponsorama Avintia Racing que han visto como despu\u00e9s de un [&hellip;]\" \/>\n<meta property=\"og:url\" content=\"http:\/\/esponsorama.ad\/es\/comunicado-prensa-test-oficiales-jerez-1o-jornada-motoe\/\" \/>\n<meta property=\"og:site_name\" content=\"Esponsorama\" \/>\n<meta property=\"article:published_time\" content=\"2021-03-02T19:06:04+00:00\" \/>\n<meta property=\"article:modified_time\" content=\"2021-03-02T20:45:49+00:00\" \/>\n<meta property=\"og:image\" content=\"http:\/\/esponsorama.ad\/wp-content\/uploads\/2021\/03\/TESTS-Jerez-DIA-1-5-1024x648.jpg\" \/>\n\t<meta property=\"og:image:width\" content=\"1024\" \/>\n\t<meta property=\"og:image:height\" content=\"648\" \/>\n\t<meta property=\"og:image:type\" content=\"image\/jpeg\" \/>\n<meta name=\"author\" content=\"Xavi Andornet\" \/>\n<meta name=\"twitter:card\" content=\"summary_large_image\" \/>\n<meta name=\"twitter:label1\" content=\"Escrito por\" \/>\n\t<meta name=\"twitter:data1\" content=\"Xavi Andornet\" \/>\n\t<meta name=\"twitter:label2\" content=\"Tiempo de lectura\" \/>\n\t<meta name=\"twitter:data2\" content=\"2 minutos\" \/>\n<script type=\"application\/ld+json\" class=\"yoast-schema-graph\">{\"@context\":\"https:\/\/schema.org\",\"@graph\":[{\"@type\":\"Article\",\"@id\":\"http:\/\/esponsorama.ad\/es\/comunicado-prensa-test-oficiales-jerez-1o-jornada-motoe\/#article\",\"isPartOf\":{\"@id\":\"http:\/\/esponsorama.ad\/es\/comunicado-prensa-test-oficiales-jerez-1o-jornada-motoe\/\"},\"author\":{\"name\":\"Xavi Andornet\",\"@id\":\"http:\/\/esponsorama.ad\/es\/#\/schema\/person\/a5cde74945183d737066e46b61c6f9c4\"},\"headline\":\"Comunicado de Prensa Test Oficiales Jerez 1\u00ba Jornada MotoE\",\"datePublished\":\"2021-03-02T19:06:04+00:00\",\"dateModified\":\"2021-03-02T20:45:49+00:00\",\"mainEntityOfPage\":{\"@id\":\"http:\/\/esponsorama.ad\/es\/comunicado-prensa-test-oficiales-jerez-1o-jornada-motoe\/\"},\"wordCount\":372,\"image\":{\"@id\":\"http:\/\/esponsorama.ad\/es\/comunicado-prensa-test-oficiales-jerez-1o-jornada-motoe\/#primaryimage\"},\"thumbnailUrl\":\"http:\/\/esponsorama.ad\/wp-content\/uploads\/2021\/03\/TESTS-Jerez-DIA-1-5.jpg\",\"articleSection\":[\"MotoE\"],\"inLanguage\":\"es\"},{\"@type\":\"WebPage\",\"@id\":\"http:\/\/esponsorama.ad\/es\/comunicado-prensa-test-oficiales-jerez-1o-jornada-motoe\/\",\"url\":\"http:\/\/esponsorama.ad\/es\/comunicado-prensa-test-oficiales-jerez-1o-jornada-motoe\/\",\"name\":\"Comunicado de Prensa Test Oficiales Jerez 1\u00ba Jornada MotoE - Esponsorama\",\"isPartOf\":{\"@id\":\"http:\/\/esponsorama.ad\/es\/#website\"},\"primaryImageOfPage\":{\"@id\":\"http:\/\/esponsorama.ad\/es\/comunicado-prensa-test-oficiales-jerez-1o-jornada-motoe\/#primaryimage\"},\"image\":{\"@id\":\"http:\/\/esponsorama.ad\/es\/comunicado-prensa-test-oficiales-jerez-1o-jornada-motoe\/#primaryimage\"},\"thumbnailUrl\":\"http:\/\/esponsorama.ad\/wp-content\/uploads\/2021\/03\/TESTS-Jerez-DIA-1-5.jpg\",\"datePublished\":\"2021-03-02T19:06:04+00:00\",\"dateModified\":\"2021-03-02T20:45:49+00:00\",\"author\":{\"@id\":\"http:\/\/esponsorama.ad\/es\/#\/schema\/person\/a5cde74945183d737066e46b61c6f9c4\"},\"breadcrumb\":{\"@id\":\"http:\/\/esponsorama.ad\/es\/comunicado-prensa-test-oficiales-jerez-1o-jornada-motoe\/#breadcrumb\"},\"inLanguage\":\"es\",\"potentialAction\":[{\"@type\":\"ReadAction\",\"target\":[\"http:\/\/esponsorama.ad\/es\/comunicado-prensa-test-oficiales-jerez-1o-jornada-motoe\/\"]}]},{\"@type\":\"ImageObject\",\"inLanguage\":\"es\",\"@id\":\"http:\/\/esponsorama.ad\/es\/comunicado-prensa-test-oficiales-jerez-1o-jornada-motoe\/#primaryimage\",\"url\":\"http:\/\/esponsorama.ad\/wp-content\/uploads\/2021\/03\/TESTS-Jerez-DIA-1-5.jpg\",\"contentUrl\":\"http:\/\/esponsorama.ad\/wp-content\/uploads\/2021\/03\/TESTS-Jerez-DIA-1-5.jpg\",\"width\":4040,\"height\":2558},{\"@type\":\"BreadcrumbList\",\"@id\":\"http:\/\/esponsorama.ad\/es\/comunicado-prensa-test-oficiales-jerez-1o-jornada-motoe\/#breadcrumb\",\"itemListElement\":[{\"@type\":\"ListItem\",\"position\":1,\"name\":\"Home\",\"item\":\"http:\/\/esponsorama.ad\/es\/\"},{\"@type\":\"ListItem\",\"position\":2,\"name\":\"Comunicado de Prensa Test Oficiales Jerez 1\u00ba Jornada MotoE\"}]},{\"@type\":\"WebSite\",\"@id\":\"http:\/\/esponsorama.ad\/es\/#website\",\"url\":\"http:\/\/esponsorama.ad\/es\/\",\"name\":\"Esponsorama\",\"description\":\"Specialist in motorsport sponsorship and event promotions\",\"potentialAction\":[{\"@type\":\"SearchAction\",\"target\":{\"@type\":\"EntryPoint\",\"urlTemplate\":\"http:\/\/esponsorama.ad\/es\/?s={search_term_string}\"},\"query-input\":{\"@type\":\"PropertyValueSpecification\",\"valueRequired\":true,\"valueName\":\"search_term_string\"}}],\"inLanguage\":\"es\"},{\"@type\":\"Person\",\"@id\":\"http:\/\/esponsorama.ad\/es\/#\/schema\/person\/a5cde74945183d737066e46b61c6f9c4\",\"name\":\"Xavi Andornet\",\"image\":{\"@type\":\"ImageObject\",\"inLanguage\":\"es\",\"@id\":\"http:\/\/esponsorama.ad\/es\/#\/schema\/person\/image\/\",\"url\":\"https:\/\/secure.gravatar.com\/avatar\/f10eaf9ad601244a2357c9fd7cd9805ed166cfaaf76d5d9ab08a9d873e70147a?s=96&d=mm&r=g\",\"contentUrl\":\"https:\/\/secure.gravatar.com\/avatar\/f10eaf9ad601244a2357c9fd7cd9805ed166cfaaf76d5d9ab08a9d873e70147a?s=96&d=mm&r=g\",\"caption\":\"Xavi Andornet\"},\"sameAs\":[\"http:\/\/www.andornet.ad\"],\"url\":\"http:\/\/esponsorama.ad\/es\/author\/andornet\/\"}]}<\/script>\n<!-- \/ Yoast SEO plugin. -->","yoast_head_json":{"title":"Comunicado de Prensa Test Oficiales Jerez 1\u00ba Jornada MotoE - Esponsorama","robots":{"index":"index","follow":"follow","max-snippet":"max-snippet:-1","max-image-preview":"max-image-preview:large","max-video-preview":"max-video-preview:-1"},"canonical":"http:\/\/esponsorama.ad\/es\/comunicado-prensa-test-oficiales-jerez-1o-jornada-motoe\/","og_locale":"es_ES","og_type":"article","og_title":"Comunicado de Prensa Test Oficiales Jerez 1\u00ba Jornada MotoE - Esponsorama","og_description":"CONCLUYE LA PRIMERA JORNADA DE LOS TEST OFICIALES DE MOTOE EN EL CIRCUITO JEREZANO. &nbsp; Con Muy buenas sensaciones y un positivo rendimiento, concluye la primera jornada de Test Oficiales de MotoE en el circuito Jerezano. Sin duda una buena experiencia para los pilotos del Esponsorama Avintia Racing que han visto como despu\u00e9s de un [&hellip;]","og_url":"http:\/\/esponsorama.ad\/es\/comunicado-prensa-test-oficiales-jerez-1o-jornada-motoe\/","og_site_name":"Esponsorama","article_published_time":"2021-03-02T19:06:04+00:00","article_modified_time":"2021-03-02T20:45:49+00:00","og_image":[{"width":1024,"height":648,"url":"http:\/\/esponsorama.ad\/wp-content\/uploads\/2021\/03\/TESTS-Jerez-DIA-1-5-1024x648.jpg","type":"image\/jpeg"}],"author":"Xavi Andornet","twitter_card":"summary_large_image","twitter_misc":{"Escrito por":"Xavi Andornet","Tiempo de lectura":"2 minutos"},"schema":{"@context":"https:\/\/schema.org","@graph":[{"@type":"Article","@id":"http:\/\/esponsorama.ad\/es\/comunicado-prensa-test-oficiales-jerez-1o-jornada-motoe\/#article","isPartOf":{"@id":"http:\/\/esponsorama.ad\/es\/comunicado-prensa-test-oficiales-jerez-1o-jornada-motoe\/"},"author":{"name":"Xavi Andornet","@id":"http:\/\/esponsorama.ad\/es\/#\/schema\/person\/a5cde74945183d737066e46b61c6f9c4"},"headline":"Comunicado de Prensa Test Oficiales Jerez 1\u00ba Jornada MotoE","datePublished":"2021-03-02T19:06:04+00:00","dateModified":"2021-03-02T20:45:49+00:00","mainEntityOfPage":{"@id":"http:\/\/esponsorama.ad\/es\/comunicado-prensa-test-oficiales-jerez-1o-jornada-motoe\/"},"wordCount":372,"image":{"@id":"http:\/\/esponsorama.ad\/es\/comunicado-prensa-test-oficiales-jerez-1o-jornada-motoe\/#primaryimage"},"thumbnailUrl":"http:\/\/esponsorama.ad\/wp-content\/uploads\/2021\/03\/TESTS-Jerez-DIA-1-5.jpg","articleSection":["MotoE"],"inLanguage":"es"},{"@type":"WebPage","@id":"http:\/\/esponsorama.ad\/es\/comunicado-prensa-test-oficiales-jerez-1o-jornada-motoe\/","url":"http:\/\/esponsorama.ad\/es\/comunicado-prensa-test-oficiales-jerez-1o-jornada-motoe\/","name":"Comunicado de Prensa Test Oficiales Jerez 1\u00ba Jornada MotoE - Esponsorama","isPartOf":{"@id":"http:\/\/esponsorama.ad\/es\/#website"},"primaryImageOfPage":{"@id":"http:\/\/esponsorama.ad\/es\/comunicado-prensa-test-oficiales-jerez-1o-jornada-motoe\/#primaryimage"},"image":{"@id":"http:\/\/esponsorama.ad\/es\/comunicado-prensa-test-oficiales-jerez-1o-jornada-motoe\/#primaryimage"},"thumbnailUrl":"http:\/\/esponsorama.ad\/wp-content\/uploads\/2021\/03\/TESTS-Jerez-DIA-1-5.jpg","datePublished":"2021-03-02T19:06:04+00:00","dateModified":"2021-03-02T20:45:49+00:00","author":{"@id":"http:\/\/esponsorama.ad\/es\/#\/schema\/person\/a5cde74945183d737066e46b61c6f9c4"},"breadcrumb":{"@id":"http:\/\/esponsorama.ad\/es\/comunicado-prensa-test-oficiales-jerez-1o-jornada-motoe\/#breadcrumb"},"inLanguage":"es","potentialAction":[{"@type":"ReadAction","target":["http:\/\/esponsorama.ad\/es\/comunicado-prensa-test-oficiales-jerez-1o-jornada-motoe\/"]}]},{"@type":"ImageObject","inLanguage":"es","@id":"http:\/\/esponsorama.ad\/es\/comunicado-prensa-test-oficiales-jerez-1o-jornada-motoe\/#primaryimage","url":"http:\/\/esponsorama.ad\/wp-content\/uploads\/2021\/03\/TESTS-Jerez-DIA-1-5.jpg","contentUrl":"http:\/\/esponsorama.ad\/wp-content\/uploads\/2021\/03\/TESTS-Jerez-DIA-1-5.jpg","width":4040,"height":2558},{"@type":"BreadcrumbList","@id":"http:\/\/esponsorama.ad\/es\/comunicado-prensa-test-oficiales-jerez-1o-jornada-motoe\/#breadcrumb","itemListElement":[{"@type":"ListItem","position":1,"name":"Home","item":"http:\/\/esponsorama.ad\/es\/"},{"@type":"ListItem","position":2,"name":"Comunicado de Prensa Test Oficiales Jerez 1\u00ba Jornada MotoE"}]},{"@type":"WebSite","@id":"http:\/\/esponsorama.ad\/es\/#website","url":"http:\/\/esponsorama.ad\/es\/","name":"Esponsorama","description":"Specialist in motorsport sponsorship and event promotions","potentialAction":[{"@type":"SearchAction","target":{"@type":"EntryPoint","urlTemplate":"http:\/\/esponsorama.ad\/es\/?s={search_term_string}"},"query-input":{"@type":"PropertyValueSpecification","valueRequired":true,"valueName":"search_term_string"}}],"inLanguage":"es"},{"@type":"Person","@id":"http:\/\/esponsorama.ad\/es\/#\/schema\/person\/a5cde74945183d737066e46b61c6f9c4","name":"Xavi Andornet","image":{"@type":"ImageObject","inLanguage":"es","@id":"http:\/\/esponsorama.ad\/es\/#\/schema\/person\/image\/","url":"https:\/\/secure.gravatar.com\/avatar\/f10eaf9ad601244a2357c9fd7cd9805ed166cfaaf76d5d9ab08a9d873e70147a?s=96&d=mm&r=g","contentUrl":"https:\/\/secure.gravatar.com\/avatar\/f10eaf9ad601244a2357c9fd7cd9805ed166cfaaf76d5d9ab08a9d873e70147a?s=96&d=mm&r=g","caption":"Xavi Andornet"},"sameAs":["http:\/\/www.andornet.ad"],"url":"http:\/\/esponsorama.ad\/es\/author\/andornet\/"}]}},"_links":{"self":[{"href":"http:\/\/esponsorama.ad\/es\/wp-json\/wp\/v2\/posts\/16727","targetHints":{"allow":["GET"]}}],"collection":[{"href":"http:\/\/esponsorama.ad\/es\/wp-json\/wp\/v2\/posts"}],"about":[{"href":"http:\/\/esponsorama.ad\/es\/wp-json\/wp\/v2\/types\/post"}],"author":[{"embeddable":true,"href":"http:\/\/esponsorama.ad\/es\/wp-json\/wp\/v2\/users\/6"}],"replies":[{"embeddable":true,"href":"http:\/\/esponsorama.ad\/es\/wp-json\/wp\/v2\/comments?post=16727"}],"version-history":[{"count":2,"href":"http:\/\/esponsorama.ad\/es\/wp-json\/wp\/v2\/posts\/16727\/revisions"}],"predecessor-version":[{"id":16730,"href":"http:\/\/esponsorama.ad\/es\/wp-json\/wp\/v2\/posts\/16727\/revisions\/16730"}],"wp:featuredmedia":[{"embeddable":true,"href":"http:\/\/esponsorama.ad\/es\/wp-json\/wp\/v2\/media\/16725"}],"wp:attachment":[{"href":"http:\/\/esponsorama.ad\/es\/wp-json\/wp\/v2\/media?parent=16727"}],"wp:term":[{"taxonomy":"category","embeddable":true,"href":"http:\/\/esponsorama.ad\/es\/wp-json\/wp\/v2\/categories?post=16727"},{"taxonomy":"post_tag","embeddable":true,"href":"http:\/\/esponsorama.ad\/es\/wp-json\/wp\/v2\/tags?post=16727"}],"curies":[{"name":"wp","href":"https:\/\/api.w.org\/{rel}","templated":true}]}}