{"id":16755,"date":"2021-03-04T21:43:32","date_gmt":"2021-03-04T19:43:32","guid":{"rendered":"http:\/\/esponsorama.ad\/?p=16755"},"modified":"2021-03-04T22:10:52","modified_gmt":"2021-03-04T20:10:52","slug":"last-day-of-official-test-motoe-jerez-circuit","status":"publish","type":"post","link":"http:\/\/esponsorama.ad\/es\/last-day-of-official-test-motoe-jerez-circuit\/","title":{"rendered":"Ultima jornada de Test Oficiales de MotoE del Avintia Esponsorama Team en el Circuito de Jerez"},"content":{"rendered":"<p><strong>FINALIZAN LOS TEST OFICIALES DE MOTOE CON RESULTADOS POSITIVOS PARA LOS PILOTOS DEL AVINTIA ESPONSORAMA RACING TEAM<\/strong><\/p>\n<p>La jornada de hoy ha estado marcada por fuertes rachas de viento que han propiciado un escenario diferente para nuestros pilotos. Despu\u00e9s de tres jornadas intensas de trabajo, los resultados son satisfactorios para todo el equipo, que despu\u00e9s de un largo periodo de tiempo sin poder probar han aprovechado al m\u00e1ximo la pista Jerezana.<\/p>\n<p><strong>Xavier Cardel\u00fas ha<\/strong> realizado en esta \u00faltima jornada un total de 16 vueltas, marcando su mejor tiempo de las tres jornadas hoy en <strong>1.48.488<\/strong>. \u00a0Por su parte Andr\u00e9 Pires ha realizado un total de 17 vueltas parando el crono en <strong>1.54. 200<\/strong> y como mejor resultado de las tres jornadas <strong>1.51.600.<\/strong><\/p>\n<p>La pr\u00f3xima cita para ver la categor\u00eda de MotoE en acci\u00f3n ser\u00e1 los d\u00edas 30 de Abril, 1y 2 de Mayo en el Circuito de Jerez.<\/p>\n<p>&nbsp;<\/p>\n<p><strong># 18 XAVIER CARDEL\u00daS <\/strong><\/p>\n<p>\u201cAcabamos los primeros test del a\u00f1o, estoy muy contento ya echaba de menos estar encima de la moto. El primer d\u00eda fue b\u00e1sicamente recuperar sensaciones, a partir del segundo d\u00eda tuvimos la opci\u00f3n de probar nuevos neum\u00e1ticos traseros y la verdad es que personalmente creo que son much\u00edsimo mejores que los del a\u00f1o pasado me ha adaptado mucho mejor y me he sentido muy c\u00f3modo. Hoy hemos terminado bien quiz\u00e1s nos ha faltado poder rodar m\u00e1s vueltas, pero creo que hemos conseguido un buen \u201ctime attack \u201cque estoy seguro mejoraremos. El resumen del fin de semana es positivo, estoy muy satisfecho de c\u00f3mo hemos trabajado todo el equipo\u201d.<\/p>\n<p>&nbsp;<\/p>\n<p><strong># 14 ANDR\u00c9 PIRES<\/strong><\/p>\n<p><strong>\u201cMe<\/strong> he sentido muy bien, sab\u00eda que ser\u00eda un gran desaf\u00edo pero soy positivo y estoy contento por la confianza que han depositado en mi para poder correr este Campeonato . Todo es totalmente diferente para mi tenemos mucho en lo que trabajar para poder saber que es lo mejor. Intentar\u00e9 hacer un buen trabajo, los neum\u00e1ticos me dan confianza y mi objetivo es avanzar para estar lo mejor posible de cara a la primera carrera del Campeonato \u201c<\/p>\n","protected":false},"excerpt":{"rendered":"<p>FINALIZAN LOS TEST OFICIALES DE MOTOE CON RESULTADOS POSITIVOS PARA LOS PILOTOS DEL AVINTIA ESPONSORAMA RACING TEAM La jornada de hoy ha estado marcada por fuertes rachas de viento que han propiciado un escenario diferente para nuestros pilotos. Despu\u00e9s de tres jornadas intensas de trabajo, los resultados son satisfactorios para todo el equipo, que despu\u00e9s [&hellip;]<\/p>\n","protected":false},"author":6,"featured_media":16751,"comment_status":"closed","ping_status":"closed","sticky":false,"template":"","format":"standard","meta":{"footnotes":""},"categories":[21,1],"tags":[],"class_list":["post-16755","post","type-post","status-publish","format-standard","has-post-thumbnail","hentry","category-motoe","category-sin-categoria"],"yoast_head":"<!-- This site is optimized with the Yoast SEO plugin v27.1.1 - https:\/\/yoast.com\/product\/yoast-seo-wordpress\/ -->\n<title>Ultima jornada de Test Oficiales de MotoE del Avintia Esponsorama Team en el Circuito de Jerez - Esponsorama<\/title>\n<meta name=\"robots\" content=\"index, follow, max-snippet:-1, max-image-preview:large, max-video-preview:-1\" \/>\n<link rel=\"canonical\" href=\"http:\/\/esponsorama.ad\/es\/last-day-of-official-test-motoe-jerez-circuit\/\" \/>\n<meta property=\"og:locale\" content=\"es_ES\" \/>\n<meta property=\"og:type\" content=\"article\" \/>\n<meta property=\"og:title\" content=\"Ultima jornada de Test Oficiales de MotoE del Avintia Esponsorama Team en el Circuito de Jerez - Esponsorama\" \/>\n<meta property=\"og:description\" content=\"FINALIZAN LOS TEST OFICIALES DE MOTOE CON RESULTADOS POSITIVOS PARA LOS PILOTOS DEL AVINTIA ESPONSORAMA RACING TEAM La jornada de hoy ha estado marcada por fuertes rachas de viento que han propiciado un escenario diferente para nuestros pilotos. Despu\u00e9s de tres jornadas intensas de trabajo, los resultados son satisfactorios para todo el equipo, que despu\u00e9s [&hellip;]\" \/>\n<meta property=\"og:url\" content=\"http:\/\/esponsorama.ad\/es\/last-day-of-official-test-motoe-jerez-circuit\/\" \/>\n<meta property=\"og:site_name\" content=\"Esponsorama\" \/>\n<meta property=\"article:published_time\" content=\"2021-03-04T19:43:32+00:00\" \/>\n<meta property=\"article:modified_time\" content=\"2021-03-04T20:10:52+00:00\" \/>\n<meta property=\"og:image\" content=\"http:\/\/esponsorama.ad\/wp-content\/uploads\/2021\/03\/2-day-Cardelus1DX_4465-1024x603.jpg\" \/>\n\t<meta property=\"og:image:width\" content=\"1024\" \/>\n\t<meta property=\"og:image:height\" content=\"603\" \/>\n\t<meta property=\"og:image:type\" content=\"image\/jpeg\" \/>\n<meta name=\"author\" content=\"Xavi Andornet\" \/>\n<meta name=\"twitter:card\" content=\"summary_large_image\" \/>\n<meta name=\"twitter:label1\" content=\"Escrito por\" \/>\n\t<meta name=\"twitter:data1\" content=\"Xavi Andornet\" \/>\n\t<meta name=\"twitter:label2\" content=\"Tiempo de lectura\" \/>\n\t<meta name=\"twitter:data2\" content=\"2 minutos\" \/>\n<script type=\"application\/ld+json\" class=\"yoast-schema-graph\">{\"@context\":\"https:\/\/schema.org\",\"@graph\":[{\"@type\":\"Article\",\"@id\":\"http:\/\/esponsorama.ad\/es\/last-day-of-official-test-motoe-jerez-circuit\/#article\",\"isPartOf\":{\"@id\":\"http:\/\/esponsorama.ad\/es\/last-day-of-official-test-motoe-jerez-circuit\/\"},\"author\":{\"name\":\"Xavi Andornet\",\"@id\":\"http:\/\/esponsorama.ad\/es\/#\/schema\/person\/a5cde74945183d737066e46b61c6f9c4\"},\"headline\":\"Ultima jornada de Test Oficiales de MotoE del Avintia Esponsorama Team en el Circuito de Jerez\",\"datePublished\":\"2021-03-04T19:43:32+00:00\",\"dateModified\":\"2021-03-04T20:10:52+00:00\",\"mainEntityOfPage\":{\"@id\":\"http:\/\/esponsorama.ad\/es\/last-day-of-official-test-motoe-jerez-circuit\/\"},\"wordCount\":372,\"image\":{\"@id\":\"http:\/\/esponsorama.ad\/es\/last-day-of-official-test-motoe-jerez-circuit\/#primaryimage\"},\"thumbnailUrl\":\"http:\/\/esponsorama.ad\/wp-content\/uploads\/2021\/03\/2-day-Cardelus1DX_4465.jpg\",\"articleSection\":[\"MotoE\"],\"inLanguage\":\"es\"},{\"@type\":\"WebPage\",\"@id\":\"http:\/\/esponsorama.ad\/es\/last-day-of-official-test-motoe-jerez-circuit\/\",\"url\":\"http:\/\/esponsorama.ad\/es\/last-day-of-official-test-motoe-jerez-circuit\/\",\"name\":\"Ultima jornada de Test Oficiales de MotoE del Avintia Esponsorama Team en el Circuito de Jerez - Esponsorama\",\"isPartOf\":{\"@id\":\"http:\/\/esponsorama.ad\/es\/#website\"},\"primaryImageOfPage\":{\"@id\":\"http:\/\/esponsorama.ad\/es\/last-day-of-official-test-motoe-jerez-circuit\/#primaryimage\"},\"image\":{\"@id\":\"http:\/\/esponsorama.ad\/es\/last-day-of-official-test-motoe-jerez-circuit\/#primaryimage\"},\"thumbnailUrl\":\"http:\/\/esponsorama.ad\/wp-content\/uploads\/2021\/03\/2-day-Cardelus1DX_4465.jpg\",\"datePublished\":\"2021-03-04T19:43:32+00:00\",\"dateModified\":\"2021-03-04T20:10:52+00:00\",\"author\":{\"@id\":\"http:\/\/esponsorama.ad\/es\/#\/schema\/person\/a5cde74945183d737066e46b61c6f9c4\"},\"breadcrumb\":{\"@id\":\"http:\/\/esponsorama.ad\/es\/last-day-of-official-test-motoe-jerez-circuit\/#breadcrumb\"},\"inLanguage\":\"es\",\"potentialAction\":[{\"@type\":\"ReadAction\",\"target\":[\"http:\/\/esponsorama.ad\/es\/last-day-of-official-test-motoe-jerez-circuit\/\"]}]},{\"@type\":\"ImageObject\",\"inLanguage\":\"es\",\"@id\":\"http:\/\/esponsorama.ad\/es\/last-day-of-official-test-motoe-jerez-circuit\/#primaryimage\",\"url\":\"http:\/\/esponsorama.ad\/wp-content\/uploads\/2021\/03\/2-day-Cardelus1DX_4465.jpg\",\"contentUrl\":\"http:\/\/esponsorama.ad\/wp-content\/uploads\/2021\/03\/2-day-Cardelus1DX_4465.jpg\",\"width\":3586,\"height\":2113},{\"@type\":\"BreadcrumbList\",\"@id\":\"http:\/\/esponsorama.ad\/es\/last-day-of-official-test-motoe-jerez-circuit\/#breadcrumb\",\"itemListElement\":[{\"@type\":\"ListItem\",\"position\":1,\"name\":\"Home\",\"item\":\"http:\/\/esponsorama.ad\/en\/\"},{\"@type\":\"ListItem\",\"position\":2,\"name\":\"Ultima jornada de Test Oficiales de MotoE del Avintia Esponsorama Team en el Circuito de Jerez\"}]},{\"@type\":\"WebSite\",\"@id\":\"http:\/\/esponsorama.ad\/es\/#website\",\"url\":\"http:\/\/esponsorama.ad\/es\/\",\"name\":\"Esponsorama\",\"description\":\"Specialist in motorsport sponsorship and event promotions\",\"potentialAction\":[{\"@type\":\"SearchAction\",\"target\":{\"@type\":\"EntryPoint\",\"urlTemplate\":\"http:\/\/esponsorama.ad\/es\/?s={search_term_string}\"},\"query-input\":{\"@type\":\"PropertyValueSpecification\",\"valueRequired\":true,\"valueName\":\"search_term_string\"}}],\"inLanguage\":\"es\"},{\"@type\":\"Person\",\"@id\":\"http:\/\/esponsorama.ad\/es\/#\/schema\/person\/a5cde74945183d737066e46b61c6f9c4\",\"name\":\"Xavi Andornet\",\"image\":{\"@type\":\"ImageObject\",\"inLanguage\":\"es\",\"@id\":\"http:\/\/esponsorama.ad\/es\/#\/schema\/person\/image\/\",\"url\":\"https:\/\/secure.gravatar.com\/avatar\/f10eaf9ad601244a2357c9fd7cd9805ed166cfaaf76d5d9ab08a9d873e70147a?s=96&d=mm&r=g\",\"contentUrl\":\"https:\/\/secure.gravatar.com\/avatar\/f10eaf9ad601244a2357c9fd7cd9805ed166cfaaf76d5d9ab08a9d873e70147a?s=96&d=mm&r=g\",\"caption\":\"Xavi Andornet\"},\"sameAs\":[\"http:\/\/www.andornet.ad\"],\"url\":\"http:\/\/esponsorama.ad\/es\/author\/andornet\/\"}]}<\/script>\n<!-- \/ Yoast SEO plugin. -->","yoast_head_json":{"title":"Ultima jornada de Test Oficiales de MotoE del Avintia Esponsorama Team en el Circuito de Jerez - Esponsorama","robots":{"index":"index","follow":"follow","max-snippet":"max-snippet:-1","max-image-preview":"max-image-preview:large","max-video-preview":"max-video-preview:-1"},"canonical":"http:\/\/esponsorama.ad\/es\/last-day-of-official-test-motoe-jerez-circuit\/","og_locale":"es_ES","og_type":"article","og_title":"Ultima jornada de Test Oficiales de MotoE del Avintia Esponsorama Team en el Circuito de Jerez - Esponsorama","og_description":"FINALIZAN LOS TEST OFICIALES DE MOTOE CON RESULTADOS POSITIVOS PARA LOS PILOTOS DEL AVINTIA ESPONSORAMA RACING TEAM La jornada de hoy ha estado marcada por fuertes rachas de viento que han propiciado un escenario diferente para nuestros pilotos. Despu\u00e9s de tres jornadas intensas de trabajo, los resultados son satisfactorios para todo el equipo, que despu\u00e9s [&hellip;]","og_url":"http:\/\/esponsorama.ad\/es\/last-day-of-official-test-motoe-jerez-circuit\/","og_site_name":"Esponsorama","article_published_time":"2021-03-04T19:43:32+00:00","article_modified_time":"2021-03-04T20:10:52+00:00","og_image":[{"width":1024,"height":603,"url":"http:\/\/esponsorama.ad\/wp-content\/uploads\/2021\/03\/2-day-Cardelus1DX_4465-1024x603.jpg","type":"image\/jpeg"}],"author":"Xavi Andornet","twitter_card":"summary_large_image","twitter_misc":{"Escrito por":"Xavi Andornet","Tiempo de lectura":"2 minutos"},"schema":{"@context":"https:\/\/schema.org","@graph":[{"@type":"Article","@id":"http:\/\/esponsorama.ad\/es\/last-day-of-official-test-motoe-jerez-circuit\/#article","isPartOf":{"@id":"http:\/\/esponsorama.ad\/es\/last-day-of-official-test-motoe-jerez-circuit\/"},"author":{"name":"Xavi Andornet","@id":"http:\/\/esponsorama.ad\/es\/#\/schema\/person\/a5cde74945183d737066e46b61c6f9c4"},"headline":"Ultima jornada de Test Oficiales de MotoE del Avintia Esponsorama Team en el Circuito de Jerez","datePublished":"2021-03-04T19:43:32+00:00","dateModified":"2021-03-04T20:10:52+00:00","mainEntityOfPage":{"@id":"http:\/\/esponsorama.ad\/es\/last-day-of-official-test-motoe-jerez-circuit\/"},"wordCount":372,"image":{"@id":"http:\/\/esponsorama.ad\/es\/last-day-of-official-test-motoe-jerez-circuit\/#primaryimage"},"thumbnailUrl":"http:\/\/esponsorama.ad\/wp-content\/uploads\/2021\/03\/2-day-Cardelus1DX_4465.jpg","articleSection":["MotoE"],"inLanguage":"es"},{"@type":"WebPage","@id":"http:\/\/esponsorama.ad\/es\/last-day-of-official-test-motoe-jerez-circuit\/","url":"http:\/\/esponsorama.ad\/es\/last-day-of-official-test-motoe-jerez-circuit\/","name":"Ultima jornada de Test Oficiales de MotoE del Avintia Esponsorama Team en el Circuito de Jerez - Esponsorama","isPartOf":{"@id":"http:\/\/esponsorama.ad\/es\/#website"},"primaryImageOfPage":{"@id":"http:\/\/esponsorama.ad\/es\/last-day-of-official-test-motoe-jerez-circuit\/#primaryimage"},"image":{"@id":"http:\/\/esponsorama.ad\/es\/last-day-of-official-test-motoe-jerez-circuit\/#primaryimage"},"thumbnailUrl":"http:\/\/esponsorama.ad\/wp-content\/uploads\/2021\/03\/2-day-Cardelus1DX_4465.jpg","datePublished":"2021-03-04T19:43:32+00:00","dateModified":"2021-03-04T20:10:52+00:00","author":{"@id":"http:\/\/esponsorama.ad\/es\/#\/schema\/person\/a5cde74945183d737066e46b61c6f9c4"},"breadcrumb":{"@id":"http:\/\/esponsorama.ad\/es\/last-day-of-official-test-motoe-jerez-circuit\/#breadcrumb"},"inLanguage":"es","potentialAction":[{"@type":"ReadAction","target":["http:\/\/esponsorama.ad\/es\/last-day-of-official-test-motoe-jerez-circuit\/"]}]},{"@type":"ImageObject","inLanguage":"es","@id":"http:\/\/esponsorama.ad\/es\/last-day-of-official-test-motoe-jerez-circuit\/#primaryimage","url":"http:\/\/esponsorama.ad\/wp-content\/uploads\/2021\/03\/2-day-Cardelus1DX_4465.jpg","contentUrl":"http:\/\/esponsorama.ad\/wp-content\/uploads\/2021\/03\/2-day-Cardelus1DX_4465.jpg","width":3586,"height":2113},{"@type":"BreadcrumbList","@id":"http:\/\/esponsorama.ad\/es\/last-day-of-official-test-motoe-jerez-circuit\/#breadcrumb","itemListElement":[{"@type":"ListItem","position":1,"name":"Home","item":"http:\/\/esponsorama.ad\/en\/"},{"@type":"ListItem","position":2,"name":"Ultima jornada de Test Oficiales de MotoE del Avintia Esponsorama Team en el Circuito de Jerez"}]},{"@type":"WebSite","@id":"http:\/\/esponsorama.ad\/es\/#website","url":"http:\/\/esponsorama.ad\/es\/","name":"Esponsorama","description":"Specialist in motorsport sponsorship and event promotions","potentialAction":[{"@type":"SearchAction","target":{"@type":"EntryPoint","urlTemplate":"http:\/\/esponsorama.ad\/es\/?s={search_term_string}"},"query-input":{"@type":"PropertyValueSpecification","valueRequired":true,"valueName":"search_term_string"}}],"inLanguage":"es"},{"@type":"Person","@id":"http:\/\/esponsorama.ad\/es\/#\/schema\/person\/a5cde74945183d737066e46b61c6f9c4","name":"Xavi Andornet","image":{"@type":"ImageObject","inLanguage":"es","@id":"http:\/\/esponsorama.ad\/es\/#\/schema\/person\/image\/","url":"https:\/\/secure.gravatar.com\/avatar\/f10eaf9ad601244a2357c9fd7cd9805ed166cfaaf76d5d9ab08a9d873e70147a?s=96&d=mm&r=g","contentUrl":"https:\/\/secure.gravatar.com\/avatar\/f10eaf9ad601244a2357c9fd7cd9805ed166cfaaf76d5d9ab08a9d873e70147a?s=96&d=mm&r=g","caption":"Xavi Andornet"},"sameAs":["http:\/\/www.andornet.ad"],"url":"http:\/\/esponsorama.ad\/es\/author\/andornet\/"}]}},"_links":{"self":[{"href":"http:\/\/esponsorama.ad\/es\/wp-json\/wp\/v2\/posts\/16755","targetHints":{"allow":["GET"]}}],"collection":[{"href":"http:\/\/esponsorama.ad\/es\/wp-json\/wp\/v2\/posts"}],"about":[{"href":"http:\/\/esponsorama.ad\/es\/wp-json\/wp\/v2\/types\/post"}],"author":[{"embeddable":true,"href":"http:\/\/esponsorama.ad\/es\/wp-json\/wp\/v2\/users\/6"}],"replies":[{"embeddable":true,"href":"http:\/\/esponsorama.ad\/es\/wp-json\/wp\/v2\/comments?post=16755"}],"version-history":[{"count":4,"href":"http:\/\/esponsorama.ad\/es\/wp-json\/wp\/v2\/posts\/16755\/revisions"}],"predecessor-version":[{"id":16765,"href":"http:\/\/esponsorama.ad\/es\/wp-json\/wp\/v2\/posts\/16755\/revisions\/16765"}],"wp:featuredmedia":[{"embeddable":true,"href":"http:\/\/esponsorama.ad\/es\/wp-json\/wp\/v2\/media\/16751"}],"wp:attachment":[{"href":"http:\/\/esponsorama.ad\/es\/wp-json\/wp\/v2\/media?parent=16755"}],"wp:term":[{"taxonomy":"category","embeddable":true,"href":"http:\/\/esponsorama.ad\/es\/wp-json\/wp\/v2\/categories?post=16755"},{"taxonomy":"post_tag","embeddable":true,"href":"http:\/\/esponsorama.ad\/es\/wp-json\/wp\/v2\/tags?post=16755"}],"curies":[{"name":"wp","href":"https:\/\/api.w.org\/{rel}","templated":true}]}}