{"id":16766,"date":"2021-03-05T00:05:04","date_gmt":"2021-03-04T22:05:04","guid":{"rendered":"http:\/\/esponsorama.ad\/?p=16766"},"modified":"2021-03-05T00:05:04","modified_gmt":"2021-03-04T22:05:04","slug":"ultima-jornada-los-test-privados-moto3-del-avintia-esponsorama-team-circuito-jerez","status":"publish","type":"post","link":"http:\/\/esponsorama.ad\/es\/ultima-jornada-los-test-privados-moto3-del-avintia-esponsorama-team-circuito-jerez\/","title":{"rendered":"Ultima Jornada de los Test Privados de Moto3 del Avintia Esponsorama Team en el Circuito de Jerez"},"content":{"rendered":"<p><strong>\u00a0<\/strong><strong>EL EQUIPO DE MOTO3 AVINTIA ESPONSORAMA RACING \u00a0COMPLETA LOS TRES DIAS DE TEST PRIVADOS EN EL CIRCUITO DE JEREZ CON SENSACIONES MUY POSITIVAS. <\/strong><\/p>\n<p><strong>\u00a0<\/strong><\/p>\n<p>Despu\u00e9s de tres intensos d\u00edas rodando en el Circuito Jerezano en unos test privados, los pilotos del <strong>Equipo Avintia<\/strong> <strong>Esponsorama Racing<\/strong> , Carlos Tatay y Nicolo Antonelli, consiguen avanzar en la puesta apunto de sus monturas de cara a la doble cita en el GP de Qatar los pr\u00f3ximos 26th,27th y 28th de Marzo y 2th, 3th y 4th de Abril.<\/p>\n<p><strong>#99 CARLOS TATAY <\/strong><\/p>\n<p>\u201cEstos tres d\u00edas de test han sido muy positivos, por fin de vuelta a la pista y con el equipo, cogiendo sensaciones y velocidad. Creo que han sido unos test muy satisfactorios, hemos probados muchas cosas y hemos trabajado mucho. Me he adaptado muy bien a mi t\u00e9cnico y mis mec\u00e1nicos, hemos hecho un gran trabajo. Ahora toca centrarse en Qatar un circuito que me gust\u00f3 mucho el a\u00f1o pasado. De Jerez me llevo un buen feeling y unas sensaciones muy buenas, ahora toca seguir trabajando de cara a Qatar. \u00a1Muchas gracias al equipo por el trabajo y en Qatar \u2026m\u00e1s!\u201d<\/p>\n<p>&nbsp;<\/p>\n<p># 23 NICOL\u00d3 ANTONELLI<\/p>\n<p>\u201cHemos aprovechado al m\u00e1ximo los tres d\u00edas de Test , hoy ha sido el \u00faltimo d\u00eda y como los dem\u00e1s ha sido muy positivo. Me he sentido muy bien, hemos probado durante muchas vueltas y ahora la concentraci\u00f3n est\u00e1 enfocada al pr\u00f3ximo GP en Qatar \u201c<\/p>\n<p><strong>\u00a0<\/strong><\/p>\n","protected":false},"excerpt":{"rendered":"<p>\u00a0EL EQUIPO DE MOTO3 AVINTIA ESPONSORAMA RACING \u00a0COMPLETA LOS TRES DIAS DE TEST PRIVADOS EN EL CIRCUITO DE JEREZ CON SENSACIONES MUY POSITIVAS. \u00a0 Despu\u00e9s de tres intensos d\u00edas rodando en el Circuito Jerezano en unos test privados, los pilotos del Equipo Avintia Esponsorama Racing , Carlos Tatay y Nicolo Antonelli, consiguen avanzar en la [&hellip;]<\/p>\n","protected":false},"author":6,"featured_media":16768,"comment_status":"closed","ping_status":"closed","sticky":false,"template":"","format":"standard","meta":{"footnotes":""},"categories":[12],"tags":[],"class_list":["post-16766","post","type-post","status-publish","format-standard","has-post-thumbnail","hentry","category-moto3"],"yoast_head":"<!-- This site is optimized with the Yoast SEO plugin v27.1.1 - https:\/\/yoast.com\/product\/yoast-seo-wordpress\/ -->\n<title>Ultima Jornada de los Test Privados de Moto3 del Avintia Esponsorama Team en el Circuito de Jerez - Esponsorama<\/title>\n<meta name=\"robots\" content=\"index, follow, max-snippet:-1, max-image-preview:large, max-video-preview:-1\" \/>\n<link rel=\"canonical\" href=\"http:\/\/esponsorama.ad\/es\/ultima-jornada-los-test-privados-moto3-del-avintia-esponsorama-team-circuito-jerez\/\" \/>\n<meta property=\"og:locale\" content=\"es_ES\" \/>\n<meta property=\"og:type\" content=\"article\" \/>\n<meta property=\"og:title\" content=\"Ultima Jornada de los Test Privados de Moto3 del Avintia Esponsorama Team en el Circuito de Jerez - Esponsorama\" \/>\n<meta property=\"og:description\" content=\"\u00a0EL EQUIPO DE MOTO3 AVINTIA ESPONSORAMA RACING \u00a0COMPLETA LOS TRES DIAS DE TEST PRIVADOS EN EL CIRCUITO DE JEREZ CON SENSACIONES MUY POSITIVAS. \u00a0 Despu\u00e9s de tres intensos d\u00edas rodando en el Circuito Jerezano en unos test privados, los pilotos del Equipo Avintia Esponsorama Racing , Carlos Tatay y Nicolo Antonelli, consiguen avanzar en la [&hellip;]\" \/>\n<meta property=\"og:url\" content=\"http:\/\/esponsorama.ad\/es\/ultima-jornada-los-test-privados-moto3-del-avintia-esponsorama-team-circuito-jerez\/\" \/>\n<meta property=\"og:site_name\" content=\"Esponsorama\" \/>\n<meta property=\"article:published_time\" content=\"2021-03-04T22:05:04+00:00\" \/>\n<meta property=\"og:image\" content=\"http:\/\/esponsorama.ad\/wp-content\/uploads\/2021\/03\/1DX_4696-1024x702.jpg\" \/>\n\t<meta property=\"og:image:width\" content=\"1024\" \/>\n\t<meta property=\"og:image:height\" content=\"702\" \/>\n\t<meta property=\"og:image:type\" content=\"image\/jpeg\" \/>\n<meta name=\"author\" content=\"Xavi Andornet\" \/>\n<meta name=\"twitter:card\" content=\"summary_large_image\" \/>\n<meta name=\"twitter:label1\" content=\"Escrito por\" \/>\n\t<meta name=\"twitter:data1\" content=\"Xavi Andornet\" \/>\n\t<meta name=\"twitter:label2\" content=\"Tiempo de lectura\" \/>\n\t<meta name=\"twitter:data2\" content=\"1 minuto\" \/>\n<script type=\"application\/ld+json\" class=\"yoast-schema-graph\">{\"@context\":\"https:\/\/schema.org\",\"@graph\":[{\"@type\":\"Article\",\"@id\":\"http:\/\/esponsorama.ad\/es\/ultima-jornada-los-test-privados-moto3-del-avintia-esponsorama-team-circuito-jerez\/#article\",\"isPartOf\":{\"@id\":\"http:\/\/esponsorama.ad\/es\/ultima-jornada-los-test-privados-moto3-del-avintia-esponsorama-team-circuito-jerez\/\"},\"author\":{\"name\":\"Xavi Andornet\",\"@id\":\"http:\/\/esponsorama.ad\/es\/#\/schema\/person\/a5cde74945183d737066e46b61c6f9c4\"},\"headline\":\"Ultima Jornada de los Test Privados de Moto3 del Avintia Esponsorama Team en el Circuito de Jerez\",\"datePublished\":\"2021-03-04T22:05:04+00:00\",\"mainEntityOfPage\":{\"@id\":\"http:\/\/esponsorama.ad\/es\/ultima-jornada-los-test-privados-moto3-del-avintia-esponsorama-team-circuito-jerez\/\"},\"wordCount\":265,\"image\":{\"@id\":\"http:\/\/esponsorama.ad\/es\/ultima-jornada-los-test-privados-moto3-del-avintia-esponsorama-team-circuito-jerez\/#primaryimage\"},\"thumbnailUrl\":\"http:\/\/esponsorama.ad\/wp-content\/uploads\/2021\/03\/1DX_4696.jpg\",\"articleSection\":[\"Moto3\"],\"inLanguage\":\"es\"},{\"@type\":\"WebPage\",\"@id\":\"http:\/\/esponsorama.ad\/es\/ultima-jornada-los-test-privados-moto3-del-avintia-esponsorama-team-circuito-jerez\/\",\"url\":\"http:\/\/esponsorama.ad\/es\/ultima-jornada-los-test-privados-moto3-del-avintia-esponsorama-team-circuito-jerez\/\",\"name\":\"Ultima Jornada de los Test Privados de Moto3 del Avintia Esponsorama Team en el Circuito de Jerez - Esponsorama\",\"isPartOf\":{\"@id\":\"http:\/\/esponsorama.ad\/es\/#website\"},\"primaryImageOfPage\":{\"@id\":\"http:\/\/esponsorama.ad\/es\/ultima-jornada-los-test-privados-moto3-del-avintia-esponsorama-team-circuito-jerez\/#primaryimage\"},\"image\":{\"@id\":\"http:\/\/esponsorama.ad\/es\/ultima-jornada-los-test-privados-moto3-del-avintia-esponsorama-team-circuito-jerez\/#primaryimage\"},\"thumbnailUrl\":\"http:\/\/esponsorama.ad\/wp-content\/uploads\/2021\/03\/1DX_4696.jpg\",\"datePublished\":\"2021-03-04T22:05:04+00:00\",\"author\":{\"@id\":\"http:\/\/esponsorama.ad\/es\/#\/schema\/person\/a5cde74945183d737066e46b61c6f9c4\"},\"breadcrumb\":{\"@id\":\"http:\/\/esponsorama.ad\/es\/ultima-jornada-los-test-privados-moto3-del-avintia-esponsorama-team-circuito-jerez\/#breadcrumb\"},\"inLanguage\":\"es\",\"potentialAction\":[{\"@type\":\"ReadAction\",\"target\":[\"http:\/\/esponsorama.ad\/es\/ultima-jornada-los-test-privados-moto3-del-avintia-esponsorama-team-circuito-jerez\/\"]}]},{\"@type\":\"ImageObject\",\"inLanguage\":\"es\",\"@id\":\"http:\/\/esponsorama.ad\/es\/ultima-jornada-los-test-privados-moto3-del-avintia-esponsorama-team-circuito-jerez\/#primaryimage\",\"url\":\"http:\/\/esponsorama.ad\/wp-content\/uploads\/2021\/03\/1DX_4696.jpg\",\"contentUrl\":\"http:\/\/esponsorama.ad\/wp-content\/uploads\/2021\/03\/1DX_4696.jpg\",\"width\":2935,\"height\":2012},{\"@type\":\"BreadcrumbList\",\"@id\":\"http:\/\/esponsorama.ad\/es\/ultima-jornada-los-test-privados-moto3-del-avintia-esponsorama-team-circuito-jerez\/#breadcrumb\",\"itemListElement\":[{\"@type\":\"ListItem\",\"position\":1,\"name\":\"Home\",\"item\":\"http:\/\/esponsorama.ad\/es\/\"},{\"@type\":\"ListItem\",\"position\":2,\"name\":\"Ultima Jornada de los Test Privados de Moto3 del Avintia Esponsorama Team en el Circuito de Jerez\"}]},{\"@type\":\"WebSite\",\"@id\":\"http:\/\/esponsorama.ad\/es\/#website\",\"url\":\"http:\/\/esponsorama.ad\/es\/\",\"name\":\"Esponsorama\",\"description\":\"Specialist in motorsport sponsorship and event promotions\",\"potentialAction\":[{\"@type\":\"SearchAction\",\"target\":{\"@type\":\"EntryPoint\",\"urlTemplate\":\"http:\/\/esponsorama.ad\/es\/?s={search_term_string}\"},\"query-input\":{\"@type\":\"PropertyValueSpecification\",\"valueRequired\":true,\"valueName\":\"search_term_string\"}}],\"inLanguage\":\"es\"},{\"@type\":\"Person\",\"@id\":\"http:\/\/esponsorama.ad\/es\/#\/schema\/person\/a5cde74945183d737066e46b61c6f9c4\",\"name\":\"Xavi Andornet\",\"image\":{\"@type\":\"ImageObject\",\"inLanguage\":\"es\",\"@id\":\"http:\/\/esponsorama.ad\/es\/#\/schema\/person\/image\/\",\"url\":\"https:\/\/secure.gravatar.com\/avatar\/f10eaf9ad601244a2357c9fd7cd9805ed166cfaaf76d5d9ab08a9d873e70147a?s=96&d=mm&r=g\",\"contentUrl\":\"https:\/\/secure.gravatar.com\/avatar\/f10eaf9ad601244a2357c9fd7cd9805ed166cfaaf76d5d9ab08a9d873e70147a?s=96&d=mm&r=g\",\"caption\":\"Xavi Andornet\"},\"sameAs\":[\"http:\/\/www.andornet.ad\"],\"url\":\"http:\/\/esponsorama.ad\/es\/author\/andornet\/\"}]}<\/script>\n<!-- \/ Yoast SEO plugin. -->","yoast_head_json":{"title":"Ultima Jornada de los Test Privados de Moto3 del Avintia Esponsorama Team en el Circuito de Jerez - Esponsorama","robots":{"index":"index","follow":"follow","max-snippet":"max-snippet:-1","max-image-preview":"max-image-preview:large","max-video-preview":"max-video-preview:-1"},"canonical":"http:\/\/esponsorama.ad\/es\/ultima-jornada-los-test-privados-moto3-del-avintia-esponsorama-team-circuito-jerez\/","og_locale":"es_ES","og_type":"article","og_title":"Ultima Jornada de los Test Privados de Moto3 del Avintia Esponsorama Team en el Circuito de Jerez - Esponsorama","og_description":"\u00a0EL EQUIPO DE MOTO3 AVINTIA ESPONSORAMA RACING \u00a0COMPLETA LOS TRES DIAS DE TEST PRIVADOS EN EL CIRCUITO DE JEREZ CON SENSACIONES MUY POSITIVAS. \u00a0 Despu\u00e9s de tres intensos d\u00edas rodando en el Circuito Jerezano en unos test privados, los pilotos del Equipo Avintia Esponsorama Racing , Carlos Tatay y Nicolo Antonelli, consiguen avanzar en la [&hellip;]","og_url":"http:\/\/esponsorama.ad\/es\/ultima-jornada-los-test-privados-moto3-del-avintia-esponsorama-team-circuito-jerez\/","og_site_name":"Esponsorama","article_published_time":"2021-03-04T22:05:04+00:00","og_image":[{"width":1024,"height":702,"url":"http:\/\/esponsorama.ad\/wp-content\/uploads\/2021\/03\/1DX_4696-1024x702.jpg","type":"image\/jpeg"}],"author":"Xavi Andornet","twitter_card":"summary_large_image","twitter_misc":{"Escrito por":"Xavi Andornet","Tiempo de lectura":"1 minuto"},"schema":{"@context":"https:\/\/schema.org","@graph":[{"@type":"Article","@id":"http:\/\/esponsorama.ad\/es\/ultima-jornada-los-test-privados-moto3-del-avintia-esponsorama-team-circuito-jerez\/#article","isPartOf":{"@id":"http:\/\/esponsorama.ad\/es\/ultima-jornada-los-test-privados-moto3-del-avintia-esponsorama-team-circuito-jerez\/"},"author":{"name":"Xavi Andornet","@id":"http:\/\/esponsorama.ad\/es\/#\/schema\/person\/a5cde74945183d737066e46b61c6f9c4"},"headline":"Ultima Jornada de los Test Privados de Moto3 del Avintia Esponsorama Team en el Circuito de Jerez","datePublished":"2021-03-04T22:05:04+00:00","mainEntityOfPage":{"@id":"http:\/\/esponsorama.ad\/es\/ultima-jornada-los-test-privados-moto3-del-avintia-esponsorama-team-circuito-jerez\/"},"wordCount":265,"image":{"@id":"http:\/\/esponsorama.ad\/es\/ultima-jornada-los-test-privados-moto3-del-avintia-esponsorama-team-circuito-jerez\/#primaryimage"},"thumbnailUrl":"http:\/\/esponsorama.ad\/wp-content\/uploads\/2021\/03\/1DX_4696.jpg","articleSection":["Moto3"],"inLanguage":"es"},{"@type":"WebPage","@id":"http:\/\/esponsorama.ad\/es\/ultima-jornada-los-test-privados-moto3-del-avintia-esponsorama-team-circuito-jerez\/","url":"http:\/\/esponsorama.ad\/es\/ultima-jornada-los-test-privados-moto3-del-avintia-esponsorama-team-circuito-jerez\/","name":"Ultima Jornada de los Test Privados de Moto3 del Avintia Esponsorama Team en el Circuito de Jerez - Esponsorama","isPartOf":{"@id":"http:\/\/esponsorama.ad\/es\/#website"},"primaryImageOfPage":{"@id":"http:\/\/esponsorama.ad\/es\/ultima-jornada-los-test-privados-moto3-del-avintia-esponsorama-team-circuito-jerez\/#primaryimage"},"image":{"@id":"http:\/\/esponsorama.ad\/es\/ultima-jornada-los-test-privados-moto3-del-avintia-esponsorama-team-circuito-jerez\/#primaryimage"},"thumbnailUrl":"http:\/\/esponsorama.ad\/wp-content\/uploads\/2021\/03\/1DX_4696.jpg","datePublished":"2021-03-04T22:05:04+00:00","author":{"@id":"http:\/\/esponsorama.ad\/es\/#\/schema\/person\/a5cde74945183d737066e46b61c6f9c4"},"breadcrumb":{"@id":"http:\/\/esponsorama.ad\/es\/ultima-jornada-los-test-privados-moto3-del-avintia-esponsorama-team-circuito-jerez\/#breadcrumb"},"inLanguage":"es","potentialAction":[{"@type":"ReadAction","target":["http:\/\/esponsorama.ad\/es\/ultima-jornada-los-test-privados-moto3-del-avintia-esponsorama-team-circuito-jerez\/"]}]},{"@type":"ImageObject","inLanguage":"es","@id":"http:\/\/esponsorama.ad\/es\/ultima-jornada-los-test-privados-moto3-del-avintia-esponsorama-team-circuito-jerez\/#primaryimage","url":"http:\/\/esponsorama.ad\/wp-content\/uploads\/2021\/03\/1DX_4696.jpg","contentUrl":"http:\/\/esponsorama.ad\/wp-content\/uploads\/2021\/03\/1DX_4696.jpg","width":2935,"height":2012},{"@type":"BreadcrumbList","@id":"http:\/\/esponsorama.ad\/es\/ultima-jornada-los-test-privados-moto3-del-avintia-esponsorama-team-circuito-jerez\/#breadcrumb","itemListElement":[{"@type":"ListItem","position":1,"name":"Home","item":"http:\/\/esponsorama.ad\/es\/"},{"@type":"ListItem","position":2,"name":"Ultima Jornada de los Test Privados de Moto3 del Avintia Esponsorama Team en el Circuito de Jerez"}]},{"@type":"WebSite","@id":"http:\/\/esponsorama.ad\/es\/#website","url":"http:\/\/esponsorama.ad\/es\/","name":"Esponsorama","description":"Specialist in motorsport sponsorship and event promotions","potentialAction":[{"@type":"SearchAction","target":{"@type":"EntryPoint","urlTemplate":"http:\/\/esponsorama.ad\/es\/?s={search_term_string}"},"query-input":{"@type":"PropertyValueSpecification","valueRequired":true,"valueName":"search_term_string"}}],"inLanguage":"es"},{"@type":"Person","@id":"http:\/\/esponsorama.ad\/es\/#\/schema\/person\/a5cde74945183d737066e46b61c6f9c4","name":"Xavi Andornet","image":{"@type":"ImageObject","inLanguage":"es","@id":"http:\/\/esponsorama.ad\/es\/#\/schema\/person\/image\/","url":"https:\/\/secure.gravatar.com\/avatar\/f10eaf9ad601244a2357c9fd7cd9805ed166cfaaf76d5d9ab08a9d873e70147a?s=96&d=mm&r=g","contentUrl":"https:\/\/secure.gravatar.com\/avatar\/f10eaf9ad601244a2357c9fd7cd9805ed166cfaaf76d5d9ab08a9d873e70147a?s=96&d=mm&r=g","caption":"Xavi Andornet"},"sameAs":["http:\/\/www.andornet.ad"],"url":"http:\/\/esponsorama.ad\/es\/author\/andornet\/"}]}},"_links":{"self":[{"href":"http:\/\/esponsorama.ad\/es\/wp-json\/wp\/v2\/posts\/16766","targetHints":{"allow":["GET"]}}],"collection":[{"href":"http:\/\/esponsorama.ad\/es\/wp-json\/wp\/v2\/posts"}],"about":[{"href":"http:\/\/esponsorama.ad\/es\/wp-json\/wp\/v2\/types\/post"}],"author":[{"embeddable":true,"href":"http:\/\/esponsorama.ad\/es\/wp-json\/wp\/v2\/users\/6"}],"replies":[{"embeddable":true,"href":"http:\/\/esponsorama.ad\/es\/wp-json\/wp\/v2\/comments?post=16766"}],"version-history":[{"count":1,"href":"http:\/\/esponsorama.ad\/es\/wp-json\/wp\/v2\/posts\/16766\/revisions"}],"predecessor-version":[{"id":16771,"href":"http:\/\/esponsorama.ad\/es\/wp-json\/wp\/v2\/posts\/16766\/revisions\/16771"}],"wp:featuredmedia":[{"embeddable":true,"href":"http:\/\/esponsorama.ad\/es\/wp-json\/wp\/v2\/media\/16768"}],"wp:attachment":[{"href":"http:\/\/esponsorama.ad\/es\/wp-json\/wp\/v2\/media?parent=16766"}],"wp:term":[{"taxonomy":"category","embeddable":true,"href":"http:\/\/esponsorama.ad\/es\/wp-json\/wp\/v2\/categories?post=16766"},{"taxonomy":"post_tag","embeddable":true,"href":"http:\/\/esponsorama.ad\/es\/wp-json\/wp\/v2\/tags?post=16766"}],"curies":[{"name":"wp","href":"https:\/\/api.w.org\/{rel}","templated":true}]}}