{"id":17198,"date":"2021-04-14T20:52:42","date_gmt":"2021-04-14T18:52:42","guid":{"rendered":"http:\/\/esponsorama.ad\/?p=17198"},"modified":"2021-04-14T20:56:22","modified_gmt":"2021-04-14T18:56:22","slug":"concluyen-los-entrenos-motoe-jerez","status":"publish","type":"post","link":"http:\/\/esponsorama.ad\/es\/concluyen-los-entrenos-motoe-jerez\/","title":{"rendered":"CONCLUYEN LOS ENTRENOS DE MOTOE EN JEREZ"},"content":{"rendered":"<p><strong>CONCLUYEN LOS TRES DIAS DE ENTRENAMIENTOS OFICIALES DE MOTOE \u00a0CON CARDEL\u00daS TERCERO EN LA GENERAL.<\/strong><\/p>\n<p><strong>Jerez 14 de Abril 2021<\/strong> \u2013 La \u00faltima jornada de entrenamientos de la categor\u00eda de MotoE ha destacado para el equipo por el tercer puesto logrado por <strong>Xavier Cardel\u00fas <\/strong>. Los pilotos del <strong>Avintia Esponsorama Racing<\/strong> han aprovechado al m\u00e1ximo el trazado Jerezano. <strong>Cardel\u00fas<\/strong> ha finalizado tercero en la combinada de los tres d\u00edas, siendo uno de los m\u00e1s r\u00e1pidos con un tiempo de <strong>1:47.592<\/strong>. <strong>Andr\u00e9 Pires<\/strong> continua su evoluci\u00f3n y adaptaci\u00f3n a la moto marcando su mejor tiempo en <strong>1:51.287<\/strong>.<\/p>\n<p>&nbsp;<\/p>\n<p><strong># 18 XAVIER CARDEL\u00daS \u2013 3\u00ba &#8211; 1:47.592 <\/strong><\/p>\n<p>\u201cTermino el test muy contento, creo que todo el equipo hemos hecho un gran trabajo. Desde el primer d\u00eda he sido r\u00e1pido y nos hemos consolidado en nuestro sitio. El primer d\u00eda sufr\u00ed una ca\u00edda que me resto confianza, pero he sabido recuperarme. El resultado de los tres d\u00edas es muy positivo y espero que se vea reflejado en carrera\u201d.<\/p>\n<p><strong># 14 ANDR\u00c9 PIRES \u2013 1:51.287- 18\u00ba<\/strong><\/p>\n<p>\u201cHan sido tres d\u00edas muy importantes con evoluciones constantes, hemos mejorado mucho el set-up de la moto. Cada vez tengo m\u00e1s confianza, pero hay mucho que mejorar. El nivel es muy elevado y esto es muy positivo para el campeonato. La moto es muy pesada y por ello me cuesta llegar al punto bueno de frenada. En carrera tengo que atacar desde el inicio para luchar al m\u00e1ximo y poder adelantarme en la clasificaci\u00f3n\u201d.<\/p>\n","protected":false},"excerpt":{"rendered":"<p>CONCLUYEN LOS TRES DIAS DE ENTRENAMIENTOS OFICIALES DE MOTOE \u00a0CON CARDEL\u00daS TERCERO EN LA GENERAL. Jerez 14 de Abril 2021 \u2013 La \u00faltima jornada de entrenamientos de la categor\u00eda de MotoE ha destacado para el equipo por el tercer puesto logrado por Xavier Cardel\u00fas . Los pilotos del Avintia Esponsorama Racing han aprovechado al m\u00e1ximo [&hellip;]<\/p>\n","protected":false},"author":6,"featured_media":17206,"comment_status":"closed","ping_status":"closed","sticky":false,"template":"","format":"standard","meta":{"footnotes":""},"categories":[21],"tags":[],"class_list":["post-17198","post","type-post","status-publish","format-standard","has-post-thumbnail","hentry","category-motoe"],"yoast_head":"<!-- This site is optimized with the Yoast SEO plugin v27.1.1 - https:\/\/yoast.com\/product\/yoast-seo-wordpress\/ -->\n<title>CONCLUYEN LOS ENTRENOS DE MOTOE EN JEREZ - Esponsorama<\/title>\n<meta name=\"robots\" content=\"index, follow, max-snippet:-1, max-image-preview:large, max-video-preview:-1\" \/>\n<link rel=\"canonical\" href=\"http:\/\/esponsorama.ad\/es\/concluyen-los-entrenos-motoe-jerez\/\" \/>\n<meta property=\"og:locale\" content=\"es_ES\" \/>\n<meta property=\"og:type\" content=\"article\" \/>\n<meta property=\"og:title\" content=\"CONCLUYEN LOS ENTRENOS DE MOTOE EN JEREZ - Esponsorama\" \/>\n<meta property=\"og:description\" content=\"CONCLUYEN LOS TRES DIAS DE ENTRENAMIENTOS OFICIALES DE MOTOE \u00a0CON CARDEL\u00daS TERCERO EN LA GENERAL. Jerez 14 de Abril 2021 \u2013 La \u00faltima jornada de entrenamientos de la categor\u00eda de MotoE ha destacado para el equipo por el tercer puesto logrado por Xavier Cardel\u00fas . Los pilotos del Avintia Esponsorama Racing han aprovechado al m\u00e1ximo [&hellip;]\" \/>\n<meta property=\"og:url\" content=\"http:\/\/esponsorama.ad\/es\/concluyen-los-entrenos-motoe-jerez\/\" \/>\n<meta property=\"og:site_name\" content=\"Esponsorama\" \/>\n<meta property=\"article:published_time\" content=\"2021-04-14T18:52:42+00:00\" \/>\n<meta property=\"article:modified_time\" content=\"2021-04-14T18:56:22+00:00\" \/>\n<meta property=\"og:image\" content=\"http:\/\/esponsorama.ad\/wp-content\/uploads\/2021\/04\/\u00a9Hellofoto-TME-2-D2-39-1024x703.jpg\" \/>\n\t<meta property=\"og:image:width\" content=\"1024\" \/>\n\t<meta property=\"og:image:height\" content=\"703\" \/>\n\t<meta property=\"og:image:type\" content=\"image\/jpeg\" \/>\n<meta name=\"author\" content=\"Xavi Andornet\" \/>\n<meta name=\"twitter:card\" content=\"summary_large_image\" \/>\n<meta name=\"twitter:label1\" content=\"Escrito por\" \/>\n\t<meta name=\"twitter:data1\" content=\"Xavi Andornet\" \/>\n\t<meta name=\"twitter:label2\" content=\"Tiempo de lectura\" \/>\n\t<meta name=\"twitter:data2\" content=\"1 minuto\" \/>\n<script type=\"application\/ld+json\" class=\"yoast-schema-graph\">{\"@context\":\"https:\/\/schema.org\",\"@graph\":[{\"@type\":\"Article\",\"@id\":\"http:\/\/esponsorama.ad\/es\/concluyen-los-entrenos-motoe-jerez\/#article\",\"isPartOf\":{\"@id\":\"http:\/\/esponsorama.ad\/es\/concluyen-los-entrenos-motoe-jerez\/\"},\"author\":{\"name\":\"Xavi Andornet\",\"@id\":\"http:\/\/esponsorama.ad\/es\/#\/schema\/person\/a5cde74945183d737066e46b61c6f9c4\"},\"headline\":\"CONCLUYEN LOS ENTRENOS DE MOTOE EN JEREZ\",\"datePublished\":\"2021-04-14T18:52:42+00:00\",\"dateModified\":\"2021-04-14T18:56:22+00:00\",\"mainEntityOfPage\":{\"@id\":\"http:\/\/esponsorama.ad\/es\/concluyen-los-entrenos-motoe-jerez\/\"},\"wordCount\":258,\"image\":{\"@id\":\"http:\/\/esponsorama.ad\/es\/concluyen-los-entrenos-motoe-jerez\/#primaryimage\"},\"thumbnailUrl\":\"http:\/\/esponsorama.ad\/wp-content\/uploads\/2021\/04\/\u00a9Hellofoto-TME-2-D2-39.jpg\",\"articleSection\":[\"MotoE\"],\"inLanguage\":\"es\"},{\"@type\":\"WebPage\",\"@id\":\"http:\/\/esponsorama.ad\/es\/concluyen-los-entrenos-motoe-jerez\/\",\"url\":\"http:\/\/esponsorama.ad\/es\/concluyen-los-entrenos-motoe-jerez\/\",\"name\":\"CONCLUYEN LOS ENTRENOS DE MOTOE EN JEREZ - Esponsorama\",\"isPartOf\":{\"@id\":\"http:\/\/esponsorama.ad\/es\/#website\"},\"primaryImageOfPage\":{\"@id\":\"http:\/\/esponsorama.ad\/es\/concluyen-los-entrenos-motoe-jerez\/#primaryimage\"},\"image\":{\"@id\":\"http:\/\/esponsorama.ad\/es\/concluyen-los-entrenos-motoe-jerez\/#primaryimage\"},\"thumbnailUrl\":\"http:\/\/esponsorama.ad\/wp-content\/uploads\/2021\/04\/\u00a9Hellofoto-TME-2-D2-39.jpg\",\"datePublished\":\"2021-04-14T18:52:42+00:00\",\"dateModified\":\"2021-04-14T18:56:22+00:00\",\"author\":{\"@id\":\"http:\/\/esponsorama.ad\/es\/#\/schema\/person\/a5cde74945183d737066e46b61c6f9c4\"},\"breadcrumb\":{\"@id\":\"http:\/\/esponsorama.ad\/es\/concluyen-los-entrenos-motoe-jerez\/#breadcrumb\"},\"inLanguage\":\"es\",\"potentialAction\":[{\"@type\":\"ReadAction\",\"target\":[\"http:\/\/esponsorama.ad\/es\/concluyen-los-entrenos-motoe-jerez\/\"]}]},{\"@type\":\"ImageObject\",\"inLanguage\":\"es\",\"@id\":\"http:\/\/esponsorama.ad\/es\/concluyen-los-entrenos-motoe-jerez\/#primaryimage\",\"url\":\"http:\/\/esponsorama.ad\/wp-content\/uploads\/2021\/04\/\u00a9Hellofoto-TME-2-D2-39.jpg\",\"contentUrl\":\"http:\/\/esponsorama.ad\/wp-content\/uploads\/2021\/04\/\u00a9Hellofoto-TME-2-D2-39.jpg\",\"width\":4739,\"height\":3252},{\"@type\":\"BreadcrumbList\",\"@id\":\"http:\/\/esponsorama.ad\/es\/concluyen-los-entrenos-motoe-jerez\/#breadcrumb\",\"itemListElement\":[{\"@type\":\"ListItem\",\"position\":1,\"name\":\"Home\",\"item\":\"http:\/\/esponsorama.ad\/es\/\"},{\"@type\":\"ListItem\",\"position\":2,\"name\":\"CONCLUYEN LOS ENTRENOS DE MOTOE EN JEREZ\"}]},{\"@type\":\"WebSite\",\"@id\":\"http:\/\/esponsorama.ad\/es\/#website\",\"url\":\"http:\/\/esponsorama.ad\/es\/\",\"name\":\"Esponsorama\",\"description\":\"Specialist in motorsport sponsorship and event promotions\",\"potentialAction\":[{\"@type\":\"SearchAction\",\"target\":{\"@type\":\"EntryPoint\",\"urlTemplate\":\"http:\/\/esponsorama.ad\/es\/?s={search_term_string}\"},\"query-input\":{\"@type\":\"PropertyValueSpecification\",\"valueRequired\":true,\"valueName\":\"search_term_string\"}}],\"inLanguage\":\"es\"},{\"@type\":\"Person\",\"@id\":\"http:\/\/esponsorama.ad\/es\/#\/schema\/person\/a5cde74945183d737066e46b61c6f9c4\",\"name\":\"Xavi Andornet\",\"image\":{\"@type\":\"ImageObject\",\"inLanguage\":\"es\",\"@id\":\"http:\/\/esponsorama.ad\/es\/#\/schema\/person\/image\/\",\"url\":\"https:\/\/secure.gravatar.com\/avatar\/f10eaf9ad601244a2357c9fd7cd9805ed166cfaaf76d5d9ab08a9d873e70147a?s=96&d=mm&r=g\",\"contentUrl\":\"https:\/\/secure.gravatar.com\/avatar\/f10eaf9ad601244a2357c9fd7cd9805ed166cfaaf76d5d9ab08a9d873e70147a?s=96&d=mm&r=g\",\"caption\":\"Xavi Andornet\"},\"sameAs\":[\"http:\/\/www.andornet.ad\"],\"url\":\"http:\/\/esponsorama.ad\/es\/author\/andornet\/\"}]}<\/script>\n<!-- \/ Yoast SEO plugin. -->","yoast_head_json":{"title":"CONCLUYEN LOS ENTRENOS DE MOTOE EN JEREZ - Esponsorama","robots":{"index":"index","follow":"follow","max-snippet":"max-snippet:-1","max-image-preview":"max-image-preview:large","max-video-preview":"max-video-preview:-1"},"canonical":"http:\/\/esponsorama.ad\/es\/concluyen-los-entrenos-motoe-jerez\/","og_locale":"es_ES","og_type":"article","og_title":"CONCLUYEN LOS ENTRENOS DE MOTOE EN JEREZ - Esponsorama","og_description":"CONCLUYEN LOS TRES DIAS DE ENTRENAMIENTOS OFICIALES DE MOTOE \u00a0CON CARDEL\u00daS TERCERO EN LA GENERAL. Jerez 14 de Abril 2021 \u2013 La \u00faltima jornada de entrenamientos de la categor\u00eda de MotoE ha destacado para el equipo por el tercer puesto logrado por Xavier Cardel\u00fas . Los pilotos del Avintia Esponsorama Racing han aprovechado al m\u00e1ximo [&hellip;]","og_url":"http:\/\/esponsorama.ad\/es\/concluyen-los-entrenos-motoe-jerez\/","og_site_name":"Esponsorama","article_published_time":"2021-04-14T18:52:42+00:00","article_modified_time":"2021-04-14T18:56:22+00:00","og_image":[{"width":1024,"height":703,"url":"http:\/\/esponsorama.ad\/wp-content\/uploads\/2021\/04\/\u00a9Hellofoto-TME-2-D2-39-1024x703.jpg","type":"image\/jpeg"}],"author":"Xavi Andornet","twitter_card":"summary_large_image","twitter_misc":{"Escrito por":"Xavi Andornet","Tiempo de lectura":"1 minuto"},"schema":{"@context":"https:\/\/schema.org","@graph":[{"@type":"Article","@id":"http:\/\/esponsorama.ad\/es\/concluyen-los-entrenos-motoe-jerez\/#article","isPartOf":{"@id":"http:\/\/esponsorama.ad\/es\/concluyen-los-entrenos-motoe-jerez\/"},"author":{"name":"Xavi Andornet","@id":"http:\/\/esponsorama.ad\/es\/#\/schema\/person\/a5cde74945183d737066e46b61c6f9c4"},"headline":"CONCLUYEN LOS ENTRENOS DE MOTOE EN JEREZ","datePublished":"2021-04-14T18:52:42+00:00","dateModified":"2021-04-14T18:56:22+00:00","mainEntityOfPage":{"@id":"http:\/\/esponsorama.ad\/es\/concluyen-los-entrenos-motoe-jerez\/"},"wordCount":258,"image":{"@id":"http:\/\/esponsorama.ad\/es\/concluyen-los-entrenos-motoe-jerez\/#primaryimage"},"thumbnailUrl":"http:\/\/esponsorama.ad\/wp-content\/uploads\/2021\/04\/\u00a9Hellofoto-TME-2-D2-39.jpg","articleSection":["MotoE"],"inLanguage":"es"},{"@type":"WebPage","@id":"http:\/\/esponsorama.ad\/es\/concluyen-los-entrenos-motoe-jerez\/","url":"http:\/\/esponsorama.ad\/es\/concluyen-los-entrenos-motoe-jerez\/","name":"CONCLUYEN LOS ENTRENOS DE MOTOE EN JEREZ - Esponsorama","isPartOf":{"@id":"http:\/\/esponsorama.ad\/es\/#website"},"primaryImageOfPage":{"@id":"http:\/\/esponsorama.ad\/es\/concluyen-los-entrenos-motoe-jerez\/#primaryimage"},"image":{"@id":"http:\/\/esponsorama.ad\/es\/concluyen-los-entrenos-motoe-jerez\/#primaryimage"},"thumbnailUrl":"http:\/\/esponsorama.ad\/wp-content\/uploads\/2021\/04\/\u00a9Hellofoto-TME-2-D2-39.jpg","datePublished":"2021-04-14T18:52:42+00:00","dateModified":"2021-04-14T18:56:22+00:00","author":{"@id":"http:\/\/esponsorama.ad\/es\/#\/schema\/person\/a5cde74945183d737066e46b61c6f9c4"},"breadcrumb":{"@id":"http:\/\/esponsorama.ad\/es\/concluyen-los-entrenos-motoe-jerez\/#breadcrumb"},"inLanguage":"es","potentialAction":[{"@type":"ReadAction","target":["http:\/\/esponsorama.ad\/es\/concluyen-los-entrenos-motoe-jerez\/"]}]},{"@type":"ImageObject","inLanguage":"es","@id":"http:\/\/esponsorama.ad\/es\/concluyen-los-entrenos-motoe-jerez\/#primaryimage","url":"http:\/\/esponsorama.ad\/wp-content\/uploads\/2021\/04\/\u00a9Hellofoto-TME-2-D2-39.jpg","contentUrl":"http:\/\/esponsorama.ad\/wp-content\/uploads\/2021\/04\/\u00a9Hellofoto-TME-2-D2-39.jpg","width":4739,"height":3252},{"@type":"BreadcrumbList","@id":"http:\/\/esponsorama.ad\/es\/concluyen-los-entrenos-motoe-jerez\/#breadcrumb","itemListElement":[{"@type":"ListItem","position":1,"name":"Home","item":"http:\/\/esponsorama.ad\/es\/"},{"@type":"ListItem","position":2,"name":"CONCLUYEN LOS ENTRENOS DE MOTOE EN JEREZ"}]},{"@type":"WebSite","@id":"http:\/\/esponsorama.ad\/es\/#website","url":"http:\/\/esponsorama.ad\/es\/","name":"Esponsorama","description":"Specialist in motorsport sponsorship and event promotions","potentialAction":[{"@type":"SearchAction","target":{"@type":"EntryPoint","urlTemplate":"http:\/\/esponsorama.ad\/es\/?s={search_term_string}"},"query-input":{"@type":"PropertyValueSpecification","valueRequired":true,"valueName":"search_term_string"}}],"inLanguage":"es"},{"@type":"Person","@id":"http:\/\/esponsorama.ad\/es\/#\/schema\/person\/a5cde74945183d737066e46b61c6f9c4","name":"Xavi Andornet","image":{"@type":"ImageObject","inLanguage":"es","@id":"http:\/\/esponsorama.ad\/es\/#\/schema\/person\/image\/","url":"https:\/\/secure.gravatar.com\/avatar\/f10eaf9ad601244a2357c9fd7cd9805ed166cfaaf76d5d9ab08a9d873e70147a?s=96&d=mm&r=g","contentUrl":"https:\/\/secure.gravatar.com\/avatar\/f10eaf9ad601244a2357c9fd7cd9805ed166cfaaf76d5d9ab08a9d873e70147a?s=96&d=mm&r=g","caption":"Xavi Andornet"},"sameAs":["http:\/\/www.andornet.ad"],"url":"http:\/\/esponsorama.ad\/es\/author\/andornet\/"}]}},"_links":{"self":[{"href":"http:\/\/esponsorama.ad\/es\/wp-json\/wp\/v2\/posts\/17198","targetHints":{"allow":["GET"]}}],"collection":[{"href":"http:\/\/esponsorama.ad\/es\/wp-json\/wp\/v2\/posts"}],"about":[{"href":"http:\/\/esponsorama.ad\/es\/wp-json\/wp\/v2\/types\/post"}],"author":[{"embeddable":true,"href":"http:\/\/esponsorama.ad\/es\/wp-json\/wp\/v2\/users\/6"}],"replies":[{"embeddable":true,"href":"http:\/\/esponsorama.ad\/es\/wp-json\/wp\/v2\/comments?post=17198"}],"version-history":[{"count":3,"href":"http:\/\/esponsorama.ad\/es\/wp-json\/wp\/v2\/posts\/17198\/revisions"}],"predecessor-version":[{"id":17210,"href":"http:\/\/esponsorama.ad\/es\/wp-json\/wp\/v2\/posts\/17198\/revisions\/17210"}],"wp:featuredmedia":[{"embeddable":true,"href":"http:\/\/esponsorama.ad\/es\/wp-json\/wp\/v2\/media\/17206"}],"wp:attachment":[{"href":"http:\/\/esponsorama.ad\/es\/wp-json\/wp\/v2\/media?parent=17198"}],"wp:term":[{"taxonomy":"category","embeddable":true,"href":"http:\/\/esponsorama.ad\/es\/wp-json\/wp\/v2\/categories?post=17198"},{"taxonomy":"post_tag","embeddable":true,"href":"http:\/\/esponsorama.ad\/es\/wp-json\/wp\/v2\/tags?post=17198"}],"curies":[{"name":"wp","href":"https:\/\/api.w.org\/{rel}","templated":true}]}}