{"id":17287,"date":"2021-04-18T17:10:15","date_gmt":"2021-04-18T15:10:15","guid":{"rendered":"http:\/\/esponsorama.ad\/?p=17287"},"modified":"2021-04-21T11:38:23","modified_gmt":"2021-04-21T09:38:23","slug":"gp-888-portugal-moto3-race","status":"publish","type":"post","link":"http:\/\/esponsorama.ad\/es\/gp-888-portugal-moto3-race\/","title":{"rendered":"GP 888 DE PORTUGAL &#8211; MOTO3 RACE"},"content":{"rendered":"<p><strong>NICCOL\u00d2 ANTONELLI 6\u00ba EN EL GP 888 DE PORTUGAL Y 4\u00ba EN AL GENERAL . SU COMPA\u00d1ERO TATAY FINALIZA 17\u00ba<\/strong><\/p>\n<p><strong>\u00a0<\/strong><\/p>\n<p><strong>Portimao (Portugal) 18 de abril 2021<\/strong> \u2013 Los pilotos del <strong>Avintia Esponsorama Racing<\/strong> Moto3 han concluido el GP 88 de Portugal con resultados positivos. <strong>Niccol\u00f2 Antonelli<\/strong> finaliza 6\u00ba y se coloca cuarto en la clasificaci\u00f3n general de la categor\u00eda demostrando que puede luchar por el podio una vez m\u00e1s. Su compa\u00f1ero Carlos Tatay continua su adaptaci\u00f3n a la moto en la jornada de hoy ha finalizado en 17\u00ba posici\u00f3n.<\/p>\n<p><strong># 23 NICCOL\u00d2 ANTONELLI \u2013 6\u00ba<\/strong><\/p>\n<p><strong>\u201cEstoy muy contento, aunque me costaban mucho las ultimas curvas y no entiendo el motivo. Analizaremos los datos para encontrar soluciones de cara al GP de Jerez , ya que he perdido mucho tiempo en carrera . Estoy satisfecho del trabajo que estamos haciendo, me gustar\u00eda agradecer a todo el equipo su esfuerzo. \u201d.<\/strong><\/p>\n<p>&nbsp;<\/p>\n<p><strong>#99 CARLOS TATAY \u2013 17\u00ba<\/strong><\/p>\n<p><strong>\u201cEsperaba conseguir mejores resultados. Tengo que seguir trabajando para encontrar soluciones y un buen set up en la moto que me ayude a demostrar todo mi potencial. Ahora toca pensar en Jerez y concentrarme en mis objetivos \u201c\u00a0\u00a0\u00a0\u00a0\u00a0\u00a0\u00a0\u00a0\u00a0 <\/strong><\/p>\n","protected":false},"excerpt":{"rendered":"<p>NICCOL\u00d2 ANTONELLI 6\u00ba EN EL GP 888 DE PORTUGAL Y 4\u00ba EN AL GENERAL . SU COMPA\u00d1ERO TATAY FINALIZA 17\u00ba \u00a0 Portimao (Portugal) 18 de abril 2021 \u2013 Los pilotos del Avintia Esponsorama Racing Moto3 han concluido el GP 88 de Portugal con resultados positivos. Niccol\u00f2 Antonelli finaliza 6\u00ba y se coloca cuarto en la [&hellip;]<\/p>\n","protected":false},"author":6,"featured_media":17288,"comment_status":"closed","ping_status":"closed","sticky":false,"template":"","format":"standard","meta":{"footnotes":""},"categories":[12],"tags":[],"class_list":["post-17287","post","type-post","status-publish","format-standard","has-post-thumbnail","hentry","category-moto3"],"yoast_head":"<!-- This site is optimized with the Yoast SEO plugin v27.1.1 - https:\/\/yoast.com\/product\/yoast-seo-wordpress\/ -->\n<title>GP 888 DE PORTUGAL - MOTO3 RACE - Esponsorama<\/title>\n<meta name=\"robots\" content=\"index, follow, max-snippet:-1, max-image-preview:large, max-video-preview:-1\" \/>\n<link rel=\"canonical\" href=\"http:\/\/esponsorama.ad\/es\/gp-888-portugal-moto3-race\/\" \/>\n<meta property=\"og:locale\" content=\"es_ES\" \/>\n<meta property=\"og:type\" content=\"article\" \/>\n<meta property=\"og:title\" content=\"GP 888 DE PORTUGAL - MOTO3 RACE - Esponsorama\" \/>\n<meta property=\"og:description\" content=\"NICCOL\u00d2 ANTONELLI 6\u00ba EN EL GP 888 DE PORTUGAL Y 4\u00ba EN AL GENERAL . SU COMPA\u00d1ERO TATAY FINALIZA 17\u00ba \u00a0 Portimao (Portugal) 18 de abril 2021 \u2013 Los pilotos del Avintia Esponsorama Racing Moto3 han concluido el GP 88 de Portugal con resultados positivos. Niccol\u00f2 Antonelli finaliza 6\u00ba y se coloca cuarto en la [&hellip;]\" \/>\n<meta property=\"og:url\" content=\"http:\/\/esponsorama.ad\/es\/gp-888-portugal-moto3-race\/\" \/>\n<meta property=\"og:site_name\" content=\"Esponsorama\" \/>\n<meta property=\"article:published_time\" content=\"2021-04-18T15:10:15+00:00\" \/>\n<meta property=\"article:modified_time\" content=\"2021-04-21T09:38:23+00:00\" \/>\n<meta property=\"og:image\" content=\"http:\/\/esponsorama.ad\/wp-content\/uploads\/2021\/04\/GH13083.jpg\" \/>\n\t<meta property=\"og:image:width\" content=\"3951\" \/>\n\t<meta property=\"og:image:height\" content=\"2634\" \/>\n\t<meta property=\"og:image:type\" content=\"image\/jpeg\" \/>\n<meta name=\"author\" content=\"Xavi Andornet\" \/>\n<meta name=\"twitter:card\" content=\"summary_large_image\" \/>\n<meta name=\"twitter:label1\" content=\"Escrito por\" \/>\n\t<meta name=\"twitter:data1\" content=\"Xavi Andornet\" \/>\n\t<meta name=\"twitter:label2\" content=\"Tiempo de lectura\" \/>\n\t<meta name=\"twitter:data2\" content=\"1 minuto\" \/>\n<script type=\"application\/ld+json\" class=\"yoast-schema-graph\">{\"@context\":\"https:\/\/schema.org\",\"@graph\":[{\"@type\":\"Article\",\"@id\":\"http:\/\/esponsorama.ad\/es\/gp-888-portugal-moto3-race\/#article\",\"isPartOf\":{\"@id\":\"http:\/\/esponsorama.ad\/es\/gp-888-portugal-moto3-race\/\"},\"author\":{\"name\":\"Xavi Andornet\",\"@id\":\"http:\/\/esponsorama.ad\/es\/#\/schema\/person\/a5cde74945183d737066e46b61c6f9c4\"},\"headline\":\"GP 888 DE PORTUGAL &#8211; MOTO3 RACE\",\"datePublished\":\"2021-04-18T15:10:15+00:00\",\"dateModified\":\"2021-04-21T09:38:23+00:00\",\"mainEntityOfPage\":{\"@id\":\"http:\/\/esponsorama.ad\/es\/gp-888-portugal-moto3-race\/\"},\"wordCount\":185,\"image\":{\"@id\":\"http:\/\/esponsorama.ad\/es\/gp-888-portugal-moto3-race\/#primaryimage\"},\"thumbnailUrl\":\"http:\/\/esponsorama.ad\/wp-content\/uploads\/2021\/04\/GH13083.jpg\",\"articleSection\":[\"Moto3\"],\"inLanguage\":\"es\"},{\"@type\":\"WebPage\",\"@id\":\"http:\/\/esponsorama.ad\/es\/gp-888-portugal-moto3-race\/\",\"url\":\"http:\/\/esponsorama.ad\/es\/gp-888-portugal-moto3-race\/\",\"name\":\"GP 888 DE PORTUGAL - MOTO3 RACE - Esponsorama\",\"isPartOf\":{\"@id\":\"http:\/\/esponsorama.ad\/es\/#website\"},\"primaryImageOfPage\":{\"@id\":\"http:\/\/esponsorama.ad\/es\/gp-888-portugal-moto3-race\/#primaryimage\"},\"image\":{\"@id\":\"http:\/\/esponsorama.ad\/es\/gp-888-portugal-moto3-race\/#primaryimage\"},\"thumbnailUrl\":\"http:\/\/esponsorama.ad\/wp-content\/uploads\/2021\/04\/GH13083.jpg\",\"datePublished\":\"2021-04-18T15:10:15+00:00\",\"dateModified\":\"2021-04-21T09:38:23+00:00\",\"author\":{\"@id\":\"http:\/\/esponsorama.ad\/es\/#\/schema\/person\/a5cde74945183d737066e46b61c6f9c4\"},\"breadcrumb\":{\"@id\":\"http:\/\/esponsorama.ad\/es\/gp-888-portugal-moto3-race\/#breadcrumb\"},\"inLanguage\":\"es\",\"potentialAction\":[{\"@type\":\"ReadAction\",\"target\":[\"http:\/\/esponsorama.ad\/es\/gp-888-portugal-moto3-race\/\"]}]},{\"@type\":\"ImageObject\",\"inLanguage\":\"es\",\"@id\":\"http:\/\/esponsorama.ad\/es\/gp-888-portugal-moto3-race\/#primaryimage\",\"url\":\"http:\/\/esponsorama.ad\/wp-content\/uploads\/2021\/04\/GH13083.jpg\",\"contentUrl\":\"http:\/\/esponsorama.ad\/wp-content\/uploads\/2021\/04\/GH13083.jpg\",\"width\":3951,\"height\":2634,\"caption\":\"Niccolo Antonelli, Moto3 race, Portuguese MotoGP, 18 April 2021\"},{\"@type\":\"BreadcrumbList\",\"@id\":\"http:\/\/esponsorama.ad\/es\/gp-888-portugal-moto3-race\/#breadcrumb\",\"itemListElement\":[{\"@type\":\"ListItem\",\"position\":1,\"name\":\"Home\",\"item\":\"http:\/\/esponsorama.ad\/es\/\"},{\"@type\":\"ListItem\",\"position\":2,\"name\":\"GP 888 DE PORTUGAL &#8211; MOTO3 RACE\"}]},{\"@type\":\"WebSite\",\"@id\":\"http:\/\/esponsorama.ad\/es\/#website\",\"url\":\"http:\/\/esponsorama.ad\/es\/\",\"name\":\"Esponsorama\",\"description\":\"Specialist in motorsport sponsorship and event promotions\",\"potentialAction\":[{\"@type\":\"SearchAction\",\"target\":{\"@type\":\"EntryPoint\",\"urlTemplate\":\"http:\/\/esponsorama.ad\/es\/?s={search_term_string}\"},\"query-input\":{\"@type\":\"PropertyValueSpecification\",\"valueRequired\":true,\"valueName\":\"search_term_string\"}}],\"inLanguage\":\"es\"},{\"@type\":\"Person\",\"@id\":\"http:\/\/esponsorama.ad\/es\/#\/schema\/person\/a5cde74945183d737066e46b61c6f9c4\",\"name\":\"Xavi Andornet\",\"image\":{\"@type\":\"ImageObject\",\"inLanguage\":\"es\",\"@id\":\"http:\/\/esponsorama.ad\/es\/#\/schema\/person\/image\/\",\"url\":\"https:\/\/secure.gravatar.com\/avatar\/f10eaf9ad601244a2357c9fd7cd9805ed166cfaaf76d5d9ab08a9d873e70147a?s=96&d=mm&r=g\",\"contentUrl\":\"https:\/\/secure.gravatar.com\/avatar\/f10eaf9ad601244a2357c9fd7cd9805ed166cfaaf76d5d9ab08a9d873e70147a?s=96&d=mm&r=g\",\"caption\":\"Xavi Andornet\"},\"sameAs\":[\"http:\/\/www.andornet.ad\"],\"url\":\"http:\/\/esponsorama.ad\/es\/author\/andornet\/\"}]}<\/script>\n<!-- \/ Yoast SEO plugin. -->","yoast_head_json":{"title":"GP 888 DE PORTUGAL - MOTO3 RACE - Esponsorama","robots":{"index":"index","follow":"follow","max-snippet":"max-snippet:-1","max-image-preview":"max-image-preview:large","max-video-preview":"max-video-preview:-1"},"canonical":"http:\/\/esponsorama.ad\/es\/gp-888-portugal-moto3-race\/","og_locale":"es_ES","og_type":"article","og_title":"GP 888 DE PORTUGAL - MOTO3 RACE - Esponsorama","og_description":"NICCOL\u00d2 ANTONELLI 6\u00ba EN EL GP 888 DE PORTUGAL Y 4\u00ba EN AL GENERAL . SU COMPA\u00d1ERO TATAY FINALIZA 17\u00ba \u00a0 Portimao (Portugal) 18 de abril 2021 \u2013 Los pilotos del Avintia Esponsorama Racing Moto3 han concluido el GP 88 de Portugal con resultados positivos. Niccol\u00f2 Antonelli finaliza 6\u00ba y se coloca cuarto en la [&hellip;]","og_url":"http:\/\/esponsorama.ad\/es\/gp-888-portugal-moto3-race\/","og_site_name":"Esponsorama","article_published_time":"2021-04-18T15:10:15+00:00","article_modified_time":"2021-04-21T09:38:23+00:00","og_image":[{"width":3951,"height":2634,"url":"http:\/\/esponsorama.ad\/wp-content\/uploads\/2021\/04\/GH13083.jpg","type":"image\/jpeg"}],"author":"Xavi Andornet","twitter_card":"summary_large_image","twitter_misc":{"Escrito por":"Xavi Andornet","Tiempo de lectura":"1 minuto"},"schema":{"@context":"https:\/\/schema.org","@graph":[{"@type":"Article","@id":"http:\/\/esponsorama.ad\/es\/gp-888-portugal-moto3-race\/#article","isPartOf":{"@id":"http:\/\/esponsorama.ad\/es\/gp-888-portugal-moto3-race\/"},"author":{"name":"Xavi Andornet","@id":"http:\/\/esponsorama.ad\/es\/#\/schema\/person\/a5cde74945183d737066e46b61c6f9c4"},"headline":"GP 888 DE PORTUGAL &#8211; MOTO3 RACE","datePublished":"2021-04-18T15:10:15+00:00","dateModified":"2021-04-21T09:38:23+00:00","mainEntityOfPage":{"@id":"http:\/\/esponsorama.ad\/es\/gp-888-portugal-moto3-race\/"},"wordCount":185,"image":{"@id":"http:\/\/esponsorama.ad\/es\/gp-888-portugal-moto3-race\/#primaryimage"},"thumbnailUrl":"http:\/\/esponsorama.ad\/wp-content\/uploads\/2021\/04\/GH13083.jpg","articleSection":["Moto3"],"inLanguage":"es"},{"@type":"WebPage","@id":"http:\/\/esponsorama.ad\/es\/gp-888-portugal-moto3-race\/","url":"http:\/\/esponsorama.ad\/es\/gp-888-portugal-moto3-race\/","name":"GP 888 DE PORTUGAL - MOTO3 RACE - Esponsorama","isPartOf":{"@id":"http:\/\/esponsorama.ad\/es\/#website"},"primaryImageOfPage":{"@id":"http:\/\/esponsorama.ad\/es\/gp-888-portugal-moto3-race\/#primaryimage"},"image":{"@id":"http:\/\/esponsorama.ad\/es\/gp-888-portugal-moto3-race\/#primaryimage"},"thumbnailUrl":"http:\/\/esponsorama.ad\/wp-content\/uploads\/2021\/04\/GH13083.jpg","datePublished":"2021-04-18T15:10:15+00:00","dateModified":"2021-04-21T09:38:23+00:00","author":{"@id":"http:\/\/esponsorama.ad\/es\/#\/schema\/person\/a5cde74945183d737066e46b61c6f9c4"},"breadcrumb":{"@id":"http:\/\/esponsorama.ad\/es\/gp-888-portugal-moto3-race\/#breadcrumb"},"inLanguage":"es","potentialAction":[{"@type":"ReadAction","target":["http:\/\/esponsorama.ad\/es\/gp-888-portugal-moto3-race\/"]}]},{"@type":"ImageObject","inLanguage":"es","@id":"http:\/\/esponsorama.ad\/es\/gp-888-portugal-moto3-race\/#primaryimage","url":"http:\/\/esponsorama.ad\/wp-content\/uploads\/2021\/04\/GH13083.jpg","contentUrl":"http:\/\/esponsorama.ad\/wp-content\/uploads\/2021\/04\/GH13083.jpg","width":3951,"height":2634,"caption":"Niccolo Antonelli, Moto3 race, Portuguese MotoGP, 18 April 2021"},{"@type":"BreadcrumbList","@id":"http:\/\/esponsorama.ad\/es\/gp-888-portugal-moto3-race\/#breadcrumb","itemListElement":[{"@type":"ListItem","position":1,"name":"Home","item":"http:\/\/esponsorama.ad\/es\/"},{"@type":"ListItem","position":2,"name":"GP 888 DE PORTUGAL &#8211; MOTO3 RACE"}]},{"@type":"WebSite","@id":"http:\/\/esponsorama.ad\/es\/#website","url":"http:\/\/esponsorama.ad\/es\/","name":"Esponsorama","description":"Specialist in motorsport sponsorship and event promotions","potentialAction":[{"@type":"SearchAction","target":{"@type":"EntryPoint","urlTemplate":"http:\/\/esponsorama.ad\/es\/?s={search_term_string}"},"query-input":{"@type":"PropertyValueSpecification","valueRequired":true,"valueName":"search_term_string"}}],"inLanguage":"es"},{"@type":"Person","@id":"http:\/\/esponsorama.ad\/es\/#\/schema\/person\/a5cde74945183d737066e46b61c6f9c4","name":"Xavi Andornet","image":{"@type":"ImageObject","inLanguage":"es","@id":"http:\/\/esponsorama.ad\/es\/#\/schema\/person\/image\/","url":"https:\/\/secure.gravatar.com\/avatar\/f10eaf9ad601244a2357c9fd7cd9805ed166cfaaf76d5d9ab08a9d873e70147a?s=96&d=mm&r=g","contentUrl":"https:\/\/secure.gravatar.com\/avatar\/f10eaf9ad601244a2357c9fd7cd9805ed166cfaaf76d5d9ab08a9d873e70147a?s=96&d=mm&r=g","caption":"Xavi Andornet"},"sameAs":["http:\/\/www.andornet.ad"],"url":"http:\/\/esponsorama.ad\/es\/author\/andornet\/"}]}},"_links":{"self":[{"href":"http:\/\/esponsorama.ad\/es\/wp-json\/wp\/v2\/posts\/17287","targetHints":{"allow":["GET"]}}],"collection":[{"href":"http:\/\/esponsorama.ad\/es\/wp-json\/wp\/v2\/posts"}],"about":[{"href":"http:\/\/esponsorama.ad\/es\/wp-json\/wp\/v2\/types\/post"}],"author":[{"embeddable":true,"href":"http:\/\/esponsorama.ad\/es\/wp-json\/wp\/v2\/users\/6"}],"replies":[{"embeddable":true,"href":"http:\/\/esponsorama.ad\/es\/wp-json\/wp\/v2\/comments?post=17287"}],"version-history":[{"count":3,"href":"http:\/\/esponsorama.ad\/es\/wp-json\/wp\/v2\/posts\/17287\/revisions"}],"predecessor-version":[{"id":17314,"href":"http:\/\/esponsorama.ad\/es\/wp-json\/wp\/v2\/posts\/17287\/revisions\/17314"}],"wp:featuredmedia":[{"embeddable":true,"href":"http:\/\/esponsorama.ad\/es\/wp-json\/wp\/v2\/media\/17288"}],"wp:attachment":[{"href":"http:\/\/esponsorama.ad\/es\/wp-json\/wp\/v2\/media?parent=17287"}],"wp:term":[{"taxonomy":"category","embeddable":true,"href":"http:\/\/esponsorama.ad\/es\/wp-json\/wp\/v2\/categories?post=17287"},{"taxonomy":"post_tag","embeddable":true,"href":"http:\/\/esponsorama.ad\/es\/wp-json\/wp\/v2\/tags?post=17287"}],"curies":[{"name":"wp","href":"https:\/\/api.w.org\/{rel}","templated":true}]}}