{"id":17406,"date":"2021-04-30T21:15:06","date_gmt":"2021-04-30T19:15:06","guid":{"rendered":"http:\/\/esponsorama.ad\/?p=17406"},"modified":"2021-04-30T21:17:09","modified_gmt":"2021-04-30T19:17:09","slug":"1a-jornada-entrenamientos-libres-motoe-gp-red-bull-espana","status":"publish","type":"post","link":"http:\/\/esponsorama.ad\/es\/1a-jornada-entrenamientos-libres-motoe-gp-red-bull-espana\/","title":{"rendered":"1\u00aa JORNADA DE ENTRENAMIENTOS LIBRES -MOTOE &#8211; GP RED BULL DE ESPA\u00d1A"},"content":{"rendered":"<p><strong>PRIMERA JORNADA DE ENTRENAMIENTOS PARA LOS PILOTOS DEL AVINTIA ESPONSORAMA RACING EN LA CATEGORIA DE MOTOE <\/strong><\/p>\n<p><strong>Jerez 30 de abril 2021 \u2013 <\/strong>El circuito de Jerez ha sido escenario de la primera jornada de entrenamientos libres en la categor\u00eda de MotoE. La primera carrera de la temporada tendr\u00e1 lugar el pr\u00f3ximo domingo donde lo pilotos del Avintia Esponsorama, podr\u00e1n demostrar por primera vez los buenos resultados obtenidos en pretemporada. <strong>Xavier Cardel\u00fas<\/strong> ha terminado en 5\u00ba posici\u00f3n en la combinada con un tiempo de <strong>1\u00b448.956<\/strong>. Su compa\u00f1ero de equipo <strong>Andr\u00e9 Pires<\/strong> consigue la 16\u00ba posici\u00f3n marcando un tiempo de <strong>1\u00b450.644<\/strong>.<\/p>\n<p><strong>#18 XAVIER CARDEL\u00daS \u2013 5\u00ba- 1\u00b448.956<\/strong><\/p>\n<p><em>\u201cPrimer d\u00eda positivo. La primera secci\u00f3n me la he tomado con calma ya que el finde semana pasado prob\u00e9 otra moto. En esta moto cuesta recuperar sensaciones. Ha sido una lastima que no haya podido hacer como quer\u00eda mi vuelta r\u00e1pida ya que otro piloto me ha molestado, creo que podr\u00eda haber ido medio segundo m\u00e1s r\u00e1pido. Estoy seguro de que ma\u00f1ana saldr\u00e1n las cosas muy bien \u201c.<\/em><\/p>\n<p><strong># 14 ANDR\u00c9 PIRES- 16\u00ba- 1\u00b450.644 <\/strong><\/p>\n<p><em>\u201cEstoy muy contento, he conseguido rodar junto al resto de pilotos y esto para mi es un avance muy positivo. Me estoy adaptando muy bien y me siento m\u00e1s c\u00f3modo con la moto. Quiero agradecer al equipo toda su ayuda en esta nueva etapa. Ma\u00f1ana lo intentare todo en la vuelta lanzada de clasificaci\u00f3n, a\u00fan me cuesta gestionar el peso de la moto pero poco a poco ir\u00e9 progresando\u201d.<\/em><\/p>\n","protected":false},"excerpt":{"rendered":"<p>PRIMERA JORNADA DE ENTRENAMIENTOS PARA LOS PILOTOS DEL AVINTIA ESPONSORAMA RACING EN LA CATEGORIA DE MOTOE Jerez 30 de abril 2021 \u2013 El circuito de Jerez ha sido escenario de la primera jornada de entrenamientos libres en la categor\u00eda de MotoE. La primera carrera de la temporada tendr\u00e1 lugar el pr\u00f3ximo domingo donde lo pilotos [&hellip;]<\/p>\n","protected":false},"author":6,"featured_media":17409,"comment_status":"closed","ping_status":"closed","sticky":false,"template":"","format":"standard","meta":{"footnotes":""},"categories":[21],"tags":[],"class_list":["post-17406","post","type-post","status-publish","format-standard","has-post-thumbnail","hentry","category-motoe"],"yoast_head":"<!-- This site is optimized with the Yoast SEO plugin v27.1.1 - https:\/\/yoast.com\/product\/yoast-seo-wordpress\/ -->\n<title>1\u00aa JORNADA DE ENTRENAMIENTOS LIBRES -MOTOE - GP RED BULL DE ESPA\u00d1A - Esponsorama<\/title>\n<meta name=\"robots\" content=\"index, follow, max-snippet:-1, max-image-preview:large, max-video-preview:-1\" \/>\n<link rel=\"canonical\" href=\"http:\/\/esponsorama.ad\/es\/1a-jornada-entrenamientos-libres-motoe-gp-red-bull-espana\/\" \/>\n<meta property=\"og:locale\" content=\"es_ES\" \/>\n<meta property=\"og:type\" content=\"article\" \/>\n<meta property=\"og:title\" content=\"1\u00aa JORNADA DE ENTRENAMIENTOS LIBRES -MOTOE - GP RED BULL DE ESPA\u00d1A - Esponsorama\" \/>\n<meta property=\"og:description\" content=\"PRIMERA JORNADA DE ENTRENAMIENTOS PARA LOS PILOTOS DEL AVINTIA ESPONSORAMA RACING EN LA CATEGORIA DE MOTOE Jerez 30 de abril 2021 \u2013 El circuito de Jerez ha sido escenario de la primera jornada de entrenamientos libres en la categor\u00eda de MotoE. La primera carrera de la temporada tendr\u00e1 lugar el pr\u00f3ximo domingo donde lo pilotos [&hellip;]\" \/>\n<meta property=\"og:url\" content=\"http:\/\/esponsorama.ad\/es\/1a-jornada-entrenamientos-libres-motoe-gp-red-bull-espana\/\" \/>\n<meta property=\"og:site_name\" content=\"Esponsorama\" \/>\n<meta property=\"article:published_time\" content=\"2021-04-30T19:15:06+00:00\" \/>\n<meta property=\"article:modified_time\" content=\"2021-04-30T19:17:09+00:00\" \/>\n<meta property=\"og:image\" content=\"http:\/\/esponsorama.ad\/wp-content\/uploads\/2021\/04\/GH18549.jpg\" \/>\n\t<meta property=\"og:image:width\" content=\"5568\" \/>\n\t<meta property=\"og:image:height\" content=\"3712\" \/>\n\t<meta property=\"og:image:type\" content=\"image\/jpeg\" \/>\n<meta name=\"author\" content=\"Xavi Andornet\" \/>\n<meta name=\"twitter:card\" content=\"summary_large_image\" \/>\n<meta name=\"twitter:label1\" content=\"Escrito por\" \/>\n\t<meta name=\"twitter:data1\" content=\"Xavi Andornet\" \/>\n\t<meta name=\"twitter:label2\" content=\"Tiempo de lectura\" \/>\n\t<meta name=\"twitter:data2\" content=\"1 minuto\" \/>\n<script type=\"application\/ld+json\" class=\"yoast-schema-graph\">{\"@context\":\"https:\/\/schema.org\",\"@graph\":[{\"@type\":\"Article\",\"@id\":\"http:\/\/esponsorama.ad\/es\/1a-jornada-entrenamientos-libres-motoe-gp-red-bull-espana\/#article\",\"isPartOf\":{\"@id\":\"http:\/\/esponsorama.ad\/es\/1a-jornada-entrenamientos-libres-motoe-gp-red-bull-espana\/\"},\"author\":{\"name\":\"Xavi Andornet\",\"@id\":\"http:\/\/esponsorama.ad\/es\/#\/schema\/person\/a5cde74945183d737066e46b61c6f9c4\"},\"headline\":\"1\u00aa JORNADA DE ENTRENAMIENTOS LIBRES -MOTOE &#8211; GP RED BULL DE ESPA\u00d1A\",\"datePublished\":\"2021-04-30T19:15:06+00:00\",\"dateModified\":\"2021-04-30T19:17:09+00:00\",\"mainEntityOfPage\":{\"@id\":\"http:\/\/esponsorama.ad\/es\/1a-jornada-entrenamientos-libres-motoe-gp-red-bull-espana\/\"},\"wordCount\":268,\"image\":{\"@id\":\"http:\/\/esponsorama.ad\/es\/1a-jornada-entrenamientos-libres-motoe-gp-red-bull-espana\/#primaryimage\"},\"thumbnailUrl\":\"http:\/\/esponsorama.ad\/wp-content\/uploads\/2021\/04\/GH18549.jpg\",\"articleSection\":[\"MotoE\"],\"inLanguage\":\"es\"},{\"@type\":\"WebPage\",\"@id\":\"http:\/\/esponsorama.ad\/es\/1a-jornada-entrenamientos-libres-motoe-gp-red-bull-espana\/\",\"url\":\"http:\/\/esponsorama.ad\/es\/1a-jornada-entrenamientos-libres-motoe-gp-red-bull-espana\/\",\"name\":\"1\u00aa JORNADA DE ENTRENAMIENTOS LIBRES -MOTOE - GP RED BULL DE ESPA\u00d1A - Esponsorama\",\"isPartOf\":{\"@id\":\"http:\/\/esponsorama.ad\/es\/#website\"},\"primaryImageOfPage\":{\"@id\":\"http:\/\/esponsorama.ad\/es\/1a-jornada-entrenamientos-libres-motoe-gp-red-bull-espana\/#primaryimage\"},\"image\":{\"@id\":\"http:\/\/esponsorama.ad\/es\/1a-jornada-entrenamientos-libres-motoe-gp-red-bull-espana\/#primaryimage\"},\"thumbnailUrl\":\"http:\/\/esponsorama.ad\/wp-content\/uploads\/2021\/04\/GH18549.jpg\",\"datePublished\":\"2021-04-30T19:15:06+00:00\",\"dateModified\":\"2021-04-30T19:17:09+00:00\",\"author\":{\"@id\":\"http:\/\/esponsorama.ad\/es\/#\/schema\/person\/a5cde74945183d737066e46b61c6f9c4\"},\"breadcrumb\":{\"@id\":\"http:\/\/esponsorama.ad\/es\/1a-jornada-entrenamientos-libres-motoe-gp-red-bull-espana\/#breadcrumb\"},\"inLanguage\":\"es\",\"potentialAction\":[{\"@type\":\"ReadAction\",\"target\":[\"http:\/\/esponsorama.ad\/es\/1a-jornada-entrenamientos-libres-motoe-gp-red-bull-espana\/\"]}]},{\"@type\":\"ImageObject\",\"inLanguage\":\"es\",\"@id\":\"http:\/\/esponsorama.ad\/es\/1a-jornada-entrenamientos-libres-motoe-gp-red-bull-espana\/#primaryimage\",\"url\":\"http:\/\/esponsorama.ad\/wp-content\/uploads\/2021\/04\/GH18549.jpg\",\"contentUrl\":\"http:\/\/esponsorama.ad\/wp-content\/uploads\/2021\/04\/GH18549.jpg\",\"width\":5568,\"height\":3712,\"caption\":\"Xavi Cardelus, MotoE, Spanish MotoGP, 30 April 2021\"},{\"@type\":\"BreadcrumbList\",\"@id\":\"http:\/\/esponsorama.ad\/es\/1a-jornada-entrenamientos-libres-motoe-gp-red-bull-espana\/#breadcrumb\",\"itemListElement\":[{\"@type\":\"ListItem\",\"position\":1,\"name\":\"Home\",\"item\":\"http:\/\/esponsorama.ad\/en\/\"},{\"@type\":\"ListItem\",\"position\":2,\"name\":\"1\u00aa JORNADA DE ENTRENAMIENTOS LIBRES -MOTOE &#8211; GP RED BULL DE ESPA\u00d1A\"}]},{\"@type\":\"WebSite\",\"@id\":\"http:\/\/esponsorama.ad\/es\/#website\",\"url\":\"http:\/\/esponsorama.ad\/es\/\",\"name\":\"Esponsorama\",\"description\":\"Specialist in motorsport sponsorship and event promotions\",\"potentialAction\":[{\"@type\":\"SearchAction\",\"target\":{\"@type\":\"EntryPoint\",\"urlTemplate\":\"http:\/\/esponsorama.ad\/es\/?s={search_term_string}\"},\"query-input\":{\"@type\":\"PropertyValueSpecification\",\"valueRequired\":true,\"valueName\":\"search_term_string\"}}],\"inLanguage\":\"es\"},{\"@type\":\"Person\",\"@id\":\"http:\/\/esponsorama.ad\/es\/#\/schema\/person\/a5cde74945183d737066e46b61c6f9c4\",\"name\":\"Xavi Andornet\",\"image\":{\"@type\":\"ImageObject\",\"inLanguage\":\"es\",\"@id\":\"http:\/\/esponsorama.ad\/es\/#\/schema\/person\/image\/\",\"url\":\"https:\/\/secure.gravatar.com\/avatar\/f10eaf9ad601244a2357c9fd7cd9805ed166cfaaf76d5d9ab08a9d873e70147a?s=96&d=mm&r=g\",\"contentUrl\":\"https:\/\/secure.gravatar.com\/avatar\/f10eaf9ad601244a2357c9fd7cd9805ed166cfaaf76d5d9ab08a9d873e70147a?s=96&d=mm&r=g\",\"caption\":\"Xavi Andornet\"},\"sameAs\":[\"http:\/\/www.andornet.ad\"],\"url\":\"http:\/\/esponsorama.ad\/es\/author\/andornet\/\"}]}<\/script>\n<!-- \/ Yoast SEO plugin. -->","yoast_head_json":{"title":"1\u00aa JORNADA DE ENTRENAMIENTOS LIBRES -MOTOE - GP RED BULL DE ESPA\u00d1A - Esponsorama","robots":{"index":"index","follow":"follow","max-snippet":"max-snippet:-1","max-image-preview":"max-image-preview:large","max-video-preview":"max-video-preview:-1"},"canonical":"http:\/\/esponsorama.ad\/es\/1a-jornada-entrenamientos-libres-motoe-gp-red-bull-espana\/","og_locale":"es_ES","og_type":"article","og_title":"1\u00aa JORNADA DE ENTRENAMIENTOS LIBRES -MOTOE - GP RED BULL DE ESPA\u00d1A - Esponsorama","og_description":"PRIMERA JORNADA DE ENTRENAMIENTOS PARA LOS PILOTOS DEL AVINTIA ESPONSORAMA RACING EN LA CATEGORIA DE MOTOE Jerez 30 de abril 2021 \u2013 El circuito de Jerez ha sido escenario de la primera jornada de entrenamientos libres en la categor\u00eda de MotoE. La primera carrera de la temporada tendr\u00e1 lugar el pr\u00f3ximo domingo donde lo pilotos [&hellip;]","og_url":"http:\/\/esponsorama.ad\/es\/1a-jornada-entrenamientos-libres-motoe-gp-red-bull-espana\/","og_site_name":"Esponsorama","article_published_time":"2021-04-30T19:15:06+00:00","article_modified_time":"2021-04-30T19:17:09+00:00","og_image":[{"width":5568,"height":3712,"url":"http:\/\/esponsorama.ad\/wp-content\/uploads\/2021\/04\/GH18549.jpg","type":"image\/jpeg"}],"author":"Xavi Andornet","twitter_card":"summary_large_image","twitter_misc":{"Escrito por":"Xavi Andornet","Tiempo de lectura":"1 minuto"},"schema":{"@context":"https:\/\/schema.org","@graph":[{"@type":"Article","@id":"http:\/\/esponsorama.ad\/es\/1a-jornada-entrenamientos-libres-motoe-gp-red-bull-espana\/#article","isPartOf":{"@id":"http:\/\/esponsorama.ad\/es\/1a-jornada-entrenamientos-libres-motoe-gp-red-bull-espana\/"},"author":{"name":"Xavi Andornet","@id":"http:\/\/esponsorama.ad\/es\/#\/schema\/person\/a5cde74945183d737066e46b61c6f9c4"},"headline":"1\u00aa JORNADA DE ENTRENAMIENTOS LIBRES -MOTOE &#8211; GP RED BULL DE ESPA\u00d1A","datePublished":"2021-04-30T19:15:06+00:00","dateModified":"2021-04-30T19:17:09+00:00","mainEntityOfPage":{"@id":"http:\/\/esponsorama.ad\/es\/1a-jornada-entrenamientos-libres-motoe-gp-red-bull-espana\/"},"wordCount":268,"image":{"@id":"http:\/\/esponsorama.ad\/es\/1a-jornada-entrenamientos-libres-motoe-gp-red-bull-espana\/#primaryimage"},"thumbnailUrl":"http:\/\/esponsorama.ad\/wp-content\/uploads\/2021\/04\/GH18549.jpg","articleSection":["MotoE"],"inLanguage":"es"},{"@type":"WebPage","@id":"http:\/\/esponsorama.ad\/es\/1a-jornada-entrenamientos-libres-motoe-gp-red-bull-espana\/","url":"http:\/\/esponsorama.ad\/es\/1a-jornada-entrenamientos-libres-motoe-gp-red-bull-espana\/","name":"1\u00aa JORNADA DE ENTRENAMIENTOS LIBRES -MOTOE - GP RED BULL DE ESPA\u00d1A - Esponsorama","isPartOf":{"@id":"http:\/\/esponsorama.ad\/es\/#website"},"primaryImageOfPage":{"@id":"http:\/\/esponsorama.ad\/es\/1a-jornada-entrenamientos-libres-motoe-gp-red-bull-espana\/#primaryimage"},"image":{"@id":"http:\/\/esponsorama.ad\/es\/1a-jornada-entrenamientos-libres-motoe-gp-red-bull-espana\/#primaryimage"},"thumbnailUrl":"http:\/\/esponsorama.ad\/wp-content\/uploads\/2021\/04\/GH18549.jpg","datePublished":"2021-04-30T19:15:06+00:00","dateModified":"2021-04-30T19:17:09+00:00","author":{"@id":"http:\/\/esponsorama.ad\/es\/#\/schema\/person\/a5cde74945183d737066e46b61c6f9c4"},"breadcrumb":{"@id":"http:\/\/esponsorama.ad\/es\/1a-jornada-entrenamientos-libres-motoe-gp-red-bull-espana\/#breadcrumb"},"inLanguage":"es","potentialAction":[{"@type":"ReadAction","target":["http:\/\/esponsorama.ad\/es\/1a-jornada-entrenamientos-libres-motoe-gp-red-bull-espana\/"]}]},{"@type":"ImageObject","inLanguage":"es","@id":"http:\/\/esponsorama.ad\/es\/1a-jornada-entrenamientos-libres-motoe-gp-red-bull-espana\/#primaryimage","url":"http:\/\/esponsorama.ad\/wp-content\/uploads\/2021\/04\/GH18549.jpg","contentUrl":"http:\/\/esponsorama.ad\/wp-content\/uploads\/2021\/04\/GH18549.jpg","width":5568,"height":3712,"caption":"Xavi Cardelus, MotoE, Spanish MotoGP, 30 April 2021"},{"@type":"BreadcrumbList","@id":"http:\/\/esponsorama.ad\/es\/1a-jornada-entrenamientos-libres-motoe-gp-red-bull-espana\/#breadcrumb","itemListElement":[{"@type":"ListItem","position":1,"name":"Home","item":"http:\/\/esponsorama.ad\/en\/"},{"@type":"ListItem","position":2,"name":"1\u00aa JORNADA DE ENTRENAMIENTOS LIBRES -MOTOE &#8211; GP RED BULL DE ESPA\u00d1A"}]},{"@type":"WebSite","@id":"http:\/\/esponsorama.ad\/es\/#website","url":"http:\/\/esponsorama.ad\/es\/","name":"Esponsorama","description":"Specialist in motorsport sponsorship and event promotions","potentialAction":[{"@type":"SearchAction","target":{"@type":"EntryPoint","urlTemplate":"http:\/\/esponsorama.ad\/es\/?s={search_term_string}"},"query-input":{"@type":"PropertyValueSpecification","valueRequired":true,"valueName":"search_term_string"}}],"inLanguage":"es"},{"@type":"Person","@id":"http:\/\/esponsorama.ad\/es\/#\/schema\/person\/a5cde74945183d737066e46b61c6f9c4","name":"Xavi Andornet","image":{"@type":"ImageObject","inLanguage":"es","@id":"http:\/\/esponsorama.ad\/es\/#\/schema\/person\/image\/","url":"https:\/\/secure.gravatar.com\/avatar\/f10eaf9ad601244a2357c9fd7cd9805ed166cfaaf76d5d9ab08a9d873e70147a?s=96&d=mm&r=g","contentUrl":"https:\/\/secure.gravatar.com\/avatar\/f10eaf9ad601244a2357c9fd7cd9805ed166cfaaf76d5d9ab08a9d873e70147a?s=96&d=mm&r=g","caption":"Xavi Andornet"},"sameAs":["http:\/\/www.andornet.ad"],"url":"http:\/\/esponsorama.ad\/es\/author\/andornet\/"}]}},"_links":{"self":[{"href":"http:\/\/esponsorama.ad\/es\/wp-json\/wp\/v2\/posts\/17406","targetHints":{"allow":["GET"]}}],"collection":[{"href":"http:\/\/esponsorama.ad\/es\/wp-json\/wp\/v2\/posts"}],"about":[{"href":"http:\/\/esponsorama.ad\/es\/wp-json\/wp\/v2\/types\/post"}],"author":[{"embeddable":true,"href":"http:\/\/esponsorama.ad\/es\/wp-json\/wp\/v2\/users\/6"}],"replies":[{"embeddable":true,"href":"http:\/\/esponsorama.ad\/es\/wp-json\/wp\/v2\/comments?post=17406"}],"version-history":[{"count":1,"href":"http:\/\/esponsorama.ad\/es\/wp-json\/wp\/v2\/posts\/17406\/revisions"}],"predecessor-version":[{"id":17415,"href":"http:\/\/esponsorama.ad\/es\/wp-json\/wp\/v2\/posts\/17406\/revisions\/17415"}],"wp:featuredmedia":[{"embeddable":true,"href":"http:\/\/esponsorama.ad\/es\/wp-json\/wp\/v2\/media\/17409"}],"wp:attachment":[{"href":"http:\/\/esponsorama.ad\/es\/wp-json\/wp\/v2\/media?parent=17406"}],"wp:term":[{"taxonomy":"category","embeddable":true,"href":"http:\/\/esponsorama.ad\/es\/wp-json\/wp\/v2\/categories?post=17406"},{"taxonomy":"post_tag","embeddable":true,"href":"http:\/\/esponsorama.ad\/es\/wp-json\/wp\/v2\/tags?post=17406"}],"curies":[{"name":"wp","href":"https:\/\/api.w.org\/{rel}","templated":true}]}}