{"id":17453,"date":"2021-05-01T20:09:26","date_gmt":"2021-05-01T18:09:26","guid":{"rendered":"http:\/\/esponsorama.ad\/?p=17453"},"modified":"2021-05-01T20:17:33","modified_gmt":"2021-05-01T18:17:33","slug":"qualifying-motoe-gp-red-bull-espana","status":"publish","type":"post","link":"http:\/\/esponsorama.ad\/es\/qualifying-motoe-gp-red-bull-espana\/","title":{"rendered":"QUALIFYING MOTOE &#8211; GP RED BULL DE ESPA\u00d1A"},"content":{"rendered":"<p><strong>FINALIZA LAS SEGUNDA JORNADA EN LA CATEGORIA DE MOTOE XAVI CARDELUS 8\u00ba Y ANDRE PIRES 17\u00ba <\/strong><\/p>\n<p><strong>Jerez (Espa\u00f1a) 1 de Mayo \u00a02021<\/strong> \u2013 Finalizada la segunda jornada del GP Red Bull de Espa\u00f1a los pilotos del Avintia Esponsorama Racing team en la categor\u00eda de MotoE obtienen resultados positivos. Xavier Cardel\u00fas saldr\u00e1 8\u00ba mientras su compa\u00f1ero de equipo Andr\u00e9 Pires continua con su adaptaci\u00f3n a la nueva categor\u00eda saliendo 17\u00ba<\/p>\n<p><strong># 18 XAVIER CARDEL\u00daS \u2013 8\u00ba -1\u00b448.806<\/strong><\/p>\n<p><em>\u201cLo importante hoy era hacer una buena vuelta, me gustar\u00eda haber marcado un mejor tiempo, pero he decidido conservar y ma\u00f1ana realizar una buena carrera. Agradecer al equipo todo el trabajo realizado, estoy seguro de que los resultados ser\u00e1n muy positivos \u201c<\/em><\/p>\n<p><strong>#\u00a0 14 ANDR\u00c9 PIRES \u2013 17\u00ba &#8211; 1\u00b452.200 <\/strong><\/p>\n<p><strong>\u201c<\/strong>Hoy ha sido un d\u00eda muy complicado, no estoy habituado a este tipo de clasificaci\u00f3n. No estoy satisfecho con la posici\u00f3n, pero ma\u00f1ana estoy seguro de que mejorare. Hacer una clasificaci\u00f3n solo con una vuelta y despu\u00e9s de una ca\u00edda es complicado\u201d.<\/p>\n<p><em>\u00a0<\/em><\/p>\n<p>&nbsp;<\/p>\n<p>&nbsp;<\/p>\n","protected":false},"excerpt":{"rendered":"<p>FINALIZA LAS SEGUNDA JORNADA EN LA CATEGORIA DE MOTOE XAVI CARDELUS 8\u00ba Y ANDRE PIRES 17\u00ba Jerez (Espa\u00f1a) 1 de Mayo \u00a02021 \u2013 Finalizada la segunda jornada del GP Red Bull de Espa\u00f1a los pilotos del Avintia Esponsorama Racing team en la categor\u00eda de MotoE obtienen resultados positivos. Xavier Cardel\u00fas saldr\u00e1 8\u00ba mientras su compa\u00f1ero [&hellip;]<\/p>\n","protected":false},"author":6,"featured_media":17455,"comment_status":"closed","ping_status":"closed","sticky":false,"template":"","format":"standard","meta":{"footnotes":""},"categories":[21],"tags":[],"class_list":["post-17453","post","type-post","status-publish","format-standard","has-post-thumbnail","hentry","category-motoe"],"yoast_head":"<!-- This site is optimized with the Yoast SEO plugin v27.1.1 - https:\/\/yoast.com\/product\/yoast-seo-wordpress\/ -->\n<title>QUALIFYING MOTOE - GP RED BULL DE ESPA\u00d1A - Esponsorama<\/title>\n<meta name=\"robots\" content=\"index, follow, max-snippet:-1, max-image-preview:large, max-video-preview:-1\" \/>\n<link rel=\"canonical\" href=\"http:\/\/esponsorama.ad\/es\/qualifying-motoe-gp-red-bull-espana\/\" \/>\n<meta property=\"og:locale\" content=\"es_ES\" \/>\n<meta property=\"og:type\" content=\"article\" \/>\n<meta property=\"og:title\" content=\"QUALIFYING MOTOE - GP RED BULL DE ESPA\u00d1A - Esponsorama\" \/>\n<meta property=\"og:description\" content=\"FINALIZA LAS SEGUNDA JORNADA EN LA CATEGORIA DE MOTOE XAVI CARDELUS 8\u00ba Y ANDRE PIRES 17\u00ba Jerez (Espa\u00f1a) 1 de Mayo \u00a02021 \u2013 Finalizada la segunda jornada del GP Red Bull de Espa\u00f1a los pilotos del Avintia Esponsorama Racing team en la categor\u00eda de MotoE obtienen resultados positivos. Xavier Cardel\u00fas saldr\u00e1 8\u00ba mientras su compa\u00f1ero [&hellip;]\" \/>\n<meta property=\"og:url\" content=\"http:\/\/esponsorama.ad\/es\/qualifying-motoe-gp-red-bull-espana\/\" \/>\n<meta property=\"og:site_name\" content=\"Esponsorama\" \/>\n<meta property=\"article:published_time\" content=\"2021-05-01T18:09:26+00:00\" \/>\n<meta property=\"article:modified_time\" content=\"2021-05-01T18:17:33+00:00\" \/>\n<meta property=\"og:image\" content=\"http:\/\/esponsorama.ad\/wp-content\/uploads\/2021\/05\/GH11357.jpg\" \/>\n\t<meta property=\"og:image:width\" content=\"4768\" \/>\n\t<meta property=\"og:image:height\" content=\"3178\" \/>\n\t<meta property=\"og:image:type\" content=\"image\/jpeg\" \/>\n<meta name=\"author\" content=\"Xavi Andornet\" \/>\n<meta name=\"twitter:card\" content=\"summary_large_image\" \/>\n<meta name=\"twitter:label1\" content=\"Escrito por\" \/>\n\t<meta name=\"twitter:data1\" content=\"Xavi Andornet\" \/>\n\t<meta name=\"twitter:label2\" content=\"Tiempo de lectura\" \/>\n\t<meta name=\"twitter:data2\" content=\"1 minuto\" \/>\n<script type=\"application\/ld+json\" class=\"yoast-schema-graph\">{\"@context\":\"https:\/\/schema.org\",\"@graph\":[{\"@type\":\"Article\",\"@id\":\"http:\/\/esponsorama.ad\/es\/qualifying-motoe-gp-red-bull-espana\/#article\",\"isPartOf\":{\"@id\":\"http:\/\/esponsorama.ad\/es\/qualifying-motoe-gp-red-bull-espana\/\"},\"author\":{\"name\":\"Xavi Andornet\",\"@id\":\"http:\/\/esponsorama.ad\/es\/#\/schema\/person\/a5cde74945183d737066e46b61c6f9c4\"},\"headline\":\"QUALIFYING MOTOE &#8211; GP RED BULL DE ESPA\u00d1A\",\"datePublished\":\"2021-05-01T18:09:26+00:00\",\"dateModified\":\"2021-05-01T18:17:33+00:00\",\"mainEntityOfPage\":{\"@id\":\"http:\/\/esponsorama.ad\/es\/qualifying-motoe-gp-red-bull-espana\/\"},\"wordCount\":180,\"image\":{\"@id\":\"http:\/\/esponsorama.ad\/es\/qualifying-motoe-gp-red-bull-espana\/#primaryimage\"},\"thumbnailUrl\":\"http:\/\/esponsorama.ad\/wp-content\/uploads\/2021\/05\/GH11357.jpg\",\"articleSection\":[\"MotoE\"],\"inLanguage\":\"es\"},{\"@type\":\"WebPage\",\"@id\":\"http:\/\/esponsorama.ad\/es\/qualifying-motoe-gp-red-bull-espana\/\",\"url\":\"http:\/\/esponsorama.ad\/es\/qualifying-motoe-gp-red-bull-espana\/\",\"name\":\"QUALIFYING MOTOE - GP RED BULL DE ESPA\u00d1A - Esponsorama\",\"isPartOf\":{\"@id\":\"http:\/\/esponsorama.ad\/es\/#website\"},\"primaryImageOfPage\":{\"@id\":\"http:\/\/esponsorama.ad\/es\/qualifying-motoe-gp-red-bull-espana\/#primaryimage\"},\"image\":{\"@id\":\"http:\/\/esponsorama.ad\/es\/qualifying-motoe-gp-red-bull-espana\/#primaryimage\"},\"thumbnailUrl\":\"http:\/\/esponsorama.ad\/wp-content\/uploads\/2021\/05\/GH11357.jpg\",\"datePublished\":\"2021-05-01T18:09:26+00:00\",\"dateModified\":\"2021-05-01T18:17:33+00:00\",\"author\":{\"@id\":\"http:\/\/esponsorama.ad\/es\/#\/schema\/person\/a5cde74945183d737066e46b61c6f9c4\"},\"breadcrumb\":{\"@id\":\"http:\/\/esponsorama.ad\/es\/qualifying-motoe-gp-red-bull-espana\/#breadcrumb\"},\"inLanguage\":\"es\",\"potentialAction\":[{\"@type\":\"ReadAction\",\"target\":[\"http:\/\/esponsorama.ad\/es\/qualifying-motoe-gp-red-bull-espana\/\"]}]},{\"@type\":\"ImageObject\",\"inLanguage\":\"es\",\"@id\":\"http:\/\/esponsorama.ad\/es\/qualifying-motoe-gp-red-bull-espana\/#primaryimage\",\"url\":\"http:\/\/esponsorama.ad\/wp-content\/uploads\/2021\/05\/GH11357.jpg\",\"contentUrl\":\"http:\/\/esponsorama.ad\/wp-content\/uploads\/2021\/05\/GH11357.jpg\",\"width\":4768,\"height\":3178,\"caption\":\"Xavi Cardelus, MotoE, Spanish MotoGP, 1 May 2021\"},{\"@type\":\"BreadcrumbList\",\"@id\":\"http:\/\/esponsorama.ad\/es\/qualifying-motoe-gp-red-bull-espana\/#breadcrumb\",\"itemListElement\":[{\"@type\":\"ListItem\",\"position\":1,\"name\":\"Home\",\"item\":\"http:\/\/esponsorama.ad\/es\/\"},{\"@type\":\"ListItem\",\"position\":2,\"name\":\"QUALIFYING MOTOE &#8211; GP RED BULL DE ESPA\u00d1A\"}]},{\"@type\":\"WebSite\",\"@id\":\"http:\/\/esponsorama.ad\/es\/#website\",\"url\":\"http:\/\/esponsorama.ad\/es\/\",\"name\":\"Esponsorama\",\"description\":\"Specialist in motorsport sponsorship and event promotions\",\"potentialAction\":[{\"@type\":\"SearchAction\",\"target\":{\"@type\":\"EntryPoint\",\"urlTemplate\":\"http:\/\/esponsorama.ad\/es\/?s={search_term_string}\"},\"query-input\":{\"@type\":\"PropertyValueSpecification\",\"valueRequired\":true,\"valueName\":\"search_term_string\"}}],\"inLanguage\":\"es\"},{\"@type\":\"Person\",\"@id\":\"http:\/\/esponsorama.ad\/es\/#\/schema\/person\/a5cde74945183d737066e46b61c6f9c4\",\"name\":\"Xavi Andornet\",\"image\":{\"@type\":\"ImageObject\",\"inLanguage\":\"es\",\"@id\":\"http:\/\/esponsorama.ad\/es\/#\/schema\/person\/image\/\",\"url\":\"https:\/\/secure.gravatar.com\/avatar\/f10eaf9ad601244a2357c9fd7cd9805ed166cfaaf76d5d9ab08a9d873e70147a?s=96&d=mm&r=g\",\"contentUrl\":\"https:\/\/secure.gravatar.com\/avatar\/f10eaf9ad601244a2357c9fd7cd9805ed166cfaaf76d5d9ab08a9d873e70147a?s=96&d=mm&r=g\",\"caption\":\"Xavi Andornet\"},\"sameAs\":[\"http:\/\/www.andornet.ad\"],\"url\":\"http:\/\/esponsorama.ad\/es\/author\/andornet\/\"}]}<\/script>\n<!-- \/ Yoast SEO plugin. -->","yoast_head_json":{"title":"QUALIFYING MOTOE - GP RED BULL DE ESPA\u00d1A - Esponsorama","robots":{"index":"index","follow":"follow","max-snippet":"max-snippet:-1","max-image-preview":"max-image-preview:large","max-video-preview":"max-video-preview:-1"},"canonical":"http:\/\/esponsorama.ad\/es\/qualifying-motoe-gp-red-bull-espana\/","og_locale":"es_ES","og_type":"article","og_title":"QUALIFYING MOTOE - GP RED BULL DE ESPA\u00d1A - Esponsorama","og_description":"FINALIZA LAS SEGUNDA JORNADA EN LA CATEGORIA DE MOTOE XAVI CARDELUS 8\u00ba Y ANDRE PIRES 17\u00ba Jerez (Espa\u00f1a) 1 de Mayo \u00a02021 \u2013 Finalizada la segunda jornada del GP Red Bull de Espa\u00f1a los pilotos del Avintia Esponsorama Racing team en la categor\u00eda de MotoE obtienen resultados positivos. Xavier Cardel\u00fas saldr\u00e1 8\u00ba mientras su compa\u00f1ero [&hellip;]","og_url":"http:\/\/esponsorama.ad\/es\/qualifying-motoe-gp-red-bull-espana\/","og_site_name":"Esponsorama","article_published_time":"2021-05-01T18:09:26+00:00","article_modified_time":"2021-05-01T18:17:33+00:00","og_image":[{"width":4768,"height":3178,"url":"http:\/\/esponsorama.ad\/wp-content\/uploads\/2021\/05\/GH11357.jpg","type":"image\/jpeg"}],"author":"Xavi Andornet","twitter_card":"summary_large_image","twitter_misc":{"Escrito por":"Xavi Andornet","Tiempo de lectura":"1 minuto"},"schema":{"@context":"https:\/\/schema.org","@graph":[{"@type":"Article","@id":"http:\/\/esponsorama.ad\/es\/qualifying-motoe-gp-red-bull-espana\/#article","isPartOf":{"@id":"http:\/\/esponsorama.ad\/es\/qualifying-motoe-gp-red-bull-espana\/"},"author":{"name":"Xavi Andornet","@id":"http:\/\/esponsorama.ad\/es\/#\/schema\/person\/a5cde74945183d737066e46b61c6f9c4"},"headline":"QUALIFYING MOTOE &#8211; GP RED BULL DE ESPA\u00d1A","datePublished":"2021-05-01T18:09:26+00:00","dateModified":"2021-05-01T18:17:33+00:00","mainEntityOfPage":{"@id":"http:\/\/esponsorama.ad\/es\/qualifying-motoe-gp-red-bull-espana\/"},"wordCount":180,"image":{"@id":"http:\/\/esponsorama.ad\/es\/qualifying-motoe-gp-red-bull-espana\/#primaryimage"},"thumbnailUrl":"http:\/\/esponsorama.ad\/wp-content\/uploads\/2021\/05\/GH11357.jpg","articleSection":["MotoE"],"inLanguage":"es"},{"@type":"WebPage","@id":"http:\/\/esponsorama.ad\/es\/qualifying-motoe-gp-red-bull-espana\/","url":"http:\/\/esponsorama.ad\/es\/qualifying-motoe-gp-red-bull-espana\/","name":"QUALIFYING MOTOE - GP RED BULL DE ESPA\u00d1A - Esponsorama","isPartOf":{"@id":"http:\/\/esponsorama.ad\/es\/#website"},"primaryImageOfPage":{"@id":"http:\/\/esponsorama.ad\/es\/qualifying-motoe-gp-red-bull-espana\/#primaryimage"},"image":{"@id":"http:\/\/esponsorama.ad\/es\/qualifying-motoe-gp-red-bull-espana\/#primaryimage"},"thumbnailUrl":"http:\/\/esponsorama.ad\/wp-content\/uploads\/2021\/05\/GH11357.jpg","datePublished":"2021-05-01T18:09:26+00:00","dateModified":"2021-05-01T18:17:33+00:00","author":{"@id":"http:\/\/esponsorama.ad\/es\/#\/schema\/person\/a5cde74945183d737066e46b61c6f9c4"},"breadcrumb":{"@id":"http:\/\/esponsorama.ad\/es\/qualifying-motoe-gp-red-bull-espana\/#breadcrumb"},"inLanguage":"es","potentialAction":[{"@type":"ReadAction","target":["http:\/\/esponsorama.ad\/es\/qualifying-motoe-gp-red-bull-espana\/"]}]},{"@type":"ImageObject","inLanguage":"es","@id":"http:\/\/esponsorama.ad\/es\/qualifying-motoe-gp-red-bull-espana\/#primaryimage","url":"http:\/\/esponsorama.ad\/wp-content\/uploads\/2021\/05\/GH11357.jpg","contentUrl":"http:\/\/esponsorama.ad\/wp-content\/uploads\/2021\/05\/GH11357.jpg","width":4768,"height":3178,"caption":"Xavi Cardelus, MotoE, Spanish MotoGP, 1 May 2021"},{"@type":"BreadcrumbList","@id":"http:\/\/esponsorama.ad\/es\/qualifying-motoe-gp-red-bull-espana\/#breadcrumb","itemListElement":[{"@type":"ListItem","position":1,"name":"Home","item":"http:\/\/esponsorama.ad\/es\/"},{"@type":"ListItem","position":2,"name":"QUALIFYING MOTOE &#8211; GP RED BULL DE ESPA\u00d1A"}]},{"@type":"WebSite","@id":"http:\/\/esponsorama.ad\/es\/#website","url":"http:\/\/esponsorama.ad\/es\/","name":"Esponsorama","description":"Specialist in motorsport sponsorship and event promotions","potentialAction":[{"@type":"SearchAction","target":{"@type":"EntryPoint","urlTemplate":"http:\/\/esponsorama.ad\/es\/?s={search_term_string}"},"query-input":{"@type":"PropertyValueSpecification","valueRequired":true,"valueName":"search_term_string"}}],"inLanguage":"es"},{"@type":"Person","@id":"http:\/\/esponsorama.ad\/es\/#\/schema\/person\/a5cde74945183d737066e46b61c6f9c4","name":"Xavi Andornet","image":{"@type":"ImageObject","inLanguage":"es","@id":"http:\/\/esponsorama.ad\/es\/#\/schema\/person\/image\/","url":"https:\/\/secure.gravatar.com\/avatar\/f10eaf9ad601244a2357c9fd7cd9805ed166cfaaf76d5d9ab08a9d873e70147a?s=96&d=mm&r=g","contentUrl":"https:\/\/secure.gravatar.com\/avatar\/f10eaf9ad601244a2357c9fd7cd9805ed166cfaaf76d5d9ab08a9d873e70147a?s=96&d=mm&r=g","caption":"Xavi Andornet"},"sameAs":["http:\/\/www.andornet.ad"],"url":"http:\/\/esponsorama.ad\/es\/author\/andornet\/"}]}},"_links":{"self":[{"href":"http:\/\/esponsorama.ad\/es\/wp-json\/wp\/v2\/posts\/17453","targetHints":{"allow":["GET"]}}],"collection":[{"href":"http:\/\/esponsorama.ad\/es\/wp-json\/wp\/v2\/posts"}],"about":[{"href":"http:\/\/esponsorama.ad\/es\/wp-json\/wp\/v2\/types\/post"}],"author":[{"embeddable":true,"href":"http:\/\/esponsorama.ad\/es\/wp-json\/wp\/v2\/users\/6"}],"replies":[{"embeddable":true,"href":"http:\/\/esponsorama.ad\/es\/wp-json\/wp\/v2\/comments?post=17453"}],"version-history":[{"count":1,"href":"http:\/\/esponsorama.ad\/es\/wp-json\/wp\/v2\/posts\/17453\/revisions"}],"predecessor-version":[{"id":17460,"href":"http:\/\/esponsorama.ad\/es\/wp-json\/wp\/v2\/posts\/17453\/revisions\/17460"}],"wp:featuredmedia":[{"embeddable":true,"href":"http:\/\/esponsorama.ad\/es\/wp-json\/wp\/v2\/media\/17455"}],"wp:attachment":[{"href":"http:\/\/esponsorama.ad\/es\/wp-json\/wp\/v2\/media?parent=17453"}],"wp:term":[{"taxonomy":"category","embeddable":true,"href":"http:\/\/esponsorama.ad\/es\/wp-json\/wp\/v2\/categories?post=17453"},{"taxonomy":"post_tag","embeddable":true,"href":"http:\/\/esponsorama.ad\/es\/wp-json\/wp\/v2\/tags?post=17453"}],"curies":[{"name":"wp","href":"https:\/\/api.w.org\/{rel}","templated":true}]}}