{"id":17587,"date":"2021-05-30T17:58:08","date_gmt":"2021-05-30T15:58:08","guid":{"rendered":"http:\/\/esponsorama.ad\/?p=17587"},"modified":"2021-05-30T18:00:00","modified_gmt":"2021-05-30T16:00:00","slug":"domingo-complicado-bastianini-marini-mugello","status":"publish","type":"post","link":"http:\/\/esponsorama.ad\/es\/domingo-complicado-bastianini-marini-mugello\/","title":{"rendered":"DOMINGO COMPLICADO PARA BASTIANINI Y MARINI EN MUGELLO"},"content":{"rendered":"<p>Enea Bastianini y Luca Marini dan por concluido un Gran Premio d\u2019Italia Oakley muy complejo teniendo en cuenta todas las circunstancias que han rodeado el fin de semana.<\/p>\n<p>Bastianini no ha podido ver la bandera a cuadros. El italiano ha sufrido una ca\u00edda durante la vuelta de formaci\u00f3n tras un incidente con Zarco. Pese a ello, Enea ha podido volver a boxes para salir con la segunda moto, pero desafortunadamente se ha ido al suelo.<\/p>\n<p>Luca Marini, que no ha tenido un buen \u2018feeling\u2019 con la moto durante toda la carrera, ha cruzado la l\u00ednea de meta en 17\u00aa posici\u00f3n.<\/p>\n<p>\t\t\t\t\t<div class=\"rider-short\">\n\t\t\t\t<a href=\"http:\/\/esponsorama.ad\/es\/piloto\/enea-bastianini\/\"><img loading=\"lazy\" decoding=\"async\" width=\"300\" height=\"300\" src=\"http:\/\/esponsorama.ad\/wp-content\/uploads\/2021\/02\/dorsal-bastianini-gris-300x300.png\" class=\"attachment-medium size-medium\" alt=\"\" srcset=\"http:\/\/esponsorama.ad\/wp-content\/uploads\/2021\/02\/dorsal-bastianini-gris-300x300.png 300w, http:\/\/esponsorama.ad\/wp-content\/uploads\/2021\/02\/dorsal-bastianini-gris-150x150.png 150w, http:\/\/esponsorama.ad\/wp-content\/uploads\/2021\/02\/dorsal-bastianini-gris.png 500w\" sizes=\"auto, (max-width: 300px) 100vw, 300px\" \/><\/a><div class=\"info\"><h3><a href=\"http:\/\/esponsorama.ad\/es\/piloto\/enea-bastianini\/\">Enea Bastianini<\/a> | DNF<\/h3><div class=\"rrss\"><a target=\"_blank\" href=\"https:\/\/www.eneabastianini.it\/en\/\"><i class=\"fa fa-link\"><\/i><\/a><a target=\"_blank\" href=\"https:\/\/www.facebook.com\/Bestia33\"><i class=\"fa fa-facebook\"><\/i><\/a><a target=\"_blank\" href=\"https:\/\/twitter.com\/eneabastianini\"><i class=\"fa fa-twitter\"><\/i><\/a><a target=\"_blank\" href=\"https:\/\/www.instagram.com\/eneabastianini\/?hl=es\"><i class=\"fa fa-instagram\"><\/i><\/a><\/div><\/div>\t\t\t\t\t<\/div>\n\t\t\t\t<br \/>\n\u201cDesafortunadamente ha sido un domingo muy duro, partiendo de la p\u00e9rdida de Dupasquier. En la vuelta de formaci\u00f3n, saliendo de la \u00faltima curva, me encontr\u00e9 a Zarco y no puede hacer nada pare evitar la ca\u00edda. Trat\u00e9 de llegar al box lo m\u00e1s r\u00e1pido posible para buscar la segunda moto, pero en la primera vuelta me fui al suelo. Lo intentaremos compensar en Barcelona y me intentar\u00e9 preparar al m\u00e1ximo porque en cualquier caso hemos sido r\u00e1pidos y competitivos.\u201d<\/p>\n<p>\t\t\t\t\t<div class=\"rider-short\">\n\t\t\t\t<a href=\"http:\/\/esponsorama.ad\/es\/piloto\/luca-marini\/\"><img loading=\"lazy\" decoding=\"async\" width=\"300\" height=\"300\" src=\"http:\/\/esponsorama.ad\/wp-content\/uploads\/2021\/02\/dorsal-marini-gris-300x300.png\" class=\"attachment-medium size-medium\" alt=\"\" srcset=\"http:\/\/esponsorama.ad\/wp-content\/uploads\/2021\/02\/dorsal-marini-gris-300x300.png 300w, http:\/\/esponsorama.ad\/wp-content\/uploads\/2021\/02\/dorsal-marini-gris-150x150.png 150w, http:\/\/esponsorama.ad\/wp-content\/uploads\/2021\/02\/dorsal-marini-gris.png 500w\" sizes=\"auto, (max-width: 300px) 100vw, 300px\" \/><\/a><div class=\"info\"><h3><a href=\"http:\/\/esponsorama.ad\/es\/piloto\/luca-marini\/\">Luca Marini<\/a> | P17<\/h3><div class=\"rrss\"><a target=\"_blank\" href=\"https:\/\/www.facebook.com\/LucaMariniLM97Official\/\"><i class=\"fa fa-facebook\"><\/i><\/a><a target=\"_blank\" href=\"https:\/\/twitter.com\/Luca_Marini_97\"><i class=\"fa fa-twitter\"><\/i><\/a><a target=\"_blank\" href=\"https:\/\/www.instagram.com\/luca_marini_97\/?hl=es\"><i class=\"fa fa-instagram\"><\/i><\/a><\/div><\/div>\t\t\t\t\t<\/div>\n\t\t\t\t<br \/>\n\u201cHa sido una carrera muy dura y hemos luchado mucho. Tenemos que trabajar para cerrar la brecha. Tuve un problema similar en Qatar: no sent\u00eda el neum\u00e1tico trasero y no pod\u00eda hacerlo funcionar correctamente. Perd\u00eda en la entrada de las curvas, siempre estaba de lado y tambi\u00e9n perd\u00eda aceleraci\u00f3n. Este fin de semana fue algo extra\u00f1o que nunca hab\u00eda experimentado. La diferencia con la parte delantera era muy grande y tenemos que entender lo que ha pasado porque no hemos hecho ning\u00fan cambio importante en la moto desde el viernes.\u201d<\/p>\n","protected":false},"excerpt":{"rendered":"<p>Enea Bastianini y Luca Marini dan por concluido un Gran Premio d\u2019Italia Oakley muy complejo teniendo en cuenta todas las circunstancias que han rodeado el fin de semana. Bastianini no ha podido ver la bandera a cuadros. El italiano ha sufrido una ca\u00edda durante la vuelta de formaci\u00f3n tras un incidente con Zarco. Pese a [&hellip;]<\/p>\n","protected":false},"author":6,"featured_media":17593,"comment_status":"closed","ping_status":"closed","sticky":false,"template":"","format":"standard","meta":{"footnotes":""},"categories":[3],"tags":[],"class_list":["post-17587","post","type-post","status-publish","format-standard","has-post-thumbnail","hentry","category-motogp"],"yoast_head":"<!-- This site is optimized with the Yoast SEO plugin v27.1.1 - https:\/\/yoast.com\/product\/yoast-seo-wordpress\/ -->\n<title>DOMINGO COMPLICADO PARA BASTIANINI Y MARINI EN MUGELLO - Esponsorama<\/title>\n<meta name=\"robots\" content=\"index, follow, max-snippet:-1, max-image-preview:large, max-video-preview:-1\" \/>\n<link rel=\"canonical\" href=\"http:\/\/esponsorama.ad\/es\/domingo-complicado-bastianini-marini-mugello\/\" \/>\n<meta property=\"og:locale\" content=\"es_ES\" \/>\n<meta property=\"og:type\" content=\"article\" \/>\n<meta property=\"og:title\" content=\"DOMINGO COMPLICADO PARA BASTIANINI Y MARINI EN MUGELLO - Esponsorama\" \/>\n<meta property=\"og:description\" content=\"Enea Bastianini y Luca Marini dan por concluido un Gran Premio d\u2019Italia Oakley muy complejo teniendo en cuenta todas las circunstancias que han rodeado el fin de semana. Bastianini no ha podido ver la bandera a cuadros. El italiano ha sufrido una ca\u00edda durante la vuelta de formaci\u00f3n tras un incidente con Zarco. Pese a [&hellip;]\" \/>\n<meta property=\"og:url\" content=\"http:\/\/esponsorama.ad\/es\/domingo-complicado-bastianini-marini-mugello\/\" \/>\n<meta property=\"og:site_name\" content=\"Esponsorama\" \/>\n<meta property=\"article:published_time\" content=\"2021-05-30T15:58:08+00:00\" \/>\n<meta property=\"article:modified_time\" content=\"2021-05-30T16:00:00+00:00\" \/>\n<meta property=\"og:image\" content=\"http:\/\/esponsorama.ad\/wp-content\/uploads\/2021\/05\/A1X5463.jpg\" \/>\n\t<meta property=\"og:image:width\" content=\"4155\" \/>\n\t<meta property=\"og:image:height\" content=\"2770\" \/>\n\t<meta property=\"og:image:type\" content=\"image\/jpeg\" \/>\n<meta name=\"author\" content=\"Xavi Andornet\" \/>\n<meta name=\"twitter:card\" content=\"summary_large_image\" \/>\n<meta name=\"twitter:label1\" content=\"Escrito por\" \/>\n\t<meta name=\"twitter:data1\" content=\"Xavi Andornet\" \/>\n\t<meta name=\"twitter:label2\" content=\"Tiempo de lectura\" \/>\n\t<meta name=\"twitter:data2\" content=\"1 minuto\" \/>\n<script type=\"application\/ld+json\" class=\"yoast-schema-graph\">{\"@context\":\"https:\/\/schema.org\",\"@graph\":[{\"@type\":\"Article\",\"@id\":\"http:\/\/esponsorama.ad\/es\/domingo-complicado-bastianini-marini-mugello\/#article\",\"isPartOf\":{\"@id\":\"http:\/\/esponsorama.ad\/es\/domingo-complicado-bastianini-marini-mugello\/\"},\"author\":{\"name\":\"Xavi Andornet\",\"@id\":\"http:\/\/esponsorama.ad\/es\/#\/schema\/person\/a5cde74945183d737066e46b61c6f9c4\"},\"headline\":\"DOMINGO COMPLICADO PARA BASTIANINI Y MARINI EN MUGELLO\",\"datePublished\":\"2021-05-30T15:58:08+00:00\",\"dateModified\":\"2021-05-30T16:00:00+00:00\",\"mainEntityOfPage\":{\"@id\":\"http:\/\/esponsorama.ad\/es\/domingo-complicado-bastianini-marini-mugello\/\"},\"wordCount\":305,\"image\":{\"@id\":\"http:\/\/esponsorama.ad\/es\/domingo-complicado-bastianini-marini-mugello\/#primaryimage\"},\"thumbnailUrl\":\"http:\/\/esponsorama.ad\/wp-content\/uploads\/2021\/05\/A1X5463.jpg\",\"articleSection\":[\"MotoGP\"],\"inLanguage\":\"es\"},{\"@type\":\"WebPage\",\"@id\":\"http:\/\/esponsorama.ad\/es\/domingo-complicado-bastianini-marini-mugello\/\",\"url\":\"http:\/\/esponsorama.ad\/es\/domingo-complicado-bastianini-marini-mugello\/\",\"name\":\"DOMINGO COMPLICADO PARA BASTIANINI Y MARINI EN MUGELLO - Esponsorama\",\"isPartOf\":{\"@id\":\"http:\/\/esponsorama.ad\/es\/#website\"},\"primaryImageOfPage\":{\"@id\":\"http:\/\/esponsorama.ad\/es\/domingo-complicado-bastianini-marini-mugello\/#primaryimage\"},\"image\":{\"@id\":\"http:\/\/esponsorama.ad\/es\/domingo-complicado-bastianini-marini-mugello\/#primaryimage\"},\"thumbnailUrl\":\"http:\/\/esponsorama.ad\/wp-content\/uploads\/2021\/05\/A1X5463.jpg\",\"datePublished\":\"2021-05-30T15:58:08+00:00\",\"dateModified\":\"2021-05-30T16:00:00+00:00\",\"author\":{\"@id\":\"http:\/\/esponsorama.ad\/es\/#\/schema\/person\/a5cde74945183d737066e46b61c6f9c4\"},\"breadcrumb\":{\"@id\":\"http:\/\/esponsorama.ad\/es\/domingo-complicado-bastianini-marini-mugello\/#breadcrumb\"},\"inLanguage\":\"es\",\"potentialAction\":[{\"@type\":\"ReadAction\",\"target\":[\"http:\/\/esponsorama.ad\/es\/domingo-complicado-bastianini-marini-mugello\/\"]}]},{\"@type\":\"ImageObject\",\"inLanguage\":\"es\",\"@id\":\"http:\/\/esponsorama.ad\/es\/domingo-complicado-bastianini-marini-mugello\/#primaryimage\",\"url\":\"http:\/\/esponsorama.ad\/wp-content\/uploads\/2021\/05\/A1X5463.jpg\",\"contentUrl\":\"http:\/\/esponsorama.ad\/wp-content\/uploads\/2021\/05\/A1X5463.jpg\",\"width\":4155,\"height\":2770},{\"@type\":\"BreadcrumbList\",\"@id\":\"http:\/\/esponsorama.ad\/es\/domingo-complicado-bastianini-marini-mugello\/#breadcrumb\",\"itemListElement\":[{\"@type\":\"ListItem\",\"position\":1,\"name\":\"Home\",\"item\":\"http:\/\/esponsorama.ad\/en\/\"},{\"@type\":\"ListItem\",\"position\":2,\"name\":\"DOMINGO COMPLICADO PARA BASTIANINI Y MARINI EN MUGELLO\"}]},{\"@type\":\"WebSite\",\"@id\":\"http:\/\/esponsorama.ad\/es\/#website\",\"url\":\"http:\/\/esponsorama.ad\/es\/\",\"name\":\"Esponsorama\",\"description\":\"Specialist in motorsport sponsorship and event promotions\",\"potentialAction\":[{\"@type\":\"SearchAction\",\"target\":{\"@type\":\"EntryPoint\",\"urlTemplate\":\"http:\/\/esponsorama.ad\/es\/?s={search_term_string}\"},\"query-input\":{\"@type\":\"PropertyValueSpecification\",\"valueRequired\":true,\"valueName\":\"search_term_string\"}}],\"inLanguage\":\"es\"},{\"@type\":\"Person\",\"@id\":\"http:\/\/esponsorama.ad\/es\/#\/schema\/person\/a5cde74945183d737066e46b61c6f9c4\",\"name\":\"Xavi Andornet\",\"image\":{\"@type\":\"ImageObject\",\"inLanguage\":\"es\",\"@id\":\"http:\/\/esponsorama.ad\/es\/#\/schema\/person\/image\/\",\"url\":\"https:\/\/secure.gravatar.com\/avatar\/f10eaf9ad601244a2357c9fd7cd9805ed166cfaaf76d5d9ab08a9d873e70147a?s=96&d=mm&r=g\",\"contentUrl\":\"https:\/\/secure.gravatar.com\/avatar\/f10eaf9ad601244a2357c9fd7cd9805ed166cfaaf76d5d9ab08a9d873e70147a?s=96&d=mm&r=g\",\"caption\":\"Xavi Andornet\"},\"sameAs\":[\"http:\/\/www.andornet.ad\"],\"url\":\"http:\/\/esponsorama.ad\/es\/author\/andornet\/\"}]}<\/script>\n<!-- \/ Yoast SEO plugin. -->","yoast_head_json":{"title":"DOMINGO COMPLICADO PARA BASTIANINI Y MARINI EN MUGELLO - Esponsorama","robots":{"index":"index","follow":"follow","max-snippet":"max-snippet:-1","max-image-preview":"max-image-preview:large","max-video-preview":"max-video-preview:-1"},"canonical":"http:\/\/esponsorama.ad\/es\/domingo-complicado-bastianini-marini-mugello\/","og_locale":"es_ES","og_type":"article","og_title":"DOMINGO COMPLICADO PARA BASTIANINI Y MARINI EN MUGELLO - Esponsorama","og_description":"Enea Bastianini y Luca Marini dan por concluido un Gran Premio d\u2019Italia Oakley muy complejo teniendo en cuenta todas las circunstancias que han rodeado el fin de semana. Bastianini no ha podido ver la bandera a cuadros. El italiano ha sufrido una ca\u00edda durante la vuelta de formaci\u00f3n tras un incidente con Zarco. Pese a [&hellip;]","og_url":"http:\/\/esponsorama.ad\/es\/domingo-complicado-bastianini-marini-mugello\/","og_site_name":"Esponsorama","article_published_time":"2021-05-30T15:58:08+00:00","article_modified_time":"2021-05-30T16:00:00+00:00","og_image":[{"width":4155,"height":2770,"url":"http:\/\/esponsorama.ad\/wp-content\/uploads\/2021\/05\/A1X5463.jpg","type":"image\/jpeg"}],"author":"Xavi Andornet","twitter_card":"summary_large_image","twitter_misc":{"Escrito por":"Xavi Andornet","Tiempo de lectura":"1 minuto"},"schema":{"@context":"https:\/\/schema.org","@graph":[{"@type":"Article","@id":"http:\/\/esponsorama.ad\/es\/domingo-complicado-bastianini-marini-mugello\/#article","isPartOf":{"@id":"http:\/\/esponsorama.ad\/es\/domingo-complicado-bastianini-marini-mugello\/"},"author":{"name":"Xavi Andornet","@id":"http:\/\/esponsorama.ad\/es\/#\/schema\/person\/a5cde74945183d737066e46b61c6f9c4"},"headline":"DOMINGO COMPLICADO PARA BASTIANINI Y MARINI EN MUGELLO","datePublished":"2021-05-30T15:58:08+00:00","dateModified":"2021-05-30T16:00:00+00:00","mainEntityOfPage":{"@id":"http:\/\/esponsorama.ad\/es\/domingo-complicado-bastianini-marini-mugello\/"},"wordCount":305,"image":{"@id":"http:\/\/esponsorama.ad\/es\/domingo-complicado-bastianini-marini-mugello\/#primaryimage"},"thumbnailUrl":"http:\/\/esponsorama.ad\/wp-content\/uploads\/2021\/05\/A1X5463.jpg","articleSection":["MotoGP"],"inLanguage":"es"},{"@type":"WebPage","@id":"http:\/\/esponsorama.ad\/es\/domingo-complicado-bastianini-marini-mugello\/","url":"http:\/\/esponsorama.ad\/es\/domingo-complicado-bastianini-marini-mugello\/","name":"DOMINGO COMPLICADO PARA BASTIANINI Y MARINI EN MUGELLO - Esponsorama","isPartOf":{"@id":"http:\/\/esponsorama.ad\/es\/#website"},"primaryImageOfPage":{"@id":"http:\/\/esponsorama.ad\/es\/domingo-complicado-bastianini-marini-mugello\/#primaryimage"},"image":{"@id":"http:\/\/esponsorama.ad\/es\/domingo-complicado-bastianini-marini-mugello\/#primaryimage"},"thumbnailUrl":"http:\/\/esponsorama.ad\/wp-content\/uploads\/2021\/05\/A1X5463.jpg","datePublished":"2021-05-30T15:58:08+00:00","dateModified":"2021-05-30T16:00:00+00:00","author":{"@id":"http:\/\/esponsorama.ad\/es\/#\/schema\/person\/a5cde74945183d737066e46b61c6f9c4"},"breadcrumb":{"@id":"http:\/\/esponsorama.ad\/es\/domingo-complicado-bastianini-marini-mugello\/#breadcrumb"},"inLanguage":"es","potentialAction":[{"@type":"ReadAction","target":["http:\/\/esponsorama.ad\/es\/domingo-complicado-bastianini-marini-mugello\/"]}]},{"@type":"ImageObject","inLanguage":"es","@id":"http:\/\/esponsorama.ad\/es\/domingo-complicado-bastianini-marini-mugello\/#primaryimage","url":"http:\/\/esponsorama.ad\/wp-content\/uploads\/2021\/05\/A1X5463.jpg","contentUrl":"http:\/\/esponsorama.ad\/wp-content\/uploads\/2021\/05\/A1X5463.jpg","width":4155,"height":2770},{"@type":"BreadcrumbList","@id":"http:\/\/esponsorama.ad\/es\/domingo-complicado-bastianini-marini-mugello\/#breadcrumb","itemListElement":[{"@type":"ListItem","position":1,"name":"Home","item":"http:\/\/esponsorama.ad\/en\/"},{"@type":"ListItem","position":2,"name":"DOMINGO COMPLICADO PARA BASTIANINI Y MARINI EN MUGELLO"}]},{"@type":"WebSite","@id":"http:\/\/esponsorama.ad\/es\/#website","url":"http:\/\/esponsorama.ad\/es\/","name":"Esponsorama","description":"Specialist in motorsport sponsorship and event promotions","potentialAction":[{"@type":"SearchAction","target":{"@type":"EntryPoint","urlTemplate":"http:\/\/esponsorama.ad\/es\/?s={search_term_string}"},"query-input":{"@type":"PropertyValueSpecification","valueRequired":true,"valueName":"search_term_string"}}],"inLanguage":"es"},{"@type":"Person","@id":"http:\/\/esponsorama.ad\/es\/#\/schema\/person\/a5cde74945183d737066e46b61c6f9c4","name":"Xavi Andornet","image":{"@type":"ImageObject","inLanguage":"es","@id":"http:\/\/esponsorama.ad\/es\/#\/schema\/person\/image\/","url":"https:\/\/secure.gravatar.com\/avatar\/f10eaf9ad601244a2357c9fd7cd9805ed166cfaaf76d5d9ab08a9d873e70147a?s=96&d=mm&r=g","contentUrl":"https:\/\/secure.gravatar.com\/avatar\/f10eaf9ad601244a2357c9fd7cd9805ed166cfaaf76d5d9ab08a9d873e70147a?s=96&d=mm&r=g","caption":"Xavi Andornet"},"sameAs":["http:\/\/www.andornet.ad"],"url":"http:\/\/esponsorama.ad\/es\/author\/andornet\/"}]}},"_links":{"self":[{"href":"http:\/\/esponsorama.ad\/es\/wp-json\/wp\/v2\/posts\/17587","targetHints":{"allow":["GET"]}}],"collection":[{"href":"http:\/\/esponsorama.ad\/es\/wp-json\/wp\/v2\/posts"}],"about":[{"href":"http:\/\/esponsorama.ad\/es\/wp-json\/wp\/v2\/types\/post"}],"author":[{"embeddable":true,"href":"http:\/\/esponsorama.ad\/es\/wp-json\/wp\/v2\/users\/6"}],"replies":[{"embeddable":true,"href":"http:\/\/esponsorama.ad\/es\/wp-json\/wp\/v2\/comments?post=17587"}],"version-history":[{"count":1,"href":"http:\/\/esponsorama.ad\/es\/wp-json\/wp\/v2\/posts\/17587\/revisions"}],"predecessor-version":[{"id":17594,"href":"http:\/\/esponsorama.ad\/es\/wp-json\/wp\/v2\/posts\/17587\/revisions\/17594"}],"wp:featuredmedia":[{"embeddable":true,"href":"http:\/\/esponsorama.ad\/es\/wp-json\/wp\/v2\/media\/17593"}],"wp:attachment":[{"href":"http:\/\/esponsorama.ad\/es\/wp-json\/wp\/v2\/media?parent=17587"}],"wp:term":[{"taxonomy":"category","embeddable":true,"href":"http:\/\/esponsorama.ad\/es\/wp-json\/wp\/v2\/categories?post=17587"},{"taxonomy":"post_tag","embeddable":true,"href":"http:\/\/esponsorama.ad\/es\/wp-json\/wp\/v2\/tags?post=17587"}],"curies":[{"name":"wp","href":"https:\/\/api.w.org\/{rel}","templated":true}]}}