{"id":17736,"date":"2021-06-18T17:01:53","date_gmt":"2021-06-18T15:01:53","guid":{"rendered":"http:\/\/esponsorama.ad\/?p=17736"},"modified":"2021-06-18T17:04:00","modified_gmt":"2021-06-18T15:04:00","slug":"bastianini-marini-motivados-fin-semana-sachsenring","status":"publish","type":"post","link":"http:\/\/esponsorama.ad\/es\/bastianini-marini-motivados-fin-semana-sachsenring\/","title":{"rendered":"BASTIANINI Y MARINI MOTIVADOS PARA EL FIN DE SEMANA EN SACHSENRING"},"content":{"rendered":"<p>El Campeonato del Mundo de MotoGP aterriza este fin de semana en el circuito de Sachsenring para disputar el Liqui Moly Motorrad Grand Prix Deuchtsland, la 8\u00aa cita del calendario.<\/p>\n<p>Enea Bastianini y Luca Marini, que lograron un resultado muy positivo en el Gran Premio de Catalunya, quieren seguir con la buena racha que atraviesan en Alemania y as\u00ed poder seguir sumando puntos para el equipo.<\/p>\n<p>La acci\u00f3n dar\u00e1 comienzo el viernes a las 9:55 con los primeros entrenamientos libres del Liqui Moly Motorrad Grand Prix Deuchtsland.<\/p>\n<p>\t\t\t\t\t<div class=\"rider-short\">\n\t\t\t\t<a href=\"http:\/\/esponsorama.ad\/es\/piloto\/enea-bastianini\/\"><img loading=\"lazy\" decoding=\"async\" width=\"300\" height=\"300\" src=\"http:\/\/esponsorama.ad\/wp-content\/uploads\/2021\/02\/dorsal-bastianini-gris-300x300.png\" class=\"attachment-medium size-medium\" alt=\"\" srcset=\"http:\/\/esponsorama.ad\/wp-content\/uploads\/2021\/02\/dorsal-bastianini-gris-300x300.png 300w, http:\/\/esponsorama.ad\/wp-content\/uploads\/2021\/02\/dorsal-bastianini-gris-150x150.png 150w, http:\/\/esponsorama.ad\/wp-content\/uploads\/2021\/02\/dorsal-bastianini-gris.png 500w\" sizes=\"auto, (max-width: 300px) 100vw, 300px\" \/><\/a><div class=\"info\"><h3><a href=\"http:\/\/esponsorama.ad\/es\/piloto\/enea-bastianini\/\">Enea Bastianini<\/a><\/h3><div class=\"rrss\"><a target=\"_blank\" href=\"https:\/\/www.eneabastianini.it\/en\/\"><i class=\"fa fa-link\"><\/i><\/a><a target=\"_blank\" href=\"https:\/\/www.facebook.com\/Bestia33\"><i class=\"fa fa-facebook\"><\/i><\/a><a target=\"_blank\" href=\"https:\/\/twitter.com\/eneabastianini\"><i class=\"fa fa-twitter\"><\/i><\/a><a target=\"_blank\" href=\"https:\/\/www.instagram.com\/eneabastianini\/?hl=es\"><i class=\"fa fa-instagram\"><\/i><\/a><\/div><\/div>\t\t\t\t\t<\/div>\n\t\t\t\t<br \/>\n\u201cLlegamos a Sachsenring, un circuito donde no estuvimos el a\u00f1o pasado debido al coronavirus. De todas formas, es una pista que normalmente se me ha dado bien, sobre todo con la Moto3. Con la Moto2 solamente pude correr una vez y veremos c\u00f3mo ser\u00e1 estar aqu\u00ed con una MotoGP.\u201d<\/p>\n<p>\t\t\t\t\t<div class=\"rider-short\">\n\t\t\t\t<a href=\"http:\/\/esponsorama.ad\/es\/piloto\/luca-marini\/\"><img loading=\"lazy\" decoding=\"async\" width=\"300\" height=\"300\" src=\"http:\/\/esponsorama.ad\/wp-content\/uploads\/2021\/02\/dorsal-marini-gris-300x300.png\" class=\"attachment-medium size-medium\" alt=\"\" srcset=\"http:\/\/esponsorama.ad\/wp-content\/uploads\/2021\/02\/dorsal-marini-gris-300x300.png 300w, http:\/\/esponsorama.ad\/wp-content\/uploads\/2021\/02\/dorsal-marini-gris-150x150.png 150w, http:\/\/esponsorama.ad\/wp-content\/uploads\/2021\/02\/dorsal-marini-gris.png 500w\" sizes=\"auto, (max-width: 300px) 100vw, 300px\" \/><\/a><div class=\"info\"><h3><a href=\"http:\/\/esponsorama.ad\/es\/piloto\/luca-marini\/\">Luca Marini<\/a><\/h3><div class=\"rrss\"><a target=\"_blank\" href=\"https:\/\/www.facebook.com\/LucaMariniLM97Official\/\"><i class=\"fa fa-facebook\"><\/i><\/a><a target=\"_blank\" href=\"https:\/\/twitter.com\/Luca_Marini_97\"><i class=\"fa fa-twitter\"><\/i><\/a><a target=\"_blank\" href=\"https:\/\/www.instagram.com\/luca_marini_97\/?hl=es\"><i class=\"fa fa-instagram\"><\/i><\/a><\/div><\/div>\t\t\t\t\t<\/div>\n\t\t\t\t<br \/>\n\u201cSachsenring es una pista muy especial, pero con su encanto y con MotoGP lo ser\u00e1 a\u00fan m\u00e1s. La pista ya era estrecha y peque\u00f1a con la Moto2, y ahora tengo curiosidad por ver qu\u00e9 efecto tendr\u00e1 en la Ducati. Va a ser un fin de semana dif\u00edcil, y creo que las diferencias ser\u00e1n muy peque\u00f1as. El circuito tiene pocos kil\u00f3metros, as\u00ed que s\u00f3lo nos separar\u00e1n unas d\u00e9cimas de segundo, y este a\u00f1o la categor\u00eda est\u00e1 a un nivel muy alto, con diferencias de menos de un segundo entre el primero y el vig\u00e9simo. Esta es otra raz\u00f3n por la que ser\u00e1 fascinante. Empezaremos con todo lo positivo que recogimos del test en Barcelona para seguir creciendo.\u201d<\/p>\n","protected":false},"excerpt":{"rendered":"<p>El Campeonato del Mundo de MotoGP aterriza este fin de semana en el circuito de Sachsenring para disputar el Liqui Moly Motorrad Grand Prix Deuchtsland, la 8\u00aa cita del calendario. Enea Bastianini y Luca Marini, que lograron un resultado muy positivo en el Gran Premio de Catalunya, quieren seguir con la buena racha que atraviesan [&hellip;]<\/p>\n","protected":false},"author":6,"featured_media":17739,"comment_status":"closed","ping_status":"closed","sticky":false,"template":"","format":"standard","meta":{"footnotes":""},"categories":[3],"tags":[],"class_list":["post-17736","post","type-post","status-publish","format-standard","has-post-thumbnail","hentry","category-motogp"],"yoast_head":"<!-- This site is optimized with the Yoast SEO plugin v27.1.1 - https:\/\/yoast.com\/product\/yoast-seo-wordpress\/ -->\n<title>BASTIANINI Y MARINI MOTIVADOS PARA EL FIN DE SEMANA EN SACHSENRING - Esponsorama<\/title>\n<meta name=\"robots\" content=\"index, follow, max-snippet:-1, max-image-preview:large, max-video-preview:-1\" \/>\n<link rel=\"canonical\" href=\"http:\/\/esponsorama.ad\/es\/bastianini-marini-motivados-fin-semana-sachsenring\/\" \/>\n<meta property=\"og:locale\" content=\"es_ES\" \/>\n<meta property=\"og:type\" content=\"article\" \/>\n<meta property=\"og:title\" content=\"BASTIANINI Y MARINI MOTIVADOS PARA EL FIN DE SEMANA EN SACHSENRING - Esponsorama\" \/>\n<meta property=\"og:description\" content=\"El Campeonato del Mundo de MotoGP aterriza este fin de semana en el circuito de Sachsenring para disputar el Liqui Moly Motorrad Grand Prix Deuchtsland, la 8\u00aa cita del calendario. Enea Bastianini y Luca Marini, que lograron un resultado muy positivo en el Gran Premio de Catalunya, quieren seguir con la buena racha que atraviesan [&hellip;]\" \/>\n<meta property=\"og:url\" content=\"http:\/\/esponsorama.ad\/es\/bastianini-marini-motivados-fin-semana-sachsenring\/\" \/>\n<meta property=\"og:site_name\" content=\"Esponsorama\" \/>\n<meta property=\"article:published_time\" content=\"2021-06-18T15:01:53+00:00\" \/>\n<meta property=\"article:modified_time\" content=\"2021-06-18T15:04:00+00:00\" \/>\n<meta property=\"og:image\" content=\"http:\/\/esponsorama.ad\/wp-content\/uploads\/2021\/06\/AE1I0609.jpg\" \/>\n\t<meta property=\"og:image:width\" content=\"4475\" \/>\n\t<meta property=\"og:image:height\" content=\"2983\" \/>\n\t<meta property=\"og:image:type\" content=\"image\/jpeg\" \/>\n<meta name=\"author\" content=\"Xavi Andornet\" \/>\n<meta name=\"twitter:card\" content=\"summary_large_image\" \/>\n<meta name=\"twitter:label1\" content=\"Escrito por\" \/>\n\t<meta name=\"twitter:data1\" content=\"Xavi Andornet\" \/>\n\t<meta name=\"twitter:label2\" content=\"Tiempo de lectura\" \/>\n\t<meta name=\"twitter:data2\" content=\"1 minuto\" \/>\n<script type=\"application\/ld+json\" class=\"yoast-schema-graph\">{\"@context\":\"https:\/\/schema.org\",\"@graph\":[{\"@type\":\"Article\",\"@id\":\"http:\/\/esponsorama.ad\/es\/bastianini-marini-motivados-fin-semana-sachsenring\/#article\",\"isPartOf\":{\"@id\":\"http:\/\/esponsorama.ad\/es\/bastianini-marini-motivados-fin-semana-sachsenring\/\"},\"author\":{\"name\":\"Xavi Andornet\",\"@id\":\"http:\/\/esponsorama.ad\/es\/#\/schema\/person\/a5cde74945183d737066e46b61c6f9c4\"},\"headline\":\"BASTIANINI Y MARINI MOTIVADOS PARA EL FIN DE SEMANA EN SACHSENRING\",\"datePublished\":\"2021-06-18T15:01:53+00:00\",\"dateModified\":\"2021-06-18T15:04:00+00:00\",\"mainEntityOfPage\":{\"@id\":\"http:\/\/esponsorama.ad\/es\/bastianini-marini-motivados-fin-semana-sachsenring\/\"},\"wordCount\":282,\"image\":{\"@id\":\"http:\/\/esponsorama.ad\/es\/bastianini-marini-motivados-fin-semana-sachsenring\/#primaryimage\"},\"thumbnailUrl\":\"http:\/\/esponsorama.ad\/wp-content\/uploads\/2021\/06\/AE1I0609.jpg\",\"articleSection\":[\"MotoGP\"],\"inLanguage\":\"es\"},{\"@type\":\"WebPage\",\"@id\":\"http:\/\/esponsorama.ad\/es\/bastianini-marini-motivados-fin-semana-sachsenring\/\",\"url\":\"http:\/\/esponsorama.ad\/es\/bastianini-marini-motivados-fin-semana-sachsenring\/\",\"name\":\"BASTIANINI Y MARINI MOTIVADOS PARA EL FIN DE SEMANA EN SACHSENRING - Esponsorama\",\"isPartOf\":{\"@id\":\"http:\/\/esponsorama.ad\/es\/#website\"},\"primaryImageOfPage\":{\"@id\":\"http:\/\/esponsorama.ad\/es\/bastianini-marini-motivados-fin-semana-sachsenring\/#primaryimage\"},\"image\":{\"@id\":\"http:\/\/esponsorama.ad\/es\/bastianini-marini-motivados-fin-semana-sachsenring\/#primaryimage\"},\"thumbnailUrl\":\"http:\/\/esponsorama.ad\/wp-content\/uploads\/2021\/06\/AE1I0609.jpg\",\"datePublished\":\"2021-06-18T15:01:53+00:00\",\"dateModified\":\"2021-06-18T15:04:00+00:00\",\"author\":{\"@id\":\"http:\/\/esponsorama.ad\/es\/#\/schema\/person\/a5cde74945183d737066e46b61c6f9c4\"},\"breadcrumb\":{\"@id\":\"http:\/\/esponsorama.ad\/es\/bastianini-marini-motivados-fin-semana-sachsenring\/#breadcrumb\"},\"inLanguage\":\"es\",\"potentialAction\":[{\"@type\":\"ReadAction\",\"target\":[\"http:\/\/esponsorama.ad\/es\/bastianini-marini-motivados-fin-semana-sachsenring\/\"]}]},{\"@type\":\"ImageObject\",\"inLanguage\":\"es\",\"@id\":\"http:\/\/esponsorama.ad\/es\/bastianini-marini-motivados-fin-semana-sachsenring\/#primaryimage\",\"url\":\"http:\/\/esponsorama.ad\/wp-content\/uploads\/2021\/06\/AE1I0609.jpg\",\"contentUrl\":\"http:\/\/esponsorama.ad\/wp-content\/uploads\/2021\/06\/AE1I0609.jpg\",\"width\":4475,\"height\":2983,\"caption\":\"Enea Bastianini, Catalunya MotoGP, 4 June 2021\"},{\"@type\":\"BreadcrumbList\",\"@id\":\"http:\/\/esponsorama.ad\/es\/bastianini-marini-motivados-fin-semana-sachsenring\/#breadcrumb\",\"itemListElement\":[{\"@type\":\"ListItem\",\"position\":1,\"name\":\"Home\",\"item\":\"http:\/\/esponsorama.ad\/en\/\"},{\"@type\":\"ListItem\",\"position\":2,\"name\":\"BASTIANINI Y MARINI MOTIVADOS PARA EL FIN DE SEMANA EN SACHSENRING\"}]},{\"@type\":\"WebSite\",\"@id\":\"http:\/\/esponsorama.ad\/es\/#website\",\"url\":\"http:\/\/esponsorama.ad\/es\/\",\"name\":\"Esponsorama\",\"description\":\"Specialist in motorsport sponsorship and event promotions\",\"potentialAction\":[{\"@type\":\"SearchAction\",\"target\":{\"@type\":\"EntryPoint\",\"urlTemplate\":\"http:\/\/esponsorama.ad\/es\/?s={search_term_string}\"},\"query-input\":{\"@type\":\"PropertyValueSpecification\",\"valueRequired\":true,\"valueName\":\"search_term_string\"}}],\"inLanguage\":\"es\"},{\"@type\":\"Person\",\"@id\":\"http:\/\/esponsorama.ad\/es\/#\/schema\/person\/a5cde74945183d737066e46b61c6f9c4\",\"name\":\"Xavi Andornet\",\"image\":{\"@type\":\"ImageObject\",\"inLanguage\":\"es\",\"@id\":\"http:\/\/esponsorama.ad\/es\/#\/schema\/person\/image\/\",\"url\":\"https:\/\/secure.gravatar.com\/avatar\/f10eaf9ad601244a2357c9fd7cd9805ed166cfaaf76d5d9ab08a9d873e70147a?s=96&d=mm&r=g\",\"contentUrl\":\"https:\/\/secure.gravatar.com\/avatar\/f10eaf9ad601244a2357c9fd7cd9805ed166cfaaf76d5d9ab08a9d873e70147a?s=96&d=mm&r=g\",\"caption\":\"Xavi Andornet\"},\"sameAs\":[\"http:\/\/www.andornet.ad\"],\"url\":\"http:\/\/esponsorama.ad\/es\/author\/andornet\/\"}]}<\/script>\n<!-- \/ Yoast SEO plugin. -->","yoast_head_json":{"title":"BASTIANINI Y MARINI MOTIVADOS PARA EL FIN DE SEMANA EN SACHSENRING - Esponsorama","robots":{"index":"index","follow":"follow","max-snippet":"max-snippet:-1","max-image-preview":"max-image-preview:large","max-video-preview":"max-video-preview:-1"},"canonical":"http:\/\/esponsorama.ad\/es\/bastianini-marini-motivados-fin-semana-sachsenring\/","og_locale":"es_ES","og_type":"article","og_title":"BASTIANINI Y MARINI MOTIVADOS PARA EL FIN DE SEMANA EN SACHSENRING - Esponsorama","og_description":"El Campeonato del Mundo de MotoGP aterriza este fin de semana en el circuito de Sachsenring para disputar el Liqui Moly Motorrad Grand Prix Deuchtsland, la 8\u00aa cita del calendario. Enea Bastianini y Luca Marini, que lograron un resultado muy positivo en el Gran Premio de Catalunya, quieren seguir con la buena racha que atraviesan [&hellip;]","og_url":"http:\/\/esponsorama.ad\/es\/bastianini-marini-motivados-fin-semana-sachsenring\/","og_site_name":"Esponsorama","article_published_time":"2021-06-18T15:01:53+00:00","article_modified_time":"2021-06-18T15:04:00+00:00","og_image":[{"width":4475,"height":2983,"url":"http:\/\/esponsorama.ad\/wp-content\/uploads\/2021\/06\/AE1I0609.jpg","type":"image\/jpeg"}],"author":"Xavi Andornet","twitter_card":"summary_large_image","twitter_misc":{"Escrito por":"Xavi Andornet","Tiempo de lectura":"1 minuto"},"schema":{"@context":"https:\/\/schema.org","@graph":[{"@type":"Article","@id":"http:\/\/esponsorama.ad\/es\/bastianini-marini-motivados-fin-semana-sachsenring\/#article","isPartOf":{"@id":"http:\/\/esponsorama.ad\/es\/bastianini-marini-motivados-fin-semana-sachsenring\/"},"author":{"name":"Xavi Andornet","@id":"http:\/\/esponsorama.ad\/es\/#\/schema\/person\/a5cde74945183d737066e46b61c6f9c4"},"headline":"BASTIANINI Y MARINI MOTIVADOS PARA EL FIN DE SEMANA EN SACHSENRING","datePublished":"2021-06-18T15:01:53+00:00","dateModified":"2021-06-18T15:04:00+00:00","mainEntityOfPage":{"@id":"http:\/\/esponsorama.ad\/es\/bastianini-marini-motivados-fin-semana-sachsenring\/"},"wordCount":282,"image":{"@id":"http:\/\/esponsorama.ad\/es\/bastianini-marini-motivados-fin-semana-sachsenring\/#primaryimage"},"thumbnailUrl":"http:\/\/esponsorama.ad\/wp-content\/uploads\/2021\/06\/AE1I0609.jpg","articleSection":["MotoGP"],"inLanguage":"es"},{"@type":"WebPage","@id":"http:\/\/esponsorama.ad\/es\/bastianini-marini-motivados-fin-semana-sachsenring\/","url":"http:\/\/esponsorama.ad\/es\/bastianini-marini-motivados-fin-semana-sachsenring\/","name":"BASTIANINI Y MARINI MOTIVADOS PARA EL FIN DE SEMANA EN SACHSENRING - Esponsorama","isPartOf":{"@id":"http:\/\/esponsorama.ad\/es\/#website"},"primaryImageOfPage":{"@id":"http:\/\/esponsorama.ad\/es\/bastianini-marini-motivados-fin-semana-sachsenring\/#primaryimage"},"image":{"@id":"http:\/\/esponsorama.ad\/es\/bastianini-marini-motivados-fin-semana-sachsenring\/#primaryimage"},"thumbnailUrl":"http:\/\/esponsorama.ad\/wp-content\/uploads\/2021\/06\/AE1I0609.jpg","datePublished":"2021-06-18T15:01:53+00:00","dateModified":"2021-06-18T15:04:00+00:00","author":{"@id":"http:\/\/esponsorama.ad\/es\/#\/schema\/person\/a5cde74945183d737066e46b61c6f9c4"},"breadcrumb":{"@id":"http:\/\/esponsorama.ad\/es\/bastianini-marini-motivados-fin-semana-sachsenring\/#breadcrumb"},"inLanguage":"es","potentialAction":[{"@type":"ReadAction","target":["http:\/\/esponsorama.ad\/es\/bastianini-marini-motivados-fin-semana-sachsenring\/"]}]},{"@type":"ImageObject","inLanguage":"es","@id":"http:\/\/esponsorama.ad\/es\/bastianini-marini-motivados-fin-semana-sachsenring\/#primaryimage","url":"http:\/\/esponsorama.ad\/wp-content\/uploads\/2021\/06\/AE1I0609.jpg","contentUrl":"http:\/\/esponsorama.ad\/wp-content\/uploads\/2021\/06\/AE1I0609.jpg","width":4475,"height":2983,"caption":"Enea Bastianini, Catalunya MotoGP, 4 June 2021"},{"@type":"BreadcrumbList","@id":"http:\/\/esponsorama.ad\/es\/bastianini-marini-motivados-fin-semana-sachsenring\/#breadcrumb","itemListElement":[{"@type":"ListItem","position":1,"name":"Home","item":"http:\/\/esponsorama.ad\/en\/"},{"@type":"ListItem","position":2,"name":"BASTIANINI Y MARINI MOTIVADOS PARA EL FIN DE SEMANA EN SACHSENRING"}]},{"@type":"WebSite","@id":"http:\/\/esponsorama.ad\/es\/#website","url":"http:\/\/esponsorama.ad\/es\/","name":"Esponsorama","description":"Specialist in motorsport sponsorship and event promotions","potentialAction":[{"@type":"SearchAction","target":{"@type":"EntryPoint","urlTemplate":"http:\/\/esponsorama.ad\/es\/?s={search_term_string}"},"query-input":{"@type":"PropertyValueSpecification","valueRequired":true,"valueName":"search_term_string"}}],"inLanguage":"es"},{"@type":"Person","@id":"http:\/\/esponsorama.ad\/es\/#\/schema\/person\/a5cde74945183d737066e46b61c6f9c4","name":"Xavi Andornet","image":{"@type":"ImageObject","inLanguage":"es","@id":"http:\/\/esponsorama.ad\/es\/#\/schema\/person\/image\/","url":"https:\/\/secure.gravatar.com\/avatar\/f10eaf9ad601244a2357c9fd7cd9805ed166cfaaf76d5d9ab08a9d873e70147a?s=96&d=mm&r=g","contentUrl":"https:\/\/secure.gravatar.com\/avatar\/f10eaf9ad601244a2357c9fd7cd9805ed166cfaaf76d5d9ab08a9d873e70147a?s=96&d=mm&r=g","caption":"Xavi Andornet"},"sameAs":["http:\/\/www.andornet.ad"],"url":"http:\/\/esponsorama.ad\/es\/author\/andornet\/"}]}},"_links":{"self":[{"href":"http:\/\/esponsorama.ad\/es\/wp-json\/wp\/v2\/posts\/17736","targetHints":{"allow":["GET"]}}],"collection":[{"href":"http:\/\/esponsorama.ad\/es\/wp-json\/wp\/v2\/posts"}],"about":[{"href":"http:\/\/esponsorama.ad\/es\/wp-json\/wp\/v2\/types\/post"}],"author":[{"embeddable":true,"href":"http:\/\/esponsorama.ad\/es\/wp-json\/wp\/v2\/users\/6"}],"replies":[{"embeddable":true,"href":"http:\/\/esponsorama.ad\/es\/wp-json\/wp\/v2\/comments?post=17736"}],"version-history":[{"count":1,"href":"http:\/\/esponsorama.ad\/es\/wp-json\/wp\/v2\/posts\/17736\/revisions"}],"predecessor-version":[{"id":17742,"href":"http:\/\/esponsorama.ad\/es\/wp-json\/wp\/v2\/posts\/17736\/revisions\/17742"}],"wp:featuredmedia":[{"embeddable":true,"href":"http:\/\/esponsorama.ad\/es\/wp-json\/wp\/v2\/media\/17739"}],"wp:attachment":[{"href":"http:\/\/esponsorama.ad\/es\/wp-json\/wp\/v2\/media?parent=17736"}],"wp:term":[{"taxonomy":"category","embeddable":true,"href":"http:\/\/esponsorama.ad\/es\/wp-json\/wp\/v2\/categories?post=17736"},{"taxonomy":"post_tag","embeddable":true,"href":"http:\/\/esponsorama.ad\/es\/wp-json\/wp\/v2\/tags?post=17736"}],"curies":[{"name":"wp","href":"https:\/\/api.w.org\/{rel}","templated":true}]}}