{"id":17855,"date":"2021-06-26T16:44:51","date_gmt":"2021-06-26T14:44:51","guid":{"rendered":"http:\/\/esponsorama.ad\/?p=17855"},"modified":"2021-06-26T16:46:32","modified_gmt":"2021-06-26T14:46:32","slug":"bastianini-marini-19o-17o-la-carrera-del-gran-premio-los-paises-bajos","status":"publish","type":"post","link":"http:\/\/esponsorama.ad\/es\/bastianini-marini-19o-17o-la-carrera-del-gran-premio-los-paises-bajos\/","title":{"rendered":"BASTIANINI Y MARINI, 19\u00ba Y 17\u00ba PARA LA CARRERA DEL GRAN PREMIO DE LOS PA\u00cdSES BAJOS"},"content":{"rendered":"<p>Enea Bastianini y Luca Marini arrancar\u00e1n el Motul TT Assen en 19\u00aa y 17\u00aa posici\u00f3n respectivamente tras tener que disputar la Q1.<\/p>\n<p>Ambos pilotos han tenido una sesi\u00f3n complicada y desafortunadamente no han podido terminar entre las dos primeras posiciones que les hubiera permitido acceder a la Q2. Bastianini ha cerrado su mejor vuelta con un tiempo de 1:33.404 y Luca Marini con un registro de 1:33.321.<\/p>\n<p>Los puntos del Motul TT Assen se repartir\u00e1n en la carrera que se disputar\u00e1 ma\u00f1ana a las 14:00 en el m\u00edtico trazado de Assen.<\/p>\n<p>\t\t\t\t\t<div class=\"rider-short\">\n\t\t\t\t<a href=\"http:\/\/esponsorama.ad\/es\/piloto\/enea-bastianini\/\"><img loading=\"lazy\" decoding=\"async\" width=\"300\" height=\"300\" src=\"http:\/\/esponsorama.ad\/wp-content\/uploads\/2021\/02\/dorsal-bastianini-gris-300x300.png\" class=\"attachment-medium size-medium\" alt=\"\" srcset=\"http:\/\/esponsorama.ad\/wp-content\/uploads\/2021\/02\/dorsal-bastianini-gris-300x300.png 300w, http:\/\/esponsorama.ad\/wp-content\/uploads\/2021\/02\/dorsal-bastianini-gris-150x150.png 150w, http:\/\/esponsorama.ad\/wp-content\/uploads\/2021\/02\/dorsal-bastianini-gris.png 500w\" sizes=\"auto, (max-width: 300px) 100vw, 300px\" \/><\/a><div class=\"info\"><h3><a href=\"http:\/\/esponsorama.ad\/es\/piloto\/enea-bastianini\/\">Enea Bastianini<\/a> | 1:33.404 | P19<\/h3><div class=\"rrss\"><a target=\"_blank\" href=\"https:\/\/www.eneabastianini.it\/en\/\"><i class=\"fa fa-link\"><\/i><\/a><a target=\"_blank\" href=\"https:\/\/www.facebook.com\/Bestia33\"><i class=\"fa fa-facebook\"><\/i><\/a><a target=\"_blank\" href=\"https:\/\/twitter.com\/eneabastianini\"><i class=\"fa fa-twitter\"><\/i><\/a><a target=\"_blank\" href=\"https:\/\/www.instagram.com\/eneabastianini\/?hl=es\"><i class=\"fa fa-instagram\"><\/i><\/a><\/div><\/div>\t\t\t\t\t<\/div>\n\t\t\t\t<br \/>\n\u201cHa sido un d\u00eda dif\u00edcil. Desafortunadamente las cosas no han salido como esper\u00e1bamos, as\u00ed que tendremos que trabajar para ma\u00f1ana porque hay algo que no funciona y tenemos que entender el por qu\u00e9. Ma\u00f1ana saldr\u00e9 19\u00ba y dar\u00e9 lo mejor de m\u00ed para conseguir un buen resultado.\u201d<\/p>\n<p>\t\t\t\t\t<div class=\"rider-short\">\n\t\t\t\t<a href=\"http:\/\/esponsorama.ad\/es\/piloto\/luca-marini\/\"><img loading=\"lazy\" decoding=\"async\" width=\"300\" height=\"300\" src=\"http:\/\/esponsorama.ad\/wp-content\/uploads\/2021\/02\/dorsal-marini-gris-300x300.png\" class=\"attachment-medium size-medium\" alt=\"\" srcset=\"http:\/\/esponsorama.ad\/wp-content\/uploads\/2021\/02\/dorsal-marini-gris-300x300.png 300w, http:\/\/esponsorama.ad\/wp-content\/uploads\/2021\/02\/dorsal-marini-gris-150x150.png 150w, http:\/\/esponsorama.ad\/wp-content\/uploads\/2021\/02\/dorsal-marini-gris.png 500w\" sizes=\"auto, (max-width: 300px) 100vw, 300px\" \/><\/a><div class=\"info\"><h3><a href=\"http:\/\/esponsorama.ad\/es\/piloto\/luca-marini\/\">Luca Marini<\/a> | 1:33.321 | P17<\/h3><div class=\"rrss\"><a target=\"_blank\" href=\"https:\/\/www.facebook.com\/LucaMariniLM97Official\/\"><i class=\"fa fa-facebook\"><\/i><\/a><a target=\"_blank\" href=\"https:\/\/twitter.com\/Luca_Marini_97\"><i class=\"fa fa-twitter\"><\/i><\/a><a target=\"_blank\" href=\"https:\/\/www.instagram.com\/luca_marini_97\/?hl=es\"><i class=\"fa fa-instagram\"><\/i><\/a><\/div><\/div>\t\t\t\t\t<\/div>\n\t\t\t\t<br \/>\n\u201cEn general ha sido una buena clasificaci\u00f3n y lo estamos haciendo bien, siempre intentamos sacar el m\u00e1ximo de nuestro potencial. Seguimos trabajando en esta direcci\u00f3n, nos falta algo en las partes r\u00e1pidas, todas las Ducatis est\u00e1n luchando y esperamos que algunas encuentren una modificaci\u00f3n para tener m\u00e1s estabilidad. Estamos creciendo, estoy contento, el nivel es muy alto, las motos est\u00e1n en constante evoluci\u00f3n, pero ladrillo a ladrillo estamos ah\u00ed. Estoy muy contento con la relaci\u00f3n con el equipo y me siento bien.\u201d<\/p>\n","protected":false},"excerpt":{"rendered":"<p>Enea Bastianini y Luca Marini arrancar\u00e1n el Motul TT Assen en 19\u00aa y 17\u00aa posici\u00f3n respectivamente tras tener que disputar la Q1. Ambos pilotos han tenido una sesi\u00f3n complicada y desafortunadamente no han podido terminar entre las dos primeras posiciones que les hubiera permitido acceder a la Q2. Bastianini ha cerrado su mejor vuelta con [&hellip;]<\/p>\n","protected":false},"author":6,"featured_media":17857,"comment_status":"closed","ping_status":"closed","sticky":false,"template":"","format":"standard","meta":{"footnotes":""},"categories":[3],"tags":[],"class_list":["post-17855","post","type-post","status-publish","format-standard","has-post-thumbnail","hentry","category-motogp"],"yoast_head":"<!-- This site is optimized with the Yoast SEO plugin v27.1.1 - https:\/\/yoast.com\/product\/yoast-seo-wordpress\/ -->\n<title>BASTIANINI Y MARINI, 19\u00ba Y 17\u00ba PARA LA CARRERA DEL GRAN PREMIO DE LOS PA\u00cdSES BAJOS - Esponsorama<\/title>\n<meta name=\"robots\" content=\"index, follow, max-snippet:-1, max-image-preview:large, max-video-preview:-1\" \/>\n<link rel=\"canonical\" href=\"http:\/\/esponsorama.ad\/es\/bastianini-marini-19o-17o-la-carrera-del-gran-premio-los-paises-bajos\/\" \/>\n<meta property=\"og:locale\" content=\"es_ES\" \/>\n<meta property=\"og:type\" content=\"article\" \/>\n<meta property=\"og:title\" content=\"BASTIANINI Y MARINI, 19\u00ba Y 17\u00ba PARA LA CARRERA DEL GRAN PREMIO DE LOS PA\u00cdSES BAJOS - Esponsorama\" \/>\n<meta property=\"og:description\" content=\"Enea Bastianini y Luca Marini arrancar\u00e1n el Motul TT Assen en 19\u00aa y 17\u00aa posici\u00f3n respectivamente tras tener que disputar la Q1. Ambos pilotos han tenido una sesi\u00f3n complicada y desafortunadamente no han podido terminar entre las dos primeras posiciones que les hubiera permitido acceder a la Q2. Bastianini ha cerrado su mejor vuelta con [&hellip;]\" \/>\n<meta property=\"og:url\" content=\"http:\/\/esponsorama.ad\/es\/bastianini-marini-19o-17o-la-carrera-del-gran-premio-los-paises-bajos\/\" \/>\n<meta property=\"og:site_name\" content=\"Esponsorama\" \/>\n<meta property=\"article:published_time\" content=\"2021-06-26T14:44:51+00:00\" \/>\n<meta property=\"article:modified_time\" content=\"2021-06-26T14:46:32+00:00\" \/>\n<meta property=\"og:image\" content=\"http:\/\/esponsorama.ad\/wp-content\/uploads\/2021\/06\/GH19232.jpg\" \/>\n\t<meta property=\"og:image:width\" content=\"4923\" \/>\n\t<meta property=\"og:image:height\" content=\"3281\" \/>\n\t<meta property=\"og:image:type\" content=\"image\/jpeg\" \/>\n<meta name=\"author\" content=\"Xavi Andornet\" \/>\n<meta name=\"twitter:card\" content=\"summary_large_image\" \/>\n<meta name=\"twitter:label1\" content=\"Escrito por\" \/>\n\t<meta name=\"twitter:data1\" content=\"Xavi Andornet\" \/>\n\t<meta name=\"twitter:label2\" content=\"Tiempo de lectura\" \/>\n\t<meta name=\"twitter:data2\" content=\"1 minuto\" \/>\n<script type=\"application\/ld+json\" class=\"yoast-schema-graph\">{\"@context\":\"https:\/\/schema.org\",\"@graph\":[{\"@type\":\"Article\",\"@id\":\"http:\/\/esponsorama.ad\/es\/bastianini-marini-19o-17o-la-carrera-del-gran-premio-los-paises-bajos\/#article\",\"isPartOf\":{\"@id\":\"http:\/\/esponsorama.ad\/es\/bastianini-marini-19o-17o-la-carrera-del-gran-premio-los-paises-bajos\/\"},\"author\":{\"name\":\"Xavi Andornet\",\"@id\":\"http:\/\/esponsorama.ad\/es\/#\/schema\/person\/a5cde74945183d737066e46b61c6f9c4\"},\"headline\":\"BASTIANINI Y MARINI, 19\u00ba Y 17\u00ba PARA LA CARRERA DEL GRAN PREMIO DE LOS PA\u00cdSES BAJOS\",\"datePublished\":\"2021-06-26T14:44:51+00:00\",\"dateModified\":\"2021-06-26T14:46:32+00:00\",\"mainEntityOfPage\":{\"@id\":\"http:\/\/esponsorama.ad\/es\/bastianini-marini-19o-17o-la-carrera-del-gran-premio-los-paises-bajos\/\"},\"wordCount\":258,\"image\":{\"@id\":\"http:\/\/esponsorama.ad\/es\/bastianini-marini-19o-17o-la-carrera-del-gran-premio-los-paises-bajos\/#primaryimage\"},\"thumbnailUrl\":\"http:\/\/esponsorama.ad\/wp-content\/uploads\/2021\/06\/GH19232.jpg\",\"articleSection\":[\"MotoGP\"],\"inLanguage\":\"es\"},{\"@type\":\"WebPage\",\"@id\":\"http:\/\/esponsorama.ad\/es\/bastianini-marini-19o-17o-la-carrera-del-gran-premio-los-paises-bajos\/\",\"url\":\"http:\/\/esponsorama.ad\/es\/bastianini-marini-19o-17o-la-carrera-del-gran-premio-los-paises-bajos\/\",\"name\":\"BASTIANINI Y MARINI, 19\u00ba Y 17\u00ba PARA LA CARRERA DEL GRAN PREMIO DE LOS PA\u00cdSES BAJOS - Esponsorama\",\"isPartOf\":{\"@id\":\"http:\/\/esponsorama.ad\/es\/#website\"},\"primaryImageOfPage\":{\"@id\":\"http:\/\/esponsorama.ad\/es\/bastianini-marini-19o-17o-la-carrera-del-gran-premio-los-paises-bajos\/#primaryimage\"},\"image\":{\"@id\":\"http:\/\/esponsorama.ad\/es\/bastianini-marini-19o-17o-la-carrera-del-gran-premio-los-paises-bajos\/#primaryimage\"},\"thumbnailUrl\":\"http:\/\/esponsorama.ad\/wp-content\/uploads\/2021\/06\/GH19232.jpg\",\"datePublished\":\"2021-06-26T14:44:51+00:00\",\"dateModified\":\"2021-06-26T14:46:32+00:00\",\"author\":{\"@id\":\"http:\/\/esponsorama.ad\/es\/#\/schema\/person\/a5cde74945183d737066e46b61c6f9c4\"},\"breadcrumb\":{\"@id\":\"http:\/\/esponsorama.ad\/es\/bastianini-marini-19o-17o-la-carrera-del-gran-premio-los-paises-bajos\/#breadcrumb\"},\"inLanguage\":\"es\",\"potentialAction\":[{\"@type\":\"ReadAction\",\"target\":[\"http:\/\/esponsorama.ad\/es\/bastianini-marini-19o-17o-la-carrera-del-gran-premio-los-paises-bajos\/\"]}]},{\"@type\":\"ImageObject\",\"inLanguage\":\"es\",\"@id\":\"http:\/\/esponsorama.ad\/es\/bastianini-marini-19o-17o-la-carrera-del-gran-premio-los-paises-bajos\/#primaryimage\",\"url\":\"http:\/\/esponsorama.ad\/wp-content\/uploads\/2021\/06\/GH19232.jpg\",\"contentUrl\":\"http:\/\/esponsorama.ad\/wp-content\/uploads\/2021\/06\/GH19232.jpg\",\"width\":4923,\"height\":3281,\"caption\":\"Enea Bastianini, Dutch MotoGP, 26 June 2021\"},{\"@type\":\"BreadcrumbList\",\"@id\":\"http:\/\/esponsorama.ad\/es\/bastianini-marini-19o-17o-la-carrera-del-gran-premio-los-paises-bajos\/#breadcrumb\",\"itemListElement\":[{\"@type\":\"ListItem\",\"position\":1,\"name\":\"Home\",\"item\":\"http:\/\/esponsorama.ad\/es\/\"},{\"@type\":\"ListItem\",\"position\":2,\"name\":\"BASTIANINI Y MARINI, 19\u00ba Y 17\u00ba PARA LA CARRERA DEL GRAN PREMIO DE LOS PA\u00cdSES BAJOS\"}]},{\"@type\":\"WebSite\",\"@id\":\"http:\/\/esponsorama.ad\/es\/#website\",\"url\":\"http:\/\/esponsorama.ad\/es\/\",\"name\":\"Esponsorama\",\"description\":\"Specialist in motorsport sponsorship and event promotions\",\"potentialAction\":[{\"@type\":\"SearchAction\",\"target\":{\"@type\":\"EntryPoint\",\"urlTemplate\":\"http:\/\/esponsorama.ad\/es\/?s={search_term_string}\"},\"query-input\":{\"@type\":\"PropertyValueSpecification\",\"valueRequired\":true,\"valueName\":\"search_term_string\"}}],\"inLanguage\":\"es\"},{\"@type\":\"Person\",\"@id\":\"http:\/\/esponsorama.ad\/es\/#\/schema\/person\/a5cde74945183d737066e46b61c6f9c4\",\"name\":\"Xavi Andornet\",\"image\":{\"@type\":\"ImageObject\",\"inLanguage\":\"es\",\"@id\":\"http:\/\/esponsorama.ad\/es\/#\/schema\/person\/image\/\",\"url\":\"https:\/\/secure.gravatar.com\/avatar\/f10eaf9ad601244a2357c9fd7cd9805ed166cfaaf76d5d9ab08a9d873e70147a?s=96&d=mm&r=g\",\"contentUrl\":\"https:\/\/secure.gravatar.com\/avatar\/f10eaf9ad601244a2357c9fd7cd9805ed166cfaaf76d5d9ab08a9d873e70147a?s=96&d=mm&r=g\",\"caption\":\"Xavi Andornet\"},\"sameAs\":[\"http:\/\/www.andornet.ad\"],\"url\":\"http:\/\/esponsorama.ad\/es\/author\/andornet\/\"}]}<\/script>\n<!-- \/ Yoast SEO plugin. -->","yoast_head_json":{"title":"BASTIANINI Y MARINI, 19\u00ba Y 17\u00ba PARA LA CARRERA DEL GRAN PREMIO DE LOS PA\u00cdSES BAJOS - Esponsorama","robots":{"index":"index","follow":"follow","max-snippet":"max-snippet:-1","max-image-preview":"max-image-preview:large","max-video-preview":"max-video-preview:-1"},"canonical":"http:\/\/esponsorama.ad\/es\/bastianini-marini-19o-17o-la-carrera-del-gran-premio-los-paises-bajos\/","og_locale":"es_ES","og_type":"article","og_title":"BASTIANINI Y MARINI, 19\u00ba Y 17\u00ba PARA LA CARRERA DEL GRAN PREMIO DE LOS PA\u00cdSES BAJOS - Esponsorama","og_description":"Enea Bastianini y Luca Marini arrancar\u00e1n el Motul TT Assen en 19\u00aa y 17\u00aa posici\u00f3n respectivamente tras tener que disputar la Q1. Ambos pilotos han tenido una sesi\u00f3n complicada y desafortunadamente no han podido terminar entre las dos primeras posiciones que les hubiera permitido acceder a la Q2. Bastianini ha cerrado su mejor vuelta con [&hellip;]","og_url":"http:\/\/esponsorama.ad\/es\/bastianini-marini-19o-17o-la-carrera-del-gran-premio-los-paises-bajos\/","og_site_name":"Esponsorama","article_published_time":"2021-06-26T14:44:51+00:00","article_modified_time":"2021-06-26T14:46:32+00:00","og_image":[{"width":4923,"height":3281,"url":"http:\/\/esponsorama.ad\/wp-content\/uploads\/2021\/06\/GH19232.jpg","type":"image\/jpeg"}],"author":"Xavi Andornet","twitter_card":"summary_large_image","twitter_misc":{"Escrito por":"Xavi Andornet","Tiempo de lectura":"1 minuto"},"schema":{"@context":"https:\/\/schema.org","@graph":[{"@type":"Article","@id":"http:\/\/esponsorama.ad\/es\/bastianini-marini-19o-17o-la-carrera-del-gran-premio-los-paises-bajos\/#article","isPartOf":{"@id":"http:\/\/esponsorama.ad\/es\/bastianini-marini-19o-17o-la-carrera-del-gran-premio-los-paises-bajos\/"},"author":{"name":"Xavi Andornet","@id":"http:\/\/esponsorama.ad\/es\/#\/schema\/person\/a5cde74945183d737066e46b61c6f9c4"},"headline":"BASTIANINI Y MARINI, 19\u00ba Y 17\u00ba PARA LA CARRERA DEL GRAN PREMIO DE LOS PA\u00cdSES BAJOS","datePublished":"2021-06-26T14:44:51+00:00","dateModified":"2021-06-26T14:46:32+00:00","mainEntityOfPage":{"@id":"http:\/\/esponsorama.ad\/es\/bastianini-marini-19o-17o-la-carrera-del-gran-premio-los-paises-bajos\/"},"wordCount":258,"image":{"@id":"http:\/\/esponsorama.ad\/es\/bastianini-marini-19o-17o-la-carrera-del-gran-premio-los-paises-bajos\/#primaryimage"},"thumbnailUrl":"http:\/\/esponsorama.ad\/wp-content\/uploads\/2021\/06\/GH19232.jpg","articleSection":["MotoGP"],"inLanguage":"es"},{"@type":"WebPage","@id":"http:\/\/esponsorama.ad\/es\/bastianini-marini-19o-17o-la-carrera-del-gran-premio-los-paises-bajos\/","url":"http:\/\/esponsorama.ad\/es\/bastianini-marini-19o-17o-la-carrera-del-gran-premio-los-paises-bajos\/","name":"BASTIANINI Y MARINI, 19\u00ba Y 17\u00ba PARA LA CARRERA DEL GRAN PREMIO DE LOS PA\u00cdSES BAJOS - Esponsorama","isPartOf":{"@id":"http:\/\/esponsorama.ad\/es\/#website"},"primaryImageOfPage":{"@id":"http:\/\/esponsorama.ad\/es\/bastianini-marini-19o-17o-la-carrera-del-gran-premio-los-paises-bajos\/#primaryimage"},"image":{"@id":"http:\/\/esponsorama.ad\/es\/bastianini-marini-19o-17o-la-carrera-del-gran-premio-los-paises-bajos\/#primaryimage"},"thumbnailUrl":"http:\/\/esponsorama.ad\/wp-content\/uploads\/2021\/06\/GH19232.jpg","datePublished":"2021-06-26T14:44:51+00:00","dateModified":"2021-06-26T14:46:32+00:00","author":{"@id":"http:\/\/esponsorama.ad\/es\/#\/schema\/person\/a5cde74945183d737066e46b61c6f9c4"},"breadcrumb":{"@id":"http:\/\/esponsorama.ad\/es\/bastianini-marini-19o-17o-la-carrera-del-gran-premio-los-paises-bajos\/#breadcrumb"},"inLanguage":"es","potentialAction":[{"@type":"ReadAction","target":["http:\/\/esponsorama.ad\/es\/bastianini-marini-19o-17o-la-carrera-del-gran-premio-los-paises-bajos\/"]}]},{"@type":"ImageObject","inLanguage":"es","@id":"http:\/\/esponsorama.ad\/es\/bastianini-marini-19o-17o-la-carrera-del-gran-premio-los-paises-bajos\/#primaryimage","url":"http:\/\/esponsorama.ad\/wp-content\/uploads\/2021\/06\/GH19232.jpg","contentUrl":"http:\/\/esponsorama.ad\/wp-content\/uploads\/2021\/06\/GH19232.jpg","width":4923,"height":3281,"caption":"Enea Bastianini, Dutch MotoGP, 26 June 2021"},{"@type":"BreadcrumbList","@id":"http:\/\/esponsorama.ad\/es\/bastianini-marini-19o-17o-la-carrera-del-gran-premio-los-paises-bajos\/#breadcrumb","itemListElement":[{"@type":"ListItem","position":1,"name":"Home","item":"http:\/\/esponsorama.ad\/es\/"},{"@type":"ListItem","position":2,"name":"BASTIANINI Y MARINI, 19\u00ba Y 17\u00ba PARA LA CARRERA DEL GRAN PREMIO DE LOS PA\u00cdSES BAJOS"}]},{"@type":"WebSite","@id":"http:\/\/esponsorama.ad\/es\/#website","url":"http:\/\/esponsorama.ad\/es\/","name":"Esponsorama","description":"Specialist in motorsport sponsorship and event promotions","potentialAction":[{"@type":"SearchAction","target":{"@type":"EntryPoint","urlTemplate":"http:\/\/esponsorama.ad\/es\/?s={search_term_string}"},"query-input":{"@type":"PropertyValueSpecification","valueRequired":true,"valueName":"search_term_string"}}],"inLanguage":"es"},{"@type":"Person","@id":"http:\/\/esponsorama.ad\/es\/#\/schema\/person\/a5cde74945183d737066e46b61c6f9c4","name":"Xavi Andornet","image":{"@type":"ImageObject","inLanguage":"es","@id":"http:\/\/esponsorama.ad\/es\/#\/schema\/person\/image\/","url":"https:\/\/secure.gravatar.com\/avatar\/f10eaf9ad601244a2357c9fd7cd9805ed166cfaaf76d5d9ab08a9d873e70147a?s=96&d=mm&r=g","contentUrl":"https:\/\/secure.gravatar.com\/avatar\/f10eaf9ad601244a2357c9fd7cd9805ed166cfaaf76d5d9ab08a9d873e70147a?s=96&d=mm&r=g","caption":"Xavi Andornet"},"sameAs":["http:\/\/www.andornet.ad"],"url":"http:\/\/esponsorama.ad\/es\/author\/andornet\/"}]}},"_links":{"self":[{"href":"http:\/\/esponsorama.ad\/es\/wp-json\/wp\/v2\/posts\/17855","targetHints":{"allow":["GET"]}}],"collection":[{"href":"http:\/\/esponsorama.ad\/es\/wp-json\/wp\/v2\/posts"}],"about":[{"href":"http:\/\/esponsorama.ad\/es\/wp-json\/wp\/v2\/types\/post"}],"author":[{"embeddable":true,"href":"http:\/\/esponsorama.ad\/es\/wp-json\/wp\/v2\/users\/6"}],"replies":[{"embeddable":true,"href":"http:\/\/esponsorama.ad\/es\/wp-json\/wp\/v2\/comments?post=17855"}],"version-history":[{"count":1,"href":"http:\/\/esponsorama.ad\/es\/wp-json\/wp\/v2\/posts\/17855\/revisions"}],"predecessor-version":[{"id":17861,"href":"http:\/\/esponsorama.ad\/es\/wp-json\/wp\/v2\/posts\/17855\/revisions\/17861"}],"wp:featuredmedia":[{"embeddable":true,"href":"http:\/\/esponsorama.ad\/es\/wp-json\/wp\/v2\/media\/17857"}],"wp:attachment":[{"href":"http:\/\/esponsorama.ad\/es\/wp-json\/wp\/v2\/media?parent=17855"}],"wp:term":[{"taxonomy":"category","embeddable":true,"href":"http:\/\/esponsorama.ad\/es\/wp-json\/wp\/v2\/categories?post=17855"},{"taxonomy":"post_tag","embeddable":true,"href":"http:\/\/esponsorama.ad\/es\/wp-json\/wp\/v2\/tags?post=17855"}],"curies":[{"name":"wp","href":"https:\/\/api.w.org\/{rel}","templated":true}]}}