{"id":17953,"date":"2021-08-07T17:47:21","date_gmt":"2021-08-07T15:47:21","guid":{"rendered":"http:\/\/esponsorama.ad\/?p=17953"},"modified":"2021-08-07T17:49:00","modified_gmt":"2021-08-07T15:49:00","slug":"bastianini-20o-marini-18o-la-clasificacion-del-gran-premio-styria","status":"publish","type":"post","link":"http:\/\/esponsorama.ad\/es\/bastianini-20o-marini-18o-la-clasificacion-del-gran-premio-styria\/","title":{"rendered":"BASTIANINI 20\u00ba Y MARINI 18\u00ba EN LA CLASIFICACI\u00d3N DEL GRAN PREMIO DE STYRIA"},"content":{"rendered":"<p>El Avintia Esponsorama y el Sky VR46 Avintia han completado en el Red Bull Ring &#8211; Spielberg la sesi\u00f3n clasificatoria del Michelin Grand Prix of Styria.<\/p>\n<p>Enea Bastianini arrancar\u00e1 la carrera desde la 20\u00aa posici\u00f3n. Pese a ello, el piloto italiano hab\u00eda logrado el mejor tiempo de la sesi\u00f3n, lo que le hubiera permitido acceder a la Q2. Desafortunadamente, Bastianini ha superado los l\u00edmites de la pista y su registro ha sido cancelado.<\/p>\n<p>Luca Marini no ha podido superar el corte de la Q1. El piloto del Sky VR46 Avintia ha marcado un mejor tiempo de 1:24.115 y saldr\u00e1 desde la 18\u00aa posici\u00f3n en la carrera de ma\u00f1ana.<\/p>\n<p>Ma\u00f1ana a las 14:00 dar\u00e1 comienzo la carrera del Gran Premio de Styria, donde Enea Bastianini y Luca Marini buscar\u00e1n seguir sumando puntos importantes para el equipo.<\/p>\n<p>\t\t\t\t\t<div class=\"rider-short\">\n\t\t\t\t<a href=\"http:\/\/esponsorama.ad\/es\/piloto\/enea-bastianini\/\"><img loading=\"lazy\" decoding=\"async\" width=\"300\" height=\"300\" src=\"http:\/\/esponsorama.ad\/wp-content\/uploads\/2021\/02\/dorsal-bastianini-gris-300x300.png\" class=\"attachment-medium size-medium\" alt=\"\" srcset=\"http:\/\/esponsorama.ad\/wp-content\/uploads\/2021\/02\/dorsal-bastianini-gris-300x300.png 300w, http:\/\/esponsorama.ad\/wp-content\/uploads\/2021\/02\/dorsal-bastianini-gris-150x150.png 150w, http:\/\/esponsorama.ad\/wp-content\/uploads\/2021\/02\/dorsal-bastianini-gris.png 500w\" sizes=\"auto, (max-width: 300px) 100vw, 300px\" \/><\/a><div class=\"info\"><h3><a href=\"http:\/\/esponsorama.ad\/es\/piloto\/enea-bastianini\/\">Enea Bastianini<\/a> | 1:24.245 | P20<\/h3><div class=\"rrss\"><a target=\"_blank\" href=\"https:\/\/www.eneabastianini.it\/en\/\"><i class=\"fa fa-link\"><\/i><\/a><a target=\"_blank\" href=\"https:\/\/www.facebook.com\/Bestia33\"><i class=\"fa fa-facebook\"><\/i><\/a><a target=\"_blank\" href=\"https:\/\/twitter.com\/eneabastianini\"><i class=\"fa fa-twitter\"><\/i><\/a><a target=\"_blank\" href=\"https:\/\/www.instagram.com\/eneabastianini\/?hl=es\"><i class=\"fa fa-instagram\"><\/i><\/a><\/div><\/div>\t\t\t\t\t<\/div>\n\t\t\t\t<br \/>\n\u201cEstoy molesto porque estoy seguro de que no he superado los l\u00edmites de pista, as\u00ed que no he entendido la cancelaci\u00f3n de la vuelta y tampoco me han mostrado las im\u00e1genes. En el FP4 hemos logrado dar un paso adelante y hemos tratado de entender lo que me hac\u00eda perder tiempo. Estamos preparados para la carrera de ma\u00f1ana, aunque creo que podr\u00edamos haber salido desde m\u00e1s adelante, pero ya no hay vuelta atr\u00e1s.\u201d<\/p>\n<p>\t\t\t\t\t<div class=\"rider-short\">\n\t\t\t\t<a href=\"http:\/\/esponsorama.ad\/es\/piloto\/luca-marini\/\"><img loading=\"lazy\" decoding=\"async\" width=\"300\" height=\"300\" src=\"http:\/\/esponsorama.ad\/wp-content\/uploads\/2021\/02\/dorsal-marini-gris-300x300.png\" class=\"attachment-medium size-medium\" alt=\"\" srcset=\"http:\/\/esponsorama.ad\/wp-content\/uploads\/2021\/02\/dorsal-marini-gris-300x300.png 300w, http:\/\/esponsorama.ad\/wp-content\/uploads\/2021\/02\/dorsal-marini-gris-150x150.png 150w, http:\/\/esponsorama.ad\/wp-content\/uploads\/2021\/02\/dorsal-marini-gris.png 500w\" sizes=\"auto, (max-width: 300px) 100vw, 300px\" \/><\/a><div class=\"info\"><h3><a href=\"http:\/\/esponsorama.ad\/es\/piloto\/luca-marini\/\">Luca Marini<\/a> | 1:24.115 | P18<\/h3><div class=\"rrss\"><a target=\"_blank\" href=\"https:\/\/www.facebook.com\/LucaMariniLM97Official\/\"><i class=\"fa fa-facebook\"><\/i><\/a><a target=\"_blank\" href=\"https:\/\/twitter.com\/Luca_Marini_97\"><i class=\"fa fa-twitter\"><\/i><\/a><a target=\"_blank\" href=\"https:\/\/www.instagram.com\/luca_marini_97\/?hl=es\"><i class=\"fa fa-instagram\"><\/i><\/a><\/div><\/div>\t\t\t\t\t<\/div>\n\t\t\t\t<br \/>\n\u201cHa sido una clasificaci\u00f3n normal para nuestro potencial actual. Estamos trabajando bien con Ducati y el equipo. Todav\u00eda nos falta algo, pero lo m\u00e1s importante es poder sacar siempre el m\u00e1ximo de lo que podemos. Ma\u00f1ana todo puede cambiar, el tiempo es muy incierto. Seguro que ser\u00e1 una carrera divertida, en esta pista se pueden hacer muchos adelantamientos.\u201d<\/p>\n","protected":false},"excerpt":{"rendered":"<p>El Avintia Esponsorama y el Sky VR46 Avintia han completado en el Red Bull Ring &#8211; Spielberg la sesi\u00f3n clasificatoria del Michelin Grand Prix of Styria. Enea Bastianini arrancar\u00e1 la carrera desde la 20\u00aa posici\u00f3n. Pese a ello, el piloto italiano hab\u00eda logrado el mejor tiempo de la sesi\u00f3n, lo que le hubiera permitido acceder [&hellip;]<\/p>\n","protected":false},"author":6,"featured_media":17958,"comment_status":"closed","ping_status":"closed","sticky":false,"template":"","format":"standard","meta":{"footnotes":""},"categories":[3],"tags":[],"class_list":["post-17953","post","type-post","status-publish","format-standard","has-post-thumbnail","hentry","category-motogp"],"yoast_head":"<!-- This site is optimized with the Yoast SEO plugin v27.1.1 - https:\/\/yoast.com\/product\/yoast-seo-wordpress\/ -->\n<title>BASTIANINI 20\u00ba Y MARINI 18\u00ba EN LA CLASIFICACI\u00d3N DEL GRAN PREMIO DE STYRIA - Esponsorama<\/title>\n<meta name=\"robots\" content=\"index, follow, max-snippet:-1, max-image-preview:large, max-video-preview:-1\" \/>\n<link rel=\"canonical\" href=\"http:\/\/esponsorama.ad\/es\/bastianini-20o-marini-18o-la-clasificacion-del-gran-premio-styria\/\" \/>\n<meta property=\"og:locale\" content=\"es_ES\" \/>\n<meta property=\"og:type\" content=\"article\" \/>\n<meta property=\"og:title\" content=\"BASTIANINI 20\u00ba Y MARINI 18\u00ba EN LA CLASIFICACI\u00d3N DEL GRAN PREMIO DE STYRIA - Esponsorama\" \/>\n<meta property=\"og:description\" content=\"El Avintia Esponsorama y el Sky VR46 Avintia han completado en el Red Bull Ring &#8211; Spielberg la sesi\u00f3n clasificatoria del Michelin Grand Prix of Styria. Enea Bastianini arrancar\u00e1 la carrera desde la 20\u00aa posici\u00f3n. Pese a ello, el piloto italiano hab\u00eda logrado el mejor tiempo de la sesi\u00f3n, lo que le hubiera permitido acceder [&hellip;]\" \/>\n<meta property=\"og:url\" content=\"http:\/\/esponsorama.ad\/es\/bastianini-20o-marini-18o-la-clasificacion-del-gran-premio-styria\/\" \/>\n<meta property=\"og:site_name\" content=\"Esponsorama\" \/>\n<meta property=\"article:published_time\" content=\"2021-08-07T15:47:21+00:00\" \/>\n<meta property=\"article:modified_time\" content=\"2021-08-07T15:49:00+00:00\" \/>\n<meta property=\"og:image\" content=\"http:\/\/esponsorama.ad\/wp-content\/uploads\/2021\/08\/0f5d4268-dd5b-618f-bc17-1834d3ea134b.jpg\" \/>\n\t<meta property=\"og:image:width\" content=\"3168\" \/>\n\t<meta property=\"og:image:height\" content=\"2111\" \/>\n\t<meta property=\"og:image:type\" content=\"image\/jpeg\" \/>\n<meta name=\"author\" content=\"Xavi Andornet\" \/>\n<meta name=\"twitter:card\" content=\"summary_large_image\" \/>\n<meta name=\"twitter:label1\" content=\"Escrito por\" \/>\n\t<meta name=\"twitter:data1\" content=\"Xavi Andornet\" \/>\n\t<meta name=\"twitter:label2\" content=\"Tiempo de lectura\" \/>\n\t<meta name=\"twitter:data2\" content=\"1 minuto\" \/>\n<script type=\"application\/ld+json\" class=\"yoast-schema-graph\">{\"@context\":\"https:\/\/schema.org\",\"@graph\":[{\"@type\":\"Article\",\"@id\":\"http:\/\/esponsorama.ad\/es\/bastianini-20o-marini-18o-la-clasificacion-del-gran-premio-styria\/#article\",\"isPartOf\":{\"@id\":\"http:\/\/esponsorama.ad\/es\/bastianini-20o-marini-18o-la-clasificacion-del-gran-premio-styria\/\"},\"author\":{\"name\":\"Xavi Andornet\",\"@id\":\"http:\/\/esponsorama.ad\/es\/#\/schema\/person\/a5cde74945183d737066e46b61c6f9c4\"},\"headline\":\"BASTIANINI 20\u00ba Y MARINI 18\u00ba EN LA CLASIFICACI\u00d3N DEL GRAN PREMIO DE STYRIA\",\"datePublished\":\"2021-08-07T15:47:21+00:00\",\"dateModified\":\"2021-08-07T15:49:00+00:00\",\"mainEntityOfPage\":{\"@id\":\"http:\/\/esponsorama.ad\/es\/bastianini-20o-marini-18o-la-clasificacion-del-gran-premio-styria\/\"},\"wordCount\":304,\"image\":{\"@id\":\"http:\/\/esponsorama.ad\/es\/bastianini-20o-marini-18o-la-clasificacion-del-gran-premio-styria\/#primaryimage\"},\"thumbnailUrl\":\"http:\/\/esponsorama.ad\/wp-content\/uploads\/2021\/08\/0f5d4268-dd5b-618f-bc17-1834d3ea134b.jpg\",\"articleSection\":[\"MotoGP\"],\"inLanguage\":\"es\"},{\"@type\":\"WebPage\",\"@id\":\"http:\/\/esponsorama.ad\/es\/bastianini-20o-marini-18o-la-clasificacion-del-gran-premio-styria\/\",\"url\":\"http:\/\/esponsorama.ad\/es\/bastianini-20o-marini-18o-la-clasificacion-del-gran-premio-styria\/\",\"name\":\"BASTIANINI 20\u00ba Y MARINI 18\u00ba EN LA CLASIFICACI\u00d3N DEL GRAN PREMIO DE STYRIA - Esponsorama\",\"isPartOf\":{\"@id\":\"http:\/\/esponsorama.ad\/es\/#website\"},\"primaryImageOfPage\":{\"@id\":\"http:\/\/esponsorama.ad\/es\/bastianini-20o-marini-18o-la-clasificacion-del-gran-premio-styria\/#primaryimage\"},\"image\":{\"@id\":\"http:\/\/esponsorama.ad\/es\/bastianini-20o-marini-18o-la-clasificacion-del-gran-premio-styria\/#primaryimage\"},\"thumbnailUrl\":\"http:\/\/esponsorama.ad\/wp-content\/uploads\/2021\/08\/0f5d4268-dd5b-618f-bc17-1834d3ea134b.jpg\",\"datePublished\":\"2021-08-07T15:47:21+00:00\",\"dateModified\":\"2021-08-07T15:49:00+00:00\",\"author\":{\"@id\":\"http:\/\/esponsorama.ad\/es\/#\/schema\/person\/a5cde74945183d737066e46b61c6f9c4\"},\"breadcrumb\":{\"@id\":\"http:\/\/esponsorama.ad\/es\/bastianini-20o-marini-18o-la-clasificacion-del-gran-premio-styria\/#breadcrumb\"},\"inLanguage\":\"es\",\"potentialAction\":[{\"@type\":\"ReadAction\",\"target\":[\"http:\/\/esponsorama.ad\/es\/bastianini-20o-marini-18o-la-clasificacion-del-gran-premio-styria\/\"]}]},{\"@type\":\"ImageObject\",\"inLanguage\":\"es\",\"@id\":\"http:\/\/esponsorama.ad\/es\/bastianini-20o-marini-18o-la-clasificacion-del-gran-premio-styria\/#primaryimage\",\"url\":\"http:\/\/esponsorama.ad\/wp-content\/uploads\/2021\/08\/0f5d4268-dd5b-618f-bc17-1834d3ea134b.jpg\",\"contentUrl\":\"http:\/\/esponsorama.ad\/wp-content\/uploads\/2021\/08\/0f5d4268-dd5b-618f-bc17-1834d3ea134b.jpg\",\"width\":3168,\"height\":2111,\"caption\":\"Enea Bastianini, Styrian MotoGP, 7 August 2021\"},{\"@type\":\"BreadcrumbList\",\"@id\":\"http:\/\/esponsorama.ad\/es\/bastianini-20o-marini-18o-la-clasificacion-del-gran-premio-styria\/#breadcrumb\",\"itemListElement\":[{\"@type\":\"ListItem\",\"position\":1,\"name\":\"Home\",\"item\":\"http:\/\/esponsorama.ad\/es\/\"},{\"@type\":\"ListItem\",\"position\":2,\"name\":\"BASTIANINI 20\u00ba Y MARINI 18\u00ba EN LA CLASIFICACI\u00d3N DEL GRAN PREMIO DE STYRIA\"}]},{\"@type\":\"WebSite\",\"@id\":\"http:\/\/esponsorama.ad\/es\/#website\",\"url\":\"http:\/\/esponsorama.ad\/es\/\",\"name\":\"Esponsorama\",\"description\":\"Specialist in motorsport sponsorship and event promotions\",\"potentialAction\":[{\"@type\":\"SearchAction\",\"target\":{\"@type\":\"EntryPoint\",\"urlTemplate\":\"http:\/\/esponsorama.ad\/es\/?s={search_term_string}\"},\"query-input\":{\"@type\":\"PropertyValueSpecification\",\"valueRequired\":true,\"valueName\":\"search_term_string\"}}],\"inLanguage\":\"es\"},{\"@type\":\"Person\",\"@id\":\"http:\/\/esponsorama.ad\/es\/#\/schema\/person\/a5cde74945183d737066e46b61c6f9c4\",\"name\":\"Xavi Andornet\",\"image\":{\"@type\":\"ImageObject\",\"inLanguage\":\"es\",\"@id\":\"http:\/\/esponsorama.ad\/es\/#\/schema\/person\/image\/\",\"url\":\"https:\/\/secure.gravatar.com\/avatar\/f10eaf9ad601244a2357c9fd7cd9805ed166cfaaf76d5d9ab08a9d873e70147a?s=96&d=mm&r=g\",\"contentUrl\":\"https:\/\/secure.gravatar.com\/avatar\/f10eaf9ad601244a2357c9fd7cd9805ed166cfaaf76d5d9ab08a9d873e70147a?s=96&d=mm&r=g\",\"caption\":\"Xavi Andornet\"},\"sameAs\":[\"http:\/\/www.andornet.ad\"],\"url\":\"http:\/\/esponsorama.ad\/es\/author\/andornet\/\"}]}<\/script>\n<!-- \/ Yoast SEO plugin. -->","yoast_head_json":{"title":"BASTIANINI 20\u00ba Y MARINI 18\u00ba EN LA CLASIFICACI\u00d3N DEL GRAN PREMIO DE STYRIA - Esponsorama","robots":{"index":"index","follow":"follow","max-snippet":"max-snippet:-1","max-image-preview":"max-image-preview:large","max-video-preview":"max-video-preview:-1"},"canonical":"http:\/\/esponsorama.ad\/es\/bastianini-20o-marini-18o-la-clasificacion-del-gran-premio-styria\/","og_locale":"es_ES","og_type":"article","og_title":"BASTIANINI 20\u00ba Y MARINI 18\u00ba EN LA CLASIFICACI\u00d3N DEL GRAN PREMIO DE STYRIA - Esponsorama","og_description":"El Avintia Esponsorama y el Sky VR46 Avintia han completado en el Red Bull Ring &#8211; Spielberg la sesi\u00f3n clasificatoria del Michelin Grand Prix of Styria. Enea Bastianini arrancar\u00e1 la carrera desde la 20\u00aa posici\u00f3n. Pese a ello, el piloto italiano hab\u00eda logrado el mejor tiempo de la sesi\u00f3n, lo que le hubiera permitido acceder [&hellip;]","og_url":"http:\/\/esponsorama.ad\/es\/bastianini-20o-marini-18o-la-clasificacion-del-gran-premio-styria\/","og_site_name":"Esponsorama","article_published_time":"2021-08-07T15:47:21+00:00","article_modified_time":"2021-08-07T15:49:00+00:00","og_image":[{"width":3168,"height":2111,"url":"http:\/\/esponsorama.ad\/wp-content\/uploads\/2021\/08\/0f5d4268-dd5b-618f-bc17-1834d3ea134b.jpg","type":"image\/jpeg"}],"author":"Xavi Andornet","twitter_card":"summary_large_image","twitter_misc":{"Escrito por":"Xavi Andornet","Tiempo de lectura":"1 minuto"},"schema":{"@context":"https:\/\/schema.org","@graph":[{"@type":"Article","@id":"http:\/\/esponsorama.ad\/es\/bastianini-20o-marini-18o-la-clasificacion-del-gran-premio-styria\/#article","isPartOf":{"@id":"http:\/\/esponsorama.ad\/es\/bastianini-20o-marini-18o-la-clasificacion-del-gran-premio-styria\/"},"author":{"name":"Xavi Andornet","@id":"http:\/\/esponsorama.ad\/es\/#\/schema\/person\/a5cde74945183d737066e46b61c6f9c4"},"headline":"BASTIANINI 20\u00ba Y MARINI 18\u00ba EN LA CLASIFICACI\u00d3N DEL GRAN PREMIO DE STYRIA","datePublished":"2021-08-07T15:47:21+00:00","dateModified":"2021-08-07T15:49:00+00:00","mainEntityOfPage":{"@id":"http:\/\/esponsorama.ad\/es\/bastianini-20o-marini-18o-la-clasificacion-del-gran-premio-styria\/"},"wordCount":304,"image":{"@id":"http:\/\/esponsorama.ad\/es\/bastianini-20o-marini-18o-la-clasificacion-del-gran-premio-styria\/#primaryimage"},"thumbnailUrl":"http:\/\/esponsorama.ad\/wp-content\/uploads\/2021\/08\/0f5d4268-dd5b-618f-bc17-1834d3ea134b.jpg","articleSection":["MotoGP"],"inLanguage":"es"},{"@type":"WebPage","@id":"http:\/\/esponsorama.ad\/es\/bastianini-20o-marini-18o-la-clasificacion-del-gran-premio-styria\/","url":"http:\/\/esponsorama.ad\/es\/bastianini-20o-marini-18o-la-clasificacion-del-gran-premio-styria\/","name":"BASTIANINI 20\u00ba Y MARINI 18\u00ba EN LA CLASIFICACI\u00d3N DEL GRAN PREMIO DE STYRIA - Esponsorama","isPartOf":{"@id":"http:\/\/esponsorama.ad\/es\/#website"},"primaryImageOfPage":{"@id":"http:\/\/esponsorama.ad\/es\/bastianini-20o-marini-18o-la-clasificacion-del-gran-premio-styria\/#primaryimage"},"image":{"@id":"http:\/\/esponsorama.ad\/es\/bastianini-20o-marini-18o-la-clasificacion-del-gran-premio-styria\/#primaryimage"},"thumbnailUrl":"http:\/\/esponsorama.ad\/wp-content\/uploads\/2021\/08\/0f5d4268-dd5b-618f-bc17-1834d3ea134b.jpg","datePublished":"2021-08-07T15:47:21+00:00","dateModified":"2021-08-07T15:49:00+00:00","author":{"@id":"http:\/\/esponsorama.ad\/es\/#\/schema\/person\/a5cde74945183d737066e46b61c6f9c4"},"breadcrumb":{"@id":"http:\/\/esponsorama.ad\/es\/bastianini-20o-marini-18o-la-clasificacion-del-gran-premio-styria\/#breadcrumb"},"inLanguage":"es","potentialAction":[{"@type":"ReadAction","target":["http:\/\/esponsorama.ad\/es\/bastianini-20o-marini-18o-la-clasificacion-del-gran-premio-styria\/"]}]},{"@type":"ImageObject","inLanguage":"es","@id":"http:\/\/esponsorama.ad\/es\/bastianini-20o-marini-18o-la-clasificacion-del-gran-premio-styria\/#primaryimage","url":"http:\/\/esponsorama.ad\/wp-content\/uploads\/2021\/08\/0f5d4268-dd5b-618f-bc17-1834d3ea134b.jpg","contentUrl":"http:\/\/esponsorama.ad\/wp-content\/uploads\/2021\/08\/0f5d4268-dd5b-618f-bc17-1834d3ea134b.jpg","width":3168,"height":2111,"caption":"Enea Bastianini, Styrian MotoGP, 7 August 2021"},{"@type":"BreadcrumbList","@id":"http:\/\/esponsorama.ad\/es\/bastianini-20o-marini-18o-la-clasificacion-del-gran-premio-styria\/#breadcrumb","itemListElement":[{"@type":"ListItem","position":1,"name":"Home","item":"http:\/\/esponsorama.ad\/es\/"},{"@type":"ListItem","position":2,"name":"BASTIANINI 20\u00ba Y MARINI 18\u00ba EN LA CLASIFICACI\u00d3N DEL GRAN PREMIO DE STYRIA"}]},{"@type":"WebSite","@id":"http:\/\/esponsorama.ad\/es\/#website","url":"http:\/\/esponsorama.ad\/es\/","name":"Esponsorama","description":"Specialist in motorsport sponsorship and event promotions","potentialAction":[{"@type":"SearchAction","target":{"@type":"EntryPoint","urlTemplate":"http:\/\/esponsorama.ad\/es\/?s={search_term_string}"},"query-input":{"@type":"PropertyValueSpecification","valueRequired":true,"valueName":"search_term_string"}}],"inLanguage":"es"},{"@type":"Person","@id":"http:\/\/esponsorama.ad\/es\/#\/schema\/person\/a5cde74945183d737066e46b61c6f9c4","name":"Xavi Andornet","image":{"@type":"ImageObject","inLanguage":"es","@id":"http:\/\/esponsorama.ad\/es\/#\/schema\/person\/image\/","url":"https:\/\/secure.gravatar.com\/avatar\/f10eaf9ad601244a2357c9fd7cd9805ed166cfaaf76d5d9ab08a9d873e70147a?s=96&d=mm&r=g","contentUrl":"https:\/\/secure.gravatar.com\/avatar\/f10eaf9ad601244a2357c9fd7cd9805ed166cfaaf76d5d9ab08a9d873e70147a?s=96&d=mm&r=g","caption":"Xavi Andornet"},"sameAs":["http:\/\/www.andornet.ad"],"url":"http:\/\/esponsorama.ad\/es\/author\/andornet\/"}]}},"_links":{"self":[{"href":"http:\/\/esponsorama.ad\/es\/wp-json\/wp\/v2\/posts\/17953","targetHints":{"allow":["GET"]}}],"collection":[{"href":"http:\/\/esponsorama.ad\/es\/wp-json\/wp\/v2\/posts"}],"about":[{"href":"http:\/\/esponsorama.ad\/es\/wp-json\/wp\/v2\/types\/post"}],"author":[{"embeddable":true,"href":"http:\/\/esponsorama.ad\/es\/wp-json\/wp\/v2\/users\/6"}],"replies":[{"embeddable":true,"href":"http:\/\/esponsorama.ad\/es\/wp-json\/wp\/v2\/comments?post=17953"}],"version-history":[{"count":1,"href":"http:\/\/esponsorama.ad\/es\/wp-json\/wp\/v2\/posts\/17953\/revisions"}],"predecessor-version":[{"id":17959,"href":"http:\/\/esponsorama.ad\/es\/wp-json\/wp\/v2\/posts\/17953\/revisions\/17959"}],"wp:featuredmedia":[{"embeddable":true,"href":"http:\/\/esponsorama.ad\/es\/wp-json\/wp\/v2\/media\/17958"}],"wp:attachment":[{"href":"http:\/\/esponsorama.ad\/es\/wp-json\/wp\/v2\/media?parent=17953"}],"wp:term":[{"taxonomy":"category","embeddable":true,"href":"http:\/\/esponsorama.ad\/es\/wp-json\/wp\/v2\/categories?post=17953"},{"taxonomy":"post_tag","embeddable":true,"href":"http:\/\/esponsorama.ad\/es\/wp-json\/wp\/v2\/tags?post=17953"}],"curies":[{"name":"wp","href":"https:\/\/api.w.org\/{rel}","templated":true}]}}