{"id":18076,"date":"2021-08-15T17:19:53","date_gmt":"2021-08-15T15:19:53","guid":{"rendered":"http:\/\/esponsorama.ad\/?p=18076"},"modified":"2021-08-15T17:22:12","modified_gmt":"2021-08-15T15:22:12","slug":"carrera-desafortunada-avintia-esponsorama-racing-austria","status":"publish","type":"post","link":"http:\/\/esponsorama.ad\/es\/carrera-desafortunada-avintia-esponsorama-racing-austria\/","title":{"rendered":"CARRERA DESAFORTUNADA PARA EL AVINTIA ESPONSORAMA RACING EN AUSTRIA"},"content":{"rendered":"<p>Andr\u00e9 Pires y Xavi Cardel\u00fas han concluido la carrera del Bitci Motorrad Grand Prix von \u00d6sterreich, donde el portugu\u00e9s ha sido 16\u00ba y el andorrano 18\u00ba tras sufrir una ca\u00edda. <\/p>\n<p>Cardel\u00fas, que arrancaba la carrera en 6\u00aa posici\u00f3n, estaba realizando una gran actuaci\u00f3n luchando por las posiciones delanteras. Pero, en la pen\u00faltima vuelta, ha perdido el control de su Energica Ego Corsa y no ha podido evitar una ca\u00edda que le ha hecho perder cualquier opci\u00f3n de lograr un buen resultado. Finalmente, ha cruzado la l\u00ednea de meta 18\u00ba.<\/p>\n<p>Andr\u00e9 Pires se ha quedado a tan s\u00f3lo medio segundo de terminar en zona de puntos. El portugu\u00e9s, que obtuvo la 18\u00aa posici\u00f3n en la E-Pole, ha mantenido un buen ritmo durante toda la carrera, pero en una carrera de tan s\u00f3lo 5 vueltas, no ha tenido suficiente tiempo de seguir remontando.<\/p>\n<p>La Copa del Mundo de MotoE cerrar\u00e1 la temporada con una doble carrera en el Gran Premio de San Marino, que se celebrar\u00e1 del 17 al 19 de septiembre en el Misano World Circuit Marco Simoncelli.<\/p>\n<p>\t\t\t\t\t<div class=\"rider-short\">\n\t\t\t\t<a href=\"http:\/\/esponsorama.ad\/es\/piloto\/xavier-cardelus\/\"><img loading=\"lazy\" decoding=\"async\" width=\"300\" height=\"300\" src=\"http:\/\/esponsorama.ad\/wp-content\/uploads\/2021\/02\/dorsal-cardelus-gris-300x300.png\" class=\"attachment-medium size-medium\" alt=\"\" srcset=\"http:\/\/esponsorama.ad\/wp-content\/uploads\/2021\/02\/dorsal-cardelus-gris-300x300.png 300w, http:\/\/esponsorama.ad\/wp-content\/uploads\/2021\/02\/dorsal-cardelus-gris-150x150.png 150w, http:\/\/esponsorama.ad\/wp-content\/uploads\/2021\/02\/dorsal-cardelus-gris.png 500w\" sizes=\"auto, (max-width: 300px) 100vw, 300px\" \/><\/a><div class=\"info\"><h3><a href=\"http:\/\/esponsorama.ad\/es\/piloto\/xavier-cardelus\/\">Xavier Cardel\u00fas<\/a> | P18<\/h3><div class=\"rrss\"><a target=\"_blank\" href=\"https:\/\/twitter.com\/xavicardelus\"><i class=\"fa fa-twitter\"><\/i><\/a><a target=\"_blank\" href=\"https:\/\/www.instagram.com\/xavicardelus\/\"><i class=\"fa fa-instagram\"><\/i><\/a><\/div><\/div>\t\t\t\t\t<\/div>\n\t\t\t\t<br \/>\n\u201cOtra vez hemos tenido mala suerte y no hemos podido terminar la carrera. De todas formas, estoy muy contento y orgulloso de m\u00ed mismo por la carrera que he hecho. Este fin de semana he podido ver realmente mi potencial y, pese a la ca\u00edda, sigo estando satisfecho por todo el trabajo.\u201d<\/p>\n<p>\t\t\t\t\t<div class=\"rider-short\">\n\t\t\t\t<a href=\"http:\/\/esponsorama.ad\/es\/piloto\/andre-pires\/\"><img loading=\"lazy\" decoding=\"async\" width=\"300\" height=\"300\" src=\"http:\/\/esponsorama.ad\/wp-content\/uploads\/2021\/02\/dorsal-pires-gris-300x300.png\" class=\"attachment-medium size-medium\" alt=\"\" srcset=\"http:\/\/esponsorama.ad\/wp-content\/uploads\/2021\/02\/dorsal-pires-gris-300x300.png 300w, http:\/\/esponsorama.ad\/wp-content\/uploads\/2021\/02\/dorsal-pires-gris-150x150.png 150w, http:\/\/esponsorama.ad\/wp-content\/uploads\/2021\/02\/dorsal-pires-gris.png 500w\" sizes=\"auto, (max-width: 300px) 100vw, 300px\" \/><\/a><div class=\"info\"><h3><a href=\"http:\/\/esponsorama.ad\/es\/piloto\/andre-pires\/\">Andr\u00e9 Pires<\/a> | P16<\/h3><div class=\"rrss\"><a target=\"_blank\" href=\"https:\/\/www.instagram.com\/andrepires14\/?hl=es\"><i class=\"fa fa-instagram\"><\/i><\/a><\/div><\/div>\t\t\t\t\t<\/div>\n\t\t\t\t<br \/>\n\u201cHa sido una buena carrera, aunque demasiado corta. Al principio me ha costado un poco ya que el asfalto estaba fr\u00edo y ten\u00eda poco agarre. Despu\u00e9s ya me he acostumbrado y he mantenido un buen ritmo, recortando tiempo a los pilotos de delante. En cinco vueltas hay poco que hacer, pero estoy contento por c\u00f3mo ha ido.\u201d<\/p>\n","protected":false},"excerpt":{"rendered":"<p>Andr\u00e9 Pires y Xavi Cardel\u00fas han concluido la carrera del Bitci Motorrad Grand Prix von \u00d6sterreich, donde el portugu\u00e9s ha sido 16\u00ba y el andorrano 18\u00ba tras sufrir una ca\u00edda. Cardel\u00fas, que arrancaba la carrera en 6\u00aa posici\u00f3n, estaba realizando una gran actuaci\u00f3n luchando por las posiciones delanteras. Pero, en la pen\u00faltima vuelta, ha perdido [&hellip;]<\/p>\n","protected":false},"author":6,"featured_media":18081,"comment_status":"closed","ping_status":"closed","sticky":false,"template":"","format":"standard","meta":{"footnotes":""},"categories":[21],"tags":[],"class_list":["post-18076","post","type-post","status-publish","format-standard","has-post-thumbnail","hentry","category-motoe"],"yoast_head":"<!-- This site is optimized with the Yoast SEO plugin v27.1.1 - https:\/\/yoast.com\/product\/yoast-seo-wordpress\/ -->\n<title>CARRERA DESAFORTUNADA PARA EL AVINTIA ESPONSORAMA RACING EN AUSTRIA - Esponsorama<\/title>\n<meta name=\"robots\" content=\"index, follow, max-snippet:-1, max-image-preview:large, max-video-preview:-1\" \/>\n<link rel=\"canonical\" href=\"http:\/\/esponsorama.ad\/es\/carrera-desafortunada-avintia-esponsorama-racing-austria\/\" \/>\n<meta property=\"og:locale\" content=\"es_ES\" \/>\n<meta property=\"og:type\" content=\"article\" \/>\n<meta property=\"og:title\" content=\"CARRERA DESAFORTUNADA PARA EL AVINTIA ESPONSORAMA RACING EN AUSTRIA - Esponsorama\" \/>\n<meta property=\"og:description\" content=\"Andr\u00e9 Pires y Xavi Cardel\u00fas han concluido la carrera del Bitci Motorrad Grand Prix von \u00d6sterreich, donde el portugu\u00e9s ha sido 16\u00ba y el andorrano 18\u00ba tras sufrir una ca\u00edda. Cardel\u00fas, que arrancaba la carrera en 6\u00aa posici\u00f3n, estaba realizando una gran actuaci\u00f3n luchando por las posiciones delanteras. Pero, en la pen\u00faltima vuelta, ha perdido [&hellip;]\" \/>\n<meta property=\"og:url\" content=\"http:\/\/esponsorama.ad\/es\/carrera-desafortunada-avintia-esponsorama-racing-austria\/\" \/>\n<meta property=\"og:site_name\" content=\"Esponsorama\" \/>\n<meta property=\"article:published_time\" content=\"2021-08-15T15:19:53+00:00\" \/>\n<meta property=\"article:modified_time\" content=\"2021-08-15T15:22:12+00:00\" \/>\n<meta property=\"og:image\" content=\"http:\/\/esponsorama.ad\/wp-content\/uploads\/2021\/08\/41f9b7f0-1135-ff5b-5fd2-76fb930fea8e.jpg\" \/>\n\t<meta property=\"og:image:width\" content=\"4462\" \/>\n\t<meta property=\"og:image:height\" content=\"2975\" \/>\n\t<meta property=\"og:image:type\" content=\"image\/jpeg\" \/>\n<meta name=\"author\" content=\"Xavi Andornet\" \/>\n<meta name=\"twitter:card\" content=\"summary_large_image\" \/>\n<meta name=\"twitter:label1\" content=\"Escrito por\" \/>\n\t<meta name=\"twitter:data1\" content=\"Xavi Andornet\" \/>\n\t<meta name=\"twitter:label2\" content=\"Tiempo de lectura\" \/>\n\t<meta name=\"twitter:data2\" content=\"2 minutos\" \/>\n<script type=\"application\/ld+json\" class=\"yoast-schema-graph\">{\"@context\":\"https:\/\/schema.org\",\"@graph\":[{\"@type\":\"Article\",\"@id\":\"http:\/\/esponsorama.ad\/es\/carrera-desafortunada-avintia-esponsorama-racing-austria\/#article\",\"isPartOf\":{\"@id\":\"http:\/\/esponsorama.ad\/es\/carrera-desafortunada-avintia-esponsorama-racing-austria\/\"},\"author\":{\"name\":\"Xavi Andornet\",\"@id\":\"http:\/\/esponsorama.ad\/es\/#\/schema\/person\/a5cde74945183d737066e46b61c6f9c4\"},\"headline\":\"CARRERA DESAFORTUNADA PARA EL AVINTIA ESPONSORAMA RACING EN AUSTRIA\",\"datePublished\":\"2021-08-15T15:19:53+00:00\",\"dateModified\":\"2021-08-15T15:22:12+00:00\",\"mainEntityOfPage\":{\"@id\":\"http:\/\/esponsorama.ad\/es\/carrera-desafortunada-avintia-esponsorama-racing-austria\/\"},\"wordCount\":312,\"image\":{\"@id\":\"http:\/\/esponsorama.ad\/es\/carrera-desafortunada-avintia-esponsorama-racing-austria\/#primaryimage\"},\"thumbnailUrl\":\"http:\/\/esponsorama.ad\/wp-content\/uploads\/2021\/08\/41f9b7f0-1135-ff5b-5fd2-76fb930fea8e.jpg\",\"articleSection\":[\"MotoE\"],\"inLanguage\":\"es\"},{\"@type\":\"WebPage\",\"@id\":\"http:\/\/esponsorama.ad\/es\/carrera-desafortunada-avintia-esponsorama-racing-austria\/\",\"url\":\"http:\/\/esponsorama.ad\/es\/carrera-desafortunada-avintia-esponsorama-racing-austria\/\",\"name\":\"CARRERA DESAFORTUNADA PARA EL AVINTIA ESPONSORAMA RACING EN AUSTRIA - Esponsorama\",\"isPartOf\":{\"@id\":\"http:\/\/esponsorama.ad\/es\/#website\"},\"primaryImageOfPage\":{\"@id\":\"http:\/\/esponsorama.ad\/es\/carrera-desafortunada-avintia-esponsorama-racing-austria\/#primaryimage\"},\"image\":{\"@id\":\"http:\/\/esponsorama.ad\/es\/carrera-desafortunada-avintia-esponsorama-racing-austria\/#primaryimage\"},\"thumbnailUrl\":\"http:\/\/esponsorama.ad\/wp-content\/uploads\/2021\/08\/41f9b7f0-1135-ff5b-5fd2-76fb930fea8e.jpg\",\"datePublished\":\"2021-08-15T15:19:53+00:00\",\"dateModified\":\"2021-08-15T15:22:12+00:00\",\"author\":{\"@id\":\"http:\/\/esponsorama.ad\/es\/#\/schema\/person\/a5cde74945183d737066e46b61c6f9c4\"},\"breadcrumb\":{\"@id\":\"http:\/\/esponsorama.ad\/es\/carrera-desafortunada-avintia-esponsorama-racing-austria\/#breadcrumb\"},\"inLanguage\":\"es\",\"potentialAction\":[{\"@type\":\"ReadAction\",\"target\":[\"http:\/\/esponsorama.ad\/es\/carrera-desafortunada-avintia-esponsorama-racing-austria\/\"]}]},{\"@type\":\"ImageObject\",\"inLanguage\":\"es\",\"@id\":\"http:\/\/esponsorama.ad\/es\/carrera-desafortunada-avintia-esponsorama-racing-austria\/#primaryimage\",\"url\":\"http:\/\/esponsorama.ad\/wp-content\/uploads\/2021\/08\/41f9b7f0-1135-ff5b-5fd2-76fb930fea8e.jpg\",\"contentUrl\":\"http:\/\/esponsorama.ad\/wp-content\/uploads\/2021\/08\/41f9b7f0-1135-ff5b-5fd2-76fb930fea8e.jpg\",\"width\":4462,\"height\":2975,\"caption\":\"Xavi Cardelus, MotoE race, Austrian MotoGP, 15 August 2021\"},{\"@type\":\"BreadcrumbList\",\"@id\":\"http:\/\/esponsorama.ad\/es\/carrera-desafortunada-avintia-esponsorama-racing-austria\/#breadcrumb\",\"itemListElement\":[{\"@type\":\"ListItem\",\"position\":1,\"name\":\"Home\",\"item\":\"http:\/\/esponsorama.ad\/es\/\"},{\"@type\":\"ListItem\",\"position\":2,\"name\":\"CARRERA DESAFORTUNADA PARA EL AVINTIA ESPONSORAMA RACING EN AUSTRIA\"}]},{\"@type\":\"WebSite\",\"@id\":\"http:\/\/esponsorama.ad\/es\/#website\",\"url\":\"http:\/\/esponsorama.ad\/es\/\",\"name\":\"Esponsorama\",\"description\":\"Specialist in motorsport sponsorship and event promotions\",\"potentialAction\":[{\"@type\":\"SearchAction\",\"target\":{\"@type\":\"EntryPoint\",\"urlTemplate\":\"http:\/\/esponsorama.ad\/es\/?s={search_term_string}\"},\"query-input\":{\"@type\":\"PropertyValueSpecification\",\"valueRequired\":true,\"valueName\":\"search_term_string\"}}],\"inLanguage\":\"es\"},{\"@type\":\"Person\",\"@id\":\"http:\/\/esponsorama.ad\/es\/#\/schema\/person\/a5cde74945183d737066e46b61c6f9c4\",\"name\":\"Xavi Andornet\",\"image\":{\"@type\":\"ImageObject\",\"inLanguage\":\"es\",\"@id\":\"http:\/\/esponsorama.ad\/es\/#\/schema\/person\/image\/\",\"url\":\"https:\/\/secure.gravatar.com\/avatar\/f10eaf9ad601244a2357c9fd7cd9805ed166cfaaf76d5d9ab08a9d873e70147a?s=96&d=mm&r=g\",\"contentUrl\":\"https:\/\/secure.gravatar.com\/avatar\/f10eaf9ad601244a2357c9fd7cd9805ed166cfaaf76d5d9ab08a9d873e70147a?s=96&d=mm&r=g\",\"caption\":\"Xavi Andornet\"},\"sameAs\":[\"http:\/\/www.andornet.ad\"],\"url\":\"http:\/\/esponsorama.ad\/es\/author\/andornet\/\"}]}<\/script>\n<!-- \/ Yoast SEO plugin. -->","yoast_head_json":{"title":"CARRERA DESAFORTUNADA PARA EL AVINTIA ESPONSORAMA RACING EN AUSTRIA - Esponsorama","robots":{"index":"index","follow":"follow","max-snippet":"max-snippet:-1","max-image-preview":"max-image-preview:large","max-video-preview":"max-video-preview:-1"},"canonical":"http:\/\/esponsorama.ad\/es\/carrera-desafortunada-avintia-esponsorama-racing-austria\/","og_locale":"es_ES","og_type":"article","og_title":"CARRERA DESAFORTUNADA PARA EL AVINTIA ESPONSORAMA RACING EN AUSTRIA - Esponsorama","og_description":"Andr\u00e9 Pires y Xavi Cardel\u00fas han concluido la carrera del Bitci Motorrad Grand Prix von \u00d6sterreich, donde el portugu\u00e9s ha sido 16\u00ba y el andorrano 18\u00ba tras sufrir una ca\u00edda. Cardel\u00fas, que arrancaba la carrera en 6\u00aa posici\u00f3n, estaba realizando una gran actuaci\u00f3n luchando por las posiciones delanteras. Pero, en la pen\u00faltima vuelta, ha perdido [&hellip;]","og_url":"http:\/\/esponsorama.ad\/es\/carrera-desafortunada-avintia-esponsorama-racing-austria\/","og_site_name":"Esponsorama","article_published_time":"2021-08-15T15:19:53+00:00","article_modified_time":"2021-08-15T15:22:12+00:00","og_image":[{"width":4462,"height":2975,"url":"http:\/\/esponsorama.ad\/wp-content\/uploads\/2021\/08\/41f9b7f0-1135-ff5b-5fd2-76fb930fea8e.jpg","type":"image\/jpeg"}],"author":"Xavi Andornet","twitter_card":"summary_large_image","twitter_misc":{"Escrito por":"Xavi Andornet","Tiempo de lectura":"2 minutos"},"schema":{"@context":"https:\/\/schema.org","@graph":[{"@type":"Article","@id":"http:\/\/esponsorama.ad\/es\/carrera-desafortunada-avintia-esponsorama-racing-austria\/#article","isPartOf":{"@id":"http:\/\/esponsorama.ad\/es\/carrera-desafortunada-avintia-esponsorama-racing-austria\/"},"author":{"name":"Xavi Andornet","@id":"http:\/\/esponsorama.ad\/es\/#\/schema\/person\/a5cde74945183d737066e46b61c6f9c4"},"headline":"CARRERA DESAFORTUNADA PARA EL AVINTIA ESPONSORAMA RACING EN AUSTRIA","datePublished":"2021-08-15T15:19:53+00:00","dateModified":"2021-08-15T15:22:12+00:00","mainEntityOfPage":{"@id":"http:\/\/esponsorama.ad\/es\/carrera-desafortunada-avintia-esponsorama-racing-austria\/"},"wordCount":312,"image":{"@id":"http:\/\/esponsorama.ad\/es\/carrera-desafortunada-avintia-esponsorama-racing-austria\/#primaryimage"},"thumbnailUrl":"http:\/\/esponsorama.ad\/wp-content\/uploads\/2021\/08\/41f9b7f0-1135-ff5b-5fd2-76fb930fea8e.jpg","articleSection":["MotoE"],"inLanguage":"es"},{"@type":"WebPage","@id":"http:\/\/esponsorama.ad\/es\/carrera-desafortunada-avintia-esponsorama-racing-austria\/","url":"http:\/\/esponsorama.ad\/es\/carrera-desafortunada-avintia-esponsorama-racing-austria\/","name":"CARRERA DESAFORTUNADA PARA EL AVINTIA ESPONSORAMA RACING EN AUSTRIA - Esponsorama","isPartOf":{"@id":"http:\/\/esponsorama.ad\/es\/#website"},"primaryImageOfPage":{"@id":"http:\/\/esponsorama.ad\/es\/carrera-desafortunada-avintia-esponsorama-racing-austria\/#primaryimage"},"image":{"@id":"http:\/\/esponsorama.ad\/es\/carrera-desafortunada-avintia-esponsorama-racing-austria\/#primaryimage"},"thumbnailUrl":"http:\/\/esponsorama.ad\/wp-content\/uploads\/2021\/08\/41f9b7f0-1135-ff5b-5fd2-76fb930fea8e.jpg","datePublished":"2021-08-15T15:19:53+00:00","dateModified":"2021-08-15T15:22:12+00:00","author":{"@id":"http:\/\/esponsorama.ad\/es\/#\/schema\/person\/a5cde74945183d737066e46b61c6f9c4"},"breadcrumb":{"@id":"http:\/\/esponsorama.ad\/es\/carrera-desafortunada-avintia-esponsorama-racing-austria\/#breadcrumb"},"inLanguage":"es","potentialAction":[{"@type":"ReadAction","target":["http:\/\/esponsorama.ad\/es\/carrera-desafortunada-avintia-esponsorama-racing-austria\/"]}]},{"@type":"ImageObject","inLanguage":"es","@id":"http:\/\/esponsorama.ad\/es\/carrera-desafortunada-avintia-esponsorama-racing-austria\/#primaryimage","url":"http:\/\/esponsorama.ad\/wp-content\/uploads\/2021\/08\/41f9b7f0-1135-ff5b-5fd2-76fb930fea8e.jpg","contentUrl":"http:\/\/esponsorama.ad\/wp-content\/uploads\/2021\/08\/41f9b7f0-1135-ff5b-5fd2-76fb930fea8e.jpg","width":4462,"height":2975,"caption":"Xavi Cardelus, MotoE race, Austrian MotoGP, 15 August 2021"},{"@type":"BreadcrumbList","@id":"http:\/\/esponsorama.ad\/es\/carrera-desafortunada-avintia-esponsorama-racing-austria\/#breadcrumb","itemListElement":[{"@type":"ListItem","position":1,"name":"Home","item":"http:\/\/esponsorama.ad\/es\/"},{"@type":"ListItem","position":2,"name":"CARRERA DESAFORTUNADA PARA EL AVINTIA ESPONSORAMA RACING EN AUSTRIA"}]},{"@type":"WebSite","@id":"http:\/\/esponsorama.ad\/es\/#website","url":"http:\/\/esponsorama.ad\/es\/","name":"Esponsorama","description":"Specialist in motorsport sponsorship and event promotions","potentialAction":[{"@type":"SearchAction","target":{"@type":"EntryPoint","urlTemplate":"http:\/\/esponsorama.ad\/es\/?s={search_term_string}"},"query-input":{"@type":"PropertyValueSpecification","valueRequired":true,"valueName":"search_term_string"}}],"inLanguage":"es"},{"@type":"Person","@id":"http:\/\/esponsorama.ad\/es\/#\/schema\/person\/a5cde74945183d737066e46b61c6f9c4","name":"Xavi Andornet","image":{"@type":"ImageObject","inLanguage":"es","@id":"http:\/\/esponsorama.ad\/es\/#\/schema\/person\/image\/","url":"https:\/\/secure.gravatar.com\/avatar\/f10eaf9ad601244a2357c9fd7cd9805ed166cfaaf76d5d9ab08a9d873e70147a?s=96&d=mm&r=g","contentUrl":"https:\/\/secure.gravatar.com\/avatar\/f10eaf9ad601244a2357c9fd7cd9805ed166cfaaf76d5d9ab08a9d873e70147a?s=96&d=mm&r=g","caption":"Xavi Andornet"},"sameAs":["http:\/\/www.andornet.ad"],"url":"http:\/\/esponsorama.ad\/es\/author\/andornet\/"}]}},"_links":{"self":[{"href":"http:\/\/esponsorama.ad\/es\/wp-json\/wp\/v2\/posts\/18076","targetHints":{"allow":["GET"]}}],"collection":[{"href":"http:\/\/esponsorama.ad\/es\/wp-json\/wp\/v2\/posts"}],"about":[{"href":"http:\/\/esponsorama.ad\/es\/wp-json\/wp\/v2\/types\/post"}],"author":[{"embeddable":true,"href":"http:\/\/esponsorama.ad\/es\/wp-json\/wp\/v2\/users\/6"}],"replies":[{"embeddable":true,"href":"http:\/\/esponsorama.ad\/es\/wp-json\/wp\/v2\/comments?post=18076"}],"version-history":[{"count":1,"href":"http:\/\/esponsorama.ad\/es\/wp-json\/wp\/v2\/posts\/18076\/revisions"}],"predecessor-version":[{"id":18082,"href":"http:\/\/esponsorama.ad\/es\/wp-json\/wp\/v2\/posts\/18076\/revisions\/18082"}],"wp:featuredmedia":[{"embeddable":true,"href":"http:\/\/esponsorama.ad\/es\/wp-json\/wp\/v2\/media\/18081"}],"wp:attachment":[{"href":"http:\/\/esponsorama.ad\/es\/wp-json\/wp\/v2\/media?parent=18076"}],"wp:term":[{"taxonomy":"category","embeddable":true,"href":"http:\/\/esponsorama.ad\/es\/wp-json\/wp\/v2\/categories?post=18076"},{"taxonomy":"post_tag","embeddable":true,"href":"http:\/\/esponsorama.ad\/es\/wp-json\/wp\/v2\/tags?post=18076"}],"curies":[{"name":"wp","href":"https:\/\/api.w.org\/{rel}","templated":true}]}}