{"id":18162,"date":"2021-09-09T17:18:56","date_gmt":"2021-09-09T15:18:56","guid":{"rendered":"http:\/\/esponsorama.ad\/?p=18162"},"modified":"2021-09-09T17:20:46","modified_gmt":"2021-09-09T15:20:46","slug":"bastianini-marini-preparados-afrontar-gran-premio-tissot-aragon","status":"publish","type":"post","link":"http:\/\/esponsorama.ad\/es\/bastianini-marini-preparados-afrontar-gran-premio-tissot-aragon\/","title":{"rendered":"BASTIANINI Y MARINI, PREPARADOS PARA AFRONTAR EL GRAN PREMIO TISSOT DE ARAG\u00d3N"},"content":{"rendered":"<p>El Avintia Esponsorama y el Sky VR46 Avintia aterrizan este fin de semana en MotorLand Arag\u00f3n, donde se disputar\u00e1 la 13\u00ba cita del calendario del Campeonato del Mundo, el Gran Premio Tissot de Arag\u00f3n.<\/p>\n<p>Bastianini y Marini vienen de completar un fin de semana positivo en Silverstone. El piloto del Avintia Esponsorama consigui\u00f3 cruzar la l\u00ednea de meta en 12\u00aa posici\u00f3n, mientras que Marini sum\u00f3 un punto m\u00e1s tras finalizar 15\u00ba. <\/p>\n<p>En MotorLand Arag\u00f3n, ambos pilotos tendr\u00e1n una nueva oportunidad para seguir aprovechando el buen estado de forma que atraviesan y continuar sumando puntos importantes para el equipo.<\/p>\n<p>La acci\u00f3n para los pilotos de MotoGP en el trazado espa\u00f1ol dar\u00e1 comienzo el viernes a las 9:55 con el primer entrenamiento libre del Gran Premio Tissot de Arag\u00f3n.<\/p>\n<p>\t\t\t\t\t<div class=\"rider-short\">\n\t\t\t\t<a href=\"http:\/\/esponsorama.ad\/es\/piloto\/enea-bastianini\/\"><img loading=\"lazy\" decoding=\"async\" width=\"300\" height=\"300\" src=\"http:\/\/esponsorama.ad\/wp-content\/uploads\/2021\/02\/dorsal-bastianini-gris-300x300.png\" class=\"attachment-medium size-medium\" alt=\"\" srcset=\"http:\/\/esponsorama.ad\/wp-content\/uploads\/2021\/02\/dorsal-bastianini-gris-300x300.png 300w, http:\/\/esponsorama.ad\/wp-content\/uploads\/2021\/02\/dorsal-bastianini-gris-150x150.png 150w, http:\/\/esponsorama.ad\/wp-content\/uploads\/2021\/02\/dorsal-bastianini-gris.png 500w\" sizes=\"auto, (max-width: 300px) 100vw, 300px\" \/><\/a><div class=\"info\"><h3><a href=\"http:\/\/esponsorama.ad\/es\/piloto\/enea-bastianini\/\">Enea Bastianini<\/a><\/h3><div class=\"rrss\"><a target=\"_blank\" href=\"https:\/\/www.eneabastianini.it\/en\/\"><i class=\"fa fa-link\"><\/i><\/a><a target=\"_blank\" href=\"https:\/\/www.facebook.com\/Bestia33\"><i class=\"fa fa-facebook\"><\/i><\/a><a target=\"_blank\" href=\"https:\/\/twitter.com\/eneabastianini\"><i class=\"fa fa-twitter\"><\/i><\/a><a target=\"_blank\" href=\"https:\/\/www.instagram.com\/eneabastianini\/?hl=es\"><i class=\"fa fa-instagram\"><\/i><\/a><\/div><\/div>\t\t\t\t\t<\/div>\n\t\t\t\t<br \/>\n\u201cArag\u00f3n es una pista que me gusta mucho. El fin de semana en Silverstone demostramos ser r\u00e1pidos pero comet\u00ed demasiados errores, as\u00ed que espero tener un buen gran premio aqu\u00ed. Es un circuito muy particular, es muy importante encontrar un buen \u2018set-up\u2019 e intentar ser r\u00e1pido durante toda la carrera, porque durante las \u00faltimas vueltas se consume mucho el neum\u00e1tico, por lo que estos factores ser\u00e1n muy importantes.\u201d<\/p>\n<p>\t\t\t\t\t<div class=\"rider-short\">\n\t\t\t\t<a href=\"http:\/\/esponsorama.ad\/es\/piloto\/luca-marini\/\"><img loading=\"lazy\" decoding=\"async\" width=\"300\" height=\"300\" src=\"http:\/\/esponsorama.ad\/wp-content\/uploads\/2021\/02\/dorsal-marini-gris-300x300.png\" class=\"attachment-medium size-medium\" alt=\"\" srcset=\"http:\/\/esponsorama.ad\/wp-content\/uploads\/2021\/02\/dorsal-marini-gris-300x300.png 300w, http:\/\/esponsorama.ad\/wp-content\/uploads\/2021\/02\/dorsal-marini-gris-150x150.png 150w, http:\/\/esponsorama.ad\/wp-content\/uploads\/2021\/02\/dorsal-marini-gris.png 500w\" sizes=\"auto, (max-width: 300px) 100vw, 300px\" \/><\/a><div class=\"info\"><h3><a href=\"http:\/\/esponsorama.ad\/es\/piloto\/luca-marini\/\">Luca Marini<\/a><\/h3><div class=\"rrss\"><a target=\"_blank\" href=\"https:\/\/www.facebook.com\/LucaMariniLM97Official\/\"><i class=\"fa fa-facebook\"><\/i><\/a><a target=\"_blank\" href=\"https:\/\/twitter.com\/Luca_Marini_97\"><i class=\"fa fa-twitter\"><\/i><\/a><a target=\"_blank\" href=\"https:\/\/www.instagram.com\/luca_marini_97\/?hl=es\"><i class=\"fa fa-instagram\"><\/i><\/a><\/div><\/div>\t\t\t\t\t<\/div>\n\t\t\t\t<br \/>\n\u201cArag\u00f3n es una pista muy especial, aunque no es una de mis favoritas en el calendario. El a\u00f1o pasado las Ducatis tuvieron problemas aqu\u00ed, as\u00ed que, al menos sobre el papel, espero un gran premio complicado, aunque muchas cosas han cambiado en 2021. Todo depender\u00e1 de la temperatura que encontremos y de los neum\u00e1ticos. Tenemos que adaptarnos lo mejor posible y lo m\u00e1s r\u00e1pido que podamos. El objetivo, como siempre, es permanecer lo m\u00e1s cerca posible de las Ducatis y sumar m\u00e1s puntos.\u201d<\/p>\n","protected":false},"excerpt":{"rendered":"<p>El Avintia Esponsorama y el Sky VR46 Avintia aterrizan este fin de semana en MotorLand Arag\u00f3n, donde se disputar\u00e1 la 13\u00ba cita del calendario del Campeonato del Mundo, el Gran Premio Tissot de Arag\u00f3n. Bastianini y Marini vienen de completar un fin de semana positivo en Silverstone. El piloto del Avintia Esponsorama consigui\u00f3 cruzar la [&hellip;]<\/p>\n","protected":false},"author":6,"featured_media":18165,"comment_status":"closed","ping_status":"closed","sticky":false,"template":"","format":"standard","meta":{"footnotes":""},"categories":[3],"tags":[],"class_list":["post-18162","post","type-post","status-publish","format-standard","has-post-thumbnail","hentry","category-motogp"],"yoast_head":"<!-- This site is optimized with the Yoast SEO plugin v27.1.1 - https:\/\/yoast.com\/product\/yoast-seo-wordpress\/ -->\n<title>BASTIANINI Y MARINI, PREPARADOS PARA AFRONTAR EL GRAN PREMIO TISSOT DE ARAG\u00d3N - Esponsorama<\/title>\n<meta name=\"robots\" content=\"index, follow, max-snippet:-1, max-image-preview:large, max-video-preview:-1\" \/>\n<link rel=\"canonical\" href=\"http:\/\/esponsorama.ad\/es\/bastianini-marini-preparados-afrontar-gran-premio-tissot-aragon\/\" \/>\n<meta property=\"og:locale\" content=\"es_ES\" \/>\n<meta property=\"og:type\" content=\"article\" \/>\n<meta property=\"og:title\" content=\"BASTIANINI Y MARINI, PREPARADOS PARA AFRONTAR EL GRAN PREMIO TISSOT DE ARAG\u00d3N - Esponsorama\" \/>\n<meta property=\"og:description\" content=\"El Avintia Esponsorama y el Sky VR46 Avintia aterrizan este fin de semana en MotorLand Arag\u00f3n, donde se disputar\u00e1 la 13\u00ba cita del calendario del Campeonato del Mundo, el Gran Premio Tissot de Arag\u00f3n. Bastianini y Marini vienen de completar un fin de semana positivo en Silverstone. El piloto del Avintia Esponsorama consigui\u00f3 cruzar la [&hellip;]\" \/>\n<meta property=\"og:url\" content=\"http:\/\/esponsorama.ad\/es\/bastianini-marini-preparados-afrontar-gran-premio-tissot-aragon\/\" \/>\n<meta property=\"og:site_name\" content=\"Esponsorama\" \/>\n<meta property=\"article:published_time\" content=\"2021-09-09T15:18:56+00:00\" \/>\n<meta property=\"article:modified_time\" content=\"2021-09-09T15:20:46+00:00\" \/>\n<meta property=\"og:image\" content=\"http:\/\/esponsorama.ad\/wp-content\/uploads\/2021\/09\/55ac9f79-2b8c-9b47-5b9f-28cd7a908268.jpg\" \/>\n\t<meta property=\"og:image:width\" content=\"4788\" \/>\n\t<meta property=\"og:image:height\" content=\"3192\" \/>\n\t<meta property=\"og:image:type\" content=\"image\/jpeg\" \/>\n<meta name=\"author\" content=\"Xavi Andornet\" \/>\n<meta name=\"twitter:card\" content=\"summary_large_image\" \/>\n<meta name=\"twitter:label1\" content=\"Escrito por\" \/>\n\t<meta name=\"twitter:data1\" content=\"Xavi Andornet\" \/>\n\t<meta name=\"twitter:label2\" content=\"Tiempo de lectura\" \/>\n\t<meta name=\"twitter:data2\" content=\"1 minuto\" \/>\n<script type=\"application\/ld+json\" class=\"yoast-schema-graph\">{\"@context\":\"https:\/\/schema.org\",\"@graph\":[{\"@type\":\"Article\",\"@id\":\"http:\/\/esponsorama.ad\/es\/bastianini-marini-preparados-afrontar-gran-premio-tissot-aragon\/#article\",\"isPartOf\":{\"@id\":\"http:\/\/esponsorama.ad\/es\/bastianini-marini-preparados-afrontar-gran-premio-tissot-aragon\/\"},\"author\":{\"name\":\"Xavi Andornet\",\"@id\":\"http:\/\/esponsorama.ad\/es\/#\/schema\/person\/a5cde74945183d737066e46b61c6f9c4\"},\"headline\":\"BASTIANINI Y MARINI, PREPARADOS PARA AFRONTAR EL GRAN PREMIO TISSOT DE ARAG\u00d3N\",\"datePublished\":\"2021-09-09T15:18:56+00:00\",\"dateModified\":\"2021-09-09T15:20:46+00:00\",\"mainEntityOfPage\":{\"@id\":\"http:\/\/esponsorama.ad\/es\/bastianini-marini-preparados-afrontar-gran-premio-tissot-aragon\/\"},\"wordCount\":312,\"image\":{\"@id\":\"http:\/\/esponsorama.ad\/es\/bastianini-marini-preparados-afrontar-gran-premio-tissot-aragon\/#primaryimage\"},\"thumbnailUrl\":\"http:\/\/esponsorama.ad\/wp-content\/uploads\/2021\/09\/55ac9f79-2b8c-9b47-5b9f-28cd7a908268.jpg\",\"articleSection\":[\"MotoGP\"],\"inLanguage\":\"es\"},{\"@type\":\"WebPage\",\"@id\":\"http:\/\/esponsorama.ad\/es\/bastianini-marini-preparados-afrontar-gran-premio-tissot-aragon\/\",\"url\":\"http:\/\/esponsorama.ad\/es\/bastianini-marini-preparados-afrontar-gran-premio-tissot-aragon\/\",\"name\":\"BASTIANINI Y MARINI, PREPARADOS PARA AFRONTAR EL GRAN PREMIO TISSOT DE ARAG\u00d3N - Esponsorama\",\"isPartOf\":{\"@id\":\"http:\/\/esponsorama.ad\/es\/#website\"},\"primaryImageOfPage\":{\"@id\":\"http:\/\/esponsorama.ad\/es\/bastianini-marini-preparados-afrontar-gran-premio-tissot-aragon\/#primaryimage\"},\"image\":{\"@id\":\"http:\/\/esponsorama.ad\/es\/bastianini-marini-preparados-afrontar-gran-premio-tissot-aragon\/#primaryimage\"},\"thumbnailUrl\":\"http:\/\/esponsorama.ad\/wp-content\/uploads\/2021\/09\/55ac9f79-2b8c-9b47-5b9f-28cd7a908268.jpg\",\"datePublished\":\"2021-09-09T15:18:56+00:00\",\"dateModified\":\"2021-09-09T15:20:46+00:00\",\"author\":{\"@id\":\"http:\/\/esponsorama.ad\/es\/#\/schema\/person\/a5cde74945183d737066e46b61c6f9c4\"},\"breadcrumb\":{\"@id\":\"http:\/\/esponsorama.ad\/es\/bastianini-marini-preparados-afrontar-gran-premio-tissot-aragon\/#breadcrumb\"},\"inLanguage\":\"es\",\"potentialAction\":[{\"@type\":\"ReadAction\",\"target\":[\"http:\/\/esponsorama.ad\/es\/bastianini-marini-preparados-afrontar-gran-premio-tissot-aragon\/\"]}]},{\"@type\":\"ImageObject\",\"inLanguage\":\"es\",\"@id\":\"http:\/\/esponsorama.ad\/es\/bastianini-marini-preparados-afrontar-gran-premio-tissot-aragon\/#primaryimage\",\"url\":\"http:\/\/esponsorama.ad\/wp-content\/uploads\/2021\/09\/55ac9f79-2b8c-9b47-5b9f-28cd7a908268.jpg\",\"contentUrl\":\"http:\/\/esponsorama.ad\/wp-content\/uploads\/2021\/09\/55ac9f79-2b8c-9b47-5b9f-28cd7a908268.jpg\",\"width\":4788,\"height\":3192,\"caption\":\"Enea Bastianini, British MotoGP race, 29 August 2021\"},{\"@type\":\"BreadcrumbList\",\"@id\":\"http:\/\/esponsorama.ad\/es\/bastianini-marini-preparados-afrontar-gran-premio-tissot-aragon\/#breadcrumb\",\"itemListElement\":[{\"@type\":\"ListItem\",\"position\":1,\"name\":\"Home\",\"item\":\"http:\/\/esponsorama.ad\/es\/\"},{\"@type\":\"ListItem\",\"position\":2,\"name\":\"BASTIANINI Y MARINI, PREPARADOS PARA AFRONTAR EL GRAN PREMIO TISSOT DE ARAG\u00d3N\"}]},{\"@type\":\"WebSite\",\"@id\":\"http:\/\/esponsorama.ad\/es\/#website\",\"url\":\"http:\/\/esponsorama.ad\/es\/\",\"name\":\"Esponsorama\",\"description\":\"Specialist in motorsport sponsorship and event promotions\",\"potentialAction\":[{\"@type\":\"SearchAction\",\"target\":{\"@type\":\"EntryPoint\",\"urlTemplate\":\"http:\/\/esponsorama.ad\/es\/?s={search_term_string}\"},\"query-input\":{\"@type\":\"PropertyValueSpecification\",\"valueRequired\":true,\"valueName\":\"search_term_string\"}}],\"inLanguage\":\"es\"},{\"@type\":\"Person\",\"@id\":\"http:\/\/esponsorama.ad\/es\/#\/schema\/person\/a5cde74945183d737066e46b61c6f9c4\",\"name\":\"Xavi Andornet\",\"image\":{\"@type\":\"ImageObject\",\"inLanguage\":\"es\",\"@id\":\"http:\/\/esponsorama.ad\/es\/#\/schema\/person\/image\/\",\"url\":\"https:\/\/secure.gravatar.com\/avatar\/f10eaf9ad601244a2357c9fd7cd9805ed166cfaaf76d5d9ab08a9d873e70147a?s=96&d=mm&r=g\",\"contentUrl\":\"https:\/\/secure.gravatar.com\/avatar\/f10eaf9ad601244a2357c9fd7cd9805ed166cfaaf76d5d9ab08a9d873e70147a?s=96&d=mm&r=g\",\"caption\":\"Xavi Andornet\"},\"sameAs\":[\"http:\/\/www.andornet.ad\"],\"url\":\"http:\/\/esponsorama.ad\/es\/author\/andornet\/\"}]}<\/script>\n<!-- \/ Yoast SEO plugin. -->","yoast_head_json":{"title":"BASTIANINI Y MARINI, PREPARADOS PARA AFRONTAR EL GRAN PREMIO TISSOT DE ARAG\u00d3N - Esponsorama","robots":{"index":"index","follow":"follow","max-snippet":"max-snippet:-1","max-image-preview":"max-image-preview:large","max-video-preview":"max-video-preview:-1"},"canonical":"http:\/\/esponsorama.ad\/es\/bastianini-marini-preparados-afrontar-gran-premio-tissot-aragon\/","og_locale":"es_ES","og_type":"article","og_title":"BASTIANINI Y MARINI, PREPARADOS PARA AFRONTAR EL GRAN PREMIO TISSOT DE ARAG\u00d3N - Esponsorama","og_description":"El Avintia Esponsorama y el Sky VR46 Avintia aterrizan este fin de semana en MotorLand Arag\u00f3n, donde se disputar\u00e1 la 13\u00ba cita del calendario del Campeonato del Mundo, el Gran Premio Tissot de Arag\u00f3n. Bastianini y Marini vienen de completar un fin de semana positivo en Silverstone. El piloto del Avintia Esponsorama consigui\u00f3 cruzar la [&hellip;]","og_url":"http:\/\/esponsorama.ad\/es\/bastianini-marini-preparados-afrontar-gran-premio-tissot-aragon\/","og_site_name":"Esponsorama","article_published_time":"2021-09-09T15:18:56+00:00","article_modified_time":"2021-09-09T15:20:46+00:00","og_image":[{"width":4788,"height":3192,"url":"http:\/\/esponsorama.ad\/wp-content\/uploads\/2021\/09\/55ac9f79-2b8c-9b47-5b9f-28cd7a908268.jpg","type":"image\/jpeg"}],"author":"Xavi Andornet","twitter_card":"summary_large_image","twitter_misc":{"Escrito por":"Xavi Andornet","Tiempo de lectura":"1 minuto"},"schema":{"@context":"https:\/\/schema.org","@graph":[{"@type":"Article","@id":"http:\/\/esponsorama.ad\/es\/bastianini-marini-preparados-afrontar-gran-premio-tissot-aragon\/#article","isPartOf":{"@id":"http:\/\/esponsorama.ad\/es\/bastianini-marini-preparados-afrontar-gran-premio-tissot-aragon\/"},"author":{"name":"Xavi Andornet","@id":"http:\/\/esponsorama.ad\/es\/#\/schema\/person\/a5cde74945183d737066e46b61c6f9c4"},"headline":"BASTIANINI Y MARINI, PREPARADOS PARA AFRONTAR EL GRAN PREMIO TISSOT DE ARAG\u00d3N","datePublished":"2021-09-09T15:18:56+00:00","dateModified":"2021-09-09T15:20:46+00:00","mainEntityOfPage":{"@id":"http:\/\/esponsorama.ad\/es\/bastianini-marini-preparados-afrontar-gran-premio-tissot-aragon\/"},"wordCount":312,"image":{"@id":"http:\/\/esponsorama.ad\/es\/bastianini-marini-preparados-afrontar-gran-premio-tissot-aragon\/#primaryimage"},"thumbnailUrl":"http:\/\/esponsorama.ad\/wp-content\/uploads\/2021\/09\/55ac9f79-2b8c-9b47-5b9f-28cd7a908268.jpg","articleSection":["MotoGP"],"inLanguage":"es"},{"@type":"WebPage","@id":"http:\/\/esponsorama.ad\/es\/bastianini-marini-preparados-afrontar-gran-premio-tissot-aragon\/","url":"http:\/\/esponsorama.ad\/es\/bastianini-marini-preparados-afrontar-gran-premio-tissot-aragon\/","name":"BASTIANINI Y MARINI, PREPARADOS PARA AFRONTAR EL GRAN PREMIO TISSOT DE ARAG\u00d3N - Esponsorama","isPartOf":{"@id":"http:\/\/esponsorama.ad\/es\/#website"},"primaryImageOfPage":{"@id":"http:\/\/esponsorama.ad\/es\/bastianini-marini-preparados-afrontar-gran-premio-tissot-aragon\/#primaryimage"},"image":{"@id":"http:\/\/esponsorama.ad\/es\/bastianini-marini-preparados-afrontar-gran-premio-tissot-aragon\/#primaryimage"},"thumbnailUrl":"http:\/\/esponsorama.ad\/wp-content\/uploads\/2021\/09\/55ac9f79-2b8c-9b47-5b9f-28cd7a908268.jpg","datePublished":"2021-09-09T15:18:56+00:00","dateModified":"2021-09-09T15:20:46+00:00","author":{"@id":"http:\/\/esponsorama.ad\/es\/#\/schema\/person\/a5cde74945183d737066e46b61c6f9c4"},"breadcrumb":{"@id":"http:\/\/esponsorama.ad\/es\/bastianini-marini-preparados-afrontar-gran-premio-tissot-aragon\/#breadcrumb"},"inLanguage":"es","potentialAction":[{"@type":"ReadAction","target":["http:\/\/esponsorama.ad\/es\/bastianini-marini-preparados-afrontar-gran-premio-tissot-aragon\/"]}]},{"@type":"ImageObject","inLanguage":"es","@id":"http:\/\/esponsorama.ad\/es\/bastianini-marini-preparados-afrontar-gran-premio-tissot-aragon\/#primaryimage","url":"http:\/\/esponsorama.ad\/wp-content\/uploads\/2021\/09\/55ac9f79-2b8c-9b47-5b9f-28cd7a908268.jpg","contentUrl":"http:\/\/esponsorama.ad\/wp-content\/uploads\/2021\/09\/55ac9f79-2b8c-9b47-5b9f-28cd7a908268.jpg","width":4788,"height":3192,"caption":"Enea Bastianini, British MotoGP race, 29 August 2021"},{"@type":"BreadcrumbList","@id":"http:\/\/esponsorama.ad\/es\/bastianini-marini-preparados-afrontar-gran-premio-tissot-aragon\/#breadcrumb","itemListElement":[{"@type":"ListItem","position":1,"name":"Home","item":"http:\/\/esponsorama.ad\/es\/"},{"@type":"ListItem","position":2,"name":"BASTIANINI Y MARINI, PREPARADOS PARA AFRONTAR EL GRAN PREMIO TISSOT DE ARAG\u00d3N"}]},{"@type":"WebSite","@id":"http:\/\/esponsorama.ad\/es\/#website","url":"http:\/\/esponsorama.ad\/es\/","name":"Esponsorama","description":"Specialist in motorsport sponsorship and event promotions","potentialAction":[{"@type":"SearchAction","target":{"@type":"EntryPoint","urlTemplate":"http:\/\/esponsorama.ad\/es\/?s={search_term_string}"},"query-input":{"@type":"PropertyValueSpecification","valueRequired":true,"valueName":"search_term_string"}}],"inLanguage":"es"},{"@type":"Person","@id":"http:\/\/esponsorama.ad\/es\/#\/schema\/person\/a5cde74945183d737066e46b61c6f9c4","name":"Xavi Andornet","image":{"@type":"ImageObject","inLanguage":"es","@id":"http:\/\/esponsorama.ad\/es\/#\/schema\/person\/image\/","url":"https:\/\/secure.gravatar.com\/avatar\/f10eaf9ad601244a2357c9fd7cd9805ed166cfaaf76d5d9ab08a9d873e70147a?s=96&d=mm&r=g","contentUrl":"https:\/\/secure.gravatar.com\/avatar\/f10eaf9ad601244a2357c9fd7cd9805ed166cfaaf76d5d9ab08a9d873e70147a?s=96&d=mm&r=g","caption":"Xavi Andornet"},"sameAs":["http:\/\/www.andornet.ad"],"url":"http:\/\/esponsorama.ad\/es\/author\/andornet\/"}]}},"_links":{"self":[{"href":"http:\/\/esponsorama.ad\/es\/wp-json\/wp\/v2\/posts\/18162","targetHints":{"allow":["GET"]}}],"collection":[{"href":"http:\/\/esponsorama.ad\/es\/wp-json\/wp\/v2\/posts"}],"about":[{"href":"http:\/\/esponsorama.ad\/es\/wp-json\/wp\/v2\/types\/post"}],"author":[{"embeddable":true,"href":"http:\/\/esponsorama.ad\/es\/wp-json\/wp\/v2\/users\/6"}],"replies":[{"embeddable":true,"href":"http:\/\/esponsorama.ad\/es\/wp-json\/wp\/v2\/comments?post=18162"}],"version-history":[{"count":1,"href":"http:\/\/esponsorama.ad\/es\/wp-json\/wp\/v2\/posts\/18162\/revisions"}],"predecessor-version":[{"id":18166,"href":"http:\/\/esponsorama.ad\/es\/wp-json\/wp\/v2\/posts\/18162\/revisions\/18166"}],"wp:featuredmedia":[{"embeddable":true,"href":"http:\/\/esponsorama.ad\/es\/wp-json\/wp\/v2\/media\/18165"}],"wp:attachment":[{"href":"http:\/\/esponsorama.ad\/es\/wp-json\/wp\/v2\/media?parent=18162"}],"wp:term":[{"taxonomy":"category","embeddable":true,"href":"http:\/\/esponsorama.ad\/es\/wp-json\/wp\/v2\/categories?post=18162"},{"taxonomy":"post_tag","embeddable":true,"href":"http:\/\/esponsorama.ad\/es\/wp-json\/wp\/v2\/tags?post=18162"}],"curies":[{"name":"wp","href":"https:\/\/api.w.org\/{rel}","templated":true}]}}