{"id":18231,"date":"2021-09-16T17:18:32","date_gmt":"2021-09-16T15:18:32","guid":{"rendered":"http:\/\/esponsorama.ad\/?p=18231"},"modified":"2021-09-16T17:20:16","modified_gmt":"2021-09-16T15:20:16","slug":"bastianini-marini-afrontan-misano-gran-premio-casa","status":"publish","type":"post","link":"http:\/\/esponsorama.ad\/es\/bastianini-marini-afrontan-misano-gran-premio-casa\/","title":{"rendered":"BASTIANINI Y MARINI AFRONTAN EN MISANO SU GRAN PREMIO DE CASA"},"content":{"rendered":"<p>El Avintia Esponsorama y el Sky VR46 Avintia aterrizan este fin de semana en el Misano World Circuit Marco Simoncelli, donde se disputar\u00e1 la 14\u00aa cita del calendario, el Gran Premio Octo di San Marino e della Riviera di Rimini.<\/p>\n<p>Enea Bastianini llega a Misano 16\u00ba en la clasificaci\u00f3n general con 45 puntos y tras conseguir en MotorLand Arag\u00f3n el mejor resultado desde su debut en la categor\u00eda reina. El italiano quiere repetir otra buena actuaci\u00f3n delante de su afici\u00f3n para seguir sumando puntos importantes de cara a la clasificaci\u00f3n.<\/p>\n<p>Por su parte, Luca Marini es 20\u00ba con 28 puntos. El piloto del Sky VR46 Avintia, que tuvo un fin de semana complicado en Arag\u00f3n, quiere recuperar las buenas sensaciones este fin de semana y conseguir en su gran premio de casa un buen resultado.<\/p>\n<p>El viernes a las 9:55 comenzar\u00e1 el primer entrenamiento libre de la categor\u00eda de MotoGP del Gran Premio Octo di San Marino e della Riviera di Rimini.<\/p>\n<p>\t\t\t\t\t<div class=\"rider-short\">\n\t\t\t\t<a href=\"http:\/\/esponsorama.ad\/es\/piloto\/enea-bastianini\/\"><img loading=\"lazy\" decoding=\"async\" width=\"300\" height=\"300\" src=\"http:\/\/esponsorama.ad\/wp-content\/uploads\/2021\/02\/dorsal-bastianini-gris-300x300.png\" class=\"attachment-medium size-medium\" alt=\"\" srcset=\"http:\/\/esponsorama.ad\/wp-content\/uploads\/2021\/02\/dorsal-bastianini-gris-300x300.png 300w, http:\/\/esponsorama.ad\/wp-content\/uploads\/2021\/02\/dorsal-bastianini-gris-150x150.png 150w, http:\/\/esponsorama.ad\/wp-content\/uploads\/2021\/02\/dorsal-bastianini-gris.png 500w\" sizes=\"auto, (max-width: 300px) 100vw, 300px\" \/><\/a><div class=\"info\"><h3><a href=\"http:\/\/esponsorama.ad\/es\/piloto\/enea-bastianini\/\">Enea Bastianini<\/a><\/h3><div class=\"rrss\"><a target=\"_blank\" href=\"https:\/\/www.eneabastianini.it\/en\/\"><i class=\"fa fa-link\"><\/i><\/a><a target=\"_blank\" href=\"https:\/\/www.facebook.com\/Bestia33\"><i class=\"fa fa-facebook\"><\/i><\/a><a target=\"_blank\" href=\"https:\/\/twitter.com\/eneabastianini\"><i class=\"fa fa-twitter\"><\/i><\/a><a target=\"_blank\" href=\"https:\/\/www.instagram.com\/eneabastianini\/?hl=es\"><i class=\"fa fa-instagram\"><\/i><\/a><\/div><\/div>\t\t\t\t\t<\/div>\n\t\t\t\t<br \/>\n\u201cEstamos en el gran premio de casa. Venimos de una muy buena carrera en Arag\u00f3n, donde terminamos en una excelente 6\u00aa posici\u00f3n. Misano es obviamente un circuito que conozco muy bien y est\u00e1 a 10 minutos de mi casa. Este fin de semana me gustar\u00eda seguir como lo hicimos en la \u00faltima carrera y desde luego que ser\u00e1 un gran premio muy especial. Intentaremos ir r\u00e1pidos desde el principio para repetir otro buen resultado.\u201d <\/p>\n<p>\t\t\t\t\t<div class=\"rider-short\">\n\t\t\t\t<a href=\"http:\/\/esponsorama.ad\/es\/piloto\/luca-marini\/\"><img loading=\"lazy\" decoding=\"async\" width=\"300\" height=\"300\" src=\"http:\/\/esponsorama.ad\/wp-content\/uploads\/2021\/02\/dorsal-marini-gris-300x300.png\" class=\"attachment-medium size-medium\" alt=\"\" srcset=\"http:\/\/esponsorama.ad\/wp-content\/uploads\/2021\/02\/dorsal-marini-gris-300x300.png 300w, http:\/\/esponsorama.ad\/wp-content\/uploads\/2021\/02\/dorsal-marini-gris-150x150.png 150w, http:\/\/esponsorama.ad\/wp-content\/uploads\/2021\/02\/dorsal-marini-gris.png 500w\" sizes=\"auto, (max-width: 300px) 100vw, 300px\" \/><\/a><div class=\"info\"><h3><a href=\"http:\/\/esponsorama.ad\/es\/piloto\/luca-marini\/\">Luca Marini<\/a><\/h3><div class=\"rrss\"><a target=\"_blank\" href=\"https:\/\/www.facebook.com\/LucaMariniLM97Official\/\"><i class=\"fa fa-facebook\"><\/i><\/a><a target=\"_blank\" href=\"https:\/\/twitter.com\/Luca_Marini_97\"><i class=\"fa fa-twitter\"><\/i><\/a><a target=\"_blank\" href=\"https:\/\/www.instagram.com\/luca_marini_97\/?hl=es\"><i class=\"fa fa-instagram\"><\/i><\/a><\/div><\/div>\t\t\t\t\t<\/div>\n\t\t\t\t<br \/>\n\u201cEl Gran Premio de Misano ser\u00e1 un fin de semana especial por muchas razones, sin duda uno de los m\u00e1s emocionantes de toda la temporada. Trabajaremos duro para que sea una de las mejores carreras del a\u00f1o. Quiero divertirme y entretener al p\u00fablico en las gradas.\u201d<\/p>\n","protected":false},"excerpt":{"rendered":"<p>El Avintia Esponsorama y el Sky VR46 Avintia aterrizan este fin de semana en el Misano World Circuit Marco Simoncelli, donde se disputar\u00e1 la 14\u00aa cita del calendario, el Gran Premio Octo di San Marino e della Riviera di Rimini. Enea Bastianini llega a Misano 16\u00ba en la clasificaci\u00f3n general con 45 puntos y tras [&hellip;]<\/p>\n","protected":false},"author":6,"featured_media":18237,"comment_status":"closed","ping_status":"closed","sticky":false,"template":"","format":"standard","meta":{"footnotes":""},"categories":[3],"tags":[],"class_list":["post-18231","post","type-post","status-publish","format-standard","has-post-thumbnail","hentry","category-motogp"],"yoast_head":"<!-- This site is optimized with the Yoast SEO plugin v27.1.1 - https:\/\/yoast.com\/product\/yoast-seo-wordpress\/ -->\n<title>BASTIANINI Y MARINI AFRONTAN EN MISANO SU GRAN PREMIO DE CASA - Esponsorama<\/title>\n<meta name=\"robots\" content=\"index, follow, max-snippet:-1, max-image-preview:large, max-video-preview:-1\" \/>\n<link rel=\"canonical\" href=\"http:\/\/esponsorama.ad\/es\/bastianini-marini-afrontan-misano-gran-premio-casa\/\" \/>\n<meta property=\"og:locale\" content=\"es_ES\" \/>\n<meta property=\"og:type\" content=\"article\" \/>\n<meta property=\"og:title\" content=\"BASTIANINI Y MARINI AFRONTAN EN MISANO SU GRAN PREMIO DE CASA - Esponsorama\" \/>\n<meta property=\"og:description\" content=\"El Avintia Esponsorama y el Sky VR46 Avintia aterrizan este fin de semana en el Misano World Circuit Marco Simoncelli, donde se disputar\u00e1 la 14\u00aa cita del calendario, el Gran Premio Octo di San Marino e della Riviera di Rimini. Enea Bastianini llega a Misano 16\u00ba en la clasificaci\u00f3n general con 45 puntos y tras [&hellip;]\" \/>\n<meta property=\"og:url\" content=\"http:\/\/esponsorama.ad\/es\/bastianini-marini-afrontan-misano-gran-premio-casa\/\" \/>\n<meta property=\"og:site_name\" content=\"Esponsorama\" \/>\n<meta property=\"article:published_time\" content=\"2021-09-16T15:18:32+00:00\" \/>\n<meta property=\"article:modified_time\" content=\"2021-09-16T15:20:16+00:00\" \/>\n<meta property=\"og:image\" content=\"http:\/\/esponsorama.ad\/wp-content\/uploads\/2021\/09\/af60c91c-2a3e-4b78-c363-da6c3e388b85.jpg\" \/>\n\t<meta property=\"og:image:width\" content=\"4567\" \/>\n\t<meta property=\"og:image:height\" content=\"3045\" \/>\n\t<meta property=\"og:image:type\" content=\"image\/jpeg\" \/>\n<meta name=\"author\" content=\"Xavi Andornet\" \/>\n<meta name=\"twitter:card\" content=\"summary_large_image\" \/>\n<meta name=\"twitter:label1\" content=\"Escrito por\" \/>\n\t<meta name=\"twitter:data1\" content=\"Xavi Andornet\" \/>\n\t<meta name=\"twitter:label2\" content=\"Tiempo de lectura\" \/>\n\t<meta name=\"twitter:data2\" content=\"1 minuto\" \/>\n<script type=\"application\/ld+json\" class=\"yoast-schema-graph\">{\"@context\":\"https:\/\/schema.org\",\"@graph\":[{\"@type\":\"Article\",\"@id\":\"http:\/\/esponsorama.ad\/es\/bastianini-marini-afrontan-misano-gran-premio-casa\/#article\",\"isPartOf\":{\"@id\":\"http:\/\/esponsorama.ad\/es\/bastianini-marini-afrontan-misano-gran-premio-casa\/\"},\"author\":{\"name\":\"Xavi Andornet\",\"@id\":\"http:\/\/esponsorama.ad\/es\/#\/schema\/person\/a5cde74945183d737066e46b61c6f9c4\"},\"headline\":\"BASTIANINI Y MARINI AFRONTAN EN MISANO SU GRAN PREMIO DE CASA\",\"datePublished\":\"2021-09-16T15:18:32+00:00\",\"dateModified\":\"2021-09-16T15:20:16+00:00\",\"mainEntityOfPage\":{\"@id\":\"http:\/\/esponsorama.ad\/es\/bastianini-marini-afrontan-misano-gran-premio-casa\/\"},\"wordCount\":304,\"image\":{\"@id\":\"http:\/\/esponsorama.ad\/es\/bastianini-marini-afrontan-misano-gran-premio-casa\/#primaryimage\"},\"thumbnailUrl\":\"http:\/\/esponsorama.ad\/wp-content\/uploads\/2021\/09\/af60c91c-2a3e-4b78-c363-da6c3e388b85.jpg\",\"articleSection\":[\"MotoGP\"],\"inLanguage\":\"es\"},{\"@type\":\"WebPage\",\"@id\":\"http:\/\/esponsorama.ad\/es\/bastianini-marini-afrontan-misano-gran-premio-casa\/\",\"url\":\"http:\/\/esponsorama.ad\/es\/bastianini-marini-afrontan-misano-gran-premio-casa\/\",\"name\":\"BASTIANINI Y MARINI AFRONTAN EN MISANO SU GRAN PREMIO DE CASA - Esponsorama\",\"isPartOf\":{\"@id\":\"http:\/\/esponsorama.ad\/es\/#website\"},\"primaryImageOfPage\":{\"@id\":\"http:\/\/esponsorama.ad\/es\/bastianini-marini-afrontan-misano-gran-premio-casa\/#primaryimage\"},\"image\":{\"@id\":\"http:\/\/esponsorama.ad\/es\/bastianini-marini-afrontan-misano-gran-premio-casa\/#primaryimage\"},\"thumbnailUrl\":\"http:\/\/esponsorama.ad\/wp-content\/uploads\/2021\/09\/af60c91c-2a3e-4b78-c363-da6c3e388b85.jpg\",\"datePublished\":\"2021-09-16T15:18:32+00:00\",\"dateModified\":\"2021-09-16T15:20:16+00:00\",\"author\":{\"@id\":\"http:\/\/esponsorama.ad\/es\/#\/schema\/person\/a5cde74945183d737066e46b61c6f9c4\"},\"breadcrumb\":{\"@id\":\"http:\/\/esponsorama.ad\/es\/bastianini-marini-afrontan-misano-gran-premio-casa\/#breadcrumb\"},\"inLanguage\":\"es\",\"potentialAction\":[{\"@type\":\"ReadAction\",\"target\":[\"http:\/\/esponsorama.ad\/es\/bastianini-marini-afrontan-misano-gran-premio-casa\/\"]}]},{\"@type\":\"ImageObject\",\"inLanguage\":\"es\",\"@id\":\"http:\/\/esponsorama.ad\/es\/bastianini-marini-afrontan-misano-gran-premio-casa\/#primaryimage\",\"url\":\"http:\/\/esponsorama.ad\/wp-content\/uploads\/2021\/09\/af60c91c-2a3e-4b78-c363-da6c3e388b85.jpg\",\"contentUrl\":\"http:\/\/esponsorama.ad\/wp-content\/uploads\/2021\/09\/af60c91c-2a3e-4b78-c363-da6c3e388b85.jpg\",\"width\":4567,\"height\":3045,\"caption\":\"Enea Bastianini, Aragon MotoGP, 10 September 2021\"},{\"@type\":\"BreadcrumbList\",\"@id\":\"http:\/\/esponsorama.ad\/es\/bastianini-marini-afrontan-misano-gran-premio-casa\/#breadcrumb\",\"itemListElement\":[{\"@type\":\"ListItem\",\"position\":1,\"name\":\"Home\",\"item\":\"http:\/\/esponsorama.ad\/es\/\"},{\"@type\":\"ListItem\",\"position\":2,\"name\":\"BASTIANINI Y MARINI AFRONTAN EN MISANO SU GRAN PREMIO DE CASA\"}]},{\"@type\":\"WebSite\",\"@id\":\"http:\/\/esponsorama.ad\/es\/#website\",\"url\":\"http:\/\/esponsorama.ad\/es\/\",\"name\":\"Esponsorama\",\"description\":\"Specialist in motorsport sponsorship and event promotions\",\"potentialAction\":[{\"@type\":\"SearchAction\",\"target\":{\"@type\":\"EntryPoint\",\"urlTemplate\":\"http:\/\/esponsorama.ad\/es\/?s={search_term_string}\"},\"query-input\":{\"@type\":\"PropertyValueSpecification\",\"valueRequired\":true,\"valueName\":\"search_term_string\"}}],\"inLanguage\":\"es\"},{\"@type\":\"Person\",\"@id\":\"http:\/\/esponsorama.ad\/es\/#\/schema\/person\/a5cde74945183d737066e46b61c6f9c4\",\"name\":\"Xavi Andornet\",\"image\":{\"@type\":\"ImageObject\",\"inLanguage\":\"es\",\"@id\":\"http:\/\/esponsorama.ad\/es\/#\/schema\/person\/image\/\",\"url\":\"https:\/\/secure.gravatar.com\/avatar\/f10eaf9ad601244a2357c9fd7cd9805ed166cfaaf76d5d9ab08a9d873e70147a?s=96&d=mm&r=g\",\"contentUrl\":\"https:\/\/secure.gravatar.com\/avatar\/f10eaf9ad601244a2357c9fd7cd9805ed166cfaaf76d5d9ab08a9d873e70147a?s=96&d=mm&r=g\",\"caption\":\"Xavi Andornet\"},\"sameAs\":[\"http:\/\/www.andornet.ad\"],\"url\":\"http:\/\/esponsorama.ad\/es\/author\/andornet\/\"}]}<\/script>\n<!-- \/ Yoast SEO plugin. -->","yoast_head_json":{"title":"BASTIANINI Y MARINI AFRONTAN EN MISANO SU GRAN PREMIO DE CASA - Esponsorama","robots":{"index":"index","follow":"follow","max-snippet":"max-snippet:-1","max-image-preview":"max-image-preview:large","max-video-preview":"max-video-preview:-1"},"canonical":"http:\/\/esponsorama.ad\/es\/bastianini-marini-afrontan-misano-gran-premio-casa\/","og_locale":"es_ES","og_type":"article","og_title":"BASTIANINI Y MARINI AFRONTAN EN MISANO SU GRAN PREMIO DE CASA - Esponsorama","og_description":"El Avintia Esponsorama y el Sky VR46 Avintia aterrizan este fin de semana en el Misano World Circuit Marco Simoncelli, donde se disputar\u00e1 la 14\u00aa cita del calendario, el Gran Premio Octo di San Marino e della Riviera di Rimini. Enea Bastianini llega a Misano 16\u00ba en la clasificaci\u00f3n general con 45 puntos y tras [&hellip;]","og_url":"http:\/\/esponsorama.ad\/es\/bastianini-marini-afrontan-misano-gran-premio-casa\/","og_site_name":"Esponsorama","article_published_time":"2021-09-16T15:18:32+00:00","article_modified_time":"2021-09-16T15:20:16+00:00","og_image":[{"width":4567,"height":3045,"url":"http:\/\/esponsorama.ad\/wp-content\/uploads\/2021\/09\/af60c91c-2a3e-4b78-c363-da6c3e388b85.jpg","type":"image\/jpeg"}],"author":"Xavi Andornet","twitter_card":"summary_large_image","twitter_misc":{"Escrito por":"Xavi Andornet","Tiempo de lectura":"1 minuto"},"schema":{"@context":"https:\/\/schema.org","@graph":[{"@type":"Article","@id":"http:\/\/esponsorama.ad\/es\/bastianini-marini-afrontan-misano-gran-premio-casa\/#article","isPartOf":{"@id":"http:\/\/esponsorama.ad\/es\/bastianini-marini-afrontan-misano-gran-premio-casa\/"},"author":{"name":"Xavi Andornet","@id":"http:\/\/esponsorama.ad\/es\/#\/schema\/person\/a5cde74945183d737066e46b61c6f9c4"},"headline":"BASTIANINI Y MARINI AFRONTAN EN MISANO SU GRAN PREMIO DE CASA","datePublished":"2021-09-16T15:18:32+00:00","dateModified":"2021-09-16T15:20:16+00:00","mainEntityOfPage":{"@id":"http:\/\/esponsorama.ad\/es\/bastianini-marini-afrontan-misano-gran-premio-casa\/"},"wordCount":304,"image":{"@id":"http:\/\/esponsorama.ad\/es\/bastianini-marini-afrontan-misano-gran-premio-casa\/#primaryimage"},"thumbnailUrl":"http:\/\/esponsorama.ad\/wp-content\/uploads\/2021\/09\/af60c91c-2a3e-4b78-c363-da6c3e388b85.jpg","articleSection":["MotoGP"],"inLanguage":"es"},{"@type":"WebPage","@id":"http:\/\/esponsorama.ad\/es\/bastianini-marini-afrontan-misano-gran-premio-casa\/","url":"http:\/\/esponsorama.ad\/es\/bastianini-marini-afrontan-misano-gran-premio-casa\/","name":"BASTIANINI Y MARINI AFRONTAN EN MISANO SU GRAN PREMIO DE CASA - Esponsorama","isPartOf":{"@id":"http:\/\/esponsorama.ad\/es\/#website"},"primaryImageOfPage":{"@id":"http:\/\/esponsorama.ad\/es\/bastianini-marini-afrontan-misano-gran-premio-casa\/#primaryimage"},"image":{"@id":"http:\/\/esponsorama.ad\/es\/bastianini-marini-afrontan-misano-gran-premio-casa\/#primaryimage"},"thumbnailUrl":"http:\/\/esponsorama.ad\/wp-content\/uploads\/2021\/09\/af60c91c-2a3e-4b78-c363-da6c3e388b85.jpg","datePublished":"2021-09-16T15:18:32+00:00","dateModified":"2021-09-16T15:20:16+00:00","author":{"@id":"http:\/\/esponsorama.ad\/es\/#\/schema\/person\/a5cde74945183d737066e46b61c6f9c4"},"breadcrumb":{"@id":"http:\/\/esponsorama.ad\/es\/bastianini-marini-afrontan-misano-gran-premio-casa\/#breadcrumb"},"inLanguage":"es","potentialAction":[{"@type":"ReadAction","target":["http:\/\/esponsorama.ad\/es\/bastianini-marini-afrontan-misano-gran-premio-casa\/"]}]},{"@type":"ImageObject","inLanguage":"es","@id":"http:\/\/esponsorama.ad\/es\/bastianini-marini-afrontan-misano-gran-premio-casa\/#primaryimage","url":"http:\/\/esponsorama.ad\/wp-content\/uploads\/2021\/09\/af60c91c-2a3e-4b78-c363-da6c3e388b85.jpg","contentUrl":"http:\/\/esponsorama.ad\/wp-content\/uploads\/2021\/09\/af60c91c-2a3e-4b78-c363-da6c3e388b85.jpg","width":4567,"height":3045,"caption":"Enea Bastianini, Aragon MotoGP, 10 September 2021"},{"@type":"BreadcrumbList","@id":"http:\/\/esponsorama.ad\/es\/bastianini-marini-afrontan-misano-gran-premio-casa\/#breadcrumb","itemListElement":[{"@type":"ListItem","position":1,"name":"Home","item":"http:\/\/esponsorama.ad\/es\/"},{"@type":"ListItem","position":2,"name":"BASTIANINI Y MARINI AFRONTAN EN MISANO SU GRAN PREMIO DE CASA"}]},{"@type":"WebSite","@id":"http:\/\/esponsorama.ad\/es\/#website","url":"http:\/\/esponsorama.ad\/es\/","name":"Esponsorama","description":"Specialist in motorsport sponsorship and event promotions","potentialAction":[{"@type":"SearchAction","target":{"@type":"EntryPoint","urlTemplate":"http:\/\/esponsorama.ad\/es\/?s={search_term_string}"},"query-input":{"@type":"PropertyValueSpecification","valueRequired":true,"valueName":"search_term_string"}}],"inLanguage":"es"},{"@type":"Person","@id":"http:\/\/esponsorama.ad\/es\/#\/schema\/person\/a5cde74945183d737066e46b61c6f9c4","name":"Xavi Andornet","image":{"@type":"ImageObject","inLanguage":"es","@id":"http:\/\/esponsorama.ad\/es\/#\/schema\/person\/image\/","url":"https:\/\/secure.gravatar.com\/avatar\/f10eaf9ad601244a2357c9fd7cd9805ed166cfaaf76d5d9ab08a9d873e70147a?s=96&d=mm&r=g","contentUrl":"https:\/\/secure.gravatar.com\/avatar\/f10eaf9ad601244a2357c9fd7cd9805ed166cfaaf76d5d9ab08a9d873e70147a?s=96&d=mm&r=g","caption":"Xavi Andornet"},"sameAs":["http:\/\/www.andornet.ad"],"url":"http:\/\/esponsorama.ad\/es\/author\/andornet\/"}]}},"_links":{"self":[{"href":"http:\/\/esponsorama.ad\/es\/wp-json\/wp\/v2\/posts\/18231","targetHints":{"allow":["GET"]}}],"collection":[{"href":"http:\/\/esponsorama.ad\/es\/wp-json\/wp\/v2\/posts"}],"about":[{"href":"http:\/\/esponsorama.ad\/es\/wp-json\/wp\/v2\/types\/post"}],"author":[{"embeddable":true,"href":"http:\/\/esponsorama.ad\/es\/wp-json\/wp\/v2\/users\/6"}],"replies":[{"embeddable":true,"href":"http:\/\/esponsorama.ad\/es\/wp-json\/wp\/v2\/comments?post=18231"}],"version-history":[{"count":1,"href":"http:\/\/esponsorama.ad\/es\/wp-json\/wp\/v2\/posts\/18231\/revisions"}],"predecessor-version":[{"id":18232,"href":"http:\/\/esponsorama.ad\/es\/wp-json\/wp\/v2\/posts\/18231\/revisions\/18232"}],"wp:featuredmedia":[{"embeddable":true,"href":"http:\/\/esponsorama.ad\/es\/wp-json\/wp\/v2\/media\/18237"}],"wp:attachment":[{"href":"http:\/\/esponsorama.ad\/es\/wp-json\/wp\/v2\/media?parent=18231"}],"wp:term":[{"taxonomy":"category","embeddable":true,"href":"http:\/\/esponsorama.ad\/es\/wp-json\/wp\/v2\/categories?post=18231"},{"taxonomy":"post_tag","embeddable":true,"href":"http:\/\/esponsorama.ad\/es\/wp-json\/wp\/v2\/tags?post=18231"}],"curies":[{"name":"wp","href":"https:\/\/api.w.org\/{rel}","templated":true}]}}