{"id":18275,"date":"2021-09-17T18:04:40","date_gmt":"2021-09-17T16:04:40","guid":{"rendered":"http:\/\/esponsorama.ad\/?p=18275"},"modified":"2021-09-17T18:06:14","modified_gmt":"2021-09-17T16:06:14","slug":"primera-toma-contacto-cardelus-pires-misano","status":"publish","type":"post","link":"http:\/\/esponsorama.ad\/es\/primera-toma-contacto-cardelus-pires-misano\/","title":{"rendered":"PRIMERA TOMA DE CONTACTO DE CARDEL\u00daS Y PIRES CON MISANO"},"content":{"rendered":"<p>Los pilotos del Avintia Esponsorama Racing han disputado en el Misano World Circuit Marco Simoncelli los dos primeros entrenamientos libres del Gran Premio Octo di San Marino e della Riviera di Rimini, donde la lluvia ha hecho acto de presencia por la tarde.<\/p>\n<p>Xavi Cardel\u00fas ha sido el 13\u00ba en la clasificaci\u00f3n combinada con un tiempo de 1:46.033, conseguido en la sesi\u00f3n matinal. Por la tarde con la pista mojada, el piloto andorrano ha marcado el 7\u00ba mejor registro de la sesi\u00f3n.<\/p>\n<p>Andr\u00e9 Pires ha rodado por primera vez en el circuito de Misano. El piloto portugu\u00e9s ha acabado 18\u00ba en la clasificaci\u00f3n combinada y, al igual que el resto de pilotos, ha conseguido su mejor tiempo por la ma\u00f1ana, parando el cron\u00f3metro en 1:58.513.<\/p>\n<p>Ma\u00f1ana a las 11:45, Cardel\u00fas y Pires buscar\u00e1n de conseguir una buena posici\u00f3n en la E-Pole del Misano World Circuit Marco Simoncelli y, por la tarde a partir de las 16:20, dar\u00e1 comienzo la primera carrera de las dos que se disputar\u00e1n este fin de semana.<\/p>\n<p>\t\t\t\t\t<div class=\"rider-short\">\n\t\t\t\t<a href=\"http:\/\/esponsorama.ad\/es\/piloto\/xavier-cardelus\/\"><img loading=\"lazy\" decoding=\"async\" width=\"300\" height=\"300\" src=\"http:\/\/esponsorama.ad\/wp-content\/uploads\/2021\/02\/dorsal-cardelus-gris-300x300.png\" class=\"attachment-medium size-medium\" alt=\"\" srcset=\"http:\/\/esponsorama.ad\/wp-content\/uploads\/2021\/02\/dorsal-cardelus-gris-300x300.png 300w, http:\/\/esponsorama.ad\/wp-content\/uploads\/2021\/02\/dorsal-cardelus-gris-150x150.png 150w, http:\/\/esponsorama.ad\/wp-content\/uploads\/2021\/02\/dorsal-cardelus-gris.png 500w\" sizes=\"auto, (max-width: 300px) 100vw, 300px\" \/><\/a><div class=\"info\"><h3><a href=\"http:\/\/esponsorama.ad\/es\/piloto\/xavier-cardelus\/\">Xavier Cardel\u00fas<\/a><\/h3><div class=\"rrss\"><a target=\"_blank\" href=\"https:\/\/twitter.com\/xavicardelus\"><i class=\"fa fa-twitter\"><\/i><\/a><a target=\"_blank\" href=\"https:\/\/www.instagram.com\/xavicardelus\/\"><i class=\"fa fa-instagram\"><\/i><\/a><\/div><\/div>\t\t\t\t\t<\/div>\n\t\t\t\t<br \/>\n\u201cHa sido una ma\u00f1ana complicada, pero por la tarde me he sentido mejor. Como siempre en lluvia, tengo buenas sensaciones que me permiten ser r\u00e1pido. En condiciones de seco, a\u00fan necesitamos mejorar ya que la configuraci\u00f3n de la moto no ha sido del todo buena, pero es algo normal en el FP1. Ma\u00f1ana si podemos mejorar algunos aspectos de la moto y yo ser un poco m\u00e1s r\u00e1pido, daremos un gran paso adelante. Espero que la E-Pole sea en mojado para estar lo m\u00e1s arriba posible.\u201d<\/p>\n<p>\t\t\t\t\t<div class=\"rider-short\">\n\t\t\t\t<a href=\"http:\/\/esponsorama.ad\/es\/piloto\/andre-pires\/\"><img loading=\"lazy\" decoding=\"async\" width=\"300\" height=\"300\" src=\"http:\/\/esponsorama.ad\/wp-content\/uploads\/2021\/02\/dorsal-pires-gris-300x300.png\" class=\"attachment-medium size-medium\" alt=\"\" srcset=\"http:\/\/esponsorama.ad\/wp-content\/uploads\/2021\/02\/dorsal-pires-gris-300x300.png 300w, http:\/\/esponsorama.ad\/wp-content\/uploads\/2021\/02\/dorsal-pires-gris-150x150.png 150w, http:\/\/esponsorama.ad\/wp-content\/uploads\/2021\/02\/dorsal-pires-gris.png 500w\" sizes=\"auto, (max-width: 300px) 100vw, 300px\" \/><\/a><div class=\"info\"><h3><a href=\"http:\/\/esponsorama.ad\/es\/piloto\/andre-pires\/\">Andr\u00e9 Pires<\/a><\/h3><div class=\"rrss\"><a target=\"_blank\" href=\"https:\/\/www.instagram.com\/andrepires14\/?hl=es\"><i class=\"fa fa-instagram\"><\/i><\/a><\/div><\/div>\t\t\t\t\t<\/div>\n\t\t\t\t<br \/>\n\u201cPrimer d\u00eda terminado. Hoy he conocido por primera vez este circuito y me est\u00e1 gustando. El segundo entrenamiento libre ha sido con lluvia y vuelta a vuelta me he ido sintiendo mejor con la moto. Ha sido un buen viernes.\u201d<\/p>\n","protected":false},"excerpt":{"rendered":"<p>Los pilotos del Avintia Esponsorama Racing han disputado en el Misano World Circuit Marco Simoncelli los dos primeros entrenamientos libres del Gran Premio Octo di San Marino e della Riviera di Rimini, donde la lluvia ha hecho acto de presencia por la tarde. Xavi Cardel\u00fas ha sido el 13\u00ba en la clasificaci\u00f3n combinada con un [&hellip;]<\/p>\n","protected":false},"author":6,"featured_media":18280,"comment_status":"closed","ping_status":"closed","sticky":false,"template":"","format":"standard","meta":{"footnotes":""},"categories":[21],"tags":[],"class_list":["post-18275","post","type-post","status-publish","format-standard","has-post-thumbnail","hentry","category-motoe"],"yoast_head":"<!-- This site is optimized with the Yoast SEO plugin v27.1.1 - https:\/\/yoast.com\/product\/yoast-seo-wordpress\/ -->\n<title>PRIMERA TOMA DE CONTACTO DE CARDEL\u00daS Y PIRES CON MISANO - Esponsorama<\/title>\n<meta name=\"robots\" content=\"index, follow, max-snippet:-1, max-image-preview:large, max-video-preview:-1\" \/>\n<link rel=\"canonical\" href=\"http:\/\/esponsorama.ad\/es\/primera-toma-contacto-cardelus-pires-misano\/\" \/>\n<meta property=\"og:locale\" content=\"es_ES\" \/>\n<meta property=\"og:type\" content=\"article\" \/>\n<meta property=\"og:title\" content=\"PRIMERA TOMA DE CONTACTO DE CARDEL\u00daS Y PIRES CON MISANO - Esponsorama\" \/>\n<meta property=\"og:description\" content=\"Los pilotos del Avintia Esponsorama Racing han disputado en el Misano World Circuit Marco Simoncelli los dos primeros entrenamientos libres del Gran Premio Octo di San Marino e della Riviera di Rimini, donde la lluvia ha hecho acto de presencia por la tarde. Xavi Cardel\u00fas ha sido el 13\u00ba en la clasificaci\u00f3n combinada con un [&hellip;]\" \/>\n<meta property=\"og:url\" content=\"http:\/\/esponsorama.ad\/es\/primera-toma-contacto-cardelus-pires-misano\/\" \/>\n<meta property=\"og:site_name\" content=\"Esponsorama\" \/>\n<meta property=\"article:published_time\" content=\"2021-09-17T16:04:40+00:00\" \/>\n<meta property=\"article:modified_time\" content=\"2021-09-17T16:06:14+00:00\" \/>\n<meta property=\"og:image\" content=\"http:\/\/esponsorama.ad\/wp-content\/uploads\/2021\/09\/f2b593db-fb5f-485e-77c8-17fa8e41a638.jpg\" \/>\n\t<meta property=\"og:image:width\" content=\"2341\" \/>\n\t<meta property=\"og:image:height\" content=\"1561\" \/>\n\t<meta property=\"og:image:type\" content=\"image\/jpeg\" \/>\n<meta name=\"author\" content=\"Xavi Andornet\" \/>\n<meta name=\"twitter:card\" content=\"summary_large_image\" \/>\n<meta name=\"twitter:label1\" content=\"Escrito por\" \/>\n\t<meta name=\"twitter:data1\" content=\"Xavi Andornet\" \/>\n\t<meta name=\"twitter:label2\" content=\"Tiempo de lectura\" \/>\n\t<meta name=\"twitter:data2\" content=\"2 minutos\" \/>\n<script type=\"application\/ld+json\" class=\"yoast-schema-graph\">{\"@context\":\"https:\/\/schema.org\",\"@graph\":[{\"@type\":\"Article\",\"@id\":\"http:\/\/esponsorama.ad\/es\/primera-toma-contacto-cardelus-pires-misano\/#article\",\"isPartOf\":{\"@id\":\"http:\/\/esponsorama.ad\/es\/primera-toma-contacto-cardelus-pires-misano\/\"},\"author\":{\"name\":\"Xavi Andornet\",\"@id\":\"http:\/\/esponsorama.ad\/es\/#\/schema\/person\/a5cde74945183d737066e46b61c6f9c4\"},\"headline\":\"PRIMERA TOMA DE CONTACTO DE CARDEL\u00daS Y PIRES CON MISANO\",\"datePublished\":\"2021-09-17T16:04:40+00:00\",\"dateModified\":\"2021-09-17T16:06:14+00:00\",\"mainEntityOfPage\":{\"@id\":\"http:\/\/esponsorama.ad\/es\/primera-toma-contacto-cardelus-pires-misano\/\"},\"wordCount\":327,\"image\":{\"@id\":\"http:\/\/esponsorama.ad\/es\/primera-toma-contacto-cardelus-pires-misano\/#primaryimage\"},\"thumbnailUrl\":\"http:\/\/esponsorama.ad\/wp-content\/uploads\/2021\/09\/f2b593db-fb5f-485e-77c8-17fa8e41a638.jpg\",\"articleSection\":[\"MotoE\"],\"inLanguage\":\"es\"},{\"@type\":\"WebPage\",\"@id\":\"http:\/\/esponsorama.ad\/es\/primera-toma-contacto-cardelus-pires-misano\/\",\"url\":\"http:\/\/esponsorama.ad\/es\/primera-toma-contacto-cardelus-pires-misano\/\",\"name\":\"PRIMERA TOMA DE CONTACTO DE CARDEL\u00daS Y PIRES CON MISANO - Esponsorama\",\"isPartOf\":{\"@id\":\"http:\/\/esponsorama.ad\/es\/#website\"},\"primaryImageOfPage\":{\"@id\":\"http:\/\/esponsorama.ad\/es\/primera-toma-contacto-cardelus-pires-misano\/#primaryimage\"},\"image\":{\"@id\":\"http:\/\/esponsorama.ad\/es\/primera-toma-contacto-cardelus-pires-misano\/#primaryimage\"},\"thumbnailUrl\":\"http:\/\/esponsorama.ad\/wp-content\/uploads\/2021\/09\/f2b593db-fb5f-485e-77c8-17fa8e41a638.jpg\",\"datePublished\":\"2021-09-17T16:04:40+00:00\",\"dateModified\":\"2021-09-17T16:06:14+00:00\",\"author\":{\"@id\":\"http:\/\/esponsorama.ad\/es\/#\/schema\/person\/a5cde74945183d737066e46b61c6f9c4\"},\"breadcrumb\":{\"@id\":\"http:\/\/esponsorama.ad\/es\/primera-toma-contacto-cardelus-pires-misano\/#breadcrumb\"},\"inLanguage\":\"es\",\"potentialAction\":[{\"@type\":\"ReadAction\",\"target\":[\"http:\/\/esponsorama.ad\/es\/primera-toma-contacto-cardelus-pires-misano\/\"]}]},{\"@type\":\"ImageObject\",\"inLanguage\":\"es\",\"@id\":\"http:\/\/esponsorama.ad\/es\/primera-toma-contacto-cardelus-pires-misano\/#primaryimage\",\"url\":\"http:\/\/esponsorama.ad\/wp-content\/uploads\/2021\/09\/f2b593db-fb5f-485e-77c8-17fa8e41a638.jpg\",\"contentUrl\":\"http:\/\/esponsorama.ad\/wp-content\/uploads\/2021\/09\/f2b593db-fb5f-485e-77c8-17fa8e41a638.jpg\",\"width\":2341,\"height\":1561,\"caption\":\"Xavi Cardelus, MotoE, San Marino MotoGP, 17 September 2021\"},{\"@type\":\"BreadcrumbList\",\"@id\":\"http:\/\/esponsorama.ad\/es\/primera-toma-contacto-cardelus-pires-misano\/#breadcrumb\",\"itemListElement\":[{\"@type\":\"ListItem\",\"position\":1,\"name\":\"Home\",\"item\":\"http:\/\/esponsorama.ad\/en\/\"},{\"@type\":\"ListItem\",\"position\":2,\"name\":\"PRIMERA TOMA DE CONTACTO DE CARDEL\u00daS Y PIRES CON MISANO\"}]},{\"@type\":\"WebSite\",\"@id\":\"http:\/\/esponsorama.ad\/es\/#website\",\"url\":\"http:\/\/esponsorama.ad\/es\/\",\"name\":\"Esponsorama\",\"description\":\"Specialist in motorsport sponsorship and event promotions\",\"potentialAction\":[{\"@type\":\"SearchAction\",\"target\":{\"@type\":\"EntryPoint\",\"urlTemplate\":\"http:\/\/esponsorama.ad\/es\/?s={search_term_string}\"},\"query-input\":{\"@type\":\"PropertyValueSpecification\",\"valueRequired\":true,\"valueName\":\"search_term_string\"}}],\"inLanguage\":\"es\"},{\"@type\":\"Person\",\"@id\":\"http:\/\/esponsorama.ad\/es\/#\/schema\/person\/a5cde74945183d737066e46b61c6f9c4\",\"name\":\"Xavi Andornet\",\"image\":{\"@type\":\"ImageObject\",\"inLanguage\":\"es\",\"@id\":\"http:\/\/esponsorama.ad\/es\/#\/schema\/person\/image\/\",\"url\":\"https:\/\/secure.gravatar.com\/avatar\/f10eaf9ad601244a2357c9fd7cd9805ed166cfaaf76d5d9ab08a9d873e70147a?s=96&d=mm&r=g\",\"contentUrl\":\"https:\/\/secure.gravatar.com\/avatar\/f10eaf9ad601244a2357c9fd7cd9805ed166cfaaf76d5d9ab08a9d873e70147a?s=96&d=mm&r=g\",\"caption\":\"Xavi Andornet\"},\"sameAs\":[\"http:\/\/www.andornet.ad\"],\"url\":\"http:\/\/esponsorama.ad\/es\/author\/andornet\/\"}]}<\/script>\n<!-- \/ Yoast SEO plugin. -->","yoast_head_json":{"title":"PRIMERA TOMA DE CONTACTO DE CARDEL\u00daS Y PIRES CON MISANO - Esponsorama","robots":{"index":"index","follow":"follow","max-snippet":"max-snippet:-1","max-image-preview":"max-image-preview:large","max-video-preview":"max-video-preview:-1"},"canonical":"http:\/\/esponsorama.ad\/es\/primera-toma-contacto-cardelus-pires-misano\/","og_locale":"es_ES","og_type":"article","og_title":"PRIMERA TOMA DE CONTACTO DE CARDEL\u00daS Y PIRES CON MISANO - Esponsorama","og_description":"Los pilotos del Avintia Esponsorama Racing han disputado en el Misano World Circuit Marco Simoncelli los dos primeros entrenamientos libres del Gran Premio Octo di San Marino e della Riviera di Rimini, donde la lluvia ha hecho acto de presencia por la tarde. Xavi Cardel\u00fas ha sido el 13\u00ba en la clasificaci\u00f3n combinada con un [&hellip;]","og_url":"http:\/\/esponsorama.ad\/es\/primera-toma-contacto-cardelus-pires-misano\/","og_site_name":"Esponsorama","article_published_time":"2021-09-17T16:04:40+00:00","article_modified_time":"2021-09-17T16:06:14+00:00","og_image":[{"width":2341,"height":1561,"url":"http:\/\/esponsorama.ad\/wp-content\/uploads\/2021\/09\/f2b593db-fb5f-485e-77c8-17fa8e41a638.jpg","type":"image\/jpeg"}],"author":"Xavi Andornet","twitter_card":"summary_large_image","twitter_misc":{"Escrito por":"Xavi Andornet","Tiempo de lectura":"2 minutos"},"schema":{"@context":"https:\/\/schema.org","@graph":[{"@type":"Article","@id":"http:\/\/esponsorama.ad\/es\/primera-toma-contacto-cardelus-pires-misano\/#article","isPartOf":{"@id":"http:\/\/esponsorama.ad\/es\/primera-toma-contacto-cardelus-pires-misano\/"},"author":{"name":"Xavi Andornet","@id":"http:\/\/esponsorama.ad\/es\/#\/schema\/person\/a5cde74945183d737066e46b61c6f9c4"},"headline":"PRIMERA TOMA DE CONTACTO DE CARDEL\u00daS Y PIRES CON MISANO","datePublished":"2021-09-17T16:04:40+00:00","dateModified":"2021-09-17T16:06:14+00:00","mainEntityOfPage":{"@id":"http:\/\/esponsorama.ad\/es\/primera-toma-contacto-cardelus-pires-misano\/"},"wordCount":327,"image":{"@id":"http:\/\/esponsorama.ad\/es\/primera-toma-contacto-cardelus-pires-misano\/#primaryimage"},"thumbnailUrl":"http:\/\/esponsorama.ad\/wp-content\/uploads\/2021\/09\/f2b593db-fb5f-485e-77c8-17fa8e41a638.jpg","articleSection":["MotoE"],"inLanguage":"es"},{"@type":"WebPage","@id":"http:\/\/esponsorama.ad\/es\/primera-toma-contacto-cardelus-pires-misano\/","url":"http:\/\/esponsorama.ad\/es\/primera-toma-contacto-cardelus-pires-misano\/","name":"PRIMERA TOMA DE CONTACTO DE CARDEL\u00daS Y PIRES CON MISANO - Esponsorama","isPartOf":{"@id":"http:\/\/esponsorama.ad\/es\/#website"},"primaryImageOfPage":{"@id":"http:\/\/esponsorama.ad\/es\/primera-toma-contacto-cardelus-pires-misano\/#primaryimage"},"image":{"@id":"http:\/\/esponsorama.ad\/es\/primera-toma-contacto-cardelus-pires-misano\/#primaryimage"},"thumbnailUrl":"http:\/\/esponsorama.ad\/wp-content\/uploads\/2021\/09\/f2b593db-fb5f-485e-77c8-17fa8e41a638.jpg","datePublished":"2021-09-17T16:04:40+00:00","dateModified":"2021-09-17T16:06:14+00:00","author":{"@id":"http:\/\/esponsorama.ad\/es\/#\/schema\/person\/a5cde74945183d737066e46b61c6f9c4"},"breadcrumb":{"@id":"http:\/\/esponsorama.ad\/es\/primera-toma-contacto-cardelus-pires-misano\/#breadcrumb"},"inLanguage":"es","potentialAction":[{"@type":"ReadAction","target":["http:\/\/esponsorama.ad\/es\/primera-toma-contacto-cardelus-pires-misano\/"]}]},{"@type":"ImageObject","inLanguage":"es","@id":"http:\/\/esponsorama.ad\/es\/primera-toma-contacto-cardelus-pires-misano\/#primaryimage","url":"http:\/\/esponsorama.ad\/wp-content\/uploads\/2021\/09\/f2b593db-fb5f-485e-77c8-17fa8e41a638.jpg","contentUrl":"http:\/\/esponsorama.ad\/wp-content\/uploads\/2021\/09\/f2b593db-fb5f-485e-77c8-17fa8e41a638.jpg","width":2341,"height":1561,"caption":"Xavi Cardelus, MotoE, San Marino MotoGP, 17 September 2021"},{"@type":"BreadcrumbList","@id":"http:\/\/esponsorama.ad\/es\/primera-toma-contacto-cardelus-pires-misano\/#breadcrumb","itemListElement":[{"@type":"ListItem","position":1,"name":"Home","item":"http:\/\/esponsorama.ad\/en\/"},{"@type":"ListItem","position":2,"name":"PRIMERA TOMA DE CONTACTO DE CARDEL\u00daS Y PIRES CON MISANO"}]},{"@type":"WebSite","@id":"http:\/\/esponsorama.ad\/es\/#website","url":"http:\/\/esponsorama.ad\/es\/","name":"Esponsorama","description":"Specialist in motorsport sponsorship and event promotions","potentialAction":[{"@type":"SearchAction","target":{"@type":"EntryPoint","urlTemplate":"http:\/\/esponsorama.ad\/es\/?s={search_term_string}"},"query-input":{"@type":"PropertyValueSpecification","valueRequired":true,"valueName":"search_term_string"}}],"inLanguage":"es"},{"@type":"Person","@id":"http:\/\/esponsorama.ad\/es\/#\/schema\/person\/a5cde74945183d737066e46b61c6f9c4","name":"Xavi Andornet","image":{"@type":"ImageObject","inLanguage":"es","@id":"http:\/\/esponsorama.ad\/es\/#\/schema\/person\/image\/","url":"https:\/\/secure.gravatar.com\/avatar\/f10eaf9ad601244a2357c9fd7cd9805ed166cfaaf76d5d9ab08a9d873e70147a?s=96&d=mm&r=g","contentUrl":"https:\/\/secure.gravatar.com\/avatar\/f10eaf9ad601244a2357c9fd7cd9805ed166cfaaf76d5d9ab08a9d873e70147a?s=96&d=mm&r=g","caption":"Xavi Andornet"},"sameAs":["http:\/\/www.andornet.ad"],"url":"http:\/\/esponsorama.ad\/es\/author\/andornet\/"}]}},"_links":{"self":[{"href":"http:\/\/esponsorama.ad\/es\/wp-json\/wp\/v2\/posts\/18275","targetHints":{"allow":["GET"]}}],"collection":[{"href":"http:\/\/esponsorama.ad\/es\/wp-json\/wp\/v2\/posts"}],"about":[{"href":"http:\/\/esponsorama.ad\/es\/wp-json\/wp\/v2\/types\/post"}],"author":[{"embeddable":true,"href":"http:\/\/esponsorama.ad\/es\/wp-json\/wp\/v2\/users\/6"}],"replies":[{"embeddable":true,"href":"http:\/\/esponsorama.ad\/es\/wp-json\/wp\/v2\/comments?post=18275"}],"version-history":[{"count":1,"href":"http:\/\/esponsorama.ad\/es\/wp-json\/wp\/v2\/posts\/18275\/revisions"}],"predecessor-version":[{"id":18281,"href":"http:\/\/esponsorama.ad\/es\/wp-json\/wp\/v2\/posts\/18275\/revisions\/18281"}],"wp:featuredmedia":[{"embeddable":true,"href":"http:\/\/esponsorama.ad\/es\/wp-json\/wp\/v2\/media\/18280"}],"wp:attachment":[{"href":"http:\/\/esponsorama.ad\/es\/wp-json\/wp\/v2\/media?parent=18275"}],"wp:term":[{"taxonomy":"category","embeddable":true,"href":"http:\/\/esponsorama.ad\/es\/wp-json\/wp\/v2\/categories?post=18275"},{"taxonomy":"post_tag","embeddable":true,"href":"http:\/\/esponsorama.ad\/es\/wp-json\/wp\/v2\/tags?post=18275"}],"curies":[{"name":"wp","href":"https:\/\/api.w.org\/{rel}","templated":true}]}}