{"id":18302,"date":"2021-09-18T19:28:24","date_gmt":"2021-09-18T17:28:24","guid":{"rendered":"http:\/\/esponsorama.ad\/?p=18302"},"modified":"2021-09-18T19:31:40","modified_gmt":"2021-09-18T17:31:40","slug":"cardelus-10o-pires-15o-la-primera-carrera-del-gran-premio-san-marino","status":"publish","type":"post","link":"http:\/\/esponsorama.ad\/es\/cardelus-10o-pires-15o-la-primera-carrera-del-gran-premio-san-marino\/","title":{"rendered":"CARDEL\u00daS 10\u00ba Y PIRES 15\u00ba EN LA PRIMERA CARRERA DEL GRAN PREMIO DE SAN MARINO"},"content":{"rendered":"<p>Los pilotos del Avintia Esponsorma Racing han completado la primera de las dos carreras del Gran Premio Octo di San Marino e della Riviera di Rimini en el Misano World Circuit Marco Simoncelli.<\/p>\n<p>Xavi Cardel\u00fas ha cruzado la l\u00ednea de meta 10\u00ba, consiguiendo de esta manera su mejor posici\u00f3n en carrera esta temporada. El piloto andorrano ha podido dar un paso adelante desde la E-Pole hasta la carrera y ha sumado 6 puntos m\u00e1s.<\/p>\n<p>Por su parte, en su primera vez en Misano, Andr\u00e9 Pires ha logrado finalizar la carrera en el top 15, dentro de la zona de puntos. <\/p>\n<p>Ma\u00f1ana a las 15:30, Cardel\u00fas y Pires tendr\u00e1n la oportunidad en la segunda carrera del Gran Premio Octo di San Marino e della Riviera di Rimini de cerrar la temporada con un buen resultado.<\/p>\n<p>\t\t\t\t\t<div class=\"rider-short\">\n\t\t\t\t<a href=\"http:\/\/esponsorama.ad\/es\/piloto\/xavier-cardelus\/\"><img loading=\"lazy\" decoding=\"async\" width=\"300\" height=\"300\" src=\"http:\/\/esponsorama.ad\/wp-content\/uploads\/2021\/02\/dorsal-cardelus-gris-300x300.png\" class=\"attachment-medium size-medium\" alt=\"\" srcset=\"http:\/\/esponsorama.ad\/wp-content\/uploads\/2021\/02\/dorsal-cardelus-gris-300x300.png 300w, http:\/\/esponsorama.ad\/wp-content\/uploads\/2021\/02\/dorsal-cardelus-gris-150x150.png 150w, http:\/\/esponsorama.ad\/wp-content\/uploads\/2021\/02\/dorsal-cardelus-gris.png 500w\" sizes=\"auto, (max-width: 300px) 100vw, 300px\" \/><\/a><div class=\"info\"><h3><a href=\"http:\/\/esponsorama.ad\/es\/piloto\/xavier-cardelus\/\">Xavier Cardel\u00fas<\/a> | P10<\/h3><div class=\"rrss\"><a target=\"_blank\" href=\"https:\/\/twitter.com\/xavicardelus\"><i class=\"fa fa-twitter\"><\/i><\/a><a target=\"_blank\" href=\"https:\/\/www.instagram.com\/xavicardelus\/\"><i class=\"fa fa-instagram\"><\/i><\/a><\/div><\/div>\t\t\t\t\t<\/div>\n\t\t\t\t<br \/>\n\u201cCreo que he hecho una buena carrera. El tiempo de vuelta de hoy ha sido m\u00e1s r\u00e1pido que las del resto del fin de semana, lo que es positivo. He tenido algunos problemas en las tres primeras curvas con los incidentes que ha habido y he perdido algunas posiciones que, afortunadamente, luego he podido recuperar. Sin estos problemas, creo que podr\u00edamos haber estado mucho m\u00e1s cerca del primer grupo. En general estoy contento, pero sobre todo por los tiempos de vuelta, ya que he mejorado m\u00e1s de un segundo respecto a la E-Pole.\u201d<\/p>\n<p>\t\t\t\t\t<div class=\"rider-short\">\n\t\t\t\t<a href=\"http:\/\/esponsorama.ad\/es\/piloto\/andre-pires\/\"><img loading=\"lazy\" decoding=\"async\" width=\"300\" height=\"300\" src=\"http:\/\/esponsorama.ad\/wp-content\/uploads\/2021\/02\/dorsal-pires-gris-300x300.png\" class=\"attachment-medium size-medium\" alt=\"\" srcset=\"http:\/\/esponsorama.ad\/wp-content\/uploads\/2021\/02\/dorsal-pires-gris-300x300.png 300w, http:\/\/esponsorama.ad\/wp-content\/uploads\/2021\/02\/dorsal-pires-gris-150x150.png 150w, http:\/\/esponsorama.ad\/wp-content\/uploads\/2021\/02\/dorsal-pires-gris.png 500w\" sizes=\"auto, (max-width: 300px) 100vw, 300px\" \/><\/a><div class=\"info\"><h3><a href=\"http:\/\/esponsorama.ad\/es\/piloto\/andre-pires\/\">Andr\u00e9 Pires<\/a> | P15<\/h3><div class=\"rrss\"><a target=\"_blank\" href=\"https:\/\/www.instagram.com\/andrepires14\/?hl=es\"><i class=\"fa fa-instagram\"><\/i><\/a><\/div><\/div>\t\t\t\t\t<\/div>\n\t\t\t\t<br \/>\n\u201cEstoy contento y ha sido una buena carrera. He logrado un punto m\u00e1s que es importante para el campeonato. He podido mejorar mis tiempos y tengo ganas de que llegue la carrera de ma\u00f1ana para seguir mejorando y conseguir otro buen resultado.\u201d<\/p>\n","protected":false},"excerpt":{"rendered":"<p>Los pilotos del Avintia Esponsorma Racing han completado la primera de las dos carreras del Gran Premio Octo di San Marino e della Riviera di Rimini en el Misano World Circuit Marco Simoncelli. Xavi Cardel\u00fas ha cruzado la l\u00ednea de meta 10\u00ba, consiguiendo de esta manera su mejor posici\u00f3n en carrera esta temporada. El piloto [&hellip;]<\/p>\n","protected":false},"author":6,"featured_media":18307,"comment_status":"closed","ping_status":"closed","sticky":false,"template":"","format":"standard","meta":{"footnotes":""},"categories":[21],"tags":[],"class_list":["post-18302","post","type-post","status-publish","format-standard","has-post-thumbnail","hentry","category-motoe"],"yoast_head":"<!-- This site is optimized with the Yoast SEO plugin v27.1.1 - https:\/\/yoast.com\/product\/yoast-seo-wordpress\/ -->\n<title>CARDEL\u00daS 10\u00ba Y PIRES 15\u00ba EN LA PRIMERA CARRERA DEL GRAN PREMIO DE SAN MARINO - Esponsorama<\/title>\n<meta name=\"robots\" content=\"index, follow, max-snippet:-1, max-image-preview:large, max-video-preview:-1\" \/>\n<link rel=\"canonical\" href=\"http:\/\/esponsorama.ad\/es\/cardelus-10o-pires-15o-la-primera-carrera-del-gran-premio-san-marino\/\" \/>\n<meta property=\"og:locale\" content=\"es_ES\" \/>\n<meta property=\"og:type\" content=\"article\" \/>\n<meta property=\"og:title\" content=\"CARDEL\u00daS 10\u00ba Y PIRES 15\u00ba EN LA PRIMERA CARRERA DEL GRAN PREMIO DE SAN MARINO - Esponsorama\" \/>\n<meta property=\"og:description\" content=\"Los pilotos del Avintia Esponsorma Racing han completado la primera de las dos carreras del Gran Premio Octo di San Marino e della Riviera di Rimini en el Misano World Circuit Marco Simoncelli. Xavi Cardel\u00fas ha cruzado la l\u00ednea de meta 10\u00ba, consiguiendo de esta manera su mejor posici\u00f3n en carrera esta temporada. El piloto [&hellip;]\" \/>\n<meta property=\"og:url\" content=\"http:\/\/esponsorama.ad\/es\/cardelus-10o-pires-15o-la-primera-carrera-del-gran-premio-san-marino\/\" \/>\n<meta property=\"og:site_name\" content=\"Esponsorama\" \/>\n<meta property=\"article:published_time\" content=\"2021-09-18T17:28:24+00:00\" \/>\n<meta property=\"article:modified_time\" content=\"2021-09-18T17:31:40+00:00\" \/>\n<meta property=\"og:image\" content=\"http:\/\/esponsorama.ad\/wp-content\/uploads\/2021\/09\/cae29082-3142-d75f-b3e8-635afec8ddf4.jpg\" \/>\n\t<meta property=\"og:image:width\" content=\"3839\" \/>\n\t<meta property=\"og:image:height\" content=\"2560\" \/>\n\t<meta property=\"og:image:type\" content=\"image\/jpeg\" \/>\n<meta name=\"author\" content=\"Xavi Andornet\" \/>\n<meta name=\"twitter:card\" content=\"summary_large_image\" \/>\n<meta name=\"twitter:label1\" content=\"Escrito por\" \/>\n\t<meta name=\"twitter:data1\" content=\"Xavi Andornet\" \/>\n\t<meta name=\"twitter:label2\" content=\"Tiempo de lectura\" \/>\n\t<meta name=\"twitter:data2\" content=\"1 minuto\" \/>\n<script type=\"application\/ld+json\" class=\"yoast-schema-graph\">{\"@context\":\"https:\/\/schema.org\",\"@graph\":[{\"@type\":\"Article\",\"@id\":\"http:\/\/esponsorama.ad\/es\/cardelus-10o-pires-15o-la-primera-carrera-del-gran-premio-san-marino\/#article\",\"isPartOf\":{\"@id\":\"http:\/\/esponsorama.ad\/es\/cardelus-10o-pires-15o-la-primera-carrera-del-gran-premio-san-marino\/\"},\"author\":{\"name\":\"Xavi Andornet\",\"@id\":\"http:\/\/esponsorama.ad\/es\/#\/schema\/person\/a5cde74945183d737066e46b61c6f9c4\"},\"headline\":\"CARDEL\u00daS 10\u00ba Y PIRES 15\u00ba EN LA PRIMERA CARRERA DEL GRAN PREMIO DE SAN MARINO\",\"datePublished\":\"2021-09-18T17:28:24+00:00\",\"dateModified\":\"2021-09-18T17:31:40+00:00\",\"mainEntityOfPage\":{\"@id\":\"http:\/\/esponsorama.ad\/es\/cardelus-10o-pires-15o-la-primera-carrera-del-gran-premio-san-marino\/\"},\"wordCount\":299,\"image\":{\"@id\":\"http:\/\/esponsorama.ad\/es\/cardelus-10o-pires-15o-la-primera-carrera-del-gran-premio-san-marino\/#primaryimage\"},\"thumbnailUrl\":\"http:\/\/esponsorama.ad\/wp-content\/uploads\/2021\/09\/cae29082-3142-d75f-b3e8-635afec8ddf4.jpg\",\"articleSection\":[\"MotoE\"],\"inLanguage\":\"es\"},{\"@type\":\"WebPage\",\"@id\":\"http:\/\/esponsorama.ad\/es\/cardelus-10o-pires-15o-la-primera-carrera-del-gran-premio-san-marino\/\",\"url\":\"http:\/\/esponsorama.ad\/es\/cardelus-10o-pires-15o-la-primera-carrera-del-gran-premio-san-marino\/\",\"name\":\"CARDEL\u00daS 10\u00ba Y PIRES 15\u00ba EN LA PRIMERA CARRERA DEL GRAN PREMIO DE SAN MARINO - Esponsorama\",\"isPartOf\":{\"@id\":\"http:\/\/esponsorama.ad\/es\/#website\"},\"primaryImageOfPage\":{\"@id\":\"http:\/\/esponsorama.ad\/es\/cardelus-10o-pires-15o-la-primera-carrera-del-gran-premio-san-marino\/#primaryimage\"},\"image\":{\"@id\":\"http:\/\/esponsorama.ad\/es\/cardelus-10o-pires-15o-la-primera-carrera-del-gran-premio-san-marino\/#primaryimage\"},\"thumbnailUrl\":\"http:\/\/esponsorama.ad\/wp-content\/uploads\/2021\/09\/cae29082-3142-d75f-b3e8-635afec8ddf4.jpg\",\"datePublished\":\"2021-09-18T17:28:24+00:00\",\"dateModified\":\"2021-09-18T17:31:40+00:00\",\"author\":{\"@id\":\"http:\/\/esponsorama.ad\/es\/#\/schema\/person\/a5cde74945183d737066e46b61c6f9c4\"},\"breadcrumb\":{\"@id\":\"http:\/\/esponsorama.ad\/es\/cardelus-10o-pires-15o-la-primera-carrera-del-gran-premio-san-marino\/#breadcrumb\"},\"inLanguage\":\"es\",\"potentialAction\":[{\"@type\":\"ReadAction\",\"target\":[\"http:\/\/esponsorama.ad\/es\/cardelus-10o-pires-15o-la-primera-carrera-del-gran-premio-san-marino\/\"]}]},{\"@type\":\"ImageObject\",\"inLanguage\":\"es\",\"@id\":\"http:\/\/esponsorama.ad\/es\/cardelus-10o-pires-15o-la-primera-carrera-del-gran-premio-san-marino\/#primaryimage\",\"url\":\"http:\/\/esponsorama.ad\/wp-content\/uploads\/2021\/09\/cae29082-3142-d75f-b3e8-635afec8ddf4.jpg\",\"contentUrl\":\"http:\/\/esponsorama.ad\/wp-content\/uploads\/2021\/09\/cae29082-3142-d75f-b3e8-635afec8ddf4.jpg\",\"width\":3839,\"height\":2560,\"caption\":\"Xavi Cardelus, MotoE race, San Marino MotoGP, 18 September 2021\"},{\"@type\":\"BreadcrumbList\",\"@id\":\"http:\/\/esponsorama.ad\/es\/cardelus-10o-pires-15o-la-primera-carrera-del-gran-premio-san-marino\/#breadcrumb\",\"itemListElement\":[{\"@type\":\"ListItem\",\"position\":1,\"name\":\"Home\",\"item\":\"http:\/\/esponsorama.ad\/es\/\"},{\"@type\":\"ListItem\",\"position\":2,\"name\":\"CARDEL\u00daS 10\u00ba Y PIRES 15\u00ba EN LA PRIMERA CARRERA DEL GRAN PREMIO DE SAN MARINO\"}]},{\"@type\":\"WebSite\",\"@id\":\"http:\/\/esponsorama.ad\/es\/#website\",\"url\":\"http:\/\/esponsorama.ad\/es\/\",\"name\":\"Esponsorama\",\"description\":\"Specialist in motorsport sponsorship and event promotions\",\"potentialAction\":[{\"@type\":\"SearchAction\",\"target\":{\"@type\":\"EntryPoint\",\"urlTemplate\":\"http:\/\/esponsorama.ad\/es\/?s={search_term_string}\"},\"query-input\":{\"@type\":\"PropertyValueSpecification\",\"valueRequired\":true,\"valueName\":\"search_term_string\"}}],\"inLanguage\":\"es\"},{\"@type\":\"Person\",\"@id\":\"http:\/\/esponsorama.ad\/es\/#\/schema\/person\/a5cde74945183d737066e46b61c6f9c4\",\"name\":\"Xavi Andornet\",\"image\":{\"@type\":\"ImageObject\",\"inLanguage\":\"es\",\"@id\":\"http:\/\/esponsorama.ad\/es\/#\/schema\/person\/image\/\",\"url\":\"https:\/\/secure.gravatar.com\/avatar\/f10eaf9ad601244a2357c9fd7cd9805ed166cfaaf76d5d9ab08a9d873e70147a?s=96&d=mm&r=g\",\"contentUrl\":\"https:\/\/secure.gravatar.com\/avatar\/f10eaf9ad601244a2357c9fd7cd9805ed166cfaaf76d5d9ab08a9d873e70147a?s=96&d=mm&r=g\",\"caption\":\"Xavi Andornet\"},\"sameAs\":[\"http:\/\/www.andornet.ad\"],\"url\":\"http:\/\/esponsorama.ad\/es\/author\/andornet\/\"}]}<\/script>\n<!-- \/ Yoast SEO plugin. -->","yoast_head_json":{"title":"CARDEL\u00daS 10\u00ba Y PIRES 15\u00ba EN LA PRIMERA CARRERA DEL GRAN PREMIO DE SAN MARINO - Esponsorama","robots":{"index":"index","follow":"follow","max-snippet":"max-snippet:-1","max-image-preview":"max-image-preview:large","max-video-preview":"max-video-preview:-1"},"canonical":"http:\/\/esponsorama.ad\/es\/cardelus-10o-pires-15o-la-primera-carrera-del-gran-premio-san-marino\/","og_locale":"es_ES","og_type":"article","og_title":"CARDEL\u00daS 10\u00ba Y PIRES 15\u00ba EN LA PRIMERA CARRERA DEL GRAN PREMIO DE SAN MARINO - Esponsorama","og_description":"Los pilotos del Avintia Esponsorma Racing han completado la primera de las dos carreras del Gran Premio Octo di San Marino e della Riviera di Rimini en el Misano World Circuit Marco Simoncelli. Xavi Cardel\u00fas ha cruzado la l\u00ednea de meta 10\u00ba, consiguiendo de esta manera su mejor posici\u00f3n en carrera esta temporada. El piloto [&hellip;]","og_url":"http:\/\/esponsorama.ad\/es\/cardelus-10o-pires-15o-la-primera-carrera-del-gran-premio-san-marino\/","og_site_name":"Esponsorama","article_published_time":"2021-09-18T17:28:24+00:00","article_modified_time":"2021-09-18T17:31:40+00:00","og_image":[{"width":3839,"height":2560,"url":"http:\/\/esponsorama.ad\/wp-content\/uploads\/2021\/09\/cae29082-3142-d75f-b3e8-635afec8ddf4.jpg","type":"image\/jpeg"}],"author":"Xavi Andornet","twitter_card":"summary_large_image","twitter_misc":{"Escrito por":"Xavi Andornet","Tiempo de lectura":"1 minuto"},"schema":{"@context":"https:\/\/schema.org","@graph":[{"@type":"Article","@id":"http:\/\/esponsorama.ad\/es\/cardelus-10o-pires-15o-la-primera-carrera-del-gran-premio-san-marino\/#article","isPartOf":{"@id":"http:\/\/esponsorama.ad\/es\/cardelus-10o-pires-15o-la-primera-carrera-del-gran-premio-san-marino\/"},"author":{"name":"Xavi Andornet","@id":"http:\/\/esponsorama.ad\/es\/#\/schema\/person\/a5cde74945183d737066e46b61c6f9c4"},"headline":"CARDEL\u00daS 10\u00ba Y PIRES 15\u00ba EN LA PRIMERA CARRERA DEL GRAN PREMIO DE SAN MARINO","datePublished":"2021-09-18T17:28:24+00:00","dateModified":"2021-09-18T17:31:40+00:00","mainEntityOfPage":{"@id":"http:\/\/esponsorama.ad\/es\/cardelus-10o-pires-15o-la-primera-carrera-del-gran-premio-san-marino\/"},"wordCount":299,"image":{"@id":"http:\/\/esponsorama.ad\/es\/cardelus-10o-pires-15o-la-primera-carrera-del-gran-premio-san-marino\/#primaryimage"},"thumbnailUrl":"http:\/\/esponsorama.ad\/wp-content\/uploads\/2021\/09\/cae29082-3142-d75f-b3e8-635afec8ddf4.jpg","articleSection":["MotoE"],"inLanguage":"es"},{"@type":"WebPage","@id":"http:\/\/esponsorama.ad\/es\/cardelus-10o-pires-15o-la-primera-carrera-del-gran-premio-san-marino\/","url":"http:\/\/esponsorama.ad\/es\/cardelus-10o-pires-15o-la-primera-carrera-del-gran-premio-san-marino\/","name":"CARDEL\u00daS 10\u00ba Y PIRES 15\u00ba EN LA PRIMERA CARRERA DEL GRAN PREMIO DE SAN MARINO - Esponsorama","isPartOf":{"@id":"http:\/\/esponsorama.ad\/es\/#website"},"primaryImageOfPage":{"@id":"http:\/\/esponsorama.ad\/es\/cardelus-10o-pires-15o-la-primera-carrera-del-gran-premio-san-marino\/#primaryimage"},"image":{"@id":"http:\/\/esponsorama.ad\/es\/cardelus-10o-pires-15o-la-primera-carrera-del-gran-premio-san-marino\/#primaryimage"},"thumbnailUrl":"http:\/\/esponsorama.ad\/wp-content\/uploads\/2021\/09\/cae29082-3142-d75f-b3e8-635afec8ddf4.jpg","datePublished":"2021-09-18T17:28:24+00:00","dateModified":"2021-09-18T17:31:40+00:00","author":{"@id":"http:\/\/esponsorama.ad\/es\/#\/schema\/person\/a5cde74945183d737066e46b61c6f9c4"},"breadcrumb":{"@id":"http:\/\/esponsorama.ad\/es\/cardelus-10o-pires-15o-la-primera-carrera-del-gran-premio-san-marino\/#breadcrumb"},"inLanguage":"es","potentialAction":[{"@type":"ReadAction","target":["http:\/\/esponsorama.ad\/es\/cardelus-10o-pires-15o-la-primera-carrera-del-gran-premio-san-marino\/"]}]},{"@type":"ImageObject","inLanguage":"es","@id":"http:\/\/esponsorama.ad\/es\/cardelus-10o-pires-15o-la-primera-carrera-del-gran-premio-san-marino\/#primaryimage","url":"http:\/\/esponsorama.ad\/wp-content\/uploads\/2021\/09\/cae29082-3142-d75f-b3e8-635afec8ddf4.jpg","contentUrl":"http:\/\/esponsorama.ad\/wp-content\/uploads\/2021\/09\/cae29082-3142-d75f-b3e8-635afec8ddf4.jpg","width":3839,"height":2560,"caption":"Xavi Cardelus, MotoE race, San Marino MotoGP, 18 September 2021"},{"@type":"BreadcrumbList","@id":"http:\/\/esponsorama.ad\/es\/cardelus-10o-pires-15o-la-primera-carrera-del-gran-premio-san-marino\/#breadcrumb","itemListElement":[{"@type":"ListItem","position":1,"name":"Home","item":"http:\/\/esponsorama.ad\/es\/"},{"@type":"ListItem","position":2,"name":"CARDEL\u00daS 10\u00ba Y PIRES 15\u00ba EN LA PRIMERA CARRERA DEL GRAN PREMIO DE SAN MARINO"}]},{"@type":"WebSite","@id":"http:\/\/esponsorama.ad\/es\/#website","url":"http:\/\/esponsorama.ad\/es\/","name":"Esponsorama","description":"Specialist in motorsport sponsorship and event promotions","potentialAction":[{"@type":"SearchAction","target":{"@type":"EntryPoint","urlTemplate":"http:\/\/esponsorama.ad\/es\/?s={search_term_string}"},"query-input":{"@type":"PropertyValueSpecification","valueRequired":true,"valueName":"search_term_string"}}],"inLanguage":"es"},{"@type":"Person","@id":"http:\/\/esponsorama.ad\/es\/#\/schema\/person\/a5cde74945183d737066e46b61c6f9c4","name":"Xavi Andornet","image":{"@type":"ImageObject","inLanguage":"es","@id":"http:\/\/esponsorama.ad\/es\/#\/schema\/person\/image\/","url":"https:\/\/secure.gravatar.com\/avatar\/f10eaf9ad601244a2357c9fd7cd9805ed166cfaaf76d5d9ab08a9d873e70147a?s=96&d=mm&r=g","contentUrl":"https:\/\/secure.gravatar.com\/avatar\/f10eaf9ad601244a2357c9fd7cd9805ed166cfaaf76d5d9ab08a9d873e70147a?s=96&d=mm&r=g","caption":"Xavi Andornet"},"sameAs":["http:\/\/www.andornet.ad"],"url":"http:\/\/esponsorama.ad\/es\/author\/andornet\/"}]}},"_links":{"self":[{"href":"http:\/\/esponsorama.ad\/es\/wp-json\/wp\/v2\/posts\/18302","targetHints":{"allow":["GET"]}}],"collection":[{"href":"http:\/\/esponsorama.ad\/es\/wp-json\/wp\/v2\/posts"}],"about":[{"href":"http:\/\/esponsorama.ad\/es\/wp-json\/wp\/v2\/types\/post"}],"author":[{"embeddable":true,"href":"http:\/\/esponsorama.ad\/es\/wp-json\/wp\/v2\/users\/6"}],"replies":[{"embeddable":true,"href":"http:\/\/esponsorama.ad\/es\/wp-json\/wp\/v2\/comments?post=18302"}],"version-history":[{"count":1,"href":"http:\/\/esponsorama.ad\/es\/wp-json\/wp\/v2\/posts\/18302\/revisions"}],"predecessor-version":[{"id":18308,"href":"http:\/\/esponsorama.ad\/es\/wp-json\/wp\/v2\/posts\/18302\/revisions\/18308"}],"wp:featuredmedia":[{"embeddable":true,"href":"http:\/\/esponsorama.ad\/es\/wp-json\/wp\/v2\/media\/18307"}],"wp:attachment":[{"href":"http:\/\/esponsorama.ad\/es\/wp-json\/wp\/v2\/media?parent=18302"}],"wp:term":[{"taxonomy":"category","embeddable":true,"href":"http:\/\/esponsorama.ad\/es\/wp-json\/wp\/v2\/categories?post=18302"},{"taxonomy":"post_tag","embeddable":true,"href":"http:\/\/esponsorama.ad\/es\/wp-json\/wp\/v2\/tags?post=18302"}],"curies":[{"name":"wp","href":"https:\/\/api.w.org\/{rel}","templated":true}]}}