{"id":18328,"date":"2021-09-19T21:07:20","date_gmt":"2021-09-19T19:07:20","guid":{"rendered":"http:\/\/esponsorama.ad\/?p=18328"},"modified":"2021-09-19T21:09:03","modified_gmt":"2021-09-19T19:09:03","slug":"podio-heroico-bastianini-misano-marini-19a-posicion","status":"publish","type":"post","link":"http:\/\/esponsorama.ad\/es\/podio-heroico-bastianini-misano-marini-19a-posicion\/","title":{"rendered":"PODIO HER\u00d3ICO DE BASTIANINI EN MISANO CON MARINI EN 19\u00aa POSICI\u00d3N"},"content":{"rendered":"<p>El Avintia Esponsorama y el Sky VR46 Avintia han completado la carrera del Gran Premio Octo di San Marino e della Riviera di Rimini, donde Enea Bastianini ha conseguido su primer podio en la categor\u00eda reina.<\/p>\n<p>El piloto del Avintia Esponsorama ha realizado una carrera pr\u00e1cticamente perfecta. Tras arrancar desde la 12\u00aa posici\u00f3n, vuelta tras vuelta, Bastianini ha ido recuperando posiciones gracias a un gran ritmo, marcando incluso el r\u00e9cord de vuelta r\u00e1pida hist\u00f3rico en carrera. A falta de 8 vueltas para el final, el italiano ha podido consolidar la 3\u00aa posici\u00f3n, consiguiendo as\u00ed su primer podio en MotoGP delante de su afici\u00f3n. <\/p>\n<p>Por su parte, Luca Marini no ha podido ir m\u00e1s all\u00e1 de la 19\u00aa posici\u00f3n. El piloto del Sky VR46 Avintia ha luchado por el top 15, pero una \u2018long lap penalty\u2019 a falta de 18 vueltas para el final le ha arruinado cualquier posibilidad de sumar puntos.<\/p>\n<p>Tras un fin de semana muy positivo para el equipo, el Avintia Esponsorama y el Sky VR46 Avintia pondr\u00e1n rumbo a los Estados Unidos en dos semanas, donde se disputar\u00e1 el Red Bull Grand Prix of the Americas, 15\u00aa cita del calendario.<\/p>\n<p>\t\t\t\t\t<div class=\"rider-short\">\n\t\t\t\t<a href=\"http:\/\/esponsorama.ad\/es\/piloto\/enea-bastianini\/\"><img loading=\"lazy\" decoding=\"async\" width=\"300\" height=\"300\" src=\"http:\/\/esponsorama.ad\/wp-content\/uploads\/2021\/02\/dorsal-bastianini-gris-300x300.png\" class=\"attachment-medium size-medium\" alt=\"\" srcset=\"http:\/\/esponsorama.ad\/wp-content\/uploads\/2021\/02\/dorsal-bastianini-gris-300x300.png 300w, http:\/\/esponsorama.ad\/wp-content\/uploads\/2021\/02\/dorsal-bastianini-gris-150x150.png 150w, http:\/\/esponsorama.ad\/wp-content\/uploads\/2021\/02\/dorsal-bastianini-gris.png 500w\" sizes=\"auto, (max-width: 300px) 100vw, 300px\" \/><\/a><div class=\"info\"><h3><a href=\"http:\/\/esponsorama.ad\/es\/piloto\/enea-bastianini\/\">Enea Bastianini<\/a> | P3<\/h3><div class=\"rrss\"><a target=\"_blank\" href=\"https:\/\/www.eneabastianini.it\/en\/\"><i class=\"fa fa-link\"><\/i><\/a><a target=\"_blank\" href=\"https:\/\/www.facebook.com\/Bestia33\"><i class=\"fa fa-facebook\"><\/i><\/a><a target=\"_blank\" href=\"https:\/\/twitter.com\/eneabastianini\"><i class=\"fa fa-twitter\"><\/i><\/a><a target=\"_blank\" href=\"https:\/\/www.instagram.com\/eneabastianini\/?hl=es\"><i class=\"fa fa-instagram\"><\/i><\/a><\/div><\/div>\t\t\t\t\t<\/div>\n\t\t\t\t<br \/>\n\u201cHa sido un resultado inesperado, pero desde esta ma\u00f1ana cre\u00eda que era posible porque he visto que pod\u00eda hacer buenos tiempos con facilidad. Hemos sido capaces de encontrar una buena puesta a punto en la moto y he podido divertirme. A mitad de carrera me he sentido muy bien y cuando he adelantado a Miller, he seguido imponiendo mi ritmo. Sab\u00eda que ten\u00eda a Quartararo y Bagnaia delante y quer\u00eda tratar de atacarlos, pero ya estaba bastante al l\u00edmite. Estoy muy contento con esta 3\u00aa posici\u00f3n y ha sido fant\u00e1stico conseguir este podio en Misano.\u201d<\/p>\n<p>\t\t\t\t\t<div class=\"rider-short\">\n\t\t\t\t<a href=\"http:\/\/esponsorama.ad\/es\/piloto\/luca-marini\/\"><img loading=\"lazy\" decoding=\"async\" width=\"300\" height=\"300\" src=\"http:\/\/esponsorama.ad\/wp-content\/uploads\/2021\/02\/dorsal-marini-gris-300x300.png\" class=\"attachment-medium size-medium\" alt=\"\" srcset=\"http:\/\/esponsorama.ad\/wp-content\/uploads\/2021\/02\/dorsal-marini-gris-300x300.png 300w, http:\/\/esponsorama.ad\/wp-content\/uploads\/2021\/02\/dorsal-marini-gris-150x150.png 150w, http:\/\/esponsorama.ad\/wp-content\/uploads\/2021\/02\/dorsal-marini-gris.png 500w\" sizes=\"auto, (max-width: 300px) 100vw, 300px\" \/><\/a><div class=\"info\"><h3><a href=\"http:\/\/esponsorama.ad\/es\/piloto\/luca-marini\/\">Luca Marini<\/a> | P19<\/h3><div class=\"rrss\"><a target=\"_blank\" href=\"https:\/\/www.facebook.com\/LucaMariniLM97Official\/\"><i class=\"fa fa-facebook\"><\/i><\/a><a target=\"_blank\" href=\"https:\/\/twitter.com\/Luca_Marini_97\"><i class=\"fa fa-twitter\"><\/i><\/a><a target=\"_blank\" href=\"https:\/\/www.instagram.com\/luca_marini_97\/?hl=es\"><i class=\"fa fa-instagram\"><\/i><\/a><\/div><\/div>\t\t\t\t\t<\/div>\n\t\t\t\t<br \/>\n\u201cNo he hecho una mala salida, pero desde el principio no he tenido suficiente velocidad para adelantar a pilotos de mi grupo como Pirro, Binder o Nakagami. En el rebufo, la temperatura del neum\u00e1tico delantero ha subido y eso es algo en lo que tengo que trabajar, porque todav\u00eda no estoy acostumbrado a gestionarlo al m\u00e1ximo. Me he ido largo en la curva 1, luego he intentado perder tiempo para dejar que me pasaran otros pilotos, pero a\u00fan as\u00ed he recibido una \u2018long lap penalty\u2019 que me ha rezagado a las \u00faltimas posiciones. Me ha costado recuperar, he sufrido mucho con el tren delantero y, cuando faltaban siete vueltas, el lado izquierdo del neum\u00e1tico trasero estaba muy da\u00f1ado. Tenemos que trabajar, estamos en un punto muerto y los dos d\u00edas de test esta semana ser\u00e1n muy importantes.\u201d<\/p>\n","protected":false},"excerpt":{"rendered":"<p>El Avintia Esponsorama y el Sky VR46 Avintia han completado la carrera del Gran Premio Octo di San Marino e della Riviera di Rimini, donde Enea Bastianini ha conseguido su primer podio en la categor\u00eda reina. El piloto del Avintia Esponsorama ha realizado una carrera pr\u00e1cticamente perfecta. Tras arrancar desde la 12\u00aa posici\u00f3n, vuelta tras [&hellip;]<\/p>\n","protected":false},"author":6,"featured_media":18334,"comment_status":"closed","ping_status":"closed","sticky":false,"template":"","format":"standard","meta":{"footnotes":""},"categories":[3],"tags":[],"class_list":["post-18328","post","type-post","status-publish","format-standard","has-post-thumbnail","hentry","category-motogp"],"yoast_head":"<!-- This site is optimized with the Yoast SEO plugin v27.1.1 - https:\/\/yoast.com\/product\/yoast-seo-wordpress\/ -->\n<title>PODIO HER\u00d3ICO DE BASTIANINI EN MISANO CON MARINI EN 19\u00aa POSICI\u00d3N - Esponsorama<\/title>\n<meta name=\"robots\" content=\"index, follow, max-snippet:-1, max-image-preview:large, max-video-preview:-1\" \/>\n<link rel=\"canonical\" href=\"http:\/\/esponsorama.ad\/es\/podio-heroico-bastianini-misano-marini-19a-posicion\/\" \/>\n<meta property=\"og:locale\" content=\"es_ES\" \/>\n<meta property=\"og:type\" content=\"article\" \/>\n<meta property=\"og:title\" content=\"PODIO HER\u00d3ICO DE BASTIANINI EN MISANO CON MARINI EN 19\u00aa POSICI\u00d3N - Esponsorama\" \/>\n<meta property=\"og:description\" content=\"El Avintia Esponsorama y el Sky VR46 Avintia han completado la carrera del Gran Premio Octo di San Marino e della Riviera di Rimini, donde Enea Bastianini ha conseguido su primer podio en la categor\u00eda reina. El piloto del Avintia Esponsorama ha realizado una carrera pr\u00e1cticamente perfecta. Tras arrancar desde la 12\u00aa posici\u00f3n, vuelta tras [&hellip;]\" \/>\n<meta property=\"og:url\" content=\"http:\/\/esponsorama.ad\/es\/podio-heroico-bastianini-misano-marini-19a-posicion\/\" \/>\n<meta property=\"og:site_name\" content=\"Esponsorama\" \/>\n<meta property=\"article:published_time\" content=\"2021-09-19T19:07:20+00:00\" \/>\n<meta property=\"article:modified_time\" content=\"2021-09-19T19:09:03+00:00\" \/>\n<meta property=\"og:image\" content=\"http:\/\/esponsorama.ad\/wp-content\/uploads\/2021\/09\/323c0dcd-5f00-88f3-1094-aa221854007f.jpg\" \/>\n\t<meta property=\"og:image:width\" content=\"4664\" \/>\n\t<meta property=\"og:image:height\" content=\"3110\" \/>\n\t<meta property=\"og:image:type\" content=\"image\/jpeg\" \/>\n<meta name=\"author\" content=\"Xavi Andornet\" \/>\n<meta name=\"twitter:card\" content=\"summary_large_image\" \/>\n<meta name=\"twitter:label1\" content=\"Escrito por\" \/>\n\t<meta name=\"twitter:data1\" content=\"Xavi Andornet\" \/>\n\t<meta name=\"twitter:label2\" content=\"Tiempo de lectura\" \/>\n\t<meta name=\"twitter:data2\" content=\"2 minutos\" \/>\n<script type=\"application\/ld+json\" class=\"yoast-schema-graph\">{\"@context\":\"https:\/\/schema.org\",\"@graph\":[{\"@type\":\"Article\",\"@id\":\"http:\/\/esponsorama.ad\/es\/podio-heroico-bastianini-misano-marini-19a-posicion\/#article\",\"isPartOf\":{\"@id\":\"http:\/\/esponsorama.ad\/es\/podio-heroico-bastianini-misano-marini-19a-posicion\/\"},\"author\":{\"name\":\"Xavi Andornet\",\"@id\":\"http:\/\/esponsorama.ad\/es\/#\/schema\/person\/a5cde74945183d737066e46b61c6f9c4\"},\"headline\":\"PODIO HER\u00d3ICO DE BASTIANINI EN MISANO CON MARINI EN 19\u00aa POSICI\u00d3N\",\"datePublished\":\"2021-09-19T19:07:20+00:00\",\"dateModified\":\"2021-09-19T19:09:03+00:00\",\"mainEntityOfPage\":{\"@id\":\"http:\/\/esponsorama.ad\/es\/podio-heroico-bastianini-misano-marini-19a-posicion\/\"},\"wordCount\":462,\"image\":{\"@id\":\"http:\/\/esponsorama.ad\/es\/podio-heroico-bastianini-misano-marini-19a-posicion\/#primaryimage\"},\"thumbnailUrl\":\"http:\/\/esponsorama.ad\/wp-content\/uploads\/2021\/09\/323c0dcd-5f00-88f3-1094-aa221854007f.jpg\",\"articleSection\":[\"MotoGP\"],\"inLanguage\":\"es\"},{\"@type\":\"WebPage\",\"@id\":\"http:\/\/esponsorama.ad\/es\/podio-heroico-bastianini-misano-marini-19a-posicion\/\",\"url\":\"http:\/\/esponsorama.ad\/es\/podio-heroico-bastianini-misano-marini-19a-posicion\/\",\"name\":\"PODIO HER\u00d3ICO DE BASTIANINI EN MISANO CON MARINI EN 19\u00aa POSICI\u00d3N - Esponsorama\",\"isPartOf\":{\"@id\":\"http:\/\/esponsorama.ad\/es\/#website\"},\"primaryImageOfPage\":{\"@id\":\"http:\/\/esponsorama.ad\/es\/podio-heroico-bastianini-misano-marini-19a-posicion\/#primaryimage\"},\"image\":{\"@id\":\"http:\/\/esponsorama.ad\/es\/podio-heroico-bastianini-misano-marini-19a-posicion\/#primaryimage\"},\"thumbnailUrl\":\"http:\/\/esponsorama.ad\/wp-content\/uploads\/2021\/09\/323c0dcd-5f00-88f3-1094-aa221854007f.jpg\",\"datePublished\":\"2021-09-19T19:07:20+00:00\",\"dateModified\":\"2021-09-19T19:09:03+00:00\",\"author\":{\"@id\":\"http:\/\/esponsorama.ad\/es\/#\/schema\/person\/a5cde74945183d737066e46b61c6f9c4\"},\"breadcrumb\":{\"@id\":\"http:\/\/esponsorama.ad\/es\/podio-heroico-bastianini-misano-marini-19a-posicion\/#breadcrumb\"},\"inLanguage\":\"es\",\"potentialAction\":[{\"@type\":\"ReadAction\",\"target\":[\"http:\/\/esponsorama.ad\/es\/podio-heroico-bastianini-misano-marini-19a-posicion\/\"]}]},{\"@type\":\"ImageObject\",\"inLanguage\":\"es\",\"@id\":\"http:\/\/esponsorama.ad\/es\/podio-heroico-bastianini-misano-marini-19a-posicion\/#primaryimage\",\"url\":\"http:\/\/esponsorama.ad\/wp-content\/uploads\/2021\/09\/323c0dcd-5f00-88f3-1094-aa221854007f.jpg\",\"contentUrl\":\"http:\/\/esponsorama.ad\/wp-content\/uploads\/2021\/09\/323c0dcd-5f00-88f3-1094-aa221854007f.jpg\",\"width\":4664,\"height\":3110,\"caption\":\"Enea Bastianini, San Marino MotoGP race, 19 September 2021\"},{\"@type\":\"BreadcrumbList\",\"@id\":\"http:\/\/esponsorama.ad\/es\/podio-heroico-bastianini-misano-marini-19a-posicion\/#breadcrumb\",\"itemListElement\":[{\"@type\":\"ListItem\",\"position\":1,\"name\":\"Home\",\"item\":\"http:\/\/esponsorama.ad\/ca\/\"},{\"@type\":\"ListItem\",\"position\":2,\"name\":\"PODIO HER\u00d3ICO DE BASTIANINI EN MISANO CON MARINI EN 19\u00aa POSICI\u00d3N\"}]},{\"@type\":\"WebSite\",\"@id\":\"http:\/\/esponsorama.ad\/es\/#website\",\"url\":\"http:\/\/esponsorama.ad\/es\/\",\"name\":\"Esponsorama\",\"description\":\"Specialist in motorsport sponsorship and event promotions\",\"potentialAction\":[{\"@type\":\"SearchAction\",\"target\":{\"@type\":\"EntryPoint\",\"urlTemplate\":\"http:\/\/esponsorama.ad\/es\/?s={search_term_string}\"},\"query-input\":{\"@type\":\"PropertyValueSpecification\",\"valueRequired\":true,\"valueName\":\"search_term_string\"}}],\"inLanguage\":\"es\"},{\"@type\":\"Person\",\"@id\":\"http:\/\/esponsorama.ad\/es\/#\/schema\/person\/a5cde74945183d737066e46b61c6f9c4\",\"name\":\"Xavi Andornet\",\"image\":{\"@type\":\"ImageObject\",\"inLanguage\":\"es\",\"@id\":\"http:\/\/esponsorama.ad\/es\/#\/schema\/person\/image\/\",\"url\":\"https:\/\/secure.gravatar.com\/avatar\/f10eaf9ad601244a2357c9fd7cd9805ed166cfaaf76d5d9ab08a9d873e70147a?s=96&d=mm&r=g\",\"contentUrl\":\"https:\/\/secure.gravatar.com\/avatar\/f10eaf9ad601244a2357c9fd7cd9805ed166cfaaf76d5d9ab08a9d873e70147a?s=96&d=mm&r=g\",\"caption\":\"Xavi Andornet\"},\"sameAs\":[\"http:\/\/www.andornet.ad\"],\"url\":\"http:\/\/esponsorama.ad\/es\/author\/andornet\/\"}]}<\/script>\n<!-- \/ Yoast SEO plugin. -->","yoast_head_json":{"title":"PODIO HER\u00d3ICO DE BASTIANINI EN MISANO CON MARINI EN 19\u00aa POSICI\u00d3N - Esponsorama","robots":{"index":"index","follow":"follow","max-snippet":"max-snippet:-1","max-image-preview":"max-image-preview:large","max-video-preview":"max-video-preview:-1"},"canonical":"http:\/\/esponsorama.ad\/es\/podio-heroico-bastianini-misano-marini-19a-posicion\/","og_locale":"es_ES","og_type":"article","og_title":"PODIO HER\u00d3ICO DE BASTIANINI EN MISANO CON MARINI EN 19\u00aa POSICI\u00d3N - Esponsorama","og_description":"El Avintia Esponsorama y el Sky VR46 Avintia han completado la carrera del Gran Premio Octo di San Marino e della Riviera di Rimini, donde Enea Bastianini ha conseguido su primer podio en la categor\u00eda reina. El piloto del Avintia Esponsorama ha realizado una carrera pr\u00e1cticamente perfecta. Tras arrancar desde la 12\u00aa posici\u00f3n, vuelta tras [&hellip;]","og_url":"http:\/\/esponsorama.ad\/es\/podio-heroico-bastianini-misano-marini-19a-posicion\/","og_site_name":"Esponsorama","article_published_time":"2021-09-19T19:07:20+00:00","article_modified_time":"2021-09-19T19:09:03+00:00","og_image":[{"width":4664,"height":3110,"url":"http:\/\/esponsorama.ad\/wp-content\/uploads\/2021\/09\/323c0dcd-5f00-88f3-1094-aa221854007f.jpg","type":"image\/jpeg"}],"author":"Xavi Andornet","twitter_card":"summary_large_image","twitter_misc":{"Escrito por":"Xavi Andornet","Tiempo de lectura":"2 minutos"},"schema":{"@context":"https:\/\/schema.org","@graph":[{"@type":"Article","@id":"http:\/\/esponsorama.ad\/es\/podio-heroico-bastianini-misano-marini-19a-posicion\/#article","isPartOf":{"@id":"http:\/\/esponsorama.ad\/es\/podio-heroico-bastianini-misano-marini-19a-posicion\/"},"author":{"name":"Xavi Andornet","@id":"http:\/\/esponsorama.ad\/es\/#\/schema\/person\/a5cde74945183d737066e46b61c6f9c4"},"headline":"PODIO HER\u00d3ICO DE BASTIANINI EN MISANO CON MARINI EN 19\u00aa POSICI\u00d3N","datePublished":"2021-09-19T19:07:20+00:00","dateModified":"2021-09-19T19:09:03+00:00","mainEntityOfPage":{"@id":"http:\/\/esponsorama.ad\/es\/podio-heroico-bastianini-misano-marini-19a-posicion\/"},"wordCount":462,"image":{"@id":"http:\/\/esponsorama.ad\/es\/podio-heroico-bastianini-misano-marini-19a-posicion\/#primaryimage"},"thumbnailUrl":"http:\/\/esponsorama.ad\/wp-content\/uploads\/2021\/09\/323c0dcd-5f00-88f3-1094-aa221854007f.jpg","articleSection":["MotoGP"],"inLanguage":"es"},{"@type":"WebPage","@id":"http:\/\/esponsorama.ad\/es\/podio-heroico-bastianini-misano-marini-19a-posicion\/","url":"http:\/\/esponsorama.ad\/es\/podio-heroico-bastianini-misano-marini-19a-posicion\/","name":"PODIO HER\u00d3ICO DE BASTIANINI EN MISANO CON MARINI EN 19\u00aa POSICI\u00d3N - Esponsorama","isPartOf":{"@id":"http:\/\/esponsorama.ad\/es\/#website"},"primaryImageOfPage":{"@id":"http:\/\/esponsorama.ad\/es\/podio-heroico-bastianini-misano-marini-19a-posicion\/#primaryimage"},"image":{"@id":"http:\/\/esponsorama.ad\/es\/podio-heroico-bastianini-misano-marini-19a-posicion\/#primaryimage"},"thumbnailUrl":"http:\/\/esponsorama.ad\/wp-content\/uploads\/2021\/09\/323c0dcd-5f00-88f3-1094-aa221854007f.jpg","datePublished":"2021-09-19T19:07:20+00:00","dateModified":"2021-09-19T19:09:03+00:00","author":{"@id":"http:\/\/esponsorama.ad\/es\/#\/schema\/person\/a5cde74945183d737066e46b61c6f9c4"},"breadcrumb":{"@id":"http:\/\/esponsorama.ad\/es\/podio-heroico-bastianini-misano-marini-19a-posicion\/#breadcrumb"},"inLanguage":"es","potentialAction":[{"@type":"ReadAction","target":["http:\/\/esponsorama.ad\/es\/podio-heroico-bastianini-misano-marini-19a-posicion\/"]}]},{"@type":"ImageObject","inLanguage":"es","@id":"http:\/\/esponsorama.ad\/es\/podio-heroico-bastianini-misano-marini-19a-posicion\/#primaryimage","url":"http:\/\/esponsorama.ad\/wp-content\/uploads\/2021\/09\/323c0dcd-5f00-88f3-1094-aa221854007f.jpg","contentUrl":"http:\/\/esponsorama.ad\/wp-content\/uploads\/2021\/09\/323c0dcd-5f00-88f3-1094-aa221854007f.jpg","width":4664,"height":3110,"caption":"Enea Bastianini, San Marino MotoGP race, 19 September 2021"},{"@type":"BreadcrumbList","@id":"http:\/\/esponsorama.ad\/es\/podio-heroico-bastianini-misano-marini-19a-posicion\/#breadcrumb","itemListElement":[{"@type":"ListItem","position":1,"name":"Home","item":"http:\/\/esponsorama.ad\/ca\/"},{"@type":"ListItem","position":2,"name":"PODIO HER\u00d3ICO DE BASTIANINI EN MISANO CON MARINI EN 19\u00aa POSICI\u00d3N"}]},{"@type":"WebSite","@id":"http:\/\/esponsorama.ad\/es\/#website","url":"http:\/\/esponsorama.ad\/es\/","name":"Esponsorama","description":"Specialist in motorsport sponsorship and event promotions","potentialAction":[{"@type":"SearchAction","target":{"@type":"EntryPoint","urlTemplate":"http:\/\/esponsorama.ad\/es\/?s={search_term_string}"},"query-input":{"@type":"PropertyValueSpecification","valueRequired":true,"valueName":"search_term_string"}}],"inLanguage":"es"},{"@type":"Person","@id":"http:\/\/esponsorama.ad\/es\/#\/schema\/person\/a5cde74945183d737066e46b61c6f9c4","name":"Xavi Andornet","image":{"@type":"ImageObject","inLanguage":"es","@id":"http:\/\/esponsorama.ad\/es\/#\/schema\/person\/image\/","url":"https:\/\/secure.gravatar.com\/avatar\/f10eaf9ad601244a2357c9fd7cd9805ed166cfaaf76d5d9ab08a9d873e70147a?s=96&d=mm&r=g","contentUrl":"https:\/\/secure.gravatar.com\/avatar\/f10eaf9ad601244a2357c9fd7cd9805ed166cfaaf76d5d9ab08a9d873e70147a?s=96&d=mm&r=g","caption":"Xavi Andornet"},"sameAs":["http:\/\/www.andornet.ad"],"url":"http:\/\/esponsorama.ad\/es\/author\/andornet\/"}]}},"_links":{"self":[{"href":"http:\/\/esponsorama.ad\/es\/wp-json\/wp\/v2\/posts\/18328","targetHints":{"allow":["GET"]}}],"collection":[{"href":"http:\/\/esponsorama.ad\/es\/wp-json\/wp\/v2\/posts"}],"about":[{"href":"http:\/\/esponsorama.ad\/es\/wp-json\/wp\/v2\/types\/post"}],"author":[{"embeddable":true,"href":"http:\/\/esponsorama.ad\/es\/wp-json\/wp\/v2\/users\/6"}],"replies":[{"embeddable":true,"href":"http:\/\/esponsorama.ad\/es\/wp-json\/wp\/v2\/comments?post=18328"}],"version-history":[{"count":1,"href":"http:\/\/esponsorama.ad\/es\/wp-json\/wp\/v2\/posts\/18328\/revisions"}],"predecessor-version":[{"id":18335,"href":"http:\/\/esponsorama.ad\/es\/wp-json\/wp\/v2\/posts\/18328\/revisions\/18335"}],"wp:featuredmedia":[{"embeddable":true,"href":"http:\/\/esponsorama.ad\/es\/wp-json\/wp\/v2\/media\/18334"}],"wp:attachment":[{"href":"http:\/\/esponsorama.ad\/es\/wp-json\/wp\/v2\/media?parent=18328"}],"wp:term":[{"taxonomy":"category","embeddable":true,"href":"http:\/\/esponsorama.ad\/es\/wp-json\/wp\/v2\/categories?post=18328"},{"taxonomy":"post_tag","embeddable":true,"href":"http:\/\/esponsorama.ad\/es\/wp-json\/wp\/v2\/tags?post=18328"}],"curies":[{"name":"wp","href":"https:\/\/api.w.org\/{rel}","templated":true}]}}