{"id":18338,"date":"2021-10-01T00:01:08","date_gmt":"2021-09-30T22:01:08","guid":{"rendered":"http:\/\/esponsorama.ad\/?p=18338"},"modified":"2021-10-01T00:11:17","modified_gmt":"2021-09-30T22:11:17","slug":"bastianini-marini-regresan-los-estados-unidos-disputar-gran-premio-las-americas","status":"publish","type":"post","link":"http:\/\/esponsorama.ad\/es\/bastianini-marini-regresan-los-estados-unidos-disputar-gran-premio-las-americas\/","title":{"rendered":"BASTIANINI Y MARINI REGRESAN A LOS ESTADOS UNIDOS PARA DISPUTAR EL GRAN PREMIO DE LAS AM\u00c9RICAS"},"content":{"rendered":"<p>Dos a\u00f1os despu\u00e9s, el Avintia Esponsorama y el Sky VR46 Avintia volver\u00e1n a los Estados Unidos para disputar el Red Bull Grand Prix of the Americas, la 15\u00aa cita del calendario.<\/p>\n<p>Enea Bastianini llega a Texas tras conseguir en San Marino su primer podio en la categor\u00eda reina. El piloto italiano quiere seguir aprovechando en el Circuito de las Am\u00e9ricas su gran estado de forma y sumar nuevamente un gran resultado.<\/p>\n<p>Luca Marini aterriza en los Estados Unidos con energ\u00eda renovada. El piloto del Sky VR46 Avintia tuvo un test muy positivo en Misano y afronta muy motivado el fin de semana en Austin, con el objetivo de volver a la zona de puntos.<\/p>\n<p>El viernes a las 16:55 (CET+2), comenzar\u00e1 el primer entrenamiento libre de la categor\u00eda reina del Red Bull Grand Prix of the Americas.<\/p>\n<p>\t\t\t\t\t<div class=\"rider-short\">\n\t\t\t\t<a href=\"http:\/\/esponsorama.ad\/es\/piloto\/enea-bastianini\/\"><img loading=\"lazy\" decoding=\"async\" width=\"300\" height=\"300\" src=\"http:\/\/esponsorama.ad\/wp-content\/uploads\/2021\/02\/dorsal-bastianini-gris-300x300.png\" class=\"attachment-medium size-medium\" alt=\"\" srcset=\"http:\/\/esponsorama.ad\/wp-content\/uploads\/2021\/02\/dorsal-bastianini-gris-300x300.png 300w, http:\/\/esponsorama.ad\/wp-content\/uploads\/2021\/02\/dorsal-bastianini-gris-150x150.png 150w, http:\/\/esponsorama.ad\/wp-content\/uploads\/2021\/02\/dorsal-bastianini-gris.png 500w\" sizes=\"auto, (max-width: 300px) 100vw, 300px\" \/><\/a><div class=\"info\"><h3><a href=\"http:\/\/esponsorama.ad\/es\/piloto\/enea-bastianini\/\">Enea Bastianini<\/a><\/h3><div class=\"rrss\"><a target=\"_blank\" href=\"https:\/\/www.eneabastianini.it\/en\/\"><i class=\"fa fa-link\"><\/i><\/a><a target=\"_blank\" href=\"https:\/\/www.facebook.com\/Bestia33\"><i class=\"fa fa-facebook\"><\/i><\/a><a target=\"_blank\" href=\"https:\/\/twitter.com\/eneabastianini\"><i class=\"fa fa-twitter\"><\/i><\/a><a target=\"_blank\" href=\"https:\/\/www.instagram.com\/eneabastianini\/?hl=es\"><i class=\"fa fa-instagram\"><\/i><\/a><\/div><\/div>\t\t\t\t\t<\/div>\n\t\t\t\t<br \/>\n\u201cEstamos listos. Misano nos dio la energ\u00eda adecuada e hicimos algo incre\u00edble, trabajamos bien todo el fin de semana y fue un gran premio muy especial. Sabemos que el Circuito de las Am\u00e9ricas es una pista dif\u00edcil, sin embargo, creo que podemos hacer un buen papel. En 2019 pude pilotar la Moto2 y me gust\u00f3 mucho. Tendremos que buscar una buena puesta a punto desde el viernes, ya que es muy importante con todos los cambios de direcci\u00f3n.\u201d<\/p>\n<p>\t\t\t\t\t<div class=\"rider-short\">\n\t\t\t\t<a href=\"http:\/\/esponsorama.ad\/es\/piloto\/luca-marini\/\"><img loading=\"lazy\" decoding=\"async\" width=\"300\" height=\"300\" src=\"http:\/\/esponsorama.ad\/wp-content\/uploads\/2021\/02\/dorsal-marini-gris-300x300.png\" class=\"attachment-medium size-medium\" alt=\"\" srcset=\"http:\/\/esponsorama.ad\/wp-content\/uploads\/2021\/02\/dorsal-marini-gris-300x300.png 300w, http:\/\/esponsorama.ad\/wp-content\/uploads\/2021\/02\/dorsal-marini-gris-150x150.png 150w, http:\/\/esponsorama.ad\/wp-content\/uploads\/2021\/02\/dorsal-marini-gris.png 500w\" sizes=\"auto, (max-width: 300px) 100vw, 300px\" \/><\/a><div class=\"info\"><h3><a href=\"http:\/\/esponsorama.ad\/es\/piloto\/luca-marini\/\">Luca Marini<\/a><\/h3><div class=\"rrss\"><a target=\"_blank\" href=\"https:\/\/www.facebook.com\/LucaMariniLM97Official\/\"><i class=\"fa fa-facebook\"><\/i><\/a><a target=\"_blank\" href=\"https:\/\/twitter.com\/Luca_Marini_97\"><i class=\"fa fa-twitter\"><\/i><\/a><a target=\"_blank\" href=\"https:\/\/www.instagram.com\/luca_marini_97\/?hl=es\"><i class=\"fa fa-instagram\"><\/i><\/a><\/div><\/div>\t\t\t\t\t<\/div>\n\t\t\t\t<br \/>\n\u201cAustin es sin duda uno de los circuitos m\u00e1s especiales y dif\u00edciles del calendario. Nos espera una semana de duro trabajo, en la que tenemos que sacar el m\u00e1ximo partido a lo que hicimos en el test de Misano la semana pasada. Probamos algunas soluciones nuevas y fuimos r\u00e1pidos. Los \u00faltimos fines de semana no han sido f\u00e1ciles y el objetivo es definitivamente volver a la zona de puntos.\u201d<\/p>\n","protected":false},"excerpt":{"rendered":"<p>Dos a\u00f1os despu\u00e9s, el Avintia Esponsorama y el Sky VR46 Avintia volver\u00e1n a los Estados Unidos para disputar el Red Bull Grand Prix of the Americas, la 15\u00aa cita del calendario. Enea Bastianini llega a Texas tras conseguir en San Marino su primer podio en la categor\u00eda reina. El piloto italiano quiere seguir aprovechando en [&hellip;]<\/p>\n","protected":false},"author":6,"featured_media":18341,"comment_status":"closed","ping_status":"closed","sticky":false,"template":"","format":"standard","meta":{"footnotes":""},"categories":[3],"tags":[],"class_list":["post-18338","post","type-post","status-publish","format-standard","has-post-thumbnail","hentry","category-motogp"],"yoast_head":"<!-- This site is optimized with the Yoast SEO plugin v27.1.1 - https:\/\/yoast.com\/product\/yoast-seo-wordpress\/ -->\n<title>BASTIANINI Y MARINI REGRESAN A LOS ESTADOS UNIDOS PARA DISPUTAR EL GRAN PREMIO DE LAS AM\u00c9RICAS - Esponsorama<\/title>\n<meta name=\"robots\" content=\"index, follow, max-snippet:-1, max-image-preview:large, max-video-preview:-1\" \/>\n<link rel=\"canonical\" href=\"http:\/\/esponsorama.ad\/es\/bastianini-marini-regresan-los-estados-unidos-disputar-gran-premio-las-americas\/\" \/>\n<meta property=\"og:locale\" content=\"es_ES\" \/>\n<meta property=\"og:type\" content=\"article\" \/>\n<meta property=\"og:title\" content=\"BASTIANINI Y MARINI REGRESAN A LOS ESTADOS UNIDOS PARA DISPUTAR EL GRAN PREMIO DE LAS AM\u00c9RICAS - Esponsorama\" \/>\n<meta property=\"og:description\" content=\"Dos a\u00f1os despu\u00e9s, el Avintia Esponsorama y el Sky VR46 Avintia volver\u00e1n a los Estados Unidos para disputar el Red Bull Grand Prix of the Americas, la 15\u00aa cita del calendario. Enea Bastianini llega a Texas tras conseguir en San Marino su primer podio en la categor\u00eda reina. El piloto italiano quiere seguir aprovechando en [&hellip;]\" \/>\n<meta property=\"og:url\" content=\"http:\/\/esponsorama.ad\/es\/bastianini-marini-regresan-los-estados-unidos-disputar-gran-premio-las-americas\/\" \/>\n<meta property=\"og:site_name\" content=\"Esponsorama\" \/>\n<meta property=\"article:published_time\" content=\"2021-09-30T22:01:08+00:00\" \/>\n<meta property=\"article:modified_time\" content=\"2021-09-30T22:11:17+00:00\" \/>\n<meta property=\"og:image\" content=\"http:\/\/esponsorama.ad\/wp-content\/uploads\/2021\/09\/1cf13c61-22e3-f12a-e73f-85ce6c6fbd77.jpg\" \/>\n\t<meta property=\"og:image:width\" content=\"4770\" \/>\n\t<meta property=\"og:image:height\" content=\"3180\" \/>\n\t<meta property=\"og:image:type\" content=\"image\/jpeg\" \/>\n<meta name=\"author\" content=\"Xavi Andornet\" \/>\n<meta name=\"twitter:card\" content=\"summary_large_image\" \/>\n<meta name=\"twitter:label1\" content=\"Escrito por\" \/>\n\t<meta name=\"twitter:data1\" content=\"Xavi Andornet\" \/>\n\t<meta name=\"twitter:label2\" content=\"Tiempo de lectura\" \/>\n\t<meta name=\"twitter:data2\" content=\"2 minutos\" \/>\n<script type=\"application\/ld+json\" class=\"yoast-schema-graph\">{\"@context\":\"https:\/\/schema.org\",\"@graph\":[{\"@type\":\"Article\",\"@id\":\"http:\/\/esponsorama.ad\/es\/bastianini-marini-regresan-los-estados-unidos-disputar-gran-premio-las-americas\/#article\",\"isPartOf\":{\"@id\":\"http:\/\/esponsorama.ad\/es\/bastianini-marini-regresan-los-estados-unidos-disputar-gran-premio-las-americas\/\"},\"author\":{\"name\":\"Xavi Andornet\",\"@id\":\"http:\/\/esponsorama.ad\/es\/#\/schema\/person\/a5cde74945183d737066e46b61c6f9c4\"},\"headline\":\"BASTIANINI Y MARINI REGRESAN A LOS ESTADOS UNIDOS PARA DISPUTAR EL GRAN PREMIO DE LAS AM\u00c9RICAS\",\"datePublished\":\"2021-09-30T22:01:08+00:00\",\"dateModified\":\"2021-09-30T22:11:17+00:00\",\"mainEntityOfPage\":{\"@id\":\"http:\/\/esponsorama.ad\/es\/bastianini-marini-regresan-los-estados-unidos-disputar-gran-premio-las-americas\/\"},\"wordCount\":319,\"image\":{\"@id\":\"http:\/\/esponsorama.ad\/es\/bastianini-marini-regresan-los-estados-unidos-disputar-gran-premio-las-americas\/#primaryimage\"},\"thumbnailUrl\":\"http:\/\/esponsorama.ad\/wp-content\/uploads\/2021\/09\/1cf13c61-22e3-f12a-e73f-85ce6c6fbd77.jpg\",\"articleSection\":[\"MotoGP\"],\"inLanguage\":\"es\"},{\"@type\":\"WebPage\",\"@id\":\"http:\/\/esponsorama.ad\/es\/bastianini-marini-regresan-los-estados-unidos-disputar-gran-premio-las-americas\/\",\"url\":\"http:\/\/esponsorama.ad\/es\/bastianini-marini-regresan-los-estados-unidos-disputar-gran-premio-las-americas\/\",\"name\":\"BASTIANINI Y MARINI REGRESAN A LOS ESTADOS UNIDOS PARA DISPUTAR EL GRAN PREMIO DE LAS AM\u00c9RICAS - Esponsorama\",\"isPartOf\":{\"@id\":\"http:\/\/esponsorama.ad\/es\/#website\"},\"primaryImageOfPage\":{\"@id\":\"http:\/\/esponsorama.ad\/es\/bastianini-marini-regresan-los-estados-unidos-disputar-gran-premio-las-americas\/#primaryimage\"},\"image\":{\"@id\":\"http:\/\/esponsorama.ad\/es\/bastianini-marini-regresan-los-estados-unidos-disputar-gran-premio-las-americas\/#primaryimage\"},\"thumbnailUrl\":\"http:\/\/esponsorama.ad\/wp-content\/uploads\/2021\/09\/1cf13c61-22e3-f12a-e73f-85ce6c6fbd77.jpg\",\"datePublished\":\"2021-09-30T22:01:08+00:00\",\"dateModified\":\"2021-09-30T22:11:17+00:00\",\"author\":{\"@id\":\"http:\/\/esponsorama.ad\/es\/#\/schema\/person\/a5cde74945183d737066e46b61c6f9c4\"},\"breadcrumb\":{\"@id\":\"http:\/\/esponsorama.ad\/es\/bastianini-marini-regresan-los-estados-unidos-disputar-gran-premio-las-americas\/#breadcrumb\"},\"inLanguage\":\"es\",\"potentialAction\":[{\"@type\":\"ReadAction\",\"target\":[\"http:\/\/esponsorama.ad\/es\/bastianini-marini-regresan-los-estados-unidos-disputar-gran-premio-las-americas\/\"]}]},{\"@type\":\"ImageObject\",\"inLanguage\":\"es\",\"@id\":\"http:\/\/esponsorama.ad\/es\/bastianini-marini-regresan-los-estados-unidos-disputar-gran-premio-las-americas\/#primaryimage\",\"url\":\"http:\/\/esponsorama.ad\/wp-content\/uploads\/2021\/09\/1cf13c61-22e3-f12a-e73f-85ce6c6fbd77.jpg\",\"contentUrl\":\"http:\/\/esponsorama.ad\/wp-content\/uploads\/2021\/09\/1cf13c61-22e3-f12a-e73f-85ce6c6fbd77.jpg\",\"width\":4770,\"height\":3180,\"caption\":\"Enea Bastianini, San Marino MotoGP, 17 September 2021\"},{\"@type\":\"BreadcrumbList\",\"@id\":\"http:\/\/esponsorama.ad\/es\/bastianini-marini-regresan-los-estados-unidos-disputar-gran-premio-las-americas\/#breadcrumb\",\"itemListElement\":[{\"@type\":\"ListItem\",\"position\":1,\"name\":\"Home\",\"item\":\"http:\/\/esponsorama.ad\/ca\/\"},{\"@type\":\"ListItem\",\"position\":2,\"name\":\"BASTIANINI Y MARINI REGRESAN A LOS ESTADOS UNIDOS PARA DISPUTAR EL GRAN PREMIO DE LAS AM\u00c9RICAS\"}]},{\"@type\":\"WebSite\",\"@id\":\"http:\/\/esponsorama.ad\/es\/#website\",\"url\":\"http:\/\/esponsorama.ad\/es\/\",\"name\":\"Esponsorama\",\"description\":\"Specialist in motorsport sponsorship and event promotions\",\"potentialAction\":[{\"@type\":\"SearchAction\",\"target\":{\"@type\":\"EntryPoint\",\"urlTemplate\":\"http:\/\/esponsorama.ad\/es\/?s={search_term_string}\"},\"query-input\":{\"@type\":\"PropertyValueSpecification\",\"valueRequired\":true,\"valueName\":\"search_term_string\"}}],\"inLanguage\":\"es\"},{\"@type\":\"Person\",\"@id\":\"http:\/\/esponsorama.ad\/es\/#\/schema\/person\/a5cde74945183d737066e46b61c6f9c4\",\"name\":\"Xavi Andornet\",\"image\":{\"@type\":\"ImageObject\",\"inLanguage\":\"es\",\"@id\":\"http:\/\/esponsorama.ad\/es\/#\/schema\/person\/image\/\",\"url\":\"https:\/\/secure.gravatar.com\/avatar\/f10eaf9ad601244a2357c9fd7cd9805ed166cfaaf76d5d9ab08a9d873e70147a?s=96&d=mm&r=g\",\"contentUrl\":\"https:\/\/secure.gravatar.com\/avatar\/f10eaf9ad601244a2357c9fd7cd9805ed166cfaaf76d5d9ab08a9d873e70147a?s=96&d=mm&r=g\",\"caption\":\"Xavi Andornet\"},\"sameAs\":[\"http:\/\/www.andornet.ad\"],\"url\":\"http:\/\/esponsorama.ad\/es\/author\/andornet\/\"}]}<\/script>\n<!-- \/ Yoast SEO plugin. -->","yoast_head_json":{"title":"BASTIANINI Y MARINI REGRESAN A LOS ESTADOS UNIDOS PARA DISPUTAR EL GRAN PREMIO DE LAS AM\u00c9RICAS - Esponsorama","robots":{"index":"index","follow":"follow","max-snippet":"max-snippet:-1","max-image-preview":"max-image-preview:large","max-video-preview":"max-video-preview:-1"},"canonical":"http:\/\/esponsorama.ad\/es\/bastianini-marini-regresan-los-estados-unidos-disputar-gran-premio-las-americas\/","og_locale":"es_ES","og_type":"article","og_title":"BASTIANINI Y MARINI REGRESAN A LOS ESTADOS UNIDOS PARA DISPUTAR EL GRAN PREMIO DE LAS AM\u00c9RICAS - Esponsorama","og_description":"Dos a\u00f1os despu\u00e9s, el Avintia Esponsorama y el Sky VR46 Avintia volver\u00e1n a los Estados Unidos para disputar el Red Bull Grand Prix of the Americas, la 15\u00aa cita del calendario. Enea Bastianini llega a Texas tras conseguir en San Marino su primer podio en la categor\u00eda reina. El piloto italiano quiere seguir aprovechando en [&hellip;]","og_url":"http:\/\/esponsorama.ad\/es\/bastianini-marini-regresan-los-estados-unidos-disputar-gran-premio-las-americas\/","og_site_name":"Esponsorama","article_published_time":"2021-09-30T22:01:08+00:00","article_modified_time":"2021-09-30T22:11:17+00:00","og_image":[{"width":4770,"height":3180,"url":"http:\/\/esponsorama.ad\/wp-content\/uploads\/2021\/09\/1cf13c61-22e3-f12a-e73f-85ce6c6fbd77.jpg","type":"image\/jpeg"}],"author":"Xavi Andornet","twitter_card":"summary_large_image","twitter_misc":{"Escrito por":"Xavi Andornet","Tiempo de lectura":"2 minutos"},"schema":{"@context":"https:\/\/schema.org","@graph":[{"@type":"Article","@id":"http:\/\/esponsorama.ad\/es\/bastianini-marini-regresan-los-estados-unidos-disputar-gran-premio-las-americas\/#article","isPartOf":{"@id":"http:\/\/esponsorama.ad\/es\/bastianini-marini-regresan-los-estados-unidos-disputar-gran-premio-las-americas\/"},"author":{"name":"Xavi Andornet","@id":"http:\/\/esponsorama.ad\/es\/#\/schema\/person\/a5cde74945183d737066e46b61c6f9c4"},"headline":"BASTIANINI Y MARINI REGRESAN A LOS ESTADOS UNIDOS PARA DISPUTAR EL GRAN PREMIO DE LAS AM\u00c9RICAS","datePublished":"2021-09-30T22:01:08+00:00","dateModified":"2021-09-30T22:11:17+00:00","mainEntityOfPage":{"@id":"http:\/\/esponsorama.ad\/es\/bastianini-marini-regresan-los-estados-unidos-disputar-gran-premio-las-americas\/"},"wordCount":319,"image":{"@id":"http:\/\/esponsorama.ad\/es\/bastianini-marini-regresan-los-estados-unidos-disputar-gran-premio-las-americas\/#primaryimage"},"thumbnailUrl":"http:\/\/esponsorama.ad\/wp-content\/uploads\/2021\/09\/1cf13c61-22e3-f12a-e73f-85ce6c6fbd77.jpg","articleSection":["MotoGP"],"inLanguage":"es"},{"@type":"WebPage","@id":"http:\/\/esponsorama.ad\/es\/bastianini-marini-regresan-los-estados-unidos-disputar-gran-premio-las-americas\/","url":"http:\/\/esponsorama.ad\/es\/bastianini-marini-regresan-los-estados-unidos-disputar-gran-premio-las-americas\/","name":"BASTIANINI Y MARINI REGRESAN A LOS ESTADOS UNIDOS PARA DISPUTAR EL GRAN PREMIO DE LAS AM\u00c9RICAS - Esponsorama","isPartOf":{"@id":"http:\/\/esponsorama.ad\/es\/#website"},"primaryImageOfPage":{"@id":"http:\/\/esponsorama.ad\/es\/bastianini-marini-regresan-los-estados-unidos-disputar-gran-premio-las-americas\/#primaryimage"},"image":{"@id":"http:\/\/esponsorama.ad\/es\/bastianini-marini-regresan-los-estados-unidos-disputar-gran-premio-las-americas\/#primaryimage"},"thumbnailUrl":"http:\/\/esponsorama.ad\/wp-content\/uploads\/2021\/09\/1cf13c61-22e3-f12a-e73f-85ce6c6fbd77.jpg","datePublished":"2021-09-30T22:01:08+00:00","dateModified":"2021-09-30T22:11:17+00:00","author":{"@id":"http:\/\/esponsorama.ad\/es\/#\/schema\/person\/a5cde74945183d737066e46b61c6f9c4"},"breadcrumb":{"@id":"http:\/\/esponsorama.ad\/es\/bastianini-marini-regresan-los-estados-unidos-disputar-gran-premio-las-americas\/#breadcrumb"},"inLanguage":"es","potentialAction":[{"@type":"ReadAction","target":["http:\/\/esponsorama.ad\/es\/bastianini-marini-regresan-los-estados-unidos-disputar-gran-premio-las-americas\/"]}]},{"@type":"ImageObject","inLanguage":"es","@id":"http:\/\/esponsorama.ad\/es\/bastianini-marini-regresan-los-estados-unidos-disputar-gran-premio-las-americas\/#primaryimage","url":"http:\/\/esponsorama.ad\/wp-content\/uploads\/2021\/09\/1cf13c61-22e3-f12a-e73f-85ce6c6fbd77.jpg","contentUrl":"http:\/\/esponsorama.ad\/wp-content\/uploads\/2021\/09\/1cf13c61-22e3-f12a-e73f-85ce6c6fbd77.jpg","width":4770,"height":3180,"caption":"Enea Bastianini, San Marino MotoGP, 17 September 2021"},{"@type":"BreadcrumbList","@id":"http:\/\/esponsorama.ad\/es\/bastianini-marini-regresan-los-estados-unidos-disputar-gran-premio-las-americas\/#breadcrumb","itemListElement":[{"@type":"ListItem","position":1,"name":"Home","item":"http:\/\/esponsorama.ad\/ca\/"},{"@type":"ListItem","position":2,"name":"BASTIANINI Y MARINI REGRESAN A LOS ESTADOS UNIDOS PARA DISPUTAR EL GRAN PREMIO DE LAS AM\u00c9RICAS"}]},{"@type":"WebSite","@id":"http:\/\/esponsorama.ad\/es\/#website","url":"http:\/\/esponsorama.ad\/es\/","name":"Esponsorama","description":"Specialist in motorsport sponsorship and event promotions","potentialAction":[{"@type":"SearchAction","target":{"@type":"EntryPoint","urlTemplate":"http:\/\/esponsorama.ad\/es\/?s={search_term_string}"},"query-input":{"@type":"PropertyValueSpecification","valueRequired":true,"valueName":"search_term_string"}}],"inLanguage":"es"},{"@type":"Person","@id":"http:\/\/esponsorama.ad\/es\/#\/schema\/person\/a5cde74945183d737066e46b61c6f9c4","name":"Xavi Andornet","image":{"@type":"ImageObject","inLanguage":"es","@id":"http:\/\/esponsorama.ad\/es\/#\/schema\/person\/image\/","url":"https:\/\/secure.gravatar.com\/avatar\/f10eaf9ad601244a2357c9fd7cd9805ed166cfaaf76d5d9ab08a9d873e70147a?s=96&d=mm&r=g","contentUrl":"https:\/\/secure.gravatar.com\/avatar\/f10eaf9ad601244a2357c9fd7cd9805ed166cfaaf76d5d9ab08a9d873e70147a?s=96&d=mm&r=g","caption":"Xavi Andornet"},"sameAs":["http:\/\/www.andornet.ad"],"url":"http:\/\/esponsorama.ad\/es\/author\/andornet\/"}]}},"_links":{"self":[{"href":"http:\/\/esponsorama.ad\/es\/wp-json\/wp\/v2\/posts\/18338","targetHints":{"allow":["GET"]}}],"collection":[{"href":"http:\/\/esponsorama.ad\/es\/wp-json\/wp\/v2\/posts"}],"about":[{"href":"http:\/\/esponsorama.ad\/es\/wp-json\/wp\/v2\/types\/post"}],"author":[{"embeddable":true,"href":"http:\/\/esponsorama.ad\/es\/wp-json\/wp\/v2\/users\/6"}],"replies":[{"embeddable":true,"href":"http:\/\/esponsorama.ad\/es\/wp-json\/wp\/v2\/comments?post=18338"}],"version-history":[{"count":1,"href":"http:\/\/esponsorama.ad\/es\/wp-json\/wp\/v2\/posts\/18338\/revisions"}],"predecessor-version":[{"id":18342,"href":"http:\/\/esponsorama.ad\/es\/wp-json\/wp\/v2\/posts\/18338\/revisions\/18342"}],"wp:featuredmedia":[{"embeddable":true,"href":"http:\/\/esponsorama.ad\/es\/wp-json\/wp\/v2\/media\/18341"}],"wp:attachment":[{"href":"http:\/\/esponsorama.ad\/es\/wp-json\/wp\/v2\/media?parent=18338"}],"wp:term":[{"taxonomy":"category","embeddable":true,"href":"http:\/\/esponsorama.ad\/es\/wp-json\/wp\/v2\/categories?post=18338"},{"taxonomy":"post_tag","embeddable":true,"href":"http:\/\/esponsorama.ad\/es\/wp-json\/wp\/v2\/tags?post=18338"}],"curies":[{"name":"wp","href":"https:\/\/api.w.org\/{rel}","templated":true}]}}