{"id":18357,"date":"2021-10-02T00:08:58","date_gmt":"2021-10-01T22:08:58","guid":{"rendered":"http:\/\/esponsorama.ad\/?p=18357"},"modified":"2021-10-02T00:12:52","modified_gmt":"2021-10-01T22:12:52","slug":"inicio-positivo-bastianini-marini-austin","status":"publish","type":"post","link":"http:\/\/esponsorama.ad\/es\/inicio-positivo-bastianini-marini-austin\/","title":{"rendered":"INICIO POSITIVO DE BASTIANINI Y MARINI EN AUSTIN"},"content":{"rendered":"<p>El Avintia Esponsorama y el Sky VR46 Avintia han tenido este viernes su primera toma de contacto con el circuito de COTA tras disputar los dos primeros entrenamientos libres del Red Bull Grand Prix of the Americas.<\/p>\n<p>Enea Bastianini y Luca Marini han terminado 10\u00ba y 12\u00ba en la clasificaci\u00f3n combinada al final de la primera jornada. En la sesi\u00f3n matinal y en condiciones de mojado, ambos pilotos han podido dar sus primeras vueltas con la MotoGP y empezar a coger confianza con el trazado. <\/p>\n<p>Por la tarde, y ya en condiciones de seco, Bastianini ha sido el 10\u00ba m\u00e1s r\u00e1pido, con un tiempo de 2:04.836. Por su parte, tras parar el cron\u00f3metro en 2:04.933, Luca Marini ha marcado el 12\u00ba registro m\u00e1s r\u00e1pido del segundo entrenamiento libre. <\/p>\n<p>Ma\u00f1ana a las 16:55 (GMT+2), Bastianini y Marini volver\u00e1n a saltar a la pista para disputar el tercer entrenamiento libre y, posteriormente, el cuarto entrenamiento libre y la clasificaci\u00f3n del Red Bull Grand Prix of the Americas.<\/p>\n<p>\t\t\t\t\t<div class=\"rider-short\">\n\t\t\t\t<a href=\"http:\/\/esponsorama.ad\/es\/piloto\/enea-bastianini\/\"><img loading=\"lazy\" decoding=\"async\" width=\"300\" height=\"300\" src=\"http:\/\/esponsorama.ad\/wp-content\/uploads\/2021\/02\/dorsal-bastianini-gris-300x300.png\" class=\"attachment-medium size-medium\" alt=\"\" srcset=\"http:\/\/esponsorama.ad\/wp-content\/uploads\/2021\/02\/dorsal-bastianini-gris-300x300.png 300w, http:\/\/esponsorama.ad\/wp-content\/uploads\/2021\/02\/dorsal-bastianini-gris-150x150.png 150w, http:\/\/esponsorama.ad\/wp-content\/uploads\/2021\/02\/dorsal-bastianini-gris.png 500w\" sizes=\"auto, (max-width: 300px) 100vw, 300px\" \/><\/a><div class=\"info\"><h3><a href=\"http:\/\/esponsorama.ad\/es\/piloto\/enea-bastianini\/\">Enea Bastianini<\/a><\/h3><div class=\"rrss\"><a target=\"_blank\" href=\"https:\/\/www.eneabastianini.it\/en\/\"><i class=\"fa fa-link\"><\/i><\/a><a target=\"_blank\" href=\"https:\/\/www.facebook.com\/Bestia33\"><i class=\"fa fa-facebook\"><\/i><\/a><a target=\"_blank\" href=\"https:\/\/twitter.com\/eneabastianini\"><i class=\"fa fa-twitter\"><\/i><\/a><a target=\"_blank\" href=\"https:\/\/www.instagram.com\/eneabastianini\/?hl=es\"><i class=\"fa fa-instagram\"><\/i><\/a><\/div><\/div>\t\t\t\t\t<\/div>\n\t\t\t\t<br \/>\n\u201cHa sido un primer d\u00eda interesante. El asfalto est\u00e1 muy bacheado y no ha sido f\u00e1cil. La ma\u00f1ana ha sido en mojado y he  intentado empezar a coger confianza. El FP2 ya ha sido completamente en seco, pero he tenido algo de dolor en la espalda causado por la ca\u00edda que tuve en el test de Misano, y no me he acabado de sentir al 100%. De todas formas, hemos cerrado una buena vuelta. En las curvas r\u00e1pidas me siento bien, pero en las lentas sufro a\u00fan un poco. Tenemos todo el d\u00eda de ma\u00f1ana para trabajar e intentaremos dar un paso adelante.\u201d<\/p>\n<p>\t\t\t\t\t<div class=\"rider-short\">\n\t\t\t\t<a href=\"http:\/\/esponsorama.ad\/es\/piloto\/luca-marini\/\"><img loading=\"lazy\" decoding=\"async\" width=\"300\" height=\"300\" src=\"http:\/\/esponsorama.ad\/wp-content\/uploads\/2021\/02\/dorsal-marini-gris-300x300.png\" class=\"attachment-medium size-medium\" alt=\"\" srcset=\"http:\/\/esponsorama.ad\/wp-content\/uploads\/2021\/02\/dorsal-marini-gris-300x300.png 300w, http:\/\/esponsorama.ad\/wp-content\/uploads\/2021\/02\/dorsal-marini-gris-150x150.png 150w, http:\/\/esponsorama.ad\/wp-content\/uploads\/2021\/02\/dorsal-marini-gris.png 500w\" sizes=\"auto, (max-width: 300px) 100vw, 300px\" \/><\/a><div class=\"info\"><h3><a href=\"http:\/\/esponsorama.ad\/es\/piloto\/luca-marini\/\">Luca Marini<\/a><\/h3><div class=\"rrss\"><a target=\"_blank\" href=\"https:\/\/www.facebook.com\/LucaMariniLM97Official\/\"><i class=\"fa fa-facebook\"><\/i><\/a><a target=\"_blank\" href=\"https:\/\/twitter.com\/Luca_Marini_97\"><i class=\"fa fa-twitter\"><\/i><\/a><a target=\"_blank\" href=\"https:\/\/www.instagram.com\/luca_marini_97\/?hl=es\"><i class=\"fa fa-instagram\"><\/i><\/a><\/div><\/div>\t\t\t\t\t<\/div>\n\t\t\t\t<br \/>\n\u201cUn d\u00eda bueno y positivo. Hemos podido rodar en ambas condiciones y he sido r\u00e1pido en todas las sesiones. Era una situaci\u00f3n dif\u00edcil de gestionar, especialmente por los numerosos baches en el asfalto. Probablemente una de las cosas m\u00e1s complicadas a las que me he enfrentado pilotando una MotoGP, lo cual es una pena porque la pista es muy bonita. No creo que puedan hacer nada entre hoy y ma\u00f1ana, as\u00ed que lo \u00fanico que tenemos que hacer es trabajar en la moto para asegurarnos de que podemos empujar al m\u00e1ximo y no cometer ning\u00fan error. Sin duda, hablaremos con los dem\u00e1s pilotos en la \u2018Safety Commission\u2019 porque estamos al borde de lo peligroso. En general, las sensaciones sobre la moto son buenas, la mayor parte del trabajo que hicimos en el test de Misano ha funcionado en esta pista y esperamos que el tiempo sea bueno para la clasificaci\u00f3n.\u201d<\/p>\n","protected":false},"excerpt":{"rendered":"<p>El Avintia Esponsorama y el Sky VR46 Avintia han tenido este viernes su primera toma de contacto con el circuito de COTA tras disputar los dos primeros entrenamientos libres del Red Bull Grand Prix of the Americas. Enea Bastianini y Luca Marini han terminado 10\u00ba y 12\u00ba en la clasificaci\u00f3n combinada al final de la [&hellip;]<\/p>\n","protected":false},"author":6,"featured_media":18362,"comment_status":"closed","ping_status":"closed","sticky":false,"template":"","format":"standard","meta":{"footnotes":""},"categories":[3],"tags":[],"class_list":["post-18357","post","type-post","status-publish","format-standard","has-post-thumbnail","hentry","category-motogp"],"yoast_head":"<!-- This site is optimized with the Yoast SEO plugin v27.1.1 - https:\/\/yoast.com\/product\/yoast-seo-wordpress\/ -->\n<title>INICIO POSITIVO DE BASTIANINI Y MARINI EN AUSTIN - Esponsorama<\/title>\n<meta name=\"robots\" content=\"index, follow, max-snippet:-1, max-image-preview:large, max-video-preview:-1\" \/>\n<link rel=\"canonical\" href=\"http:\/\/esponsorama.ad\/es\/inicio-positivo-bastianini-marini-austin\/\" \/>\n<meta property=\"og:locale\" content=\"es_ES\" \/>\n<meta property=\"og:type\" content=\"article\" \/>\n<meta property=\"og:title\" content=\"INICIO POSITIVO DE BASTIANINI Y MARINI EN AUSTIN - Esponsorama\" \/>\n<meta property=\"og:description\" content=\"El Avintia Esponsorama y el Sky VR46 Avintia han tenido este viernes su primera toma de contacto con el circuito de COTA tras disputar los dos primeros entrenamientos libres del Red Bull Grand Prix of the Americas. Enea Bastianini y Luca Marini han terminado 10\u00ba y 12\u00ba en la clasificaci\u00f3n combinada al final de la [&hellip;]\" \/>\n<meta property=\"og:url\" content=\"http:\/\/esponsorama.ad\/es\/inicio-positivo-bastianini-marini-austin\/\" \/>\n<meta property=\"og:site_name\" content=\"Esponsorama\" \/>\n<meta property=\"article:published_time\" content=\"2021-10-01T22:08:58+00:00\" \/>\n<meta property=\"article:modified_time\" content=\"2021-10-01T22:12:52+00:00\" \/>\n<meta property=\"og:image\" content=\"http:\/\/esponsorama.ad\/wp-content\/uploads\/2021\/10\/1e66ae49-8c24-a9b7-3e84-908afb7ef19a.jpg\" \/>\n\t<meta property=\"og:image:width\" content=\"4236\" \/>\n\t<meta property=\"og:image:height\" content=\"2824\" \/>\n\t<meta property=\"og:image:type\" content=\"image\/jpeg\" \/>\n<meta name=\"author\" content=\"Xavi Andornet\" \/>\n<meta name=\"twitter:card\" content=\"summary_large_image\" \/>\n<meta name=\"twitter:label1\" content=\"Escrito por\" \/>\n\t<meta name=\"twitter:data1\" content=\"Xavi Andornet\" \/>\n\t<meta name=\"twitter:label2\" content=\"Tiempo de lectura\" \/>\n\t<meta name=\"twitter:data2\" content=\"2 minutos\" \/>\n<script type=\"application\/ld+json\" class=\"yoast-schema-graph\">{\"@context\":\"https:\/\/schema.org\",\"@graph\":[{\"@type\":\"Article\",\"@id\":\"http:\/\/esponsorama.ad\/es\/inicio-positivo-bastianini-marini-austin\/#article\",\"isPartOf\":{\"@id\":\"http:\/\/esponsorama.ad\/es\/inicio-positivo-bastianini-marini-austin\/\"},\"author\":{\"name\":\"Xavi Andornet\",\"@id\":\"http:\/\/esponsorama.ad\/es\/#\/schema\/person\/a5cde74945183d737066e46b61c6f9c4\"},\"headline\":\"INICIO POSITIVO DE BASTIANINI Y MARINI EN AUSTIN\",\"datePublished\":\"2021-10-01T22:08:58+00:00\",\"dateModified\":\"2021-10-01T22:12:52+00:00\",\"mainEntityOfPage\":{\"@id\":\"http:\/\/esponsorama.ad\/es\/inicio-positivo-bastianini-marini-austin\/\"},\"wordCount\":450,\"image\":{\"@id\":\"http:\/\/esponsorama.ad\/es\/inicio-positivo-bastianini-marini-austin\/#primaryimage\"},\"thumbnailUrl\":\"http:\/\/esponsorama.ad\/wp-content\/uploads\/2021\/10\/1e66ae49-8c24-a9b7-3e84-908afb7ef19a.jpg\",\"articleSection\":[\"MotoGP\"],\"inLanguage\":\"es\"},{\"@type\":\"WebPage\",\"@id\":\"http:\/\/esponsorama.ad\/es\/inicio-positivo-bastianini-marini-austin\/\",\"url\":\"http:\/\/esponsorama.ad\/es\/inicio-positivo-bastianini-marini-austin\/\",\"name\":\"INICIO POSITIVO DE BASTIANINI Y MARINI EN AUSTIN - Esponsorama\",\"isPartOf\":{\"@id\":\"http:\/\/esponsorama.ad\/es\/#website\"},\"primaryImageOfPage\":{\"@id\":\"http:\/\/esponsorama.ad\/es\/inicio-positivo-bastianini-marini-austin\/#primaryimage\"},\"image\":{\"@id\":\"http:\/\/esponsorama.ad\/es\/inicio-positivo-bastianini-marini-austin\/#primaryimage\"},\"thumbnailUrl\":\"http:\/\/esponsorama.ad\/wp-content\/uploads\/2021\/10\/1e66ae49-8c24-a9b7-3e84-908afb7ef19a.jpg\",\"datePublished\":\"2021-10-01T22:08:58+00:00\",\"dateModified\":\"2021-10-01T22:12:52+00:00\",\"author\":{\"@id\":\"http:\/\/esponsorama.ad\/es\/#\/schema\/person\/a5cde74945183d737066e46b61c6f9c4\"},\"breadcrumb\":{\"@id\":\"http:\/\/esponsorama.ad\/es\/inicio-positivo-bastianini-marini-austin\/#breadcrumb\"},\"inLanguage\":\"es\",\"potentialAction\":[{\"@type\":\"ReadAction\",\"target\":[\"http:\/\/esponsorama.ad\/es\/inicio-positivo-bastianini-marini-austin\/\"]}]},{\"@type\":\"ImageObject\",\"inLanguage\":\"es\",\"@id\":\"http:\/\/esponsorama.ad\/es\/inicio-positivo-bastianini-marini-austin\/#primaryimage\",\"url\":\"http:\/\/esponsorama.ad\/wp-content\/uploads\/2021\/10\/1e66ae49-8c24-a9b7-3e84-908afb7ef19a.jpg\",\"contentUrl\":\"http:\/\/esponsorama.ad\/wp-content\/uploads\/2021\/10\/1e66ae49-8c24-a9b7-3e84-908afb7ef19a.jpg\",\"width\":4236,\"height\":2824,\"caption\":\"Enea Bastianini, MotoGP, Grand Prix of the Americas, 1 October 2021\"},{\"@type\":\"BreadcrumbList\",\"@id\":\"http:\/\/esponsorama.ad\/es\/inicio-positivo-bastianini-marini-austin\/#breadcrumb\",\"itemListElement\":[{\"@type\":\"ListItem\",\"position\":1,\"name\":\"Home\",\"item\":\"http:\/\/esponsorama.ad\/en\/\"},{\"@type\":\"ListItem\",\"position\":2,\"name\":\"INICIO POSITIVO DE BASTIANINI Y MARINI EN AUSTIN\"}]},{\"@type\":\"WebSite\",\"@id\":\"http:\/\/esponsorama.ad\/es\/#website\",\"url\":\"http:\/\/esponsorama.ad\/es\/\",\"name\":\"Esponsorama\",\"description\":\"Specialist in motorsport sponsorship and event promotions\",\"potentialAction\":[{\"@type\":\"SearchAction\",\"target\":{\"@type\":\"EntryPoint\",\"urlTemplate\":\"http:\/\/esponsorama.ad\/es\/?s={search_term_string}\"},\"query-input\":{\"@type\":\"PropertyValueSpecification\",\"valueRequired\":true,\"valueName\":\"search_term_string\"}}],\"inLanguage\":\"es\"},{\"@type\":\"Person\",\"@id\":\"http:\/\/esponsorama.ad\/es\/#\/schema\/person\/a5cde74945183d737066e46b61c6f9c4\",\"name\":\"Xavi Andornet\",\"image\":{\"@type\":\"ImageObject\",\"inLanguage\":\"es\",\"@id\":\"http:\/\/esponsorama.ad\/es\/#\/schema\/person\/image\/\",\"url\":\"https:\/\/secure.gravatar.com\/avatar\/f10eaf9ad601244a2357c9fd7cd9805ed166cfaaf76d5d9ab08a9d873e70147a?s=96&d=mm&r=g\",\"contentUrl\":\"https:\/\/secure.gravatar.com\/avatar\/f10eaf9ad601244a2357c9fd7cd9805ed166cfaaf76d5d9ab08a9d873e70147a?s=96&d=mm&r=g\",\"caption\":\"Xavi Andornet\"},\"sameAs\":[\"http:\/\/www.andornet.ad\"],\"url\":\"http:\/\/esponsorama.ad\/es\/author\/andornet\/\"}]}<\/script>\n<!-- \/ Yoast SEO plugin. -->","yoast_head_json":{"title":"INICIO POSITIVO DE BASTIANINI Y MARINI EN AUSTIN - Esponsorama","robots":{"index":"index","follow":"follow","max-snippet":"max-snippet:-1","max-image-preview":"max-image-preview:large","max-video-preview":"max-video-preview:-1"},"canonical":"http:\/\/esponsorama.ad\/es\/inicio-positivo-bastianini-marini-austin\/","og_locale":"es_ES","og_type":"article","og_title":"INICIO POSITIVO DE BASTIANINI Y MARINI EN AUSTIN - Esponsorama","og_description":"El Avintia Esponsorama y el Sky VR46 Avintia han tenido este viernes su primera toma de contacto con el circuito de COTA tras disputar los dos primeros entrenamientos libres del Red Bull Grand Prix of the Americas. Enea Bastianini y Luca Marini han terminado 10\u00ba y 12\u00ba en la clasificaci\u00f3n combinada al final de la [&hellip;]","og_url":"http:\/\/esponsorama.ad\/es\/inicio-positivo-bastianini-marini-austin\/","og_site_name":"Esponsorama","article_published_time":"2021-10-01T22:08:58+00:00","article_modified_time":"2021-10-01T22:12:52+00:00","og_image":[{"width":4236,"height":2824,"url":"http:\/\/esponsorama.ad\/wp-content\/uploads\/2021\/10\/1e66ae49-8c24-a9b7-3e84-908afb7ef19a.jpg","type":"image\/jpeg"}],"author":"Xavi Andornet","twitter_card":"summary_large_image","twitter_misc":{"Escrito por":"Xavi Andornet","Tiempo de lectura":"2 minutos"},"schema":{"@context":"https:\/\/schema.org","@graph":[{"@type":"Article","@id":"http:\/\/esponsorama.ad\/es\/inicio-positivo-bastianini-marini-austin\/#article","isPartOf":{"@id":"http:\/\/esponsorama.ad\/es\/inicio-positivo-bastianini-marini-austin\/"},"author":{"name":"Xavi Andornet","@id":"http:\/\/esponsorama.ad\/es\/#\/schema\/person\/a5cde74945183d737066e46b61c6f9c4"},"headline":"INICIO POSITIVO DE BASTIANINI Y MARINI EN AUSTIN","datePublished":"2021-10-01T22:08:58+00:00","dateModified":"2021-10-01T22:12:52+00:00","mainEntityOfPage":{"@id":"http:\/\/esponsorama.ad\/es\/inicio-positivo-bastianini-marini-austin\/"},"wordCount":450,"image":{"@id":"http:\/\/esponsorama.ad\/es\/inicio-positivo-bastianini-marini-austin\/#primaryimage"},"thumbnailUrl":"http:\/\/esponsorama.ad\/wp-content\/uploads\/2021\/10\/1e66ae49-8c24-a9b7-3e84-908afb7ef19a.jpg","articleSection":["MotoGP"],"inLanguage":"es"},{"@type":"WebPage","@id":"http:\/\/esponsorama.ad\/es\/inicio-positivo-bastianini-marini-austin\/","url":"http:\/\/esponsorama.ad\/es\/inicio-positivo-bastianini-marini-austin\/","name":"INICIO POSITIVO DE BASTIANINI Y MARINI EN AUSTIN - Esponsorama","isPartOf":{"@id":"http:\/\/esponsorama.ad\/es\/#website"},"primaryImageOfPage":{"@id":"http:\/\/esponsorama.ad\/es\/inicio-positivo-bastianini-marini-austin\/#primaryimage"},"image":{"@id":"http:\/\/esponsorama.ad\/es\/inicio-positivo-bastianini-marini-austin\/#primaryimage"},"thumbnailUrl":"http:\/\/esponsorama.ad\/wp-content\/uploads\/2021\/10\/1e66ae49-8c24-a9b7-3e84-908afb7ef19a.jpg","datePublished":"2021-10-01T22:08:58+00:00","dateModified":"2021-10-01T22:12:52+00:00","author":{"@id":"http:\/\/esponsorama.ad\/es\/#\/schema\/person\/a5cde74945183d737066e46b61c6f9c4"},"breadcrumb":{"@id":"http:\/\/esponsorama.ad\/es\/inicio-positivo-bastianini-marini-austin\/#breadcrumb"},"inLanguage":"es","potentialAction":[{"@type":"ReadAction","target":["http:\/\/esponsorama.ad\/es\/inicio-positivo-bastianini-marini-austin\/"]}]},{"@type":"ImageObject","inLanguage":"es","@id":"http:\/\/esponsorama.ad\/es\/inicio-positivo-bastianini-marini-austin\/#primaryimage","url":"http:\/\/esponsorama.ad\/wp-content\/uploads\/2021\/10\/1e66ae49-8c24-a9b7-3e84-908afb7ef19a.jpg","contentUrl":"http:\/\/esponsorama.ad\/wp-content\/uploads\/2021\/10\/1e66ae49-8c24-a9b7-3e84-908afb7ef19a.jpg","width":4236,"height":2824,"caption":"Enea Bastianini, MotoGP, Grand Prix of the Americas, 1 October 2021"},{"@type":"BreadcrumbList","@id":"http:\/\/esponsorama.ad\/es\/inicio-positivo-bastianini-marini-austin\/#breadcrumb","itemListElement":[{"@type":"ListItem","position":1,"name":"Home","item":"http:\/\/esponsorama.ad\/en\/"},{"@type":"ListItem","position":2,"name":"INICIO POSITIVO DE BASTIANINI Y MARINI EN AUSTIN"}]},{"@type":"WebSite","@id":"http:\/\/esponsorama.ad\/es\/#website","url":"http:\/\/esponsorama.ad\/es\/","name":"Esponsorama","description":"Specialist in motorsport sponsorship and event promotions","potentialAction":[{"@type":"SearchAction","target":{"@type":"EntryPoint","urlTemplate":"http:\/\/esponsorama.ad\/es\/?s={search_term_string}"},"query-input":{"@type":"PropertyValueSpecification","valueRequired":true,"valueName":"search_term_string"}}],"inLanguage":"es"},{"@type":"Person","@id":"http:\/\/esponsorama.ad\/es\/#\/schema\/person\/a5cde74945183d737066e46b61c6f9c4","name":"Xavi Andornet","image":{"@type":"ImageObject","inLanguage":"es","@id":"http:\/\/esponsorama.ad\/es\/#\/schema\/person\/image\/","url":"https:\/\/secure.gravatar.com\/avatar\/f10eaf9ad601244a2357c9fd7cd9805ed166cfaaf76d5d9ab08a9d873e70147a?s=96&d=mm&r=g","contentUrl":"https:\/\/secure.gravatar.com\/avatar\/f10eaf9ad601244a2357c9fd7cd9805ed166cfaaf76d5d9ab08a9d873e70147a?s=96&d=mm&r=g","caption":"Xavi Andornet"},"sameAs":["http:\/\/www.andornet.ad"],"url":"http:\/\/esponsorama.ad\/es\/author\/andornet\/"}]}},"_links":{"self":[{"href":"http:\/\/esponsorama.ad\/es\/wp-json\/wp\/v2\/posts\/18357","targetHints":{"allow":["GET"]}}],"collection":[{"href":"http:\/\/esponsorama.ad\/es\/wp-json\/wp\/v2\/posts"}],"about":[{"href":"http:\/\/esponsorama.ad\/es\/wp-json\/wp\/v2\/types\/post"}],"author":[{"embeddable":true,"href":"http:\/\/esponsorama.ad\/es\/wp-json\/wp\/v2\/users\/6"}],"replies":[{"embeddable":true,"href":"http:\/\/esponsorama.ad\/es\/wp-json\/wp\/v2\/comments?post=18357"}],"version-history":[{"count":1,"href":"http:\/\/esponsorama.ad\/es\/wp-json\/wp\/v2\/posts\/18357\/revisions"}],"predecessor-version":[{"id":18363,"href":"http:\/\/esponsorama.ad\/es\/wp-json\/wp\/v2\/posts\/18357\/revisions\/18363"}],"wp:featuredmedia":[{"embeddable":true,"href":"http:\/\/esponsorama.ad\/es\/wp-json\/wp\/v2\/media\/18362"}],"wp:attachment":[{"href":"http:\/\/esponsorama.ad\/es\/wp-json\/wp\/v2\/media?parent=18357"}],"wp:term":[{"taxonomy":"category","embeddable":true,"href":"http:\/\/esponsorama.ad\/es\/wp-json\/wp\/v2\/categories?post=18357"},{"taxonomy":"post_tag","embeddable":true,"href":"http:\/\/esponsorama.ad\/es\/wp-json\/wp\/v2\/tags?post=18357"}],"curies":[{"name":"wp","href":"https:\/\/api.w.org\/{rel}","templated":true}]}}