{"id":18384,"date":"2021-10-03T00:12:59","date_gmt":"2021-10-02T22:12:59","guid":{"rendered":"http:\/\/esponsorama.ad\/?p=18384"},"modified":"2021-10-03T00:15:12","modified_gmt":"2021-10-02T22:15:12","slug":"bastianini-16o-marini-9o-la-clasificacion-del-gran-premio-las-americas","status":"publish","type":"post","link":"http:\/\/esponsorama.ad\/es\/bastianini-16o-marini-9o-la-clasificacion-del-gran-premio-las-americas\/","title":{"rendered":"BASTIANINI 16\u00ba Y MARINI 9\u00ba EN LA CLASIFICACI\u00d3N DEL GRAN PREMIO DE LAS AM\u00c9RICAS"},"content":{"rendered":"<p>El Avintia Esponsorama y el Sky VR46 Avintia han disputado este s\u00e1bado la clasificaci\u00f3n del Red Bull Grand Prix of the Americas en el circuito de COTA.<\/p>\n<p>Enea Bastianini partir\u00e1 la carrera en Austin desde la 16\u00aa posici\u00f3n al no poder superar el corte de la Q1. El piloto italiano ma\u00f1ana para sumar otro buen resultado que le permita seguir sumando puntos.<\/p>\n<p>Luca Marini ha sido 9\u00ba, consiguiendo su mejor posici\u00f3n en clasificaci\u00f3n desde su debut en la categor\u00eda reina. Por segunda vez esta temporada, el piloto del Sky VR46 Avintia ha peleado por la \u2018pole position\u2019 en la Q2 tras liderar la Q1.<\/p>\n<p>Ma\u00f1ana a las 21:00 (CET+2) dar\u00e1 comienzo la carrera del Red Bull Grand Prix of the Americas, donde Bastianini y Marini buscar\u00e1n conseguir un buen resultado.<\/p>\n<p>\t\t\t\t\t<div class=\"rider-short\">\n\t\t\t\t<a href=\"http:\/\/esponsorama.ad\/es\/piloto\/enea-bastianini\/\"><img loading=\"lazy\" decoding=\"async\" width=\"300\" height=\"300\" src=\"http:\/\/esponsorama.ad\/wp-content\/uploads\/2021\/02\/dorsal-bastianini-gris-300x300.png\" class=\"attachment-medium size-medium\" alt=\"\" srcset=\"http:\/\/esponsorama.ad\/wp-content\/uploads\/2021\/02\/dorsal-bastianini-gris-300x300.png 300w, http:\/\/esponsorama.ad\/wp-content\/uploads\/2021\/02\/dorsal-bastianini-gris-150x150.png 150w, http:\/\/esponsorama.ad\/wp-content\/uploads\/2021\/02\/dorsal-bastianini-gris.png 500w\" sizes=\"auto, (max-width: 300px) 100vw, 300px\" \/><\/a><div class=\"info\"><h3><a href=\"http:\/\/esponsorama.ad\/es\/piloto\/enea-bastianini\/\">Enea Bastianini<\/a> | 2'04.118 | P16<\/h3><div class=\"rrss\"><a target=\"_blank\" href=\"https:\/\/www.eneabastianini.it\/en\/\"><i class=\"fa fa-link\"><\/i><\/a><a target=\"_blank\" href=\"https:\/\/www.facebook.com\/Bestia33\"><i class=\"fa fa-facebook\"><\/i><\/a><a target=\"_blank\" href=\"https:\/\/twitter.com\/eneabastianini\"><i class=\"fa fa-twitter\"><\/i><\/a><a target=\"_blank\" href=\"https:\/\/www.instagram.com\/eneabastianini\/?hl=es\"><i class=\"fa fa-instagram\"><\/i><\/a><\/div><\/div>\t\t\t\t\t<\/div>\n\t\t\t\t<br \/>\n\u201cHa sido un d\u00eda dif\u00edcil. Esta ma\u00f1ana hemos tenido un buen comienzo y me he sentido c\u00f3modo para hacer alguna buena vuelta. Esta tarde en la clasificaci\u00f3n no me he acabado de sentir bien con la moto. Necesitamos entender lo que ha pasado para poder trabajar en ello. Ma\u00f1ana comenzamos un poco atrasados, por lo que no ser\u00e1 f\u00e1cil, pero intentaremos hacerlo lo mejor que podamos.\u201d<\/p>\n<p>\t\t\t\t\t<div class=\"rider-short\">\n\t\t\t\t<a href=\"http:\/\/esponsorama.ad\/es\/piloto\/luca-marini\/\"><img loading=\"lazy\" decoding=\"async\" width=\"300\" height=\"300\" src=\"http:\/\/esponsorama.ad\/wp-content\/uploads\/2021\/02\/dorsal-marini-gris-300x300.png\" class=\"attachment-medium size-medium\" alt=\"\" srcset=\"http:\/\/esponsorama.ad\/wp-content\/uploads\/2021\/02\/dorsal-marini-gris-300x300.png 300w, http:\/\/esponsorama.ad\/wp-content\/uploads\/2021\/02\/dorsal-marini-gris-150x150.png 150w, http:\/\/esponsorama.ad\/wp-content\/uploads\/2021\/02\/dorsal-marini-gris.png 500w\" sizes=\"auto, (max-width: 300px) 100vw, 300px\" \/><\/a><div class=\"info\"><h3><a href=\"http:\/\/esponsorama.ad\/es\/piloto\/luca-marini\/\">Luca Marini<\/a> | 2'03.546 | P9<\/h3><div class=\"rrss\"><a target=\"_blank\" href=\"https:\/\/www.facebook.com\/LucaMariniLM97Official\/\"><i class=\"fa fa-facebook\"><\/i><\/a><a target=\"_blank\" href=\"https:\/\/twitter.com\/Luca_Marini_97\"><i class=\"fa fa-twitter\"><\/i><\/a><a target=\"_blank\" href=\"https:\/\/www.instagram.com\/luca_marini_97\/?hl=es\"><i class=\"fa fa-instagram\"><\/i><\/a><\/div><\/div>\t\t\t\t\t<\/div>\n\t\t\t\t<br \/>\n\u201cEstoy muy contento con la clasificaci\u00f3n y con el tiempo por vuelta, porque significa que lo estamos haciendo bien y que podemos ver los frutos de nuestros esfuerzos en el test de Misano. Me siento mejor en la moto y puedo pilotar como quiero. En los FP3 y FP4 hemos tenido algunos problemas y quiz\u00e1s por primera vez esta temporada tenemos algunas dudas sobre la elecci\u00f3n de los neum\u00e1ticos para ma\u00f1ana. Nuestras opciones son el blando o el medio en la parte trasera, miraremos los datos de las otras Ducati y decidiremos despu\u00e9s del warm up. El equipo est\u00e1 haciendo un gran trabajo y hoy me he divertido.\u201d<\/p>\n","protected":false},"excerpt":{"rendered":"<p>El Avintia Esponsorama y el Sky VR46 Avintia han disputado este s\u00e1bado la clasificaci\u00f3n del Red Bull Grand Prix of the Americas en el circuito de COTA. Enea Bastianini partir\u00e1 la carrera en Austin desde la 16\u00aa posici\u00f3n al no poder superar el corte de la Q1. El piloto italiano ma\u00f1ana para sumar otro buen [&hellip;]<\/p>\n","protected":false},"author":6,"featured_media":18389,"comment_status":"closed","ping_status":"closed","sticky":false,"template":"","format":"standard","meta":{"footnotes":""},"categories":[3],"tags":[],"class_list":["post-18384","post","type-post","status-publish","format-standard","has-post-thumbnail","hentry","category-motogp"],"yoast_head":"<!-- This site is optimized with the Yoast SEO plugin v27.1.1 - https:\/\/yoast.com\/product\/yoast-seo-wordpress\/ -->\n<title>BASTIANINI 16\u00ba Y MARINI 9\u00ba EN LA CLASIFICACI\u00d3N DEL GRAN PREMIO DE LAS AM\u00c9RICAS - Esponsorama<\/title>\n<meta name=\"robots\" content=\"index, follow, max-snippet:-1, max-image-preview:large, max-video-preview:-1\" \/>\n<link rel=\"canonical\" href=\"http:\/\/esponsorama.ad\/es\/bastianini-16o-marini-9o-la-clasificacion-del-gran-premio-las-americas\/\" \/>\n<meta property=\"og:locale\" content=\"es_ES\" \/>\n<meta property=\"og:type\" content=\"article\" \/>\n<meta property=\"og:title\" content=\"BASTIANINI 16\u00ba Y MARINI 9\u00ba EN LA CLASIFICACI\u00d3N DEL GRAN PREMIO DE LAS AM\u00c9RICAS - Esponsorama\" \/>\n<meta property=\"og:description\" content=\"El Avintia Esponsorama y el Sky VR46 Avintia han disputado este s\u00e1bado la clasificaci\u00f3n del Red Bull Grand Prix of the Americas en el circuito de COTA. Enea Bastianini partir\u00e1 la carrera en Austin desde la 16\u00aa posici\u00f3n al no poder superar el corte de la Q1. El piloto italiano ma\u00f1ana para sumar otro buen [&hellip;]\" \/>\n<meta property=\"og:url\" content=\"http:\/\/esponsorama.ad\/es\/bastianini-16o-marini-9o-la-clasificacion-del-gran-premio-las-americas\/\" \/>\n<meta property=\"og:site_name\" content=\"Esponsorama\" \/>\n<meta property=\"article:published_time\" content=\"2021-10-02T22:12:59+00:00\" \/>\n<meta property=\"article:modified_time\" content=\"2021-10-02T22:15:12+00:00\" \/>\n<meta property=\"og:image\" content=\"http:\/\/esponsorama.ad\/wp-content\/uploads\/2021\/10\/59af7a77-bd26-b44e-a15b-f72ee2a1d4ee.jpg\" \/>\n\t<meta property=\"og:image:width\" content=\"2914\" \/>\n\t<meta property=\"og:image:height\" content=\"1943\" \/>\n\t<meta property=\"og:image:type\" content=\"image\/jpeg\" \/>\n<meta name=\"author\" content=\"Xavi Andornet\" \/>\n<meta name=\"twitter:card\" content=\"summary_large_image\" \/>\n<meta name=\"twitter:label1\" content=\"Escrito por\" \/>\n\t<meta name=\"twitter:data1\" content=\"Xavi Andornet\" \/>\n\t<meta name=\"twitter:label2\" content=\"Tiempo de lectura\" \/>\n\t<meta name=\"twitter:data2\" content=\"2 minutos\" \/>\n<script type=\"application\/ld+json\" class=\"yoast-schema-graph\">{\"@context\":\"https:\/\/schema.org\",\"@graph\":[{\"@type\":\"Article\",\"@id\":\"http:\/\/esponsorama.ad\/es\/bastianini-16o-marini-9o-la-clasificacion-del-gran-premio-las-americas\/#article\",\"isPartOf\":{\"@id\":\"http:\/\/esponsorama.ad\/es\/bastianini-16o-marini-9o-la-clasificacion-del-gran-premio-las-americas\/\"},\"author\":{\"name\":\"Xavi Andornet\",\"@id\":\"http:\/\/esponsorama.ad\/es\/#\/schema\/person\/a5cde74945183d737066e46b61c6f9c4\"},\"headline\":\"BASTIANINI 16\u00ba Y MARINI 9\u00ba EN LA CLASIFICACI\u00d3N DEL GRAN PREMIO DE LAS AM\u00c9RICAS\",\"datePublished\":\"2021-10-02T22:12:59+00:00\",\"dateModified\":\"2021-10-02T22:15:12+00:00\",\"mainEntityOfPage\":{\"@id\":\"http:\/\/esponsorama.ad\/es\/bastianini-16o-marini-9o-la-clasificacion-del-gran-premio-las-americas\/\"},\"wordCount\":347,\"image\":{\"@id\":\"http:\/\/esponsorama.ad\/es\/bastianini-16o-marini-9o-la-clasificacion-del-gran-premio-las-americas\/#primaryimage\"},\"thumbnailUrl\":\"http:\/\/esponsorama.ad\/wp-content\/uploads\/2021\/10\/59af7a77-bd26-b44e-a15b-f72ee2a1d4ee.jpg\",\"articleSection\":[\"MotoGP\"],\"inLanguage\":\"es\"},{\"@type\":\"WebPage\",\"@id\":\"http:\/\/esponsorama.ad\/es\/bastianini-16o-marini-9o-la-clasificacion-del-gran-premio-las-americas\/\",\"url\":\"http:\/\/esponsorama.ad\/es\/bastianini-16o-marini-9o-la-clasificacion-del-gran-premio-las-americas\/\",\"name\":\"BASTIANINI 16\u00ba Y MARINI 9\u00ba EN LA CLASIFICACI\u00d3N DEL GRAN PREMIO DE LAS AM\u00c9RICAS - Esponsorama\",\"isPartOf\":{\"@id\":\"http:\/\/esponsorama.ad\/es\/#website\"},\"primaryImageOfPage\":{\"@id\":\"http:\/\/esponsorama.ad\/es\/bastianini-16o-marini-9o-la-clasificacion-del-gran-premio-las-americas\/#primaryimage\"},\"image\":{\"@id\":\"http:\/\/esponsorama.ad\/es\/bastianini-16o-marini-9o-la-clasificacion-del-gran-premio-las-americas\/#primaryimage\"},\"thumbnailUrl\":\"http:\/\/esponsorama.ad\/wp-content\/uploads\/2021\/10\/59af7a77-bd26-b44e-a15b-f72ee2a1d4ee.jpg\",\"datePublished\":\"2021-10-02T22:12:59+00:00\",\"dateModified\":\"2021-10-02T22:15:12+00:00\",\"author\":{\"@id\":\"http:\/\/esponsorama.ad\/es\/#\/schema\/person\/a5cde74945183d737066e46b61c6f9c4\"},\"breadcrumb\":{\"@id\":\"http:\/\/esponsorama.ad\/es\/bastianini-16o-marini-9o-la-clasificacion-del-gran-premio-las-americas\/#breadcrumb\"},\"inLanguage\":\"es\",\"potentialAction\":[{\"@type\":\"ReadAction\",\"target\":[\"http:\/\/esponsorama.ad\/es\/bastianini-16o-marini-9o-la-clasificacion-del-gran-premio-las-americas\/\"]}]},{\"@type\":\"ImageObject\",\"inLanguage\":\"es\",\"@id\":\"http:\/\/esponsorama.ad\/es\/bastianini-16o-marini-9o-la-clasificacion-del-gran-premio-las-americas\/#primaryimage\",\"url\":\"http:\/\/esponsorama.ad\/wp-content\/uploads\/2021\/10\/59af7a77-bd26-b44e-a15b-f72ee2a1d4ee.jpg\",\"contentUrl\":\"http:\/\/esponsorama.ad\/wp-content\/uploads\/2021\/10\/59af7a77-bd26-b44e-a15b-f72ee2a1d4ee.jpg\",\"width\":2914,\"height\":1943,\"caption\":\"Enea Bastianini, MotoGP, Grand Prix of the Americas, 1 October 2021\"},{\"@type\":\"BreadcrumbList\",\"@id\":\"http:\/\/esponsorama.ad\/es\/bastianini-16o-marini-9o-la-clasificacion-del-gran-premio-las-americas\/#breadcrumb\",\"itemListElement\":[{\"@type\":\"ListItem\",\"position\":1,\"name\":\"Home\",\"item\":\"http:\/\/esponsorama.ad\/ca\/\"},{\"@type\":\"ListItem\",\"position\":2,\"name\":\"BASTIANINI 16\u00ba Y MARINI 9\u00ba EN LA CLASIFICACI\u00d3N DEL GRAN PREMIO DE LAS AM\u00c9RICAS\"}]},{\"@type\":\"WebSite\",\"@id\":\"http:\/\/esponsorama.ad\/es\/#website\",\"url\":\"http:\/\/esponsorama.ad\/es\/\",\"name\":\"Esponsorama\",\"description\":\"Specialist in motorsport sponsorship and event promotions\",\"potentialAction\":[{\"@type\":\"SearchAction\",\"target\":{\"@type\":\"EntryPoint\",\"urlTemplate\":\"http:\/\/esponsorama.ad\/es\/?s={search_term_string}\"},\"query-input\":{\"@type\":\"PropertyValueSpecification\",\"valueRequired\":true,\"valueName\":\"search_term_string\"}}],\"inLanguage\":\"es\"},{\"@type\":\"Person\",\"@id\":\"http:\/\/esponsorama.ad\/es\/#\/schema\/person\/a5cde74945183d737066e46b61c6f9c4\",\"name\":\"Xavi Andornet\",\"image\":{\"@type\":\"ImageObject\",\"inLanguage\":\"es\",\"@id\":\"http:\/\/esponsorama.ad\/es\/#\/schema\/person\/image\/\",\"url\":\"https:\/\/secure.gravatar.com\/avatar\/f10eaf9ad601244a2357c9fd7cd9805ed166cfaaf76d5d9ab08a9d873e70147a?s=96&d=mm&r=g\",\"contentUrl\":\"https:\/\/secure.gravatar.com\/avatar\/f10eaf9ad601244a2357c9fd7cd9805ed166cfaaf76d5d9ab08a9d873e70147a?s=96&d=mm&r=g\",\"caption\":\"Xavi Andornet\"},\"sameAs\":[\"http:\/\/www.andornet.ad\"],\"url\":\"http:\/\/esponsorama.ad\/es\/author\/andornet\/\"}]}<\/script>\n<!-- \/ Yoast SEO plugin. -->","yoast_head_json":{"title":"BASTIANINI 16\u00ba Y MARINI 9\u00ba EN LA CLASIFICACI\u00d3N DEL GRAN PREMIO DE LAS AM\u00c9RICAS - Esponsorama","robots":{"index":"index","follow":"follow","max-snippet":"max-snippet:-1","max-image-preview":"max-image-preview:large","max-video-preview":"max-video-preview:-1"},"canonical":"http:\/\/esponsorama.ad\/es\/bastianini-16o-marini-9o-la-clasificacion-del-gran-premio-las-americas\/","og_locale":"es_ES","og_type":"article","og_title":"BASTIANINI 16\u00ba Y MARINI 9\u00ba EN LA CLASIFICACI\u00d3N DEL GRAN PREMIO DE LAS AM\u00c9RICAS - Esponsorama","og_description":"El Avintia Esponsorama y el Sky VR46 Avintia han disputado este s\u00e1bado la clasificaci\u00f3n del Red Bull Grand Prix of the Americas en el circuito de COTA. Enea Bastianini partir\u00e1 la carrera en Austin desde la 16\u00aa posici\u00f3n al no poder superar el corte de la Q1. El piloto italiano ma\u00f1ana para sumar otro buen [&hellip;]","og_url":"http:\/\/esponsorama.ad\/es\/bastianini-16o-marini-9o-la-clasificacion-del-gran-premio-las-americas\/","og_site_name":"Esponsorama","article_published_time":"2021-10-02T22:12:59+00:00","article_modified_time":"2021-10-02T22:15:12+00:00","og_image":[{"width":2914,"height":1943,"url":"http:\/\/esponsorama.ad\/wp-content\/uploads\/2021\/10\/59af7a77-bd26-b44e-a15b-f72ee2a1d4ee.jpg","type":"image\/jpeg"}],"author":"Xavi Andornet","twitter_card":"summary_large_image","twitter_misc":{"Escrito por":"Xavi Andornet","Tiempo de lectura":"2 minutos"},"schema":{"@context":"https:\/\/schema.org","@graph":[{"@type":"Article","@id":"http:\/\/esponsorama.ad\/es\/bastianini-16o-marini-9o-la-clasificacion-del-gran-premio-las-americas\/#article","isPartOf":{"@id":"http:\/\/esponsorama.ad\/es\/bastianini-16o-marini-9o-la-clasificacion-del-gran-premio-las-americas\/"},"author":{"name":"Xavi Andornet","@id":"http:\/\/esponsorama.ad\/es\/#\/schema\/person\/a5cde74945183d737066e46b61c6f9c4"},"headline":"BASTIANINI 16\u00ba Y MARINI 9\u00ba EN LA CLASIFICACI\u00d3N DEL GRAN PREMIO DE LAS AM\u00c9RICAS","datePublished":"2021-10-02T22:12:59+00:00","dateModified":"2021-10-02T22:15:12+00:00","mainEntityOfPage":{"@id":"http:\/\/esponsorama.ad\/es\/bastianini-16o-marini-9o-la-clasificacion-del-gran-premio-las-americas\/"},"wordCount":347,"image":{"@id":"http:\/\/esponsorama.ad\/es\/bastianini-16o-marini-9o-la-clasificacion-del-gran-premio-las-americas\/#primaryimage"},"thumbnailUrl":"http:\/\/esponsorama.ad\/wp-content\/uploads\/2021\/10\/59af7a77-bd26-b44e-a15b-f72ee2a1d4ee.jpg","articleSection":["MotoGP"],"inLanguage":"es"},{"@type":"WebPage","@id":"http:\/\/esponsorama.ad\/es\/bastianini-16o-marini-9o-la-clasificacion-del-gran-premio-las-americas\/","url":"http:\/\/esponsorama.ad\/es\/bastianini-16o-marini-9o-la-clasificacion-del-gran-premio-las-americas\/","name":"BASTIANINI 16\u00ba Y MARINI 9\u00ba EN LA CLASIFICACI\u00d3N DEL GRAN PREMIO DE LAS AM\u00c9RICAS - Esponsorama","isPartOf":{"@id":"http:\/\/esponsorama.ad\/es\/#website"},"primaryImageOfPage":{"@id":"http:\/\/esponsorama.ad\/es\/bastianini-16o-marini-9o-la-clasificacion-del-gran-premio-las-americas\/#primaryimage"},"image":{"@id":"http:\/\/esponsorama.ad\/es\/bastianini-16o-marini-9o-la-clasificacion-del-gran-premio-las-americas\/#primaryimage"},"thumbnailUrl":"http:\/\/esponsorama.ad\/wp-content\/uploads\/2021\/10\/59af7a77-bd26-b44e-a15b-f72ee2a1d4ee.jpg","datePublished":"2021-10-02T22:12:59+00:00","dateModified":"2021-10-02T22:15:12+00:00","author":{"@id":"http:\/\/esponsorama.ad\/es\/#\/schema\/person\/a5cde74945183d737066e46b61c6f9c4"},"breadcrumb":{"@id":"http:\/\/esponsorama.ad\/es\/bastianini-16o-marini-9o-la-clasificacion-del-gran-premio-las-americas\/#breadcrumb"},"inLanguage":"es","potentialAction":[{"@type":"ReadAction","target":["http:\/\/esponsorama.ad\/es\/bastianini-16o-marini-9o-la-clasificacion-del-gran-premio-las-americas\/"]}]},{"@type":"ImageObject","inLanguage":"es","@id":"http:\/\/esponsorama.ad\/es\/bastianini-16o-marini-9o-la-clasificacion-del-gran-premio-las-americas\/#primaryimage","url":"http:\/\/esponsorama.ad\/wp-content\/uploads\/2021\/10\/59af7a77-bd26-b44e-a15b-f72ee2a1d4ee.jpg","contentUrl":"http:\/\/esponsorama.ad\/wp-content\/uploads\/2021\/10\/59af7a77-bd26-b44e-a15b-f72ee2a1d4ee.jpg","width":2914,"height":1943,"caption":"Enea Bastianini, MotoGP, Grand Prix of the Americas, 1 October 2021"},{"@type":"BreadcrumbList","@id":"http:\/\/esponsorama.ad\/es\/bastianini-16o-marini-9o-la-clasificacion-del-gran-premio-las-americas\/#breadcrumb","itemListElement":[{"@type":"ListItem","position":1,"name":"Home","item":"http:\/\/esponsorama.ad\/ca\/"},{"@type":"ListItem","position":2,"name":"BASTIANINI 16\u00ba Y MARINI 9\u00ba EN LA CLASIFICACI\u00d3N DEL GRAN PREMIO DE LAS AM\u00c9RICAS"}]},{"@type":"WebSite","@id":"http:\/\/esponsorama.ad\/es\/#website","url":"http:\/\/esponsorama.ad\/es\/","name":"Esponsorama","description":"Specialist in motorsport sponsorship and event promotions","potentialAction":[{"@type":"SearchAction","target":{"@type":"EntryPoint","urlTemplate":"http:\/\/esponsorama.ad\/es\/?s={search_term_string}"},"query-input":{"@type":"PropertyValueSpecification","valueRequired":true,"valueName":"search_term_string"}}],"inLanguage":"es"},{"@type":"Person","@id":"http:\/\/esponsorama.ad\/es\/#\/schema\/person\/a5cde74945183d737066e46b61c6f9c4","name":"Xavi Andornet","image":{"@type":"ImageObject","inLanguage":"es","@id":"http:\/\/esponsorama.ad\/es\/#\/schema\/person\/image\/","url":"https:\/\/secure.gravatar.com\/avatar\/f10eaf9ad601244a2357c9fd7cd9805ed166cfaaf76d5d9ab08a9d873e70147a?s=96&d=mm&r=g","contentUrl":"https:\/\/secure.gravatar.com\/avatar\/f10eaf9ad601244a2357c9fd7cd9805ed166cfaaf76d5d9ab08a9d873e70147a?s=96&d=mm&r=g","caption":"Xavi Andornet"},"sameAs":["http:\/\/www.andornet.ad"],"url":"http:\/\/esponsorama.ad\/es\/author\/andornet\/"}]}},"_links":{"self":[{"href":"http:\/\/esponsorama.ad\/es\/wp-json\/wp\/v2\/posts\/18384","targetHints":{"allow":["GET"]}}],"collection":[{"href":"http:\/\/esponsorama.ad\/es\/wp-json\/wp\/v2\/posts"}],"about":[{"href":"http:\/\/esponsorama.ad\/es\/wp-json\/wp\/v2\/types\/post"}],"author":[{"embeddable":true,"href":"http:\/\/esponsorama.ad\/es\/wp-json\/wp\/v2\/users\/6"}],"replies":[{"embeddable":true,"href":"http:\/\/esponsorama.ad\/es\/wp-json\/wp\/v2\/comments?post=18384"}],"version-history":[{"count":1,"href":"http:\/\/esponsorama.ad\/es\/wp-json\/wp\/v2\/posts\/18384\/revisions"}],"predecessor-version":[{"id":18390,"href":"http:\/\/esponsorama.ad\/es\/wp-json\/wp\/v2\/posts\/18384\/revisions\/18390"}],"wp:featuredmedia":[{"embeddable":true,"href":"http:\/\/esponsorama.ad\/es\/wp-json\/wp\/v2\/media\/18389"}],"wp:attachment":[{"href":"http:\/\/esponsorama.ad\/es\/wp-json\/wp\/v2\/media?parent=18384"}],"wp:term":[{"taxonomy":"category","embeddable":true,"href":"http:\/\/esponsorama.ad\/es\/wp-json\/wp\/v2\/categories?post=18384"},{"taxonomy":"post_tag","embeddable":true,"href":"http:\/\/esponsorama.ad\/es\/wp-json\/wp\/v2\/tags?post=18384"}],"curies":[{"name":"wp","href":"https:\/\/api.w.org\/{rel}","templated":true}]}}