{"id":18393,"date":"2021-10-04T00:08:17","date_gmt":"2021-10-03T22:08:17","guid":{"rendered":"http:\/\/esponsorama.ad\/?p=18393"},"modified":"2021-10-04T00:10:14","modified_gmt":"2021-10-03T22:10:14","slug":"antonelli-15o-tatay-18o-tras-una-carrera-accidentada-austin","status":"publish","type":"post","link":"http:\/\/esponsorama.ad\/es\/antonelli-15o-tatay-18o-tras-una-carrera-accidentada-austin\/","title":{"rendered":"ANTONELLI 15\u00ba Y TATAY 18\u00ba TRAS UNA CARRERA ACCIDENTADA EN AUSTIN"},"content":{"rendered":"<p>El Avintia Esponsorama Moto3 y el Avintia VR46 Academy han finalizado el fin de semana en Austin tras completar la carrera del Red Bull Grand Prix of the Americas en el circuito de las Am\u00e9ricas.<\/p>\n<p>Ha sido un domingo ca\u00f3tico para los pilotos de Moto3, donde una bandera roja a falta de 10 vueltas para el final ha provocado que se dispute una segunda carrera al \u2018sprint\u2019. <\/p>\n<p>Durante la primera carrera, ha aparecido la primera de las banderas debido a una ca\u00edda de Filip Salac. Tras varios minutos de espera, la acci\u00f3n se ha retomado en una segunda carrera a 5 giros. Dos vueltas despu\u00e9s, una fuerte ca\u00edda m\u00faltiple, donde afortunadamente todos los pilotos implicados han salido ilesos, ha provocado la segunda bandera roja de la jornada. Finalmente, direcci\u00f3n de carrera ha determinado que los resultados finales eran las posiciones de la primera carrera.<\/p>\n<p>Niccol\u00f2 Antonelli, que ha tenido un domingo complicado, ha sido 15\u00ba. El piloto de la VR46 Academy ha perdido varias posiciones en las primeras vueltas. En su af\u00e1n de remontar, se ha ido al suelo en la primera curva cuando rodaba 15\u00ba, instantes antes de que apareciera la bandera roja. Antonelli ha recuperado la moto y los mec\u00e1nicos han arreglado los desperfectos para que pudiera partir en la segunda carrera. Por su parte, Carlos Tatay no ha podido llegar a las posiciones de puntos tras finalizar 18\u00ba. <\/p>\n<p>El Avintia Esponsorama Moto3 y el Avintia VR46 Academy volver\u00e1n dentro de tres semanas al Misano World Circuit Marco Simoncelli para disputar el Gran Premio Nolan del Made in Italy e dell\u2019Emilia-Romagna.<\/p>\n<p>\t\t\t\t\t<div class=\"rider-short\">\n\t\t\t\t<a href=\"http:\/\/esponsorama.ad\/es\/piloto\/niccolo-antonelli\/\"><img loading=\"lazy\" decoding=\"async\" width=\"300\" height=\"300\" src=\"http:\/\/esponsorama.ad\/wp-content\/uploads\/2021\/02\/dorsal-na-gris-300x300.png\" class=\"attachment-medium size-medium\" alt=\"\" srcset=\"http:\/\/esponsorama.ad\/wp-content\/uploads\/2021\/02\/dorsal-na-gris-300x300.png 300w, http:\/\/esponsorama.ad\/wp-content\/uploads\/2021\/02\/dorsal-na-gris-150x150.png 150w, http:\/\/esponsorama.ad\/wp-content\/uploads\/2021\/02\/dorsal-na-gris.png 500w\" sizes=\"auto, (max-width: 300px) 100vw, 300px\" \/><\/a><div class=\"info\"><h3><a href=\"http:\/\/esponsorama.ad\/es\/piloto\/niccolo-antonelli\/\">Niccol\u00f2 Antonelli<\/a> | P15<\/h3><div class=\"rrss\"><a target=\"_blank\" href=\"https:\/\/www.facebook.com\/Nicco23\"><i class=\"fa fa-facebook\"><\/i><\/a><a target=\"_blank\" href=\"https:\/\/twitter.com\/_Nicco23\"><i class=\"fa fa-twitter\"><\/i><\/a><a target=\"_blank\" href=\"https:\/\/www.instagram.com\/nicco23on\/?hl=es\"><i class=\"fa fa-instagram\"><\/i><\/a><a target=\"_blank\" href=\"https:\/\/www.youtube.com\/user\/NiccoloAntonelli\/featured\"><i class=\"fa fa-youtube\"><\/i><\/a><\/div><\/div>\t\t\t\t\t<\/div>\n\t\t\t\t<br \/>\n\u201cNo estoy muy contento. Al principio algunos pilotos de detr\u00e1s no han pensado en la carrera y hemos perdido bastantes posiciones. He tratado de volver al grupo pero ha aparecido la bandera roja. En la segunda carrera est\u00e1bamos haciendo un buen trabajo, pero ha venido otra bandera roja de nuevo. Al final han valido los resultados de la primera carrera y he terminado 15\u00ba.\u201d<\/p>\n<p>\t\t\t\t\t<div class=\"rider-short\">\n\t\t\t\t<a href=\"http:\/\/esponsorama.ad\/es\/piloto\/carlos-tatay\/\"><img loading=\"lazy\" decoding=\"async\" width=\"300\" height=\"300\" src=\"http:\/\/esponsorama.ad\/wp-content\/uploads\/2021\/02\/dorsal-tatay-gris-300x300.png\" class=\"attachment-medium size-medium\" alt=\"\" srcset=\"http:\/\/esponsorama.ad\/wp-content\/uploads\/2021\/02\/dorsal-tatay-gris-300x300.png 300w, http:\/\/esponsorama.ad\/wp-content\/uploads\/2021\/02\/dorsal-tatay-gris-150x150.png 150w, http:\/\/esponsorama.ad\/wp-content\/uploads\/2021\/02\/dorsal-tatay-gris.png 500w\" sizes=\"auto, (max-width: 300px) 100vw, 300px\" \/><\/a><div class=\"info\"><h3><a href=\"http:\/\/esponsorama.ad\/es\/piloto\/carlos-tatay\/\">Carlos Tatay<\/a> | P18<\/h3><div class=\"rrss\"><a target=\"_blank\" href=\"https:\/\/www.facebook.com\/carlostatay99\/\"><i class=\"fa fa-facebook\"><\/i><\/a><a target=\"_blank\" href=\"https:\/\/twitter.com\/carlostatay99\"><i class=\"fa fa-twitter\"><\/i><\/a><a target=\"_blank\" href=\"https:\/\/www.instagram.com\/carlostatay99\/\"><i class=\"fa fa-instagram\"><\/i><\/a><\/div><\/div>\t\t\t\t\t<\/div>\n\t\t\t\t<br \/>\n\u201cEl fin de semana no ha salido como quer\u00edamos. Ha sido duro y nos ha costado bastante. En el FP2 perdimos mucho tiempo y, en un circuito que era nuevo para mi, me ha perjudicado. Mirada puesta en Misano, sabemos donde tenemos que mejorar, as\u00ed que continuaremos trabajando y seguro que llegar\u00e1n los buenos resultados.\u201d<\/p>\n","protected":false},"excerpt":{"rendered":"<p>El Avintia Esponsorama Moto3 y el Avintia VR46 Academy han finalizado el fin de semana en Austin tras completar la carrera del Red Bull Grand Prix of the Americas en el circuito de las Am\u00e9ricas. Ha sido un domingo ca\u00f3tico para los pilotos de Moto3, donde una bandera roja a falta de 10 vueltas para [&hellip;]<\/p>\n","protected":false},"author":6,"featured_media":18398,"comment_status":"closed","ping_status":"closed","sticky":false,"template":"","format":"standard","meta":{"footnotes":""},"categories":[12],"tags":[],"class_list":["post-18393","post","type-post","status-publish","format-standard","has-post-thumbnail","hentry","category-moto3"],"yoast_head":"<!-- This site is optimized with the Yoast SEO plugin v27.1.1 - https:\/\/yoast.com\/product\/yoast-seo-wordpress\/ -->\n<title>ANTONELLI 15\u00ba Y TATAY 18\u00ba TRAS UNA CARRERA ACCIDENTADA EN AUSTIN - Esponsorama<\/title>\n<meta name=\"robots\" content=\"index, follow, max-snippet:-1, max-image-preview:large, max-video-preview:-1\" \/>\n<link rel=\"canonical\" href=\"http:\/\/esponsorama.ad\/es\/antonelli-15o-tatay-18o-tras-una-carrera-accidentada-austin\/\" \/>\n<meta property=\"og:locale\" content=\"es_ES\" \/>\n<meta property=\"og:type\" content=\"article\" \/>\n<meta property=\"og:title\" content=\"ANTONELLI 15\u00ba Y TATAY 18\u00ba TRAS UNA CARRERA ACCIDENTADA EN AUSTIN - Esponsorama\" \/>\n<meta property=\"og:description\" content=\"El Avintia Esponsorama Moto3 y el Avintia VR46 Academy han finalizado el fin de semana en Austin tras completar la carrera del Red Bull Grand Prix of the Americas en el circuito de las Am\u00e9ricas. Ha sido un domingo ca\u00f3tico para los pilotos de Moto3, donde una bandera roja a falta de 10 vueltas para [&hellip;]\" \/>\n<meta property=\"og:url\" content=\"http:\/\/esponsorama.ad\/es\/antonelli-15o-tatay-18o-tras-una-carrera-accidentada-austin\/\" \/>\n<meta property=\"og:site_name\" content=\"Esponsorama\" \/>\n<meta property=\"article:published_time\" content=\"2021-10-03T22:08:17+00:00\" \/>\n<meta property=\"article:modified_time\" content=\"2021-10-03T22:10:14+00:00\" \/>\n<meta property=\"og:image\" content=\"http:\/\/esponsorama.ad\/wp-content\/uploads\/2021\/10\/515d5886-04b5-2d23-860e-96e35d62ab1a.jpg\" \/>\n\t<meta property=\"og:image:width\" content=\"3942\" \/>\n\t<meta property=\"og:image:height\" content=\"2628\" \/>\n\t<meta property=\"og:image:type\" content=\"image\/jpeg\" \/>\n<meta name=\"author\" content=\"Xavi Andornet\" \/>\n<meta name=\"twitter:card\" content=\"summary_large_image\" \/>\n<meta name=\"twitter:label1\" content=\"Escrito por\" \/>\n\t<meta name=\"twitter:data1\" content=\"Xavi Andornet\" \/>\n\t<meta name=\"twitter:label2\" content=\"Tiempo de lectura\" \/>\n\t<meta name=\"twitter:data2\" content=\"2 minutos\" \/>\n<script type=\"application\/ld+json\" class=\"yoast-schema-graph\">{\"@context\":\"https:\/\/schema.org\",\"@graph\":[{\"@type\":\"Article\",\"@id\":\"http:\/\/esponsorama.ad\/es\/antonelli-15o-tatay-18o-tras-una-carrera-accidentada-austin\/#article\",\"isPartOf\":{\"@id\":\"http:\/\/esponsorama.ad\/es\/antonelli-15o-tatay-18o-tras-una-carrera-accidentada-austin\/\"},\"author\":{\"name\":\"Xavi Andornet\",\"@id\":\"http:\/\/esponsorama.ad\/es\/#\/schema\/person\/a5cde74945183d737066e46b61c6f9c4\"},\"headline\":\"ANTONELLI 15\u00ba Y TATAY 18\u00ba TRAS UNA CARRERA ACCIDENTADA EN AUSTIN\",\"datePublished\":\"2021-10-03T22:08:17+00:00\",\"dateModified\":\"2021-10-03T22:10:14+00:00\",\"mainEntityOfPage\":{\"@id\":\"http:\/\/esponsorama.ad\/es\/antonelli-15o-tatay-18o-tras-una-carrera-accidentada-austin\/\"},\"wordCount\":407,\"image\":{\"@id\":\"http:\/\/esponsorama.ad\/es\/antonelli-15o-tatay-18o-tras-una-carrera-accidentada-austin\/#primaryimage\"},\"thumbnailUrl\":\"http:\/\/esponsorama.ad\/wp-content\/uploads\/2021\/10\/515d5886-04b5-2d23-860e-96e35d62ab1a.jpg\",\"articleSection\":[\"Moto3\"],\"inLanguage\":\"es\"},{\"@type\":\"WebPage\",\"@id\":\"http:\/\/esponsorama.ad\/es\/antonelli-15o-tatay-18o-tras-una-carrera-accidentada-austin\/\",\"url\":\"http:\/\/esponsorama.ad\/es\/antonelli-15o-tatay-18o-tras-una-carrera-accidentada-austin\/\",\"name\":\"ANTONELLI 15\u00ba Y TATAY 18\u00ba TRAS UNA CARRERA ACCIDENTADA EN AUSTIN - Esponsorama\",\"isPartOf\":{\"@id\":\"http:\/\/esponsorama.ad\/es\/#website\"},\"primaryImageOfPage\":{\"@id\":\"http:\/\/esponsorama.ad\/es\/antonelli-15o-tatay-18o-tras-una-carrera-accidentada-austin\/#primaryimage\"},\"image\":{\"@id\":\"http:\/\/esponsorama.ad\/es\/antonelli-15o-tatay-18o-tras-una-carrera-accidentada-austin\/#primaryimage\"},\"thumbnailUrl\":\"http:\/\/esponsorama.ad\/wp-content\/uploads\/2021\/10\/515d5886-04b5-2d23-860e-96e35d62ab1a.jpg\",\"datePublished\":\"2021-10-03T22:08:17+00:00\",\"dateModified\":\"2021-10-03T22:10:14+00:00\",\"author\":{\"@id\":\"http:\/\/esponsorama.ad\/es\/#\/schema\/person\/a5cde74945183d737066e46b61c6f9c4\"},\"breadcrumb\":{\"@id\":\"http:\/\/esponsorama.ad\/es\/antonelli-15o-tatay-18o-tras-una-carrera-accidentada-austin\/#breadcrumb\"},\"inLanguage\":\"es\",\"potentialAction\":[{\"@type\":\"ReadAction\",\"target\":[\"http:\/\/esponsorama.ad\/es\/antonelli-15o-tatay-18o-tras-una-carrera-accidentada-austin\/\"]}]},{\"@type\":\"ImageObject\",\"inLanguage\":\"es\",\"@id\":\"http:\/\/esponsorama.ad\/es\/antonelli-15o-tatay-18o-tras-una-carrera-accidentada-austin\/#primaryimage\",\"url\":\"http:\/\/esponsorama.ad\/wp-content\/uploads\/2021\/10\/515d5886-04b5-2d23-860e-96e35d62ab1a.jpg\",\"contentUrl\":\"http:\/\/esponsorama.ad\/wp-content\/uploads\/2021\/10\/515d5886-04b5-2d23-860e-96e35d62ab1a.jpg\",\"width\":3942,\"height\":2628,\"caption\":\"Niccolo Antonelli, Moto3 race, Grand Prix of the Americas, 3 October 2021\"},{\"@type\":\"BreadcrumbList\",\"@id\":\"http:\/\/esponsorama.ad\/es\/antonelli-15o-tatay-18o-tras-una-carrera-accidentada-austin\/#breadcrumb\",\"itemListElement\":[{\"@type\":\"ListItem\",\"position\":1,\"name\":\"Home\",\"item\":\"http:\/\/esponsorama.ad\/en\/\"},{\"@type\":\"ListItem\",\"position\":2,\"name\":\"ANTONELLI 15\u00ba Y TATAY 18\u00ba TRAS UNA CARRERA ACCIDENTADA EN AUSTIN\"}]},{\"@type\":\"WebSite\",\"@id\":\"http:\/\/esponsorama.ad\/es\/#website\",\"url\":\"http:\/\/esponsorama.ad\/es\/\",\"name\":\"Esponsorama\",\"description\":\"Specialist in motorsport sponsorship and event promotions\",\"potentialAction\":[{\"@type\":\"SearchAction\",\"target\":{\"@type\":\"EntryPoint\",\"urlTemplate\":\"http:\/\/esponsorama.ad\/es\/?s={search_term_string}\"},\"query-input\":{\"@type\":\"PropertyValueSpecification\",\"valueRequired\":true,\"valueName\":\"search_term_string\"}}],\"inLanguage\":\"es\"},{\"@type\":\"Person\",\"@id\":\"http:\/\/esponsorama.ad\/es\/#\/schema\/person\/a5cde74945183d737066e46b61c6f9c4\",\"name\":\"Xavi Andornet\",\"image\":{\"@type\":\"ImageObject\",\"inLanguage\":\"es\",\"@id\":\"http:\/\/esponsorama.ad\/es\/#\/schema\/person\/image\/\",\"url\":\"https:\/\/secure.gravatar.com\/avatar\/f10eaf9ad601244a2357c9fd7cd9805ed166cfaaf76d5d9ab08a9d873e70147a?s=96&d=mm&r=g\",\"contentUrl\":\"https:\/\/secure.gravatar.com\/avatar\/f10eaf9ad601244a2357c9fd7cd9805ed166cfaaf76d5d9ab08a9d873e70147a?s=96&d=mm&r=g\",\"caption\":\"Xavi Andornet\"},\"sameAs\":[\"http:\/\/www.andornet.ad\"],\"url\":\"http:\/\/esponsorama.ad\/es\/author\/andornet\/\"}]}<\/script>\n<!-- \/ Yoast SEO plugin. -->","yoast_head_json":{"title":"ANTONELLI 15\u00ba Y TATAY 18\u00ba TRAS UNA CARRERA ACCIDENTADA EN AUSTIN - Esponsorama","robots":{"index":"index","follow":"follow","max-snippet":"max-snippet:-1","max-image-preview":"max-image-preview:large","max-video-preview":"max-video-preview:-1"},"canonical":"http:\/\/esponsorama.ad\/es\/antonelli-15o-tatay-18o-tras-una-carrera-accidentada-austin\/","og_locale":"es_ES","og_type":"article","og_title":"ANTONELLI 15\u00ba Y TATAY 18\u00ba TRAS UNA CARRERA ACCIDENTADA EN AUSTIN - Esponsorama","og_description":"El Avintia Esponsorama Moto3 y el Avintia VR46 Academy han finalizado el fin de semana en Austin tras completar la carrera del Red Bull Grand Prix of the Americas en el circuito de las Am\u00e9ricas. Ha sido un domingo ca\u00f3tico para los pilotos de Moto3, donde una bandera roja a falta de 10 vueltas para [&hellip;]","og_url":"http:\/\/esponsorama.ad\/es\/antonelli-15o-tatay-18o-tras-una-carrera-accidentada-austin\/","og_site_name":"Esponsorama","article_published_time":"2021-10-03T22:08:17+00:00","article_modified_time":"2021-10-03T22:10:14+00:00","og_image":[{"width":3942,"height":2628,"url":"http:\/\/esponsorama.ad\/wp-content\/uploads\/2021\/10\/515d5886-04b5-2d23-860e-96e35d62ab1a.jpg","type":"image\/jpeg"}],"author":"Xavi Andornet","twitter_card":"summary_large_image","twitter_misc":{"Escrito por":"Xavi Andornet","Tiempo de lectura":"2 minutos"},"schema":{"@context":"https:\/\/schema.org","@graph":[{"@type":"Article","@id":"http:\/\/esponsorama.ad\/es\/antonelli-15o-tatay-18o-tras-una-carrera-accidentada-austin\/#article","isPartOf":{"@id":"http:\/\/esponsorama.ad\/es\/antonelli-15o-tatay-18o-tras-una-carrera-accidentada-austin\/"},"author":{"name":"Xavi Andornet","@id":"http:\/\/esponsorama.ad\/es\/#\/schema\/person\/a5cde74945183d737066e46b61c6f9c4"},"headline":"ANTONELLI 15\u00ba Y TATAY 18\u00ba TRAS UNA CARRERA ACCIDENTADA EN AUSTIN","datePublished":"2021-10-03T22:08:17+00:00","dateModified":"2021-10-03T22:10:14+00:00","mainEntityOfPage":{"@id":"http:\/\/esponsorama.ad\/es\/antonelli-15o-tatay-18o-tras-una-carrera-accidentada-austin\/"},"wordCount":407,"image":{"@id":"http:\/\/esponsorama.ad\/es\/antonelli-15o-tatay-18o-tras-una-carrera-accidentada-austin\/#primaryimage"},"thumbnailUrl":"http:\/\/esponsorama.ad\/wp-content\/uploads\/2021\/10\/515d5886-04b5-2d23-860e-96e35d62ab1a.jpg","articleSection":["Moto3"],"inLanguage":"es"},{"@type":"WebPage","@id":"http:\/\/esponsorama.ad\/es\/antonelli-15o-tatay-18o-tras-una-carrera-accidentada-austin\/","url":"http:\/\/esponsorama.ad\/es\/antonelli-15o-tatay-18o-tras-una-carrera-accidentada-austin\/","name":"ANTONELLI 15\u00ba Y TATAY 18\u00ba TRAS UNA CARRERA ACCIDENTADA EN AUSTIN - Esponsorama","isPartOf":{"@id":"http:\/\/esponsorama.ad\/es\/#website"},"primaryImageOfPage":{"@id":"http:\/\/esponsorama.ad\/es\/antonelli-15o-tatay-18o-tras-una-carrera-accidentada-austin\/#primaryimage"},"image":{"@id":"http:\/\/esponsorama.ad\/es\/antonelli-15o-tatay-18o-tras-una-carrera-accidentada-austin\/#primaryimage"},"thumbnailUrl":"http:\/\/esponsorama.ad\/wp-content\/uploads\/2021\/10\/515d5886-04b5-2d23-860e-96e35d62ab1a.jpg","datePublished":"2021-10-03T22:08:17+00:00","dateModified":"2021-10-03T22:10:14+00:00","author":{"@id":"http:\/\/esponsorama.ad\/es\/#\/schema\/person\/a5cde74945183d737066e46b61c6f9c4"},"breadcrumb":{"@id":"http:\/\/esponsorama.ad\/es\/antonelli-15o-tatay-18o-tras-una-carrera-accidentada-austin\/#breadcrumb"},"inLanguage":"es","potentialAction":[{"@type":"ReadAction","target":["http:\/\/esponsorama.ad\/es\/antonelli-15o-tatay-18o-tras-una-carrera-accidentada-austin\/"]}]},{"@type":"ImageObject","inLanguage":"es","@id":"http:\/\/esponsorama.ad\/es\/antonelli-15o-tatay-18o-tras-una-carrera-accidentada-austin\/#primaryimage","url":"http:\/\/esponsorama.ad\/wp-content\/uploads\/2021\/10\/515d5886-04b5-2d23-860e-96e35d62ab1a.jpg","contentUrl":"http:\/\/esponsorama.ad\/wp-content\/uploads\/2021\/10\/515d5886-04b5-2d23-860e-96e35d62ab1a.jpg","width":3942,"height":2628,"caption":"Niccolo Antonelli, Moto3 race, Grand Prix of the Americas, 3 October 2021"},{"@type":"BreadcrumbList","@id":"http:\/\/esponsorama.ad\/es\/antonelli-15o-tatay-18o-tras-una-carrera-accidentada-austin\/#breadcrumb","itemListElement":[{"@type":"ListItem","position":1,"name":"Home","item":"http:\/\/esponsorama.ad\/en\/"},{"@type":"ListItem","position":2,"name":"ANTONELLI 15\u00ba Y TATAY 18\u00ba TRAS UNA CARRERA ACCIDENTADA EN AUSTIN"}]},{"@type":"WebSite","@id":"http:\/\/esponsorama.ad\/es\/#website","url":"http:\/\/esponsorama.ad\/es\/","name":"Esponsorama","description":"Specialist in motorsport sponsorship and event promotions","potentialAction":[{"@type":"SearchAction","target":{"@type":"EntryPoint","urlTemplate":"http:\/\/esponsorama.ad\/es\/?s={search_term_string}"},"query-input":{"@type":"PropertyValueSpecification","valueRequired":true,"valueName":"search_term_string"}}],"inLanguage":"es"},{"@type":"Person","@id":"http:\/\/esponsorama.ad\/es\/#\/schema\/person\/a5cde74945183d737066e46b61c6f9c4","name":"Xavi Andornet","image":{"@type":"ImageObject","inLanguage":"es","@id":"http:\/\/esponsorama.ad\/es\/#\/schema\/person\/image\/","url":"https:\/\/secure.gravatar.com\/avatar\/f10eaf9ad601244a2357c9fd7cd9805ed166cfaaf76d5d9ab08a9d873e70147a?s=96&d=mm&r=g","contentUrl":"https:\/\/secure.gravatar.com\/avatar\/f10eaf9ad601244a2357c9fd7cd9805ed166cfaaf76d5d9ab08a9d873e70147a?s=96&d=mm&r=g","caption":"Xavi Andornet"},"sameAs":["http:\/\/www.andornet.ad"],"url":"http:\/\/esponsorama.ad\/es\/author\/andornet\/"}]}},"_links":{"self":[{"href":"http:\/\/esponsorama.ad\/es\/wp-json\/wp\/v2\/posts\/18393","targetHints":{"allow":["GET"]}}],"collection":[{"href":"http:\/\/esponsorama.ad\/es\/wp-json\/wp\/v2\/posts"}],"about":[{"href":"http:\/\/esponsorama.ad\/es\/wp-json\/wp\/v2\/types\/post"}],"author":[{"embeddable":true,"href":"http:\/\/esponsorama.ad\/es\/wp-json\/wp\/v2\/users\/6"}],"replies":[{"embeddable":true,"href":"http:\/\/esponsorama.ad\/es\/wp-json\/wp\/v2\/comments?post=18393"}],"version-history":[{"count":1,"href":"http:\/\/esponsorama.ad\/es\/wp-json\/wp\/v2\/posts\/18393\/revisions"}],"predecessor-version":[{"id":18399,"href":"http:\/\/esponsorama.ad\/es\/wp-json\/wp\/v2\/posts\/18393\/revisions\/18399"}],"wp:featuredmedia":[{"embeddable":true,"href":"http:\/\/esponsorama.ad\/es\/wp-json\/wp\/v2\/media\/18398"}],"wp:attachment":[{"href":"http:\/\/esponsorama.ad\/es\/wp-json\/wp\/v2\/media?parent=18393"}],"wp:term":[{"taxonomy":"category","embeddable":true,"href":"http:\/\/esponsorama.ad\/es\/wp-json\/wp\/v2\/categories?post=18393"},{"taxonomy":"post_tag","embeddable":true,"href":"http:\/\/esponsorama.ad\/es\/wp-json\/wp\/v2\/tags?post=18393"}],"curies":[{"name":"wp","href":"https:\/\/api.w.org\/{rel}","templated":true}]}}