{"id":18412,"date":"2021-10-21T23:46:42","date_gmt":"2021-10-21T21:46:42","guid":{"rendered":"http:\/\/esponsorama.ad\/?p=18412"},"modified":"2021-10-21T23:51:11","modified_gmt":"2021-10-21T21:51:11","slug":"bastianini-marini-preparados-gran-premio-la-emilia-romagna","status":"publish","type":"post","link":"http:\/\/esponsorama.ad\/es\/bastianini-marini-preparados-gran-premio-la-emilia-romagna\/","title":{"rendered":"BASTIANINI Y MARINI, PREPARADOS PARA EL GRAN PREMIO DE LA EMILIA ROMAGNA"},"content":{"rendered":"<p>El Avintia Esponsorama Racing y el Sky VR46 Avintia aterrizan este fin de semana en el Misano World Circuit Marco Simoncelli, por segunda vez en la presente temporada, para disputar el Gran Premio Nolan del Made in Italy e dell\u2019Emilia-Romagna, antepen\u00faltima cita del calendario.<\/p>\n<p>Enea Bastianini consigui\u00f3 en Austin otro gran resultado al cruzar la l\u00ednea de meta en 6\u00aa posici\u00f3n. El piloto del Avintia Esponsorama Racing llega motivado a Misano y buscar\u00e1 en su gran premio de casa una buena posici\u00f3n para acercarse al objetivo de ser el mejor \u2018rookie\u2019 de la temporada en la categor\u00eda reina.<\/p>\n<p>Por su parte, Luca Marini consigui\u00f3 volver a la zona de puntos tras conseguir la mejor posici\u00f3n en clasificaci\u00f3n de la temporada en Estados Unidos. El piloto del Sky VR46 Avintia, tratar\u00e1 de consolidar las buenas sensaciones delante de su afici\u00f3n.<\/p>\n<p>Ma\u00f1ana a partir de las 9:55, Bastianini y Marini disputar\u00e1n el primer entrenamiento libre del Gran Premio Nolan del Made in Italy e dell\u2019Emilia-Romagna.<\/p>\n<p>\t\t\t\t\t<div class=\"rider-short\">\n\t\t\t\t<a href=\"http:\/\/esponsorama.ad\/es\/piloto\/enea-bastianini\/\"><img loading=\"lazy\" decoding=\"async\" width=\"300\" height=\"300\" src=\"http:\/\/esponsorama.ad\/wp-content\/uploads\/2021\/02\/dorsal-bastianini-gris-300x300.png\" class=\"attachment-medium size-medium\" alt=\"\" srcset=\"http:\/\/esponsorama.ad\/wp-content\/uploads\/2021\/02\/dorsal-bastianini-gris-300x300.png 300w, http:\/\/esponsorama.ad\/wp-content\/uploads\/2021\/02\/dorsal-bastianini-gris-150x150.png 150w, http:\/\/esponsorama.ad\/wp-content\/uploads\/2021\/02\/dorsal-bastianini-gris.png 500w\" sizes=\"auto, (max-width: 300px) 100vw, 300px\" \/><\/a><div class=\"info\"><h3><a href=\"http:\/\/esponsorama.ad\/es\/piloto\/enea-bastianini\/\">Enea Bastianini<\/a><\/h3><div class=\"rrss\"><a target=\"_blank\" href=\"https:\/\/www.eneabastianini.it\/en\/\"><i class=\"fa fa-link\"><\/i><\/a><a target=\"_blank\" href=\"https:\/\/www.facebook.com\/Bestia33\"><i class=\"fa fa-facebook\"><\/i><\/a><a target=\"_blank\" href=\"https:\/\/twitter.com\/eneabastianini\"><i class=\"fa fa-twitter\"><\/i><\/a><a target=\"_blank\" href=\"https:\/\/www.instagram.com\/eneabastianini\/?hl=es\"><i class=\"fa fa-instagram\"><\/i><\/a><\/div><\/div>\t\t\t\t\t<\/div>\n\t\t\t\t<br \/>\n\u201cEstamos de vuelta en Misano. Hace un poco m\u00e1s de fr\u00edo, lo que har\u00e1 que sea un fin de semana diferente respecto a la \u00faltima vez que estuvimos aqu\u00ed. Debemos de intentar empezar de cero con el \u2018set up\u2019 de la moto. Tuvimos una buena carrera en Austin, as\u00ed que llegamos aqu\u00ed con buenas sensaciones y tenemos una buena base en la que trabajar. Intentaremos ser constantes para hacer una buena clasificaci\u00f3n el s\u00e1bado y prepararnos para la carrera, lo cual es importante para poder comenzar lo m\u00e1s adelante posible.\u201d<\/p>\n<p>\t\t\t\t\t<div class=\"rider-short\">\n\t\t\t\t<a href=\"http:\/\/esponsorama.ad\/es\/piloto\/luca-marini\/\"><img loading=\"lazy\" decoding=\"async\" width=\"300\" height=\"300\" src=\"http:\/\/esponsorama.ad\/wp-content\/uploads\/2021\/02\/dorsal-marini-gris-300x300.png\" class=\"attachment-medium size-medium\" alt=\"\" srcset=\"http:\/\/esponsorama.ad\/wp-content\/uploads\/2021\/02\/dorsal-marini-gris-300x300.png 300w, http:\/\/esponsorama.ad\/wp-content\/uploads\/2021\/02\/dorsal-marini-gris-150x150.png 150w, http:\/\/esponsorama.ad\/wp-content\/uploads\/2021\/02\/dorsal-marini-gris.png 500w\" sizes=\"auto, (max-width: 300px) 100vw, 300px\" \/><\/a><div class=\"info\"><h3><a href=\"http:\/\/esponsorama.ad\/es\/piloto\/luca-marini\/\">Luca Marini<\/a><\/h3><div class=\"rrss\"><a target=\"_blank\" href=\"https:\/\/www.facebook.com\/LucaMariniLM97Official\/\"><i class=\"fa fa-facebook\"><\/i><\/a><a target=\"_blank\" href=\"https:\/\/twitter.com\/Luca_Marini_97\"><i class=\"fa fa-twitter\"><\/i><\/a><a target=\"_blank\" href=\"https:\/\/www.instagram.com\/luca_marini_97\/?hl=es\"><i class=\"fa fa-instagram\"><\/i><\/a><\/div><\/div>\t\t\t\t\t<\/div>\n\t\t\t\t<br \/>\n\u201cEstoy contento de volver a Misano. El gran premio de casa siempre es especial y llegar aqu\u00ed habiendo corrido ya una carrera y teniendo una base desde la que partir es positivo. No fue un fin de semana f\u00e1cil a principios de septiembre, pero pudimos trabajar duro en los dos d\u00edas de \u2018test\u2019 que siguieron a la carrera. Intentaremos aprovecharlo y tener un buen fin de semana.\u201d<\/p>\n","protected":false},"excerpt":{"rendered":"<p>El Avintia Esponsorama Racing y el Sky VR46 Avintia aterrizan este fin de semana en el Misano World Circuit Marco Simoncelli, por segunda vez en la presente temporada, para disputar el Gran Premio Nolan del Made in Italy e dell\u2019Emilia-Romagna, antepen\u00faltima cita del calendario. Enea Bastianini consigui\u00f3 en Austin otro gran resultado al cruzar la [&hellip;]<\/p>\n","protected":false},"author":6,"featured_media":18416,"comment_status":"closed","ping_status":"closed","sticky":false,"template":"","format":"standard","meta":{"footnotes":""},"categories":[3],"tags":[],"class_list":["post-18412","post","type-post","status-publish","format-standard","has-post-thumbnail","hentry","category-motogp"],"yoast_head":"<!-- This site is optimized with the Yoast SEO plugin v27.1.1 - https:\/\/yoast.com\/product\/yoast-seo-wordpress\/ -->\n<title>BASTIANINI Y MARINI, PREPARADOS PARA EL GRAN PREMIO DE LA EMILIA ROMAGNA - Esponsorama<\/title>\n<meta name=\"robots\" content=\"index, follow, max-snippet:-1, max-image-preview:large, max-video-preview:-1\" \/>\n<link rel=\"canonical\" href=\"http:\/\/esponsorama.ad\/es\/bastianini-marini-preparados-gran-premio-la-emilia-romagna\/\" \/>\n<meta property=\"og:locale\" content=\"es_ES\" \/>\n<meta property=\"og:type\" content=\"article\" \/>\n<meta property=\"og:title\" content=\"BASTIANINI Y MARINI, PREPARADOS PARA EL GRAN PREMIO DE LA EMILIA ROMAGNA - Esponsorama\" \/>\n<meta property=\"og:description\" content=\"El Avintia Esponsorama Racing y el Sky VR46 Avintia aterrizan este fin de semana en el Misano World Circuit Marco Simoncelli, por segunda vez en la presente temporada, para disputar el Gran Premio Nolan del Made in Italy e dell\u2019Emilia-Romagna, antepen\u00faltima cita del calendario. Enea Bastianini consigui\u00f3 en Austin otro gran resultado al cruzar la [&hellip;]\" \/>\n<meta property=\"og:url\" content=\"http:\/\/esponsorama.ad\/es\/bastianini-marini-preparados-gran-premio-la-emilia-romagna\/\" \/>\n<meta property=\"og:site_name\" content=\"Esponsorama\" \/>\n<meta property=\"article:published_time\" content=\"2021-10-21T21:46:42+00:00\" \/>\n<meta property=\"article:modified_time\" content=\"2021-10-21T21:51:11+00:00\" \/>\n<meta property=\"og:image\" content=\"http:\/\/esponsorama.ad\/wp-content\/uploads\/2021\/10\/e5acde77-19df-a6e6-f843-8c50fe6cecef-1024x683.jpg\" \/>\n\t<meta property=\"og:image:width\" content=\"1024\" \/>\n\t<meta property=\"og:image:height\" content=\"683\" \/>\n\t<meta property=\"og:image:type\" content=\"image\/jpeg\" \/>\n<meta name=\"author\" content=\"Xavi Andornet\" \/>\n<meta name=\"twitter:card\" content=\"summary_large_image\" \/>\n<meta name=\"twitter:label1\" content=\"Escrito por\" \/>\n\t<meta name=\"twitter:data1\" content=\"Xavi Andornet\" \/>\n\t<meta name=\"twitter:label2\" content=\"Tiempo de lectura\" \/>\n\t<meta name=\"twitter:data2\" content=\"2 minutos\" \/>\n<script type=\"application\/ld+json\" class=\"yoast-schema-graph\">{\"@context\":\"https:\/\/schema.org\",\"@graph\":[{\"@type\":\"Article\",\"@id\":\"http:\/\/esponsorama.ad\/es\/bastianini-marini-preparados-gran-premio-la-emilia-romagna\/#article\",\"isPartOf\":{\"@id\":\"http:\/\/esponsorama.ad\/es\/bastianini-marini-preparados-gran-premio-la-emilia-romagna\/\"},\"author\":{\"name\":\"Xavi Andornet\",\"@id\":\"http:\/\/esponsorama.ad\/es\/#\/schema\/person\/a5cde74945183d737066e46b61c6f9c4\"},\"headline\":\"BASTIANINI Y MARINI, PREPARADOS PARA EL GRAN PREMIO DE LA EMILIA ROMAGNA\",\"datePublished\":\"2021-10-21T21:46:42+00:00\",\"dateModified\":\"2021-10-21T21:51:11+00:00\",\"mainEntityOfPage\":{\"@id\":\"http:\/\/esponsorama.ad\/es\/bastianini-marini-preparados-gran-premio-la-emilia-romagna\/\"},\"wordCount\":353,\"image\":{\"@id\":\"http:\/\/esponsorama.ad\/es\/bastianini-marini-preparados-gran-premio-la-emilia-romagna\/#primaryimage\"},\"thumbnailUrl\":\"http:\/\/esponsorama.ad\/wp-content\/uploads\/2021\/10\/e5acde77-19df-a6e6-f843-8c50fe6cecef.jpg\",\"articleSection\":[\"MotoGP\"],\"inLanguage\":\"es\"},{\"@type\":\"WebPage\",\"@id\":\"http:\/\/esponsorama.ad\/es\/bastianini-marini-preparados-gran-premio-la-emilia-romagna\/\",\"url\":\"http:\/\/esponsorama.ad\/es\/bastianini-marini-preparados-gran-premio-la-emilia-romagna\/\",\"name\":\"BASTIANINI Y MARINI, PREPARADOS PARA EL GRAN PREMIO DE LA EMILIA ROMAGNA - Esponsorama\",\"isPartOf\":{\"@id\":\"http:\/\/esponsorama.ad\/es\/#website\"},\"primaryImageOfPage\":{\"@id\":\"http:\/\/esponsorama.ad\/es\/bastianini-marini-preparados-gran-premio-la-emilia-romagna\/#primaryimage\"},\"image\":{\"@id\":\"http:\/\/esponsorama.ad\/es\/bastianini-marini-preparados-gran-premio-la-emilia-romagna\/#primaryimage\"},\"thumbnailUrl\":\"http:\/\/esponsorama.ad\/wp-content\/uploads\/2021\/10\/e5acde77-19df-a6e6-f843-8c50fe6cecef.jpg\",\"datePublished\":\"2021-10-21T21:46:42+00:00\",\"dateModified\":\"2021-10-21T21:51:11+00:00\",\"author\":{\"@id\":\"http:\/\/esponsorama.ad\/es\/#\/schema\/person\/a5cde74945183d737066e46b61c6f9c4\"},\"breadcrumb\":{\"@id\":\"http:\/\/esponsorama.ad\/es\/bastianini-marini-preparados-gran-premio-la-emilia-romagna\/#breadcrumb\"},\"inLanguage\":\"es\",\"potentialAction\":[{\"@type\":\"ReadAction\",\"target\":[\"http:\/\/esponsorama.ad\/es\/bastianini-marini-preparados-gran-premio-la-emilia-romagna\/\"]}]},{\"@type\":\"ImageObject\",\"inLanguage\":\"es\",\"@id\":\"http:\/\/esponsorama.ad\/es\/bastianini-marini-preparados-gran-premio-la-emilia-romagna\/#primaryimage\",\"url\":\"http:\/\/esponsorama.ad\/wp-content\/uploads\/2021\/10\/e5acde77-19df-a6e6-f843-8c50fe6cecef.jpg\",\"contentUrl\":\"http:\/\/esponsorama.ad\/wp-content\/uploads\/2021\/10\/e5acde77-19df-a6e6-f843-8c50fe6cecef.jpg\",\"width\":5319,\"height\":3546,\"caption\":\"Enea Bastianini MotoGP , Grand Prix Of The Americas, 2 October 2021\"},{\"@type\":\"BreadcrumbList\",\"@id\":\"http:\/\/esponsorama.ad\/es\/bastianini-marini-preparados-gran-premio-la-emilia-romagna\/#breadcrumb\",\"itemListElement\":[{\"@type\":\"ListItem\",\"position\":1,\"name\":\"Home\",\"item\":\"http:\/\/esponsorama.ad\/en\/\"},{\"@type\":\"ListItem\",\"position\":2,\"name\":\"BASTIANINI Y MARINI, PREPARADOS PARA EL GRAN PREMIO DE LA EMILIA ROMAGNA\"}]},{\"@type\":\"WebSite\",\"@id\":\"http:\/\/esponsorama.ad\/es\/#website\",\"url\":\"http:\/\/esponsorama.ad\/es\/\",\"name\":\"Esponsorama\",\"description\":\"Specialist in motorsport sponsorship and event promotions\",\"potentialAction\":[{\"@type\":\"SearchAction\",\"target\":{\"@type\":\"EntryPoint\",\"urlTemplate\":\"http:\/\/esponsorama.ad\/es\/?s={search_term_string}\"},\"query-input\":{\"@type\":\"PropertyValueSpecification\",\"valueRequired\":true,\"valueName\":\"search_term_string\"}}],\"inLanguage\":\"es\"},{\"@type\":\"Person\",\"@id\":\"http:\/\/esponsorama.ad\/es\/#\/schema\/person\/a5cde74945183d737066e46b61c6f9c4\",\"name\":\"Xavi Andornet\",\"image\":{\"@type\":\"ImageObject\",\"inLanguage\":\"es\",\"@id\":\"http:\/\/esponsorama.ad\/es\/#\/schema\/person\/image\/\",\"url\":\"https:\/\/secure.gravatar.com\/avatar\/f10eaf9ad601244a2357c9fd7cd9805ed166cfaaf76d5d9ab08a9d873e70147a?s=96&d=mm&r=g\",\"contentUrl\":\"https:\/\/secure.gravatar.com\/avatar\/f10eaf9ad601244a2357c9fd7cd9805ed166cfaaf76d5d9ab08a9d873e70147a?s=96&d=mm&r=g\",\"caption\":\"Xavi Andornet\"},\"sameAs\":[\"http:\/\/www.andornet.ad\"],\"url\":\"http:\/\/esponsorama.ad\/es\/author\/andornet\/\"}]}<\/script>\n<!-- \/ Yoast SEO plugin. -->","yoast_head_json":{"title":"BASTIANINI Y MARINI, PREPARADOS PARA EL GRAN PREMIO DE LA EMILIA ROMAGNA - Esponsorama","robots":{"index":"index","follow":"follow","max-snippet":"max-snippet:-1","max-image-preview":"max-image-preview:large","max-video-preview":"max-video-preview:-1"},"canonical":"http:\/\/esponsorama.ad\/es\/bastianini-marini-preparados-gran-premio-la-emilia-romagna\/","og_locale":"es_ES","og_type":"article","og_title":"BASTIANINI Y MARINI, PREPARADOS PARA EL GRAN PREMIO DE LA EMILIA ROMAGNA - Esponsorama","og_description":"El Avintia Esponsorama Racing y el Sky VR46 Avintia aterrizan este fin de semana en el Misano World Circuit Marco Simoncelli, por segunda vez en la presente temporada, para disputar el Gran Premio Nolan del Made in Italy e dell\u2019Emilia-Romagna, antepen\u00faltima cita del calendario. Enea Bastianini consigui\u00f3 en Austin otro gran resultado al cruzar la [&hellip;]","og_url":"http:\/\/esponsorama.ad\/es\/bastianini-marini-preparados-gran-premio-la-emilia-romagna\/","og_site_name":"Esponsorama","article_published_time":"2021-10-21T21:46:42+00:00","article_modified_time":"2021-10-21T21:51:11+00:00","og_image":[{"width":1024,"height":683,"url":"http:\/\/esponsorama.ad\/wp-content\/uploads\/2021\/10\/e5acde77-19df-a6e6-f843-8c50fe6cecef-1024x683.jpg","type":"image\/jpeg"}],"author":"Xavi Andornet","twitter_card":"summary_large_image","twitter_misc":{"Escrito por":"Xavi Andornet","Tiempo de lectura":"2 minutos"},"schema":{"@context":"https:\/\/schema.org","@graph":[{"@type":"Article","@id":"http:\/\/esponsorama.ad\/es\/bastianini-marini-preparados-gran-premio-la-emilia-romagna\/#article","isPartOf":{"@id":"http:\/\/esponsorama.ad\/es\/bastianini-marini-preparados-gran-premio-la-emilia-romagna\/"},"author":{"name":"Xavi Andornet","@id":"http:\/\/esponsorama.ad\/es\/#\/schema\/person\/a5cde74945183d737066e46b61c6f9c4"},"headline":"BASTIANINI Y MARINI, PREPARADOS PARA EL GRAN PREMIO DE LA EMILIA ROMAGNA","datePublished":"2021-10-21T21:46:42+00:00","dateModified":"2021-10-21T21:51:11+00:00","mainEntityOfPage":{"@id":"http:\/\/esponsorama.ad\/es\/bastianini-marini-preparados-gran-premio-la-emilia-romagna\/"},"wordCount":353,"image":{"@id":"http:\/\/esponsorama.ad\/es\/bastianini-marini-preparados-gran-premio-la-emilia-romagna\/#primaryimage"},"thumbnailUrl":"http:\/\/esponsorama.ad\/wp-content\/uploads\/2021\/10\/e5acde77-19df-a6e6-f843-8c50fe6cecef.jpg","articleSection":["MotoGP"],"inLanguage":"es"},{"@type":"WebPage","@id":"http:\/\/esponsorama.ad\/es\/bastianini-marini-preparados-gran-premio-la-emilia-romagna\/","url":"http:\/\/esponsorama.ad\/es\/bastianini-marini-preparados-gran-premio-la-emilia-romagna\/","name":"BASTIANINI Y MARINI, PREPARADOS PARA EL GRAN PREMIO DE LA EMILIA ROMAGNA - Esponsorama","isPartOf":{"@id":"http:\/\/esponsorama.ad\/es\/#website"},"primaryImageOfPage":{"@id":"http:\/\/esponsorama.ad\/es\/bastianini-marini-preparados-gran-premio-la-emilia-romagna\/#primaryimage"},"image":{"@id":"http:\/\/esponsorama.ad\/es\/bastianini-marini-preparados-gran-premio-la-emilia-romagna\/#primaryimage"},"thumbnailUrl":"http:\/\/esponsorama.ad\/wp-content\/uploads\/2021\/10\/e5acde77-19df-a6e6-f843-8c50fe6cecef.jpg","datePublished":"2021-10-21T21:46:42+00:00","dateModified":"2021-10-21T21:51:11+00:00","author":{"@id":"http:\/\/esponsorama.ad\/es\/#\/schema\/person\/a5cde74945183d737066e46b61c6f9c4"},"breadcrumb":{"@id":"http:\/\/esponsorama.ad\/es\/bastianini-marini-preparados-gran-premio-la-emilia-romagna\/#breadcrumb"},"inLanguage":"es","potentialAction":[{"@type":"ReadAction","target":["http:\/\/esponsorama.ad\/es\/bastianini-marini-preparados-gran-premio-la-emilia-romagna\/"]}]},{"@type":"ImageObject","inLanguage":"es","@id":"http:\/\/esponsorama.ad\/es\/bastianini-marini-preparados-gran-premio-la-emilia-romagna\/#primaryimage","url":"http:\/\/esponsorama.ad\/wp-content\/uploads\/2021\/10\/e5acde77-19df-a6e6-f843-8c50fe6cecef.jpg","contentUrl":"http:\/\/esponsorama.ad\/wp-content\/uploads\/2021\/10\/e5acde77-19df-a6e6-f843-8c50fe6cecef.jpg","width":5319,"height":3546,"caption":"Enea Bastianini MotoGP , Grand Prix Of The Americas, 2 October 2021"},{"@type":"BreadcrumbList","@id":"http:\/\/esponsorama.ad\/es\/bastianini-marini-preparados-gran-premio-la-emilia-romagna\/#breadcrumb","itemListElement":[{"@type":"ListItem","position":1,"name":"Home","item":"http:\/\/esponsorama.ad\/en\/"},{"@type":"ListItem","position":2,"name":"BASTIANINI Y MARINI, PREPARADOS PARA EL GRAN PREMIO DE LA EMILIA ROMAGNA"}]},{"@type":"WebSite","@id":"http:\/\/esponsorama.ad\/es\/#website","url":"http:\/\/esponsorama.ad\/es\/","name":"Esponsorama","description":"Specialist in motorsport sponsorship and event promotions","potentialAction":[{"@type":"SearchAction","target":{"@type":"EntryPoint","urlTemplate":"http:\/\/esponsorama.ad\/es\/?s={search_term_string}"},"query-input":{"@type":"PropertyValueSpecification","valueRequired":true,"valueName":"search_term_string"}}],"inLanguage":"es"},{"@type":"Person","@id":"http:\/\/esponsorama.ad\/es\/#\/schema\/person\/a5cde74945183d737066e46b61c6f9c4","name":"Xavi Andornet","image":{"@type":"ImageObject","inLanguage":"es","@id":"http:\/\/esponsorama.ad\/es\/#\/schema\/person\/image\/","url":"https:\/\/secure.gravatar.com\/avatar\/f10eaf9ad601244a2357c9fd7cd9805ed166cfaaf76d5d9ab08a9d873e70147a?s=96&d=mm&r=g","contentUrl":"https:\/\/secure.gravatar.com\/avatar\/f10eaf9ad601244a2357c9fd7cd9805ed166cfaaf76d5d9ab08a9d873e70147a?s=96&d=mm&r=g","caption":"Xavi Andornet"},"sameAs":["http:\/\/www.andornet.ad"],"url":"http:\/\/esponsorama.ad\/es\/author\/andornet\/"}]}},"_links":{"self":[{"href":"http:\/\/esponsorama.ad\/es\/wp-json\/wp\/v2\/posts\/18412","targetHints":{"allow":["GET"]}}],"collection":[{"href":"http:\/\/esponsorama.ad\/es\/wp-json\/wp\/v2\/posts"}],"about":[{"href":"http:\/\/esponsorama.ad\/es\/wp-json\/wp\/v2\/types\/post"}],"author":[{"embeddable":true,"href":"http:\/\/esponsorama.ad\/es\/wp-json\/wp\/v2\/users\/6"}],"replies":[{"embeddable":true,"href":"http:\/\/esponsorama.ad\/es\/wp-json\/wp\/v2\/comments?post=18412"}],"version-history":[{"count":1,"href":"http:\/\/esponsorama.ad\/es\/wp-json\/wp\/v2\/posts\/18412\/revisions"}],"predecessor-version":[{"id":18419,"href":"http:\/\/esponsorama.ad\/es\/wp-json\/wp\/v2\/posts\/18412\/revisions\/18419"}],"wp:featuredmedia":[{"embeddable":true,"href":"http:\/\/esponsorama.ad\/es\/wp-json\/wp\/v2\/media\/18416"}],"wp:attachment":[{"href":"http:\/\/esponsorama.ad\/es\/wp-json\/wp\/v2\/media?parent=18412"}],"wp:term":[{"taxonomy":"category","embeddable":true,"href":"http:\/\/esponsorama.ad\/es\/wp-json\/wp\/v2\/categories?post=18412"},{"taxonomy":"post_tag","embeddable":true,"href":"http:\/\/esponsorama.ad\/es\/wp-json\/wp\/v2\/tags?post=18412"}],"curies":[{"name":"wp","href":"https:\/\/api.w.org\/{rel}","templated":true}]}}