{"id":18441,"date":"2021-10-22T17:24:19","date_gmt":"2021-10-22T15:24:19","guid":{"rendered":"http:\/\/esponsorama.ad\/?p=18441"},"modified":"2021-10-22T17:26:33","modified_gmt":"2021-10-22T15:26:33","slug":"arranque-positivo-bastianini-marini-misano","status":"publish","type":"post","link":"http:\/\/esponsorama.ad\/es\/arranque-positivo-bastianini-marini-misano\/","title":{"rendered":"ARRANQUE POSITIVO DE BASTIANINI Y MARINI EN MISANO"},"content":{"rendered":"<p>El Avintia Esponsorama y el Sky VR46 Avintia han completado el primer d\u00eda del Gran Premio Nolan del Made in Italy e dell\u2019Emilia-Romagna, donde la lluvia ha sido la gran protagonista en el circuito de Misano.<\/p>\n<p>Enea Bastianini ha sido 12\u00ba en la clasificaci\u00f3n combinada con un tiempo de 1:42.842, conseguido en la sesi\u00f3n de la tarde. En el segundo entrenamiento libre, las condiciones de la pista han mejorado respecto al primero, lo que ha permitido una mejora notoria de los tiempos.<\/p>\n<p>Por su parte, Luca Marini ha terminado el primer d\u00eda 6\u00ba con un mejor tiempo de 1:42.601. El piloto del Sky VR46 Avintia ha realizado un gran trabajo desde la ma\u00f1ana, y le permite colocarse en posiciones de acceso directo a la Q2, a la espera de disputar el tercer entrenamiento libre.<\/p>\n<p>Ma\u00f1ana a partir de las 9:55 empezar\u00e1 el tercer entrenamiento de la categor\u00eda reina, y, posteriormente, el cuarto entrenamiento libre y la clasificaci\u00f3n del Gran Premio Nolan del Made in Italy e dell\u2019Emilia-Romagna.<\/p>\n<p>\t\t\t\t\t<div class=\"rider-short\">\n\t\t\t\t<a href=\"http:\/\/esponsorama.ad\/es\/piloto\/enea-bastianini\/\"><img loading=\"lazy\" decoding=\"async\" width=\"300\" height=\"300\" src=\"http:\/\/esponsorama.ad\/wp-content\/uploads\/2021\/02\/dorsal-bastianini-gris-300x300.png\" class=\"attachment-medium size-medium\" alt=\"\" srcset=\"http:\/\/esponsorama.ad\/wp-content\/uploads\/2021\/02\/dorsal-bastianini-gris-300x300.png 300w, http:\/\/esponsorama.ad\/wp-content\/uploads\/2021\/02\/dorsal-bastianini-gris-150x150.png 150w, http:\/\/esponsorama.ad\/wp-content\/uploads\/2021\/02\/dorsal-bastianini-gris.png 500w\" sizes=\"auto, (max-width: 300px) 100vw, 300px\" \/><\/a><div class=\"info\"><h3><a href=\"http:\/\/esponsorama.ad\/es\/piloto\/enea-bastianini\/\">Enea Bastianini<\/a><\/h3><div class=\"rrss\"><a target=\"_blank\" href=\"https:\/\/www.eneabastianini.it\/en\/\"><i class=\"fa fa-link\"><\/i><\/a><a target=\"_blank\" href=\"https:\/\/www.facebook.com\/Bestia33\"><i class=\"fa fa-facebook\"><\/i><\/a><a target=\"_blank\" href=\"https:\/\/twitter.com\/eneabastianini\"><i class=\"fa fa-twitter\"><\/i><\/a><a target=\"_blank\" href=\"https:\/\/www.instagram.com\/eneabastianini\/?hl=es\"><i class=\"fa fa-instagram\"><\/i><\/a><\/div><\/div>\t\t\t\t\t<\/div>\n\t\t\t\t<br \/>\n\u201cHa sido un d\u00eda positivo y estoy contento con mi actuaci\u00f3n. Ha sido una l\u00e1stima porque por 40 mil\u00e9simas estoy fuera de la Q2, a\u00fan debo mejorar en condiciones de mojado. En el FP2 hemos dado un peque\u00f1o paso adelante y finalmente he terminado 12\u00ba. Cuando la pista se ha ido secando me he encontrado m\u00e1s c\u00f3modo encima de la moto, a\u00fan as\u00ed, todo era muy delicado. En general estoy contento con mi primer d\u00eda de Misano y ma\u00f1ana intentaremos mejorar para estar en la Q2.\u201d<\/p>\n<p>\t\t\t\t\t<div class=\"rider-short\">\n\t\t\t\t<a href=\"http:\/\/esponsorama.ad\/es\/piloto\/luca-marini\/\"><img loading=\"lazy\" decoding=\"async\" width=\"300\" height=\"300\" src=\"http:\/\/esponsorama.ad\/wp-content\/uploads\/2021\/02\/dorsal-marini-gris-300x300.png\" class=\"attachment-medium size-medium\" alt=\"\" srcset=\"http:\/\/esponsorama.ad\/wp-content\/uploads\/2021\/02\/dorsal-marini-gris-300x300.png 300w, http:\/\/esponsorama.ad\/wp-content\/uploads\/2021\/02\/dorsal-marini-gris-150x150.png 150w, http:\/\/esponsorama.ad\/wp-content\/uploads\/2021\/02\/dorsal-marini-gris.png 500w\" sizes=\"auto, (max-width: 300px) 100vw, 300px\" \/><\/a><div class=\"info\"><h3><a href=\"http:\/\/esponsorama.ad\/es\/piloto\/luca-marini\/\">Luca Marini<\/a><\/h3><div class=\"rrss\"><a target=\"_blank\" href=\"https:\/\/www.facebook.com\/LucaMariniLM97Official\/\"><i class=\"fa fa-facebook\"><\/i><\/a><a target=\"_blank\" href=\"https:\/\/twitter.com\/Luca_Marini_97\"><i class=\"fa fa-twitter\"><\/i><\/a><a target=\"_blank\" href=\"https:\/\/www.instagram.com\/luca_marini_97\/?hl=es\"><i class=\"fa fa-instagram\"><\/i><\/a><\/div><\/div>\t\t\t\t\t<\/div>\n\t\t\t\t<br \/>\n\u201cEstoy muy contento con el d\u00eda de hoy, he tenido muy buenas sensaciones en mojado y tambi\u00e9n en la parte final de la segunda sesi\u00f3n con la pista m\u00e1s seca. La \u00faltima vuelta ha sido buena y s\u00f3lo he tenido un intento despu\u00e9s del cambio de neum\u00e1ticos. El plan inicial era salir con el neum\u00e1tico blando, pero la pista ya estaba seca y he vuelto a entrar en el \u00faltimo momento para poner el medio. No he cometido ning\u00fan error y he conseguido un buen tiempo de vuelta que me ser\u00e1 \u00fatil ma\u00f1ana si sigue lloviendo en la FP3.\u201d<\/p>\n","protected":false},"excerpt":{"rendered":"<p>El Avintia Esponsorama y el Sky VR46 Avintia han completado el primer d\u00eda del Gran Premio Nolan del Made in Italy e dell\u2019Emilia-Romagna, donde la lluvia ha sido la gran protagonista en el circuito de Misano. Enea Bastianini ha sido 12\u00ba en la clasificaci\u00f3n combinada con un tiempo de 1:42.842, conseguido en la sesi\u00f3n de [&hellip;]<\/p>\n","protected":false},"author":6,"featured_media":18446,"comment_status":"closed","ping_status":"closed","sticky":false,"template":"","format":"standard","meta":{"footnotes":""},"categories":[3],"tags":[],"class_list":["post-18441","post","type-post","status-publish","format-standard","has-post-thumbnail","hentry","category-motogp"],"yoast_head":"<!-- This site is optimized with the Yoast SEO plugin v27.1.1 - https:\/\/yoast.com\/product\/yoast-seo-wordpress\/ -->\n<title>ARRANQUE POSITIVO DE BASTIANINI Y MARINI EN MISANO - Esponsorama<\/title>\n<meta name=\"robots\" content=\"index, follow, max-snippet:-1, max-image-preview:large, max-video-preview:-1\" \/>\n<link rel=\"canonical\" href=\"http:\/\/esponsorama.ad\/es\/arranque-positivo-bastianini-marini-misano\/\" \/>\n<meta property=\"og:locale\" content=\"es_ES\" \/>\n<meta property=\"og:type\" content=\"article\" \/>\n<meta property=\"og:title\" content=\"ARRANQUE POSITIVO DE BASTIANINI Y MARINI EN MISANO - Esponsorama\" \/>\n<meta property=\"og:description\" content=\"El Avintia Esponsorama y el Sky VR46 Avintia han completado el primer d\u00eda del Gran Premio Nolan del Made in Italy e dell\u2019Emilia-Romagna, donde la lluvia ha sido la gran protagonista en el circuito de Misano. Enea Bastianini ha sido 12\u00ba en la clasificaci\u00f3n combinada con un tiempo de 1:42.842, conseguido en la sesi\u00f3n de [&hellip;]\" \/>\n<meta property=\"og:url\" content=\"http:\/\/esponsorama.ad\/es\/arranque-positivo-bastianini-marini-misano\/\" \/>\n<meta property=\"og:site_name\" content=\"Esponsorama\" \/>\n<meta property=\"article:published_time\" content=\"2021-10-22T15:24:19+00:00\" \/>\n<meta property=\"article:modified_time\" content=\"2021-10-22T15:26:33+00:00\" \/>\n<meta property=\"og:image\" content=\"http:\/\/esponsorama.ad\/wp-content\/uploads\/2021\/10\/46e3ccc4-c037-20e5-2362-230c2dd33342.jpg\" \/>\n\t<meta property=\"og:image:width\" content=\"2310\" \/>\n\t<meta property=\"og:image:height\" content=\"1536\" \/>\n\t<meta property=\"og:image:type\" content=\"image\/jpeg\" \/>\n<meta name=\"author\" content=\"Xavi Andornet\" \/>\n<meta name=\"twitter:card\" content=\"summary_large_image\" \/>\n<meta name=\"twitter:label1\" content=\"Escrito por\" \/>\n\t<meta name=\"twitter:data1\" content=\"Xavi Andornet\" \/>\n\t<meta name=\"twitter:label2\" content=\"Tiempo de lectura\" \/>\n\t<meta name=\"twitter:data2\" content=\"2 minutos\" \/>\n<script type=\"application\/ld+json\" class=\"yoast-schema-graph\">{\"@context\":\"https:\/\/schema.org\",\"@graph\":[{\"@type\":\"Article\",\"@id\":\"http:\/\/esponsorama.ad\/es\/arranque-positivo-bastianini-marini-misano\/#article\",\"isPartOf\":{\"@id\":\"http:\/\/esponsorama.ad\/es\/arranque-positivo-bastianini-marini-misano\/\"},\"author\":{\"name\":\"Xavi Andornet\",\"@id\":\"http:\/\/esponsorama.ad\/es\/#\/schema\/person\/a5cde74945183d737066e46b61c6f9c4\"},\"headline\":\"ARRANQUE POSITIVO DE BASTIANINI Y MARINI EN MISANO\",\"datePublished\":\"2021-10-22T15:24:19+00:00\",\"dateModified\":\"2021-10-22T15:26:33+00:00\",\"mainEntityOfPage\":{\"@id\":\"http:\/\/esponsorama.ad\/es\/arranque-positivo-bastianini-marini-misano\/\"},\"wordCount\":388,\"image\":{\"@id\":\"http:\/\/esponsorama.ad\/es\/arranque-positivo-bastianini-marini-misano\/#primaryimage\"},\"thumbnailUrl\":\"http:\/\/esponsorama.ad\/wp-content\/uploads\/2021\/10\/46e3ccc4-c037-20e5-2362-230c2dd33342.jpg\",\"articleSection\":[\"MotoGP\"],\"inLanguage\":\"es\"},{\"@type\":\"WebPage\",\"@id\":\"http:\/\/esponsorama.ad\/es\/arranque-positivo-bastianini-marini-misano\/\",\"url\":\"http:\/\/esponsorama.ad\/es\/arranque-positivo-bastianini-marini-misano\/\",\"name\":\"ARRANQUE POSITIVO DE BASTIANINI Y MARINI EN MISANO - Esponsorama\",\"isPartOf\":{\"@id\":\"http:\/\/esponsorama.ad\/es\/#website\"},\"primaryImageOfPage\":{\"@id\":\"http:\/\/esponsorama.ad\/es\/arranque-positivo-bastianini-marini-misano\/#primaryimage\"},\"image\":{\"@id\":\"http:\/\/esponsorama.ad\/es\/arranque-positivo-bastianini-marini-misano\/#primaryimage\"},\"thumbnailUrl\":\"http:\/\/esponsorama.ad\/wp-content\/uploads\/2021\/10\/46e3ccc4-c037-20e5-2362-230c2dd33342.jpg\",\"datePublished\":\"2021-10-22T15:24:19+00:00\",\"dateModified\":\"2021-10-22T15:26:33+00:00\",\"author\":{\"@id\":\"http:\/\/esponsorama.ad\/es\/#\/schema\/person\/a5cde74945183d737066e46b61c6f9c4\"},\"breadcrumb\":{\"@id\":\"http:\/\/esponsorama.ad\/es\/arranque-positivo-bastianini-marini-misano\/#breadcrumb\"},\"inLanguage\":\"es\",\"potentialAction\":[{\"@type\":\"ReadAction\",\"target\":[\"http:\/\/esponsorama.ad\/es\/arranque-positivo-bastianini-marini-misano\/\"]}]},{\"@type\":\"ImageObject\",\"inLanguage\":\"es\",\"@id\":\"http:\/\/esponsorama.ad\/es\/arranque-positivo-bastianini-marini-misano\/#primaryimage\",\"url\":\"http:\/\/esponsorama.ad\/wp-content\/uploads\/2021\/10\/46e3ccc4-c037-20e5-2362-230c2dd33342.jpg\",\"contentUrl\":\"http:\/\/esponsorama.ad\/wp-content\/uploads\/2021\/10\/46e3ccc4-c037-20e5-2362-230c2dd33342.jpg\",\"width\":2310,\"height\":1536,\"caption\":\"Enea Bastianini, Emilia-Romagna MotoGP, 22 October 2021\"},{\"@type\":\"BreadcrumbList\",\"@id\":\"http:\/\/esponsorama.ad\/es\/arranque-positivo-bastianini-marini-misano\/#breadcrumb\",\"itemListElement\":[{\"@type\":\"ListItem\",\"position\":1,\"name\":\"Home\",\"item\":\"http:\/\/esponsorama.ad\/es\/\"},{\"@type\":\"ListItem\",\"position\":2,\"name\":\"ARRANQUE POSITIVO DE BASTIANINI Y MARINI EN MISANO\"}]},{\"@type\":\"WebSite\",\"@id\":\"http:\/\/esponsorama.ad\/es\/#website\",\"url\":\"http:\/\/esponsorama.ad\/es\/\",\"name\":\"Esponsorama\",\"description\":\"Specialist in motorsport sponsorship and event promotions\",\"potentialAction\":[{\"@type\":\"SearchAction\",\"target\":{\"@type\":\"EntryPoint\",\"urlTemplate\":\"http:\/\/esponsorama.ad\/es\/?s={search_term_string}\"},\"query-input\":{\"@type\":\"PropertyValueSpecification\",\"valueRequired\":true,\"valueName\":\"search_term_string\"}}],\"inLanguage\":\"es\"},{\"@type\":\"Person\",\"@id\":\"http:\/\/esponsorama.ad\/es\/#\/schema\/person\/a5cde74945183d737066e46b61c6f9c4\",\"name\":\"Xavi Andornet\",\"image\":{\"@type\":\"ImageObject\",\"inLanguage\":\"es\",\"@id\":\"http:\/\/esponsorama.ad\/es\/#\/schema\/person\/image\/\",\"url\":\"https:\/\/secure.gravatar.com\/avatar\/f10eaf9ad601244a2357c9fd7cd9805ed166cfaaf76d5d9ab08a9d873e70147a?s=96&d=mm&r=g\",\"contentUrl\":\"https:\/\/secure.gravatar.com\/avatar\/f10eaf9ad601244a2357c9fd7cd9805ed166cfaaf76d5d9ab08a9d873e70147a?s=96&d=mm&r=g\",\"caption\":\"Xavi Andornet\"},\"sameAs\":[\"http:\/\/www.andornet.ad\"],\"url\":\"http:\/\/esponsorama.ad\/es\/author\/andornet\/\"}]}<\/script>\n<!-- \/ Yoast SEO plugin. -->","yoast_head_json":{"title":"ARRANQUE POSITIVO DE BASTIANINI Y MARINI EN MISANO - Esponsorama","robots":{"index":"index","follow":"follow","max-snippet":"max-snippet:-1","max-image-preview":"max-image-preview:large","max-video-preview":"max-video-preview:-1"},"canonical":"http:\/\/esponsorama.ad\/es\/arranque-positivo-bastianini-marini-misano\/","og_locale":"es_ES","og_type":"article","og_title":"ARRANQUE POSITIVO DE BASTIANINI Y MARINI EN MISANO - Esponsorama","og_description":"El Avintia Esponsorama y el Sky VR46 Avintia han completado el primer d\u00eda del Gran Premio Nolan del Made in Italy e dell\u2019Emilia-Romagna, donde la lluvia ha sido la gran protagonista en el circuito de Misano. Enea Bastianini ha sido 12\u00ba en la clasificaci\u00f3n combinada con un tiempo de 1:42.842, conseguido en la sesi\u00f3n de [&hellip;]","og_url":"http:\/\/esponsorama.ad\/es\/arranque-positivo-bastianini-marini-misano\/","og_site_name":"Esponsorama","article_published_time":"2021-10-22T15:24:19+00:00","article_modified_time":"2021-10-22T15:26:33+00:00","og_image":[{"width":2310,"height":1536,"url":"http:\/\/esponsorama.ad\/wp-content\/uploads\/2021\/10\/46e3ccc4-c037-20e5-2362-230c2dd33342.jpg","type":"image\/jpeg"}],"author":"Xavi Andornet","twitter_card":"summary_large_image","twitter_misc":{"Escrito por":"Xavi Andornet","Tiempo de lectura":"2 minutos"},"schema":{"@context":"https:\/\/schema.org","@graph":[{"@type":"Article","@id":"http:\/\/esponsorama.ad\/es\/arranque-positivo-bastianini-marini-misano\/#article","isPartOf":{"@id":"http:\/\/esponsorama.ad\/es\/arranque-positivo-bastianini-marini-misano\/"},"author":{"name":"Xavi Andornet","@id":"http:\/\/esponsorama.ad\/es\/#\/schema\/person\/a5cde74945183d737066e46b61c6f9c4"},"headline":"ARRANQUE POSITIVO DE BASTIANINI Y MARINI EN MISANO","datePublished":"2021-10-22T15:24:19+00:00","dateModified":"2021-10-22T15:26:33+00:00","mainEntityOfPage":{"@id":"http:\/\/esponsorama.ad\/es\/arranque-positivo-bastianini-marini-misano\/"},"wordCount":388,"image":{"@id":"http:\/\/esponsorama.ad\/es\/arranque-positivo-bastianini-marini-misano\/#primaryimage"},"thumbnailUrl":"http:\/\/esponsorama.ad\/wp-content\/uploads\/2021\/10\/46e3ccc4-c037-20e5-2362-230c2dd33342.jpg","articleSection":["MotoGP"],"inLanguage":"es"},{"@type":"WebPage","@id":"http:\/\/esponsorama.ad\/es\/arranque-positivo-bastianini-marini-misano\/","url":"http:\/\/esponsorama.ad\/es\/arranque-positivo-bastianini-marini-misano\/","name":"ARRANQUE POSITIVO DE BASTIANINI Y MARINI EN MISANO - Esponsorama","isPartOf":{"@id":"http:\/\/esponsorama.ad\/es\/#website"},"primaryImageOfPage":{"@id":"http:\/\/esponsorama.ad\/es\/arranque-positivo-bastianini-marini-misano\/#primaryimage"},"image":{"@id":"http:\/\/esponsorama.ad\/es\/arranque-positivo-bastianini-marini-misano\/#primaryimage"},"thumbnailUrl":"http:\/\/esponsorama.ad\/wp-content\/uploads\/2021\/10\/46e3ccc4-c037-20e5-2362-230c2dd33342.jpg","datePublished":"2021-10-22T15:24:19+00:00","dateModified":"2021-10-22T15:26:33+00:00","author":{"@id":"http:\/\/esponsorama.ad\/es\/#\/schema\/person\/a5cde74945183d737066e46b61c6f9c4"},"breadcrumb":{"@id":"http:\/\/esponsorama.ad\/es\/arranque-positivo-bastianini-marini-misano\/#breadcrumb"},"inLanguage":"es","potentialAction":[{"@type":"ReadAction","target":["http:\/\/esponsorama.ad\/es\/arranque-positivo-bastianini-marini-misano\/"]}]},{"@type":"ImageObject","inLanguage":"es","@id":"http:\/\/esponsorama.ad\/es\/arranque-positivo-bastianini-marini-misano\/#primaryimage","url":"http:\/\/esponsorama.ad\/wp-content\/uploads\/2021\/10\/46e3ccc4-c037-20e5-2362-230c2dd33342.jpg","contentUrl":"http:\/\/esponsorama.ad\/wp-content\/uploads\/2021\/10\/46e3ccc4-c037-20e5-2362-230c2dd33342.jpg","width":2310,"height":1536,"caption":"Enea Bastianini, Emilia-Romagna MotoGP, 22 October 2021"},{"@type":"BreadcrumbList","@id":"http:\/\/esponsorama.ad\/es\/arranque-positivo-bastianini-marini-misano\/#breadcrumb","itemListElement":[{"@type":"ListItem","position":1,"name":"Home","item":"http:\/\/esponsorama.ad\/es\/"},{"@type":"ListItem","position":2,"name":"ARRANQUE POSITIVO DE BASTIANINI Y MARINI EN MISANO"}]},{"@type":"WebSite","@id":"http:\/\/esponsorama.ad\/es\/#website","url":"http:\/\/esponsorama.ad\/es\/","name":"Esponsorama","description":"Specialist in motorsport sponsorship and event promotions","potentialAction":[{"@type":"SearchAction","target":{"@type":"EntryPoint","urlTemplate":"http:\/\/esponsorama.ad\/es\/?s={search_term_string}"},"query-input":{"@type":"PropertyValueSpecification","valueRequired":true,"valueName":"search_term_string"}}],"inLanguage":"es"},{"@type":"Person","@id":"http:\/\/esponsorama.ad\/es\/#\/schema\/person\/a5cde74945183d737066e46b61c6f9c4","name":"Xavi Andornet","image":{"@type":"ImageObject","inLanguage":"es","@id":"http:\/\/esponsorama.ad\/es\/#\/schema\/person\/image\/","url":"https:\/\/secure.gravatar.com\/avatar\/f10eaf9ad601244a2357c9fd7cd9805ed166cfaaf76d5d9ab08a9d873e70147a?s=96&d=mm&r=g","contentUrl":"https:\/\/secure.gravatar.com\/avatar\/f10eaf9ad601244a2357c9fd7cd9805ed166cfaaf76d5d9ab08a9d873e70147a?s=96&d=mm&r=g","caption":"Xavi Andornet"},"sameAs":["http:\/\/www.andornet.ad"],"url":"http:\/\/esponsorama.ad\/es\/author\/andornet\/"}]}},"_links":{"self":[{"href":"http:\/\/esponsorama.ad\/es\/wp-json\/wp\/v2\/posts\/18441","targetHints":{"allow":["GET"]}}],"collection":[{"href":"http:\/\/esponsorama.ad\/es\/wp-json\/wp\/v2\/posts"}],"about":[{"href":"http:\/\/esponsorama.ad\/es\/wp-json\/wp\/v2\/types\/post"}],"author":[{"embeddable":true,"href":"http:\/\/esponsorama.ad\/es\/wp-json\/wp\/v2\/users\/6"}],"replies":[{"embeddable":true,"href":"http:\/\/esponsorama.ad\/es\/wp-json\/wp\/v2\/comments?post=18441"}],"version-history":[{"count":1,"href":"http:\/\/esponsorama.ad\/es\/wp-json\/wp\/v2\/posts\/18441\/revisions"}],"predecessor-version":[{"id":18447,"href":"http:\/\/esponsorama.ad\/es\/wp-json\/wp\/v2\/posts\/18441\/revisions\/18447"}],"wp:featuredmedia":[{"embeddable":true,"href":"http:\/\/esponsorama.ad\/es\/wp-json\/wp\/v2\/media\/18446"}],"wp:attachment":[{"href":"http:\/\/esponsorama.ad\/es\/wp-json\/wp\/v2\/media?parent=18441"}],"wp:term":[{"taxonomy":"category","embeddable":true,"href":"http:\/\/esponsorama.ad\/es\/wp-json\/wp\/v2\/categories?post=18441"},{"taxonomy":"post_tag","embeddable":true,"href":"http:\/\/esponsorama.ad\/es\/wp-json\/wp\/v2\/tags?post=18441"}],"curies":[{"name":"wp","href":"https:\/\/api.w.org\/{rel}","templated":true}]}}