{"id":18602,"date":"2021-11-13T21:24:41","date_gmt":"2021-11-13T19:24:41","guid":{"rendered":"http:\/\/esponsorama.ad\/?p=18602"},"modified":"2021-11-13T21:32:33","modified_gmt":"2021-11-13T19:32:33","slug":"antonelli-9o-tatay-11o-la-clasificacion-del-gran-premio-la-comunitat-valencianael-avintia-esponsorama-moto3-avintia-vr46-academy-finalizado-la-clasificacion-del-gran-premio-motul-l","status":"publish","type":"post","link":"http:\/\/esponsorama.ad\/es\/antonelli-9o-tatay-11o-la-clasificacion-del-gran-premio-la-comunitat-valencianael-avintia-esponsorama-moto3-avintia-vr46-academy-finalizado-la-clasificacion-del-gran-premio-motul-l\/","title":{"rendered":"ANTONELLI 9\u00ba Y TATAY 11\u00ba EN LA CLASIFICACI\u00d3N DEL GRAN PREMIO DE LA COMUNITAT VALENCIANA"},"content":{"rendered":"<p>El Avintia Esponsorama Moto3 y el Avintia VR46 Academy han finalizado la clasificaci\u00f3n del Gran Premio Motul de la Comunitat Valenciana, \u00faltima de la temporada, en el Circuit Ricardo Tormo.<\/p>\n<p>Niccol\u00f2 Antonelli arrancar\u00e1 desde la 9\u00ba posici\u00f3n. El italiano ha tenido que disputar la Q1 debido a que su mejor tiempo de los entrenamientos libres ha sido anulado por superar los l\u00edmites de la pista. Ya en la Q2, Antonelli ha marcado un tiempo de 1:39.149, que le permitir\u00e1 partir desde la tercera l\u00ednea de la parrilla de salida.<\/p>\n<p>Por su parte, Carlos Tatay ha logrado el acceso directo a la Q2 al ser 5\u00ba en la clasificaci\u00f3n combinada tras los entrenamientos libres. El valenciano, con un tiempo de 1:39.317, saldr\u00e1 desde la 11\u00aa posici\u00f3n en su gran premio de casa.<\/p>\n<p>Ma\u00f1ana a las 11:00 dar\u00e1 comienzo la carrera del Gran Premio Motul de la Comunitat Valenciana, donde Antonelli y Tatay buscar\u00e1n poner punto y final a la temporada con un buen resultado para el equipo.<\/p>\n<p>\t\t\t\t\t<div class=\"rider-short\">\n\t\t\t\t<a href=\"http:\/\/esponsorama.ad\/es\/piloto\/niccolo-antonelli\/\"><img loading=\"lazy\" decoding=\"async\" width=\"300\" height=\"300\" src=\"http:\/\/esponsorama.ad\/wp-content\/uploads\/2021\/02\/dorsal-na-gris-300x300.png\" class=\"attachment-medium size-medium\" alt=\"\" srcset=\"http:\/\/esponsorama.ad\/wp-content\/uploads\/2021\/02\/dorsal-na-gris-300x300.png 300w, http:\/\/esponsorama.ad\/wp-content\/uploads\/2021\/02\/dorsal-na-gris-150x150.png 150w, http:\/\/esponsorama.ad\/wp-content\/uploads\/2021\/02\/dorsal-na-gris.png 500w\" sizes=\"auto, (max-width: 300px) 100vw, 300px\" \/><\/a><div class=\"info\"><h3><a href=\"http:\/\/esponsorama.ad\/es\/piloto\/niccolo-antonelli\/\">Niccol\u00f2 Antonelli<\/a> | 1'39.149 | P9<\/h3><div class=\"rrss\"><a target=\"_blank\" href=\"https:\/\/www.facebook.com\/Nicco23\"><i class=\"fa fa-facebook\"><\/i><\/a><a target=\"_blank\" href=\"https:\/\/twitter.com\/_Nicco23\"><i class=\"fa fa-twitter\"><\/i><\/a><a target=\"_blank\" href=\"https:\/\/www.instagram.com\/nicco23on\/?hl=es\"><i class=\"fa fa-instagram\"><\/i><\/a><a target=\"_blank\" href=\"https:\/\/www.youtube.com\/user\/NiccoloAntonelli\/featured\"><i class=\"fa fa-youtube\"><\/i><\/a><\/div><\/div>\t\t\t\t\t<\/div>\n\t\t\t\t<br \/>\n\u201cHa sido un d\u00eda bastante bueno para nosotros pese a las complicaciones que hemos tenido en el FP3 con la cancelaci\u00f3n de nuestro mejor tiempo. Podr\u00eda haber ido un poco mejor, pero a\u00fan as\u00ed ha sido positivo. Intentaremos tener una buena carrera ma\u00f1ana.\u201d<\/p>\n<p>\t\t\t\t\t<div class=\"rider-short\">\n\t\t\t\t<a href=\"http:\/\/esponsorama.ad\/es\/piloto\/carlos-tatay\/\"><img loading=\"lazy\" decoding=\"async\" width=\"300\" height=\"300\" src=\"http:\/\/esponsorama.ad\/wp-content\/uploads\/2021\/02\/dorsal-tatay-gris-300x300.png\" class=\"attachment-medium size-medium\" alt=\"\" srcset=\"http:\/\/esponsorama.ad\/wp-content\/uploads\/2021\/02\/dorsal-tatay-gris-300x300.png 300w, http:\/\/esponsorama.ad\/wp-content\/uploads\/2021\/02\/dorsal-tatay-gris-150x150.png 150w, http:\/\/esponsorama.ad\/wp-content\/uploads\/2021\/02\/dorsal-tatay-gris.png 500w\" sizes=\"auto, (max-width: 300px) 100vw, 300px\" \/><\/a><div class=\"info\"><h3><a href=\"http:\/\/esponsorama.ad\/es\/piloto\/carlos-tatay\/\">Carlos Tatay<\/a> | 1'39.317 | P11<\/h3><div class=\"rrss\"><a target=\"_blank\" href=\"https:\/\/www.facebook.com\/carlostatay99\/\"><i class=\"fa fa-facebook\"><\/i><\/a><a target=\"_blank\" href=\"https:\/\/twitter.com\/carlostatay99\"><i class=\"fa fa-twitter\"><\/i><\/a><a target=\"_blank\" href=\"https:\/\/www.instagram.com\/carlostatay99\/\"><i class=\"fa fa-instagram\"><\/i><\/a><\/div><\/div>\t\t\t\t\t<\/div>\n\t\t\t\t<br \/>\n\u201cUn d\u00eda bastante positivo, las sensaciones han sido muy buenas. Ma\u00f1ana se espera una carrera muy peleada con un grupo grande. Disfrutaremos al m\u00e1ximo, intentaremos hacer una buena salida y colocarnos delante para conseguir un buen resultado.\u201d<\/p>\n","protected":false},"excerpt":{"rendered":"<p>El Avintia Esponsorama Moto3 y el Avintia VR46 Academy han finalizado la clasificaci\u00f3n del Gran Premio Motul de la Comunitat Valenciana, \u00faltima de la temporada, en el Circuit Ricardo Tormo. Niccol\u00f2 Antonelli arrancar\u00e1 desde la 9\u00ba posici\u00f3n. El italiano ha tenido que disputar la Q1 debido a que su mejor tiempo de los entrenamientos libres [&hellip;]<\/p>\n","protected":false},"author":6,"featured_media":18607,"comment_status":"closed","ping_status":"closed","sticky":false,"template":"","format":"standard","meta":{"footnotes":""},"categories":[12],"tags":[],"class_list":["post-18602","post","type-post","status-publish","format-standard","has-post-thumbnail","hentry","category-moto3"],"yoast_head":"<!-- This site is optimized with the Yoast SEO plugin v27.1.1 - https:\/\/yoast.com\/product\/yoast-seo-wordpress\/ -->\n<title>ANTONELLI 9\u00ba Y TATAY 11\u00ba EN LA CLASIFICACI\u00d3N DEL GRAN PREMIO DE LA COMUNITAT VALENCIANA - Esponsorama<\/title>\n<meta name=\"robots\" content=\"index, follow, max-snippet:-1, max-image-preview:large, max-video-preview:-1\" \/>\n<link rel=\"canonical\" href=\"http:\/\/esponsorama.ad\/es\/antonelli-9o-tatay-11o-la-clasificacion-del-gran-premio-la-comunitat-valencianael-avintia-esponsorama-moto3-avintia-vr46-academy-finalizado-la-clasificacion-del-gran-premio-motul-l\/\" \/>\n<meta property=\"og:locale\" content=\"es_ES\" \/>\n<meta property=\"og:type\" content=\"article\" \/>\n<meta property=\"og:title\" content=\"ANTONELLI 9\u00ba Y TATAY 11\u00ba EN LA CLASIFICACI\u00d3N DEL GRAN PREMIO DE LA COMUNITAT VALENCIANA - Esponsorama\" \/>\n<meta property=\"og:description\" content=\"El Avintia Esponsorama Moto3 y el Avintia VR46 Academy han finalizado la clasificaci\u00f3n del Gran Premio Motul de la Comunitat Valenciana, \u00faltima de la temporada, en el Circuit Ricardo Tormo. Niccol\u00f2 Antonelli arrancar\u00e1 desde la 9\u00ba posici\u00f3n. El italiano ha tenido que disputar la Q1 debido a que su mejor tiempo de los entrenamientos libres [&hellip;]\" \/>\n<meta property=\"og:url\" content=\"http:\/\/esponsorama.ad\/es\/antonelli-9o-tatay-11o-la-clasificacion-del-gran-premio-la-comunitat-valencianael-avintia-esponsorama-moto3-avintia-vr46-academy-finalizado-la-clasificacion-del-gran-premio-motul-l\/\" \/>\n<meta property=\"og:site_name\" content=\"Esponsorama\" \/>\n<meta property=\"article:published_time\" content=\"2021-11-13T19:24:41+00:00\" \/>\n<meta property=\"article:modified_time\" content=\"2021-11-13T19:32:33+00:00\" \/>\n<meta property=\"og:image\" content=\"http:\/\/esponsorama.ad\/wp-content\/uploads\/2021\/11\/0af4594b-abfa-6330-0450-78f8134c66c9.jpg\" \/>\n\t<meta property=\"og:image:width\" content=\"2748\" \/>\n\t<meta property=\"og:image:height\" content=\"1832\" \/>\n\t<meta property=\"og:image:type\" content=\"image\/jpeg\" \/>\n<meta name=\"author\" content=\"Xavi Andornet\" \/>\n<meta name=\"twitter:card\" content=\"summary_large_image\" \/>\n<meta name=\"twitter:label1\" content=\"Escrito por\" \/>\n\t<meta name=\"twitter:data1\" content=\"Xavi Andornet\" \/>\n\t<meta name=\"twitter:label2\" content=\"Tiempo de lectura\" \/>\n\t<meta name=\"twitter:data2\" content=\"1 minuto\" \/>\n<script type=\"application\/ld+json\" class=\"yoast-schema-graph\">{\"@context\":\"https:\/\/schema.org\",\"@graph\":[{\"@type\":\"Article\",\"@id\":\"http:\/\/esponsorama.ad\/es\/antonelli-9o-tatay-11o-la-clasificacion-del-gran-premio-la-comunitat-valencianael-avintia-esponsorama-moto3-avintia-vr46-academy-finalizado-la-clasificacion-del-gran-premio-motul-l\/#article\",\"isPartOf\":{\"@id\":\"http:\/\/esponsorama.ad\/es\/antonelli-9o-tatay-11o-la-clasificacion-del-gran-premio-la-comunitat-valencianael-avintia-esponsorama-moto3-avintia-vr46-academy-finalizado-la-clasificacion-del-gran-premio-motul-l\/\"},\"author\":{\"name\":\"Xavi Andornet\",\"@id\":\"http:\/\/esponsorama.ad\/es\/#\/schema\/person\/a5cde74945183d737066e46b61c6f9c4\"},\"headline\":\"ANTONELLI 9\u00ba Y TATAY 11\u00ba EN LA CLASIFICACI\u00d3N DEL GRAN PREMIO DE LA COMUNITAT VALENCIANA\",\"datePublished\":\"2021-11-13T19:24:41+00:00\",\"dateModified\":\"2021-11-13T19:32:33+00:00\",\"mainEntityOfPage\":{\"@id\":\"http:\/\/esponsorama.ad\/es\/antonelli-9o-tatay-11o-la-clasificacion-del-gran-premio-la-comunitat-valencianael-avintia-esponsorama-moto3-avintia-vr46-academy-finalizado-la-clasificacion-del-gran-premio-motul-l\/\"},\"wordCount\":280,\"image\":{\"@id\":\"http:\/\/esponsorama.ad\/es\/antonelli-9o-tatay-11o-la-clasificacion-del-gran-premio-la-comunitat-valencianael-avintia-esponsorama-moto3-avintia-vr46-academy-finalizado-la-clasificacion-del-gran-premio-motul-l\/#primaryimage\"},\"thumbnailUrl\":\"http:\/\/esponsorama.ad\/wp-content\/uploads\/2021\/11\/0af4594b-abfa-6330-0450-78f8134c66c9.jpg\",\"articleSection\":[\"Moto3\"],\"inLanguage\":\"es\"},{\"@type\":\"WebPage\",\"@id\":\"http:\/\/esponsorama.ad\/es\/antonelli-9o-tatay-11o-la-clasificacion-del-gran-premio-la-comunitat-valencianael-avintia-esponsorama-moto3-avintia-vr46-academy-finalizado-la-clasificacion-del-gran-premio-motul-l\/\",\"url\":\"http:\/\/esponsorama.ad\/es\/antonelli-9o-tatay-11o-la-clasificacion-del-gran-premio-la-comunitat-valencianael-avintia-esponsorama-moto3-avintia-vr46-academy-finalizado-la-clasificacion-del-gran-premio-motul-l\/\",\"name\":\"ANTONELLI 9\u00ba Y TATAY 11\u00ba EN LA CLASIFICACI\u00d3N DEL GRAN PREMIO DE LA COMUNITAT VALENCIANA - Esponsorama\",\"isPartOf\":{\"@id\":\"http:\/\/esponsorama.ad\/es\/#website\"},\"primaryImageOfPage\":{\"@id\":\"http:\/\/esponsorama.ad\/es\/antonelli-9o-tatay-11o-la-clasificacion-del-gran-premio-la-comunitat-valencianael-avintia-esponsorama-moto3-avintia-vr46-academy-finalizado-la-clasificacion-del-gran-premio-motul-l\/#primaryimage\"},\"image\":{\"@id\":\"http:\/\/esponsorama.ad\/es\/antonelli-9o-tatay-11o-la-clasificacion-del-gran-premio-la-comunitat-valencianael-avintia-esponsorama-moto3-avintia-vr46-academy-finalizado-la-clasificacion-del-gran-premio-motul-l\/#primaryimage\"},\"thumbnailUrl\":\"http:\/\/esponsorama.ad\/wp-content\/uploads\/2021\/11\/0af4594b-abfa-6330-0450-78f8134c66c9.jpg\",\"datePublished\":\"2021-11-13T19:24:41+00:00\",\"dateModified\":\"2021-11-13T19:32:33+00:00\",\"author\":{\"@id\":\"http:\/\/esponsorama.ad\/es\/#\/schema\/person\/a5cde74945183d737066e46b61c6f9c4\"},\"breadcrumb\":{\"@id\":\"http:\/\/esponsorama.ad\/es\/antonelli-9o-tatay-11o-la-clasificacion-del-gran-premio-la-comunitat-valencianael-avintia-esponsorama-moto3-avintia-vr46-academy-finalizado-la-clasificacion-del-gran-premio-motul-l\/#breadcrumb\"},\"inLanguage\":\"es\",\"potentialAction\":[{\"@type\":\"ReadAction\",\"target\":[\"http:\/\/esponsorama.ad\/es\/antonelli-9o-tatay-11o-la-clasificacion-del-gran-premio-la-comunitat-valencianael-avintia-esponsorama-moto3-avintia-vr46-academy-finalizado-la-clasificacion-del-gran-premio-motul-l\/\"]}]},{\"@type\":\"ImageObject\",\"inLanguage\":\"es\",\"@id\":\"http:\/\/esponsorama.ad\/es\/antonelli-9o-tatay-11o-la-clasificacion-del-gran-premio-la-comunitat-valencianael-avintia-esponsorama-moto3-avintia-vr46-academy-finalizado-la-clasificacion-del-gran-premio-motul-l\/#primaryimage\",\"url\":\"http:\/\/esponsorama.ad\/wp-content\/uploads\/2021\/11\/0af4594b-abfa-6330-0450-78f8134c66c9.jpg\",\"contentUrl\":\"http:\/\/esponsorama.ad\/wp-content\/uploads\/2021\/11\/0af4594b-abfa-6330-0450-78f8134c66c9.jpg\",\"width\":2748,\"height\":1832,\"caption\":\"Niccolo Antonelli, Moto3, Valencia MotoGP, 13 November 2021\"},{\"@type\":\"BreadcrumbList\",\"@id\":\"http:\/\/esponsorama.ad\/es\/antonelli-9o-tatay-11o-la-clasificacion-del-gran-premio-la-comunitat-valencianael-avintia-esponsorama-moto3-avintia-vr46-academy-finalizado-la-clasificacion-del-gran-premio-motul-l\/#breadcrumb\",\"itemListElement\":[{\"@type\":\"ListItem\",\"position\":1,\"name\":\"Home\",\"item\":\"http:\/\/esponsorama.ad\/es\/\"},{\"@type\":\"ListItem\",\"position\":2,\"name\":\"ANTONELLI 9\u00ba Y TATAY 11\u00ba EN LA CLASIFICACI\u00d3N DEL GRAN PREMIO DE LA COMUNITAT VALENCIANA\"}]},{\"@type\":\"WebSite\",\"@id\":\"http:\/\/esponsorama.ad\/es\/#website\",\"url\":\"http:\/\/esponsorama.ad\/es\/\",\"name\":\"Esponsorama\",\"description\":\"Specialist in motorsport sponsorship and event promotions\",\"potentialAction\":[{\"@type\":\"SearchAction\",\"target\":{\"@type\":\"EntryPoint\",\"urlTemplate\":\"http:\/\/esponsorama.ad\/es\/?s={search_term_string}\"},\"query-input\":{\"@type\":\"PropertyValueSpecification\",\"valueRequired\":true,\"valueName\":\"search_term_string\"}}],\"inLanguage\":\"es\"},{\"@type\":\"Person\",\"@id\":\"http:\/\/esponsorama.ad\/es\/#\/schema\/person\/a5cde74945183d737066e46b61c6f9c4\",\"name\":\"Xavi Andornet\",\"image\":{\"@type\":\"ImageObject\",\"inLanguage\":\"es\",\"@id\":\"http:\/\/esponsorama.ad\/es\/#\/schema\/person\/image\/\",\"url\":\"https:\/\/secure.gravatar.com\/avatar\/f10eaf9ad601244a2357c9fd7cd9805ed166cfaaf76d5d9ab08a9d873e70147a?s=96&d=mm&r=g\",\"contentUrl\":\"https:\/\/secure.gravatar.com\/avatar\/f10eaf9ad601244a2357c9fd7cd9805ed166cfaaf76d5d9ab08a9d873e70147a?s=96&d=mm&r=g\",\"caption\":\"Xavi Andornet\"},\"sameAs\":[\"http:\/\/www.andornet.ad\"],\"url\":\"http:\/\/esponsorama.ad\/es\/author\/andornet\/\"}]}<\/script>\n<!-- \/ Yoast SEO plugin. -->","yoast_head_json":{"title":"ANTONELLI 9\u00ba Y TATAY 11\u00ba EN LA CLASIFICACI\u00d3N DEL GRAN PREMIO DE LA COMUNITAT VALENCIANA - Esponsorama","robots":{"index":"index","follow":"follow","max-snippet":"max-snippet:-1","max-image-preview":"max-image-preview:large","max-video-preview":"max-video-preview:-1"},"canonical":"http:\/\/esponsorama.ad\/es\/antonelli-9o-tatay-11o-la-clasificacion-del-gran-premio-la-comunitat-valencianael-avintia-esponsorama-moto3-avintia-vr46-academy-finalizado-la-clasificacion-del-gran-premio-motul-l\/","og_locale":"es_ES","og_type":"article","og_title":"ANTONELLI 9\u00ba Y TATAY 11\u00ba EN LA CLASIFICACI\u00d3N DEL GRAN PREMIO DE LA COMUNITAT VALENCIANA - Esponsorama","og_description":"El Avintia Esponsorama Moto3 y el Avintia VR46 Academy han finalizado la clasificaci\u00f3n del Gran Premio Motul de la Comunitat Valenciana, \u00faltima de la temporada, en el Circuit Ricardo Tormo. Niccol\u00f2 Antonelli arrancar\u00e1 desde la 9\u00ba posici\u00f3n. El italiano ha tenido que disputar la Q1 debido a que su mejor tiempo de los entrenamientos libres [&hellip;]","og_url":"http:\/\/esponsorama.ad\/es\/antonelli-9o-tatay-11o-la-clasificacion-del-gran-premio-la-comunitat-valencianael-avintia-esponsorama-moto3-avintia-vr46-academy-finalizado-la-clasificacion-del-gran-premio-motul-l\/","og_site_name":"Esponsorama","article_published_time":"2021-11-13T19:24:41+00:00","article_modified_time":"2021-11-13T19:32:33+00:00","og_image":[{"width":2748,"height":1832,"url":"http:\/\/esponsorama.ad\/wp-content\/uploads\/2021\/11\/0af4594b-abfa-6330-0450-78f8134c66c9.jpg","type":"image\/jpeg"}],"author":"Xavi Andornet","twitter_card":"summary_large_image","twitter_misc":{"Escrito por":"Xavi Andornet","Tiempo de lectura":"1 minuto"},"schema":{"@context":"https:\/\/schema.org","@graph":[{"@type":"Article","@id":"http:\/\/esponsorama.ad\/es\/antonelli-9o-tatay-11o-la-clasificacion-del-gran-premio-la-comunitat-valencianael-avintia-esponsorama-moto3-avintia-vr46-academy-finalizado-la-clasificacion-del-gran-premio-motul-l\/#article","isPartOf":{"@id":"http:\/\/esponsorama.ad\/es\/antonelli-9o-tatay-11o-la-clasificacion-del-gran-premio-la-comunitat-valencianael-avintia-esponsorama-moto3-avintia-vr46-academy-finalizado-la-clasificacion-del-gran-premio-motul-l\/"},"author":{"name":"Xavi Andornet","@id":"http:\/\/esponsorama.ad\/es\/#\/schema\/person\/a5cde74945183d737066e46b61c6f9c4"},"headline":"ANTONELLI 9\u00ba Y TATAY 11\u00ba EN LA CLASIFICACI\u00d3N DEL GRAN PREMIO DE LA COMUNITAT VALENCIANA","datePublished":"2021-11-13T19:24:41+00:00","dateModified":"2021-11-13T19:32:33+00:00","mainEntityOfPage":{"@id":"http:\/\/esponsorama.ad\/es\/antonelli-9o-tatay-11o-la-clasificacion-del-gran-premio-la-comunitat-valencianael-avintia-esponsorama-moto3-avintia-vr46-academy-finalizado-la-clasificacion-del-gran-premio-motul-l\/"},"wordCount":280,"image":{"@id":"http:\/\/esponsorama.ad\/es\/antonelli-9o-tatay-11o-la-clasificacion-del-gran-premio-la-comunitat-valencianael-avintia-esponsorama-moto3-avintia-vr46-academy-finalizado-la-clasificacion-del-gran-premio-motul-l\/#primaryimage"},"thumbnailUrl":"http:\/\/esponsorama.ad\/wp-content\/uploads\/2021\/11\/0af4594b-abfa-6330-0450-78f8134c66c9.jpg","articleSection":["Moto3"],"inLanguage":"es"},{"@type":"WebPage","@id":"http:\/\/esponsorama.ad\/es\/antonelli-9o-tatay-11o-la-clasificacion-del-gran-premio-la-comunitat-valencianael-avintia-esponsorama-moto3-avintia-vr46-academy-finalizado-la-clasificacion-del-gran-premio-motul-l\/","url":"http:\/\/esponsorama.ad\/es\/antonelli-9o-tatay-11o-la-clasificacion-del-gran-premio-la-comunitat-valencianael-avintia-esponsorama-moto3-avintia-vr46-academy-finalizado-la-clasificacion-del-gran-premio-motul-l\/","name":"ANTONELLI 9\u00ba Y TATAY 11\u00ba EN LA CLASIFICACI\u00d3N DEL GRAN PREMIO DE LA COMUNITAT VALENCIANA - Esponsorama","isPartOf":{"@id":"http:\/\/esponsorama.ad\/es\/#website"},"primaryImageOfPage":{"@id":"http:\/\/esponsorama.ad\/es\/antonelli-9o-tatay-11o-la-clasificacion-del-gran-premio-la-comunitat-valencianael-avintia-esponsorama-moto3-avintia-vr46-academy-finalizado-la-clasificacion-del-gran-premio-motul-l\/#primaryimage"},"image":{"@id":"http:\/\/esponsorama.ad\/es\/antonelli-9o-tatay-11o-la-clasificacion-del-gran-premio-la-comunitat-valencianael-avintia-esponsorama-moto3-avintia-vr46-academy-finalizado-la-clasificacion-del-gran-premio-motul-l\/#primaryimage"},"thumbnailUrl":"http:\/\/esponsorama.ad\/wp-content\/uploads\/2021\/11\/0af4594b-abfa-6330-0450-78f8134c66c9.jpg","datePublished":"2021-11-13T19:24:41+00:00","dateModified":"2021-11-13T19:32:33+00:00","author":{"@id":"http:\/\/esponsorama.ad\/es\/#\/schema\/person\/a5cde74945183d737066e46b61c6f9c4"},"breadcrumb":{"@id":"http:\/\/esponsorama.ad\/es\/antonelli-9o-tatay-11o-la-clasificacion-del-gran-premio-la-comunitat-valencianael-avintia-esponsorama-moto3-avintia-vr46-academy-finalizado-la-clasificacion-del-gran-premio-motul-l\/#breadcrumb"},"inLanguage":"es","potentialAction":[{"@type":"ReadAction","target":["http:\/\/esponsorama.ad\/es\/antonelli-9o-tatay-11o-la-clasificacion-del-gran-premio-la-comunitat-valencianael-avintia-esponsorama-moto3-avintia-vr46-academy-finalizado-la-clasificacion-del-gran-premio-motul-l\/"]}]},{"@type":"ImageObject","inLanguage":"es","@id":"http:\/\/esponsorama.ad\/es\/antonelli-9o-tatay-11o-la-clasificacion-del-gran-premio-la-comunitat-valencianael-avintia-esponsorama-moto3-avintia-vr46-academy-finalizado-la-clasificacion-del-gran-premio-motul-l\/#primaryimage","url":"http:\/\/esponsorama.ad\/wp-content\/uploads\/2021\/11\/0af4594b-abfa-6330-0450-78f8134c66c9.jpg","contentUrl":"http:\/\/esponsorama.ad\/wp-content\/uploads\/2021\/11\/0af4594b-abfa-6330-0450-78f8134c66c9.jpg","width":2748,"height":1832,"caption":"Niccolo Antonelli, Moto3, Valencia MotoGP, 13 November 2021"},{"@type":"BreadcrumbList","@id":"http:\/\/esponsorama.ad\/es\/antonelli-9o-tatay-11o-la-clasificacion-del-gran-premio-la-comunitat-valencianael-avintia-esponsorama-moto3-avintia-vr46-academy-finalizado-la-clasificacion-del-gran-premio-motul-l\/#breadcrumb","itemListElement":[{"@type":"ListItem","position":1,"name":"Home","item":"http:\/\/esponsorama.ad\/es\/"},{"@type":"ListItem","position":2,"name":"ANTONELLI 9\u00ba Y TATAY 11\u00ba EN LA CLASIFICACI\u00d3N DEL GRAN PREMIO DE LA COMUNITAT VALENCIANA"}]},{"@type":"WebSite","@id":"http:\/\/esponsorama.ad\/es\/#website","url":"http:\/\/esponsorama.ad\/es\/","name":"Esponsorama","description":"Specialist in motorsport sponsorship and event promotions","potentialAction":[{"@type":"SearchAction","target":{"@type":"EntryPoint","urlTemplate":"http:\/\/esponsorama.ad\/es\/?s={search_term_string}"},"query-input":{"@type":"PropertyValueSpecification","valueRequired":true,"valueName":"search_term_string"}}],"inLanguage":"es"},{"@type":"Person","@id":"http:\/\/esponsorama.ad\/es\/#\/schema\/person\/a5cde74945183d737066e46b61c6f9c4","name":"Xavi Andornet","image":{"@type":"ImageObject","inLanguage":"es","@id":"http:\/\/esponsorama.ad\/es\/#\/schema\/person\/image\/","url":"https:\/\/secure.gravatar.com\/avatar\/f10eaf9ad601244a2357c9fd7cd9805ed166cfaaf76d5d9ab08a9d873e70147a?s=96&d=mm&r=g","contentUrl":"https:\/\/secure.gravatar.com\/avatar\/f10eaf9ad601244a2357c9fd7cd9805ed166cfaaf76d5d9ab08a9d873e70147a?s=96&d=mm&r=g","caption":"Xavi Andornet"},"sameAs":["http:\/\/www.andornet.ad"],"url":"http:\/\/esponsorama.ad\/es\/author\/andornet\/"}]}},"_links":{"self":[{"href":"http:\/\/esponsorama.ad\/es\/wp-json\/wp\/v2\/posts\/18602","targetHints":{"allow":["GET"]}}],"collection":[{"href":"http:\/\/esponsorama.ad\/es\/wp-json\/wp\/v2\/posts"}],"about":[{"href":"http:\/\/esponsorama.ad\/es\/wp-json\/wp\/v2\/types\/post"}],"author":[{"embeddable":true,"href":"http:\/\/esponsorama.ad\/es\/wp-json\/wp\/v2\/users\/6"}],"replies":[{"embeddable":true,"href":"http:\/\/esponsorama.ad\/es\/wp-json\/wp\/v2\/comments?post=18602"}],"version-history":[{"count":2,"href":"http:\/\/esponsorama.ad\/es\/wp-json\/wp\/v2\/posts\/18602\/revisions"}],"predecessor-version":[{"id":18610,"href":"http:\/\/esponsorama.ad\/es\/wp-json\/wp\/v2\/posts\/18602\/revisions\/18610"}],"wp:featuredmedia":[{"embeddable":true,"href":"http:\/\/esponsorama.ad\/es\/wp-json\/wp\/v2\/media\/18607"}],"wp:attachment":[{"href":"http:\/\/esponsorama.ad\/es\/wp-json\/wp\/v2\/media?parent=18602"}],"wp:term":[{"taxonomy":"category","embeddable":true,"href":"http:\/\/esponsorama.ad\/es\/wp-json\/wp\/v2\/categories?post=18602"},{"taxonomy":"post_tag","embeddable":true,"href":"http:\/\/esponsorama.ad\/es\/wp-json\/wp\/v2\/tags?post=18602"}],"curies":[{"name":"wp","href":"https:\/\/api.w.org\/{rel}","templated":true}]}}