{"id":18615,"date":"2021-11-13T22:06:49","date_gmt":"2021-11-13T20:06:49","guid":{"rendered":"http:\/\/esponsorama.ad\/?p=18615"},"modified":"2021-11-13T22:09:02","modified_gmt":"2021-11-13T20:09:02","slug":"bastianini-18o-marini-17o-la-clasificacion-del-gran-premio-la-comunitat-valenciana","status":"publish","type":"post","link":"http:\/\/esponsorama.ad\/es\/bastianini-18o-marini-17o-la-clasificacion-del-gran-premio-la-comunitat-valenciana\/","title":{"rendered":"BASTIANINI 18\u00ba Y MARINI 17\u00ba EN LA CLASIFICACI\u00d3N DEL GRAN PREMIO DE LA COMUNITAT VALENCIANA"},"content":{"rendered":"<p>El Avintia Esponsorama Racing y el Sky VR46 Avintia han completado la \u00faltima clasificaci\u00f3n de la temporada en el Circuit Ricardo Tormo, donde ninguno de los dos pilotos han podido entrar a la Q2.<\/p>\n<p>Con un tiempo de 1:31.185, Enea Bastianini saldr\u00e1 desde la 18\u00aa posici\u00f3n. El italiano, que no se ha acabado de encontrar c\u00f3modo durante el fin de semana, no ha podido superar el corte de la Q1. Desde la 6\u00aa l\u00ednea de la parrilla de salida, el piloto del Avintia Esponsorama Racing intentar\u00e1 ma\u00f1ana culminar una buena remontada.<\/p>\n<p>Luca Marini, que tampoco ha superado la Q1, arrancar\u00e1 17\u00ba tras parar el cron\u00f3metro en 1:31.073. El piloto del Sky VR46 Avintia buscar\u00e1 cerrar la temporada con una buena posici\u00f3n saliendo desde la 6\u00aa l\u00ednea de la parrilla de salida.<\/p>\n<p>Ma\u00f1ana a las 14:00 dar\u00e1 comienzo la carrera del Gran Premio Motul de la Comunitat Valenciana, donde Bastianini y Marini buscar\u00e1n cerrar el a\u00f1o con un buen resultado para el equipo.<\/p>\n<p>\t\t\t\t\t<div class=\"rider-short\">\n\t\t\t\t<a href=\"http:\/\/esponsorama.ad\/es\/piloto\/enea-bastianini\/\"><img loading=\"lazy\" decoding=\"async\" width=\"300\" height=\"300\" src=\"http:\/\/esponsorama.ad\/wp-content\/uploads\/2021\/02\/dorsal-bastianini-gris-300x300.png\" class=\"attachment-medium size-medium\" alt=\"\" srcset=\"http:\/\/esponsorama.ad\/wp-content\/uploads\/2021\/02\/dorsal-bastianini-gris-300x300.png 300w, http:\/\/esponsorama.ad\/wp-content\/uploads\/2021\/02\/dorsal-bastianini-gris-150x150.png 150w, http:\/\/esponsorama.ad\/wp-content\/uploads\/2021\/02\/dorsal-bastianini-gris.png 500w\" sizes=\"auto, (max-width: 300px) 100vw, 300px\" \/><\/a><div class=\"info\"><h3><a href=\"http:\/\/esponsorama.ad\/es\/piloto\/enea-bastianini\/\">Enea Bastianini<\/a> | 1'31.185 | P18<\/h3><div class=\"rrss\"><a target=\"_blank\" href=\"https:\/\/www.eneabastianini.it\/en\/\"><i class=\"fa fa-link\"><\/i><\/a><a target=\"_blank\" href=\"https:\/\/www.facebook.com\/Bestia33\"><i class=\"fa fa-facebook\"><\/i><\/a><a target=\"_blank\" href=\"https:\/\/twitter.com\/eneabastianini\"><i class=\"fa fa-twitter\"><\/i><\/a><a target=\"_blank\" href=\"https:\/\/www.instagram.com\/eneabastianini\/?hl=es\"><i class=\"fa fa-instagram\"><\/i><\/a><\/div><\/div>\t\t\t\t\t<\/div>\n\t\t\t\t<br \/>\n\u201cHa sido un mal d\u00eda. Desafortunadamente no hemos conseguido entender el porqu\u00e9 de nuestro rendimiento y no hemos podido dar un paso adelante respecto a ayer. Empezar\u00e9 18\u00ba e intentar\u00e9 la remontada, aunque creo que ser\u00e1 complicado. Es la \u00faltima carrera de la temporada, trat\u00e9 de disfrutarla y de terminar de la mejor manera posible.\u201d<\/p>\n<p>\t\t\t\t\t<div class=\"rider-short\">\n\t\t\t\t<a href=\"http:\/\/esponsorama.ad\/es\/piloto\/luca-marini\/\"><img loading=\"lazy\" decoding=\"async\" width=\"300\" height=\"300\" src=\"http:\/\/esponsorama.ad\/wp-content\/uploads\/2021\/02\/dorsal-marini-gris-300x300.png\" class=\"attachment-medium size-medium\" alt=\"\" srcset=\"http:\/\/esponsorama.ad\/wp-content\/uploads\/2021\/02\/dorsal-marini-gris-300x300.png 300w, http:\/\/esponsorama.ad\/wp-content\/uploads\/2021\/02\/dorsal-marini-gris-150x150.png 150w, http:\/\/esponsorama.ad\/wp-content\/uploads\/2021\/02\/dorsal-marini-gris.png 500w\" sizes=\"auto, (max-width: 300px) 100vw, 300px\" \/><\/a><div class=\"info\"><h3><a href=\"http:\/\/esponsorama.ad\/es\/piloto\/luca-marini\/\">Luca Marini<\/a> | 1'31.073 | P17<\/h3><div class=\"rrss\"><a target=\"_blank\" href=\"https:\/\/www.facebook.com\/LucaMariniLM97Official\/\"><i class=\"fa fa-facebook\"><\/i><\/a><a target=\"_blank\" href=\"https:\/\/twitter.com\/Luca_Marini_97\"><i class=\"fa fa-twitter\"><\/i><\/a><a target=\"_blank\" href=\"https:\/\/www.instagram.com\/luca_marini_97\/?hl=es\"><i class=\"fa fa-instagram\"><\/i><\/a><\/div><\/div>\t\t\t\t\t<\/div>\n\t\t\t\t<br \/>\n\u201cEs una pista complicada en la que es dif\u00edcil encontrar un buen \u2018feeling\u2019 con el asfalto y los neum\u00e1ticos. Me falta algo en la parte delantera para poder estar completamente a gusto en el pilotaje. L\u00e1stima la bandera amarilla en el FP3, hubiera sido un s\u00e1bado diferente con acceso directo a la Q2. He sido r\u00e1pido, pero quiz\u00e1s falta un poco de experiencia con el neum\u00e1tico delantero asim\u00e9trico, adem\u00e1s de que el agarre trasero es muy dif\u00edcil de gestionar. Los pilotos m\u00e1s experimentados est\u00e1n marcando la diferencia.\u201d<\/p>\n","protected":false},"excerpt":{"rendered":"<p>El Avintia Esponsorama Racing y el Sky VR46 Avintia han completado la \u00faltima clasificaci\u00f3n de la temporada en el Circuit Ricardo Tormo, donde ninguno de los dos pilotos han podido entrar a la Q2. Con un tiempo de 1:31.185, Enea Bastianini saldr\u00e1 desde la 18\u00aa posici\u00f3n. El italiano, que no se ha acabado de encontrar [&hellip;]<\/p>\n","protected":false},"author":6,"featured_media":18620,"comment_status":"closed","ping_status":"closed","sticky":false,"template":"","format":"standard","meta":{"footnotes":""},"categories":[3],"tags":[],"class_list":["post-18615","post","type-post","status-publish","format-standard","has-post-thumbnail","hentry","category-motogp"],"yoast_head":"<!-- This site is optimized with the Yoast SEO plugin v27.1.1 - https:\/\/yoast.com\/product\/yoast-seo-wordpress\/ -->\n<title>BASTIANINI 18\u00ba Y MARINI 17\u00ba EN LA CLASIFICACI\u00d3N DEL GRAN PREMIO DE LA COMUNITAT VALENCIANA - Esponsorama<\/title>\n<meta name=\"robots\" content=\"index, follow, max-snippet:-1, max-image-preview:large, max-video-preview:-1\" \/>\n<link rel=\"canonical\" href=\"http:\/\/esponsorama.ad\/es\/bastianini-18o-marini-17o-la-clasificacion-del-gran-premio-la-comunitat-valenciana\/\" \/>\n<meta property=\"og:locale\" content=\"es_ES\" \/>\n<meta property=\"og:type\" content=\"article\" \/>\n<meta property=\"og:title\" content=\"BASTIANINI 18\u00ba Y MARINI 17\u00ba EN LA CLASIFICACI\u00d3N DEL GRAN PREMIO DE LA COMUNITAT VALENCIANA - Esponsorama\" \/>\n<meta property=\"og:description\" content=\"El Avintia Esponsorama Racing y el Sky VR46 Avintia han completado la \u00faltima clasificaci\u00f3n de la temporada en el Circuit Ricardo Tormo, donde ninguno de los dos pilotos han podido entrar a la Q2. Con un tiempo de 1:31.185, Enea Bastianini saldr\u00e1 desde la 18\u00aa posici\u00f3n. El italiano, que no se ha acabado de encontrar [&hellip;]\" \/>\n<meta property=\"og:url\" content=\"http:\/\/esponsorama.ad\/es\/bastianini-18o-marini-17o-la-clasificacion-del-gran-premio-la-comunitat-valenciana\/\" \/>\n<meta property=\"og:site_name\" content=\"Esponsorama\" \/>\n<meta property=\"article:published_time\" content=\"2021-11-13T20:06:49+00:00\" \/>\n<meta property=\"article:modified_time\" content=\"2021-11-13T20:09:02+00:00\" \/>\n<meta property=\"og:image\" content=\"http:\/\/esponsorama.ad\/wp-content\/uploads\/2021\/11\/1111a041-70fb-b70c-b572-7d6cc6e06a66.jpg\" \/>\n\t<meta property=\"og:image:width\" content=\"5068\" \/>\n\t<meta property=\"og:image:height\" content=\"3378\" \/>\n\t<meta property=\"og:image:type\" content=\"image\/jpeg\" \/>\n<meta name=\"author\" content=\"Xavi Andornet\" \/>\n<meta name=\"twitter:card\" content=\"summary_large_image\" \/>\n<meta name=\"twitter:label1\" content=\"Escrito por\" \/>\n\t<meta name=\"twitter:data1\" content=\"Xavi Andornet\" \/>\n\t<meta name=\"twitter:label2\" content=\"Tiempo de lectura\" \/>\n\t<meta name=\"twitter:data2\" content=\"2 minutos\" \/>\n<script type=\"application\/ld+json\" class=\"yoast-schema-graph\">{\"@context\":\"https:\/\/schema.org\",\"@graph\":[{\"@type\":\"Article\",\"@id\":\"http:\/\/esponsorama.ad\/es\/bastianini-18o-marini-17o-la-clasificacion-del-gran-premio-la-comunitat-valenciana\/#article\",\"isPartOf\":{\"@id\":\"http:\/\/esponsorama.ad\/es\/bastianini-18o-marini-17o-la-clasificacion-del-gran-premio-la-comunitat-valenciana\/\"},\"author\":{\"name\":\"Xavi Andornet\",\"@id\":\"http:\/\/esponsorama.ad\/es\/#\/schema\/person\/a5cde74945183d737066e46b61c6f9c4\"},\"headline\":\"BASTIANINI 18\u00ba Y MARINI 17\u00ba EN LA CLASIFICACI\u00d3N DEL GRAN PREMIO DE LA COMUNITAT VALENCIANA\",\"datePublished\":\"2021-11-13T20:06:49+00:00\",\"dateModified\":\"2021-11-13T20:09:02+00:00\",\"mainEntityOfPage\":{\"@id\":\"http:\/\/esponsorama.ad\/es\/bastianini-18o-marini-17o-la-clasificacion-del-gran-premio-la-comunitat-valenciana\/\"},\"wordCount\":344,\"image\":{\"@id\":\"http:\/\/esponsorama.ad\/es\/bastianini-18o-marini-17o-la-clasificacion-del-gran-premio-la-comunitat-valenciana\/#primaryimage\"},\"thumbnailUrl\":\"http:\/\/esponsorama.ad\/wp-content\/uploads\/2021\/11\/1111a041-70fb-b70c-b572-7d6cc6e06a66.jpg\",\"articleSection\":[\"MotoGP\"],\"inLanguage\":\"es\"},{\"@type\":\"WebPage\",\"@id\":\"http:\/\/esponsorama.ad\/es\/bastianini-18o-marini-17o-la-clasificacion-del-gran-premio-la-comunitat-valenciana\/\",\"url\":\"http:\/\/esponsorama.ad\/es\/bastianini-18o-marini-17o-la-clasificacion-del-gran-premio-la-comunitat-valenciana\/\",\"name\":\"BASTIANINI 18\u00ba Y MARINI 17\u00ba EN LA CLASIFICACI\u00d3N DEL GRAN PREMIO DE LA COMUNITAT VALENCIANA - Esponsorama\",\"isPartOf\":{\"@id\":\"http:\/\/esponsorama.ad\/es\/#website\"},\"primaryImageOfPage\":{\"@id\":\"http:\/\/esponsorama.ad\/es\/bastianini-18o-marini-17o-la-clasificacion-del-gran-premio-la-comunitat-valenciana\/#primaryimage\"},\"image\":{\"@id\":\"http:\/\/esponsorama.ad\/es\/bastianini-18o-marini-17o-la-clasificacion-del-gran-premio-la-comunitat-valenciana\/#primaryimage\"},\"thumbnailUrl\":\"http:\/\/esponsorama.ad\/wp-content\/uploads\/2021\/11\/1111a041-70fb-b70c-b572-7d6cc6e06a66.jpg\",\"datePublished\":\"2021-11-13T20:06:49+00:00\",\"dateModified\":\"2021-11-13T20:09:02+00:00\",\"author\":{\"@id\":\"http:\/\/esponsorama.ad\/es\/#\/schema\/person\/a5cde74945183d737066e46b61c6f9c4\"},\"breadcrumb\":{\"@id\":\"http:\/\/esponsorama.ad\/es\/bastianini-18o-marini-17o-la-clasificacion-del-gran-premio-la-comunitat-valenciana\/#breadcrumb\"},\"inLanguage\":\"es\",\"potentialAction\":[{\"@type\":\"ReadAction\",\"target\":[\"http:\/\/esponsorama.ad\/es\/bastianini-18o-marini-17o-la-clasificacion-del-gran-premio-la-comunitat-valenciana\/\"]}]},{\"@type\":\"ImageObject\",\"inLanguage\":\"es\",\"@id\":\"http:\/\/esponsorama.ad\/es\/bastianini-18o-marini-17o-la-clasificacion-del-gran-premio-la-comunitat-valenciana\/#primaryimage\",\"url\":\"http:\/\/esponsorama.ad\/wp-content\/uploads\/2021\/11\/1111a041-70fb-b70c-b572-7d6cc6e06a66.jpg\",\"contentUrl\":\"http:\/\/esponsorama.ad\/wp-content\/uploads\/2021\/11\/1111a041-70fb-b70c-b572-7d6cc6e06a66.jpg\",\"width\":5068,\"height\":3378,\"caption\":\"Enea Bastianini, Valencia MotoGP, 13 November 2021\"},{\"@type\":\"BreadcrumbList\",\"@id\":\"http:\/\/esponsorama.ad\/es\/bastianini-18o-marini-17o-la-clasificacion-del-gran-premio-la-comunitat-valenciana\/#breadcrumb\",\"itemListElement\":[{\"@type\":\"ListItem\",\"position\":1,\"name\":\"Home\",\"item\":\"http:\/\/esponsorama.ad\/en\/\"},{\"@type\":\"ListItem\",\"position\":2,\"name\":\"BASTIANINI 18\u00ba Y MARINI 17\u00ba EN LA CLASIFICACI\u00d3N DEL GRAN PREMIO DE LA COMUNITAT VALENCIANA\"}]},{\"@type\":\"WebSite\",\"@id\":\"http:\/\/esponsorama.ad\/es\/#website\",\"url\":\"http:\/\/esponsorama.ad\/es\/\",\"name\":\"Esponsorama\",\"description\":\"Specialist in motorsport sponsorship and event promotions\",\"potentialAction\":[{\"@type\":\"SearchAction\",\"target\":{\"@type\":\"EntryPoint\",\"urlTemplate\":\"http:\/\/esponsorama.ad\/es\/?s={search_term_string}\"},\"query-input\":{\"@type\":\"PropertyValueSpecification\",\"valueRequired\":true,\"valueName\":\"search_term_string\"}}],\"inLanguage\":\"es\"},{\"@type\":\"Person\",\"@id\":\"http:\/\/esponsorama.ad\/es\/#\/schema\/person\/a5cde74945183d737066e46b61c6f9c4\",\"name\":\"Xavi Andornet\",\"image\":{\"@type\":\"ImageObject\",\"inLanguage\":\"es\",\"@id\":\"http:\/\/esponsorama.ad\/es\/#\/schema\/person\/image\/\",\"url\":\"https:\/\/secure.gravatar.com\/avatar\/f10eaf9ad601244a2357c9fd7cd9805ed166cfaaf76d5d9ab08a9d873e70147a?s=96&d=mm&r=g\",\"contentUrl\":\"https:\/\/secure.gravatar.com\/avatar\/f10eaf9ad601244a2357c9fd7cd9805ed166cfaaf76d5d9ab08a9d873e70147a?s=96&d=mm&r=g\",\"caption\":\"Xavi Andornet\"},\"sameAs\":[\"http:\/\/www.andornet.ad\"],\"url\":\"http:\/\/esponsorama.ad\/es\/author\/andornet\/\"}]}<\/script>\n<!-- \/ Yoast SEO plugin. -->","yoast_head_json":{"title":"BASTIANINI 18\u00ba Y MARINI 17\u00ba EN LA CLASIFICACI\u00d3N DEL GRAN PREMIO DE LA COMUNITAT VALENCIANA - Esponsorama","robots":{"index":"index","follow":"follow","max-snippet":"max-snippet:-1","max-image-preview":"max-image-preview:large","max-video-preview":"max-video-preview:-1"},"canonical":"http:\/\/esponsorama.ad\/es\/bastianini-18o-marini-17o-la-clasificacion-del-gran-premio-la-comunitat-valenciana\/","og_locale":"es_ES","og_type":"article","og_title":"BASTIANINI 18\u00ba Y MARINI 17\u00ba EN LA CLASIFICACI\u00d3N DEL GRAN PREMIO DE LA COMUNITAT VALENCIANA - Esponsorama","og_description":"El Avintia Esponsorama Racing y el Sky VR46 Avintia han completado la \u00faltima clasificaci\u00f3n de la temporada en el Circuit Ricardo Tormo, donde ninguno de los dos pilotos han podido entrar a la Q2. Con un tiempo de 1:31.185, Enea Bastianini saldr\u00e1 desde la 18\u00aa posici\u00f3n. El italiano, que no se ha acabado de encontrar [&hellip;]","og_url":"http:\/\/esponsorama.ad\/es\/bastianini-18o-marini-17o-la-clasificacion-del-gran-premio-la-comunitat-valenciana\/","og_site_name":"Esponsorama","article_published_time":"2021-11-13T20:06:49+00:00","article_modified_time":"2021-11-13T20:09:02+00:00","og_image":[{"width":5068,"height":3378,"url":"http:\/\/esponsorama.ad\/wp-content\/uploads\/2021\/11\/1111a041-70fb-b70c-b572-7d6cc6e06a66.jpg","type":"image\/jpeg"}],"author":"Xavi Andornet","twitter_card":"summary_large_image","twitter_misc":{"Escrito por":"Xavi Andornet","Tiempo de lectura":"2 minutos"},"schema":{"@context":"https:\/\/schema.org","@graph":[{"@type":"Article","@id":"http:\/\/esponsorama.ad\/es\/bastianini-18o-marini-17o-la-clasificacion-del-gran-premio-la-comunitat-valenciana\/#article","isPartOf":{"@id":"http:\/\/esponsorama.ad\/es\/bastianini-18o-marini-17o-la-clasificacion-del-gran-premio-la-comunitat-valenciana\/"},"author":{"name":"Xavi Andornet","@id":"http:\/\/esponsorama.ad\/es\/#\/schema\/person\/a5cde74945183d737066e46b61c6f9c4"},"headline":"BASTIANINI 18\u00ba Y MARINI 17\u00ba EN LA CLASIFICACI\u00d3N DEL GRAN PREMIO DE LA COMUNITAT VALENCIANA","datePublished":"2021-11-13T20:06:49+00:00","dateModified":"2021-11-13T20:09:02+00:00","mainEntityOfPage":{"@id":"http:\/\/esponsorama.ad\/es\/bastianini-18o-marini-17o-la-clasificacion-del-gran-premio-la-comunitat-valenciana\/"},"wordCount":344,"image":{"@id":"http:\/\/esponsorama.ad\/es\/bastianini-18o-marini-17o-la-clasificacion-del-gran-premio-la-comunitat-valenciana\/#primaryimage"},"thumbnailUrl":"http:\/\/esponsorama.ad\/wp-content\/uploads\/2021\/11\/1111a041-70fb-b70c-b572-7d6cc6e06a66.jpg","articleSection":["MotoGP"],"inLanguage":"es"},{"@type":"WebPage","@id":"http:\/\/esponsorama.ad\/es\/bastianini-18o-marini-17o-la-clasificacion-del-gran-premio-la-comunitat-valenciana\/","url":"http:\/\/esponsorama.ad\/es\/bastianini-18o-marini-17o-la-clasificacion-del-gran-premio-la-comunitat-valenciana\/","name":"BASTIANINI 18\u00ba Y MARINI 17\u00ba EN LA CLASIFICACI\u00d3N DEL GRAN PREMIO DE LA COMUNITAT VALENCIANA - Esponsorama","isPartOf":{"@id":"http:\/\/esponsorama.ad\/es\/#website"},"primaryImageOfPage":{"@id":"http:\/\/esponsorama.ad\/es\/bastianini-18o-marini-17o-la-clasificacion-del-gran-premio-la-comunitat-valenciana\/#primaryimage"},"image":{"@id":"http:\/\/esponsorama.ad\/es\/bastianini-18o-marini-17o-la-clasificacion-del-gran-premio-la-comunitat-valenciana\/#primaryimage"},"thumbnailUrl":"http:\/\/esponsorama.ad\/wp-content\/uploads\/2021\/11\/1111a041-70fb-b70c-b572-7d6cc6e06a66.jpg","datePublished":"2021-11-13T20:06:49+00:00","dateModified":"2021-11-13T20:09:02+00:00","author":{"@id":"http:\/\/esponsorama.ad\/es\/#\/schema\/person\/a5cde74945183d737066e46b61c6f9c4"},"breadcrumb":{"@id":"http:\/\/esponsorama.ad\/es\/bastianini-18o-marini-17o-la-clasificacion-del-gran-premio-la-comunitat-valenciana\/#breadcrumb"},"inLanguage":"es","potentialAction":[{"@type":"ReadAction","target":["http:\/\/esponsorama.ad\/es\/bastianini-18o-marini-17o-la-clasificacion-del-gran-premio-la-comunitat-valenciana\/"]}]},{"@type":"ImageObject","inLanguage":"es","@id":"http:\/\/esponsorama.ad\/es\/bastianini-18o-marini-17o-la-clasificacion-del-gran-premio-la-comunitat-valenciana\/#primaryimage","url":"http:\/\/esponsorama.ad\/wp-content\/uploads\/2021\/11\/1111a041-70fb-b70c-b572-7d6cc6e06a66.jpg","contentUrl":"http:\/\/esponsorama.ad\/wp-content\/uploads\/2021\/11\/1111a041-70fb-b70c-b572-7d6cc6e06a66.jpg","width":5068,"height":3378,"caption":"Enea Bastianini, Valencia MotoGP, 13 November 2021"},{"@type":"BreadcrumbList","@id":"http:\/\/esponsorama.ad\/es\/bastianini-18o-marini-17o-la-clasificacion-del-gran-premio-la-comunitat-valenciana\/#breadcrumb","itemListElement":[{"@type":"ListItem","position":1,"name":"Home","item":"http:\/\/esponsorama.ad\/en\/"},{"@type":"ListItem","position":2,"name":"BASTIANINI 18\u00ba Y MARINI 17\u00ba EN LA CLASIFICACI\u00d3N DEL GRAN PREMIO DE LA COMUNITAT VALENCIANA"}]},{"@type":"WebSite","@id":"http:\/\/esponsorama.ad\/es\/#website","url":"http:\/\/esponsorama.ad\/es\/","name":"Esponsorama","description":"Specialist in motorsport sponsorship and event promotions","potentialAction":[{"@type":"SearchAction","target":{"@type":"EntryPoint","urlTemplate":"http:\/\/esponsorama.ad\/es\/?s={search_term_string}"},"query-input":{"@type":"PropertyValueSpecification","valueRequired":true,"valueName":"search_term_string"}}],"inLanguage":"es"},{"@type":"Person","@id":"http:\/\/esponsorama.ad\/es\/#\/schema\/person\/a5cde74945183d737066e46b61c6f9c4","name":"Xavi Andornet","image":{"@type":"ImageObject","inLanguage":"es","@id":"http:\/\/esponsorama.ad\/es\/#\/schema\/person\/image\/","url":"https:\/\/secure.gravatar.com\/avatar\/f10eaf9ad601244a2357c9fd7cd9805ed166cfaaf76d5d9ab08a9d873e70147a?s=96&d=mm&r=g","contentUrl":"https:\/\/secure.gravatar.com\/avatar\/f10eaf9ad601244a2357c9fd7cd9805ed166cfaaf76d5d9ab08a9d873e70147a?s=96&d=mm&r=g","caption":"Xavi Andornet"},"sameAs":["http:\/\/www.andornet.ad"],"url":"http:\/\/esponsorama.ad\/es\/author\/andornet\/"}]}},"_links":{"self":[{"href":"http:\/\/esponsorama.ad\/es\/wp-json\/wp\/v2\/posts\/18615","targetHints":{"allow":["GET"]}}],"collection":[{"href":"http:\/\/esponsorama.ad\/es\/wp-json\/wp\/v2\/posts"}],"about":[{"href":"http:\/\/esponsorama.ad\/es\/wp-json\/wp\/v2\/types\/post"}],"author":[{"embeddable":true,"href":"http:\/\/esponsorama.ad\/es\/wp-json\/wp\/v2\/users\/6"}],"replies":[{"embeddable":true,"href":"http:\/\/esponsorama.ad\/es\/wp-json\/wp\/v2\/comments?post=18615"}],"version-history":[{"count":1,"href":"http:\/\/esponsorama.ad\/es\/wp-json\/wp\/v2\/posts\/18615\/revisions"}],"predecessor-version":[{"id":18621,"href":"http:\/\/esponsorama.ad\/es\/wp-json\/wp\/v2\/posts\/18615\/revisions\/18621"}],"wp:featuredmedia":[{"embeddable":true,"href":"http:\/\/esponsorama.ad\/es\/wp-json\/wp\/v2\/media\/18620"}],"wp:attachment":[{"href":"http:\/\/esponsorama.ad\/es\/wp-json\/wp\/v2\/media?parent=18615"}],"wp:term":[{"taxonomy":"category","embeddable":true,"href":"http:\/\/esponsorama.ad\/es\/wp-json\/wp\/v2\/categories?post=18615"},{"taxonomy":"post_tag","embeddable":true,"href":"http:\/\/esponsorama.ad\/es\/wp-json\/wp\/v2\/tags?post=18615"}],"curies":[{"name":"wp","href":"https:\/\/api.w.org\/{rel}","templated":true}]}}