{"id":18696,"date":"2022-03-04T18:43:05","date_gmt":"2022-03-04T16:43:05","guid":{"rendered":"http:\/\/esponsorama.ad\/?p=18696"},"modified":"2022-03-04T18:43:05","modified_gmt":"2022-03-04T16:43:05","slug":"primera-toma-contacto-qjmotor-avintia-racing-qatar","status":"publish","type":"post","link":"http:\/\/esponsorama.ad\/es\/primera-toma-contacto-qjmotor-avintia-racing-qatar\/","title":{"rendered":"PRIMERA TOMA DE CONTACTO DEL QJMOTOR AVINTIA RACING EN QATAR"},"content":{"rendered":"<h4>Matteo Bertelle y Elia Bartolini han completado los primeros entrenos libres en el Circuito Internacional de Losail. Ambos pilotos han comenzado su periodo de adaptaci\u00f3n al trazado satisfactoriamente, sin ninguna ca\u00edda y realizando un buen trabajo en equipo.<\/h4>\n<p>El joven Metteo registr\u00f3 en el entreno de la ma\u00f1ana un tiempo de 2\u201908.864, el cual mejor\u00f3 en m\u00e1s de un segundo por la tarde, consiguiendo parar el cron\u00f3metro en 2\u201907.399, finalizando as\u00ed en la vig\u00e9simo quinta posici\u00f3n.<\/p>\n<p>Bartolini por su parte marc\u00f3 un mejor tiempo de 2\u201907.486 en el entreno de por la tarde, casi dos segundos m\u00e1s v\u00e9loz que su mejor tiempo del primer entreno libre. Esto le ha permitido finalizar vig\u00e9simo sexto, justo por detr\u00e1s de su compa\u00f1ero de equipo.<\/p>\n<p>Ma\u00f1ana a las 9:25 dar\u00e1 comienzo el \u00faltimo entreno libre antes de las sesiones clasificatorias que comenzar\u00e1n a partir de las 13:30 hora local.<\/p>\n<p>&nbsp;<\/p>\n<p><em>\t\t\t\t\t<div class=\"rider-short\">\n\t\t\t\t<a href=\"http:\/\/esponsorama.ad\/es\/piloto\/matteo-bertelle\/\"><img loading=\"lazy\" decoding=\"async\" width=\"251\" height=\"129\" src=\"http:\/\/esponsorama.ad\/wp-content\/uploads\/2022\/03\/dorsales-y-mascotas_page-0001-copia.jpg\" class=\"attachment-medium size-medium\" alt=\"\" \/><\/a><div class=\"info\"><h3><a href=\"http:\/\/esponsorama.ad\/es\/piloto\/matteo-bertelle\/\">Matteo Bertelle<\/a> | 2'07.399 | P25<\/h3><div class=\"rrss\"><\/div><\/div>\t\t\t\t\t<\/div>\n\t\t\t\t<\/em><\/p>\n<p><em>\u201cHoy me ha ido bastante bien, espero continuar as\u00ed durante el d\u00eda de ma\u00f1ana. Con la moto me siento muy bien en una pista que me gusta, es muy bonita, y estamos trabajando bien. Ma\u00f1ana intentaremos mejorar en el entreno de la ma\u00f1ana y prepararnos lo mejor posible para la clasificaci\u00f3n\u201d.<\/em><\/p>\n<p>&nbsp;<\/p>\n\t\t\t\t\t<div class=\"rider-short\">\n\t\t\t\t<a href=\"http:\/\/esponsorama.ad\/es\/piloto\/elia-bartolini\/\"><img loading=\"lazy\" decoding=\"async\" width=\"255\" height=\"150\" src=\"http:\/\/esponsorama.ad\/wp-content\/uploads\/2022\/03\/dorsales-y-mascotas_page-0001.jpg\" class=\"attachment-medium size-medium\" alt=\"\" \/><\/a><div class=\"info\"><h3><a href=\"http:\/\/esponsorama.ad\/es\/piloto\/elia-bartolini\/\">Elia Bartolini<\/a> | 2'07.486 | P26<\/h3><div class=\"rrss\"><\/div><\/div>\t\t\t\t\t<\/div>\n\t\t\t\t\n<p><em>\u201cDurante el d\u00eda de hoy hemos ido mejorando cada vez que sal\u00edamos a pista. Aunque nos encontramos un poco retrasados en la clasificaci\u00f3n. Pienso que esto es normal al ser la primera vez en este trazado. Ma\u00f1ana trabajaremos para continuar mejorando y poder escalar posiciones en la tabla de tiempos\u201d.<\/em><\/p>\n","protected":false},"excerpt":{"rendered":"<p>Matteo Bertelle y Elia Bartolini han completado los primeros entrenos libres en el Circuito Internacional de Losail. Ambos pilotos han comenzado su periodo de adaptaci\u00f3n al trazado satisfactoriamente, sin ninguna ca\u00edda y realizando un buen trabajo en equipo. El joven Metteo registr\u00f3 en el entreno de la ma\u00f1ana un tiempo de 2\u201908.864, el cual mejor\u00f3 [&hellip;]<\/p>\n","protected":false},"author":6,"featured_media":18700,"comment_status":"closed","ping_status":"closed","sticky":false,"template":"","format":"standard","meta":{"footnotes":""},"categories":[12],"tags":[],"class_list":["post-18696","post","type-post","status-publish","format-standard","has-post-thumbnail","hentry","category-moto3"],"yoast_head":"<!-- This site is optimized with the Yoast SEO plugin v27.1.1 - https:\/\/yoast.com\/product\/yoast-seo-wordpress\/ -->\n<title>Primera toma de contacto del QJMotor Avintia Racing en Qatar<\/title>\n<meta name=\"description\" content=\"Matteo Bertelle y Elia Bartolini (QJMotor Avintia Racing) han completado los primeros entrenos libres en el Circuito Internacional de Losail.\" \/>\n<meta name=\"robots\" content=\"index, follow, max-snippet:-1, max-image-preview:large, max-video-preview:-1\" \/>\n<link rel=\"canonical\" href=\"http:\/\/esponsorama.ad\/es\/primera-toma-contacto-qjmotor-avintia-racing-qatar\/\" \/>\n<meta property=\"og:locale\" content=\"es_ES\" \/>\n<meta property=\"og:type\" content=\"article\" \/>\n<meta property=\"og:title\" content=\"Primera toma de contacto del QJMotor Avintia Racing en Qatar\" \/>\n<meta property=\"og:description\" content=\"Matteo Bertelle y Elia Bartolini (QJMotor Avintia Racing) han completado los primeros entrenos libres en el Circuito Internacional de Losail.\" \/>\n<meta property=\"og:url\" content=\"http:\/\/esponsorama.ad\/es\/primera-toma-contacto-qjmotor-avintia-racing-qatar\/\" \/>\n<meta property=\"og:site_name\" content=\"Esponsorama\" \/>\n<meta property=\"article:published_time\" content=\"2022-03-04T16:43:05+00:00\" \/>\n<meta property=\"og:image\" content=\"http:\/\/esponsorama.ad\/wp-content\/uploads\/2022\/03\/DSC5925-1024x683.jpg\" \/>\n\t<meta property=\"og:image:width\" content=\"1024\" \/>\n\t<meta property=\"og:image:height\" content=\"683\" \/>\n\t<meta property=\"og:image:type\" content=\"image\/jpeg\" \/>\n<meta name=\"author\" content=\"Xavi Andornet\" \/>\n<meta name=\"twitter:card\" content=\"summary_large_image\" \/>\n<meta name=\"twitter:label1\" content=\"Escrito por\" \/>\n\t<meta name=\"twitter:data1\" content=\"Xavi Andornet\" \/>\n\t<meta name=\"twitter:label2\" content=\"Tiempo de lectura\" \/>\n\t<meta name=\"twitter:data2\" content=\"1 minuto\" \/>\n<script type=\"application\/ld+json\" class=\"yoast-schema-graph\">{\"@context\":\"https:\/\/schema.org\",\"@graph\":[{\"@type\":\"Article\",\"@id\":\"http:\/\/esponsorama.ad\/es\/primera-toma-contacto-qjmotor-avintia-racing-qatar\/#article\",\"isPartOf\":{\"@id\":\"http:\/\/esponsorama.ad\/es\/primera-toma-contacto-qjmotor-avintia-racing-qatar\/\"},\"author\":{\"name\":\"Xavi Andornet\",\"@id\":\"http:\/\/esponsorama.ad\/es\/#\/schema\/person\/a5cde74945183d737066e46b61c6f9c4\"},\"headline\":\"PRIMERA TOMA DE CONTACTO DEL QJMOTOR AVINTIA RACING EN QATAR\",\"datePublished\":\"2022-03-04T16:43:05+00:00\",\"mainEntityOfPage\":{\"@id\":\"http:\/\/esponsorama.ad\/es\/primera-toma-contacto-qjmotor-avintia-racing-qatar\/\"},\"wordCount\":286,\"image\":{\"@id\":\"http:\/\/esponsorama.ad\/es\/primera-toma-contacto-qjmotor-avintia-racing-qatar\/#primaryimage\"},\"thumbnailUrl\":\"http:\/\/esponsorama.ad\/wp-content\/uploads\/2022\/03\/DSC5925.jpg\",\"articleSection\":[\"Moto3\"],\"inLanguage\":\"es\"},{\"@type\":\"WebPage\",\"@id\":\"http:\/\/esponsorama.ad\/es\/primera-toma-contacto-qjmotor-avintia-racing-qatar\/\",\"url\":\"http:\/\/esponsorama.ad\/es\/primera-toma-contacto-qjmotor-avintia-racing-qatar\/\",\"name\":\"Primera toma de contacto del QJMotor Avintia Racing en Qatar\",\"isPartOf\":{\"@id\":\"http:\/\/esponsorama.ad\/es\/#website\"},\"primaryImageOfPage\":{\"@id\":\"http:\/\/esponsorama.ad\/es\/primera-toma-contacto-qjmotor-avintia-racing-qatar\/#primaryimage\"},\"image\":{\"@id\":\"http:\/\/esponsorama.ad\/es\/primera-toma-contacto-qjmotor-avintia-racing-qatar\/#primaryimage\"},\"thumbnailUrl\":\"http:\/\/esponsorama.ad\/wp-content\/uploads\/2022\/03\/DSC5925.jpg\",\"datePublished\":\"2022-03-04T16:43:05+00:00\",\"author\":{\"@id\":\"http:\/\/esponsorama.ad\/es\/#\/schema\/person\/a5cde74945183d737066e46b61c6f9c4\"},\"description\":\"Matteo Bertelle y Elia Bartolini (QJMotor Avintia Racing) han completado los primeros entrenos libres en el Circuito Internacional de Losail.\",\"breadcrumb\":{\"@id\":\"http:\/\/esponsorama.ad\/es\/primera-toma-contacto-qjmotor-avintia-racing-qatar\/#breadcrumb\"},\"inLanguage\":\"es\",\"potentialAction\":[{\"@type\":\"ReadAction\",\"target\":[\"http:\/\/esponsorama.ad\/es\/primera-toma-contacto-qjmotor-avintia-racing-qatar\/\"]}]},{\"@type\":\"ImageObject\",\"inLanguage\":\"es\",\"@id\":\"http:\/\/esponsorama.ad\/es\/primera-toma-contacto-qjmotor-avintia-racing-qatar\/#primaryimage\",\"url\":\"http:\/\/esponsorama.ad\/wp-content\/uploads\/2022\/03\/DSC5925.jpg\",\"contentUrl\":\"http:\/\/esponsorama.ad\/wp-content\/uploads\/2022\/03\/DSC5925.jpg\",\"width\":4617,\"height\":3078},{\"@type\":\"BreadcrumbList\",\"@id\":\"http:\/\/esponsorama.ad\/es\/primera-toma-contacto-qjmotor-avintia-racing-qatar\/#breadcrumb\",\"itemListElement\":[{\"@type\":\"ListItem\",\"position\":1,\"name\":\"Home\",\"item\":\"http:\/\/esponsorama.ad\/es\/\"},{\"@type\":\"ListItem\",\"position\":2,\"name\":\"PRIMERA TOMA DE CONTACTO DEL QJMOTOR AVINTIA RACING EN QATAR\"}]},{\"@type\":\"WebSite\",\"@id\":\"http:\/\/esponsorama.ad\/es\/#website\",\"url\":\"http:\/\/esponsorama.ad\/es\/\",\"name\":\"Esponsorama\",\"description\":\"Specialist in motorsport sponsorship and event promotions\",\"potentialAction\":[{\"@type\":\"SearchAction\",\"target\":{\"@type\":\"EntryPoint\",\"urlTemplate\":\"http:\/\/esponsorama.ad\/es\/?s={search_term_string}\"},\"query-input\":{\"@type\":\"PropertyValueSpecification\",\"valueRequired\":true,\"valueName\":\"search_term_string\"}}],\"inLanguage\":\"es\"},{\"@type\":\"Person\",\"@id\":\"http:\/\/esponsorama.ad\/es\/#\/schema\/person\/a5cde74945183d737066e46b61c6f9c4\",\"name\":\"Xavi Andornet\",\"image\":{\"@type\":\"ImageObject\",\"inLanguage\":\"es\",\"@id\":\"http:\/\/esponsorama.ad\/es\/#\/schema\/person\/image\/\",\"url\":\"https:\/\/secure.gravatar.com\/avatar\/f10eaf9ad601244a2357c9fd7cd9805ed166cfaaf76d5d9ab08a9d873e70147a?s=96&d=mm&r=g\",\"contentUrl\":\"https:\/\/secure.gravatar.com\/avatar\/f10eaf9ad601244a2357c9fd7cd9805ed166cfaaf76d5d9ab08a9d873e70147a?s=96&d=mm&r=g\",\"caption\":\"Xavi Andornet\"},\"sameAs\":[\"http:\/\/www.andornet.ad\"],\"url\":\"http:\/\/esponsorama.ad\/es\/author\/andornet\/\"}]}<\/script>\n<!-- \/ Yoast SEO plugin. -->","yoast_head_json":{"title":"Primera toma de contacto del QJMotor Avintia Racing en Qatar","description":"Matteo Bertelle y Elia Bartolini (QJMotor Avintia Racing) han completado los primeros entrenos libres en el Circuito Internacional de Losail.","robots":{"index":"index","follow":"follow","max-snippet":"max-snippet:-1","max-image-preview":"max-image-preview:large","max-video-preview":"max-video-preview:-1"},"canonical":"http:\/\/esponsorama.ad\/es\/primera-toma-contacto-qjmotor-avintia-racing-qatar\/","og_locale":"es_ES","og_type":"article","og_title":"Primera toma de contacto del QJMotor Avintia Racing en Qatar","og_description":"Matteo Bertelle y Elia Bartolini (QJMotor Avintia Racing) han completado los primeros entrenos libres en el Circuito Internacional de Losail.","og_url":"http:\/\/esponsorama.ad\/es\/primera-toma-contacto-qjmotor-avintia-racing-qatar\/","og_site_name":"Esponsorama","article_published_time":"2022-03-04T16:43:05+00:00","og_image":[{"width":1024,"height":683,"url":"http:\/\/esponsorama.ad\/wp-content\/uploads\/2022\/03\/DSC5925-1024x683.jpg","type":"image\/jpeg"}],"author":"Xavi Andornet","twitter_card":"summary_large_image","twitter_misc":{"Escrito por":"Xavi Andornet","Tiempo de lectura":"1 minuto"},"schema":{"@context":"https:\/\/schema.org","@graph":[{"@type":"Article","@id":"http:\/\/esponsorama.ad\/es\/primera-toma-contacto-qjmotor-avintia-racing-qatar\/#article","isPartOf":{"@id":"http:\/\/esponsorama.ad\/es\/primera-toma-contacto-qjmotor-avintia-racing-qatar\/"},"author":{"name":"Xavi Andornet","@id":"http:\/\/esponsorama.ad\/es\/#\/schema\/person\/a5cde74945183d737066e46b61c6f9c4"},"headline":"PRIMERA TOMA DE CONTACTO DEL QJMOTOR AVINTIA RACING EN QATAR","datePublished":"2022-03-04T16:43:05+00:00","mainEntityOfPage":{"@id":"http:\/\/esponsorama.ad\/es\/primera-toma-contacto-qjmotor-avintia-racing-qatar\/"},"wordCount":286,"image":{"@id":"http:\/\/esponsorama.ad\/es\/primera-toma-contacto-qjmotor-avintia-racing-qatar\/#primaryimage"},"thumbnailUrl":"http:\/\/esponsorama.ad\/wp-content\/uploads\/2022\/03\/DSC5925.jpg","articleSection":["Moto3"],"inLanguage":"es"},{"@type":"WebPage","@id":"http:\/\/esponsorama.ad\/es\/primera-toma-contacto-qjmotor-avintia-racing-qatar\/","url":"http:\/\/esponsorama.ad\/es\/primera-toma-contacto-qjmotor-avintia-racing-qatar\/","name":"Primera toma de contacto del QJMotor Avintia Racing en Qatar","isPartOf":{"@id":"http:\/\/esponsorama.ad\/es\/#website"},"primaryImageOfPage":{"@id":"http:\/\/esponsorama.ad\/es\/primera-toma-contacto-qjmotor-avintia-racing-qatar\/#primaryimage"},"image":{"@id":"http:\/\/esponsorama.ad\/es\/primera-toma-contacto-qjmotor-avintia-racing-qatar\/#primaryimage"},"thumbnailUrl":"http:\/\/esponsorama.ad\/wp-content\/uploads\/2022\/03\/DSC5925.jpg","datePublished":"2022-03-04T16:43:05+00:00","author":{"@id":"http:\/\/esponsorama.ad\/es\/#\/schema\/person\/a5cde74945183d737066e46b61c6f9c4"},"description":"Matteo Bertelle y Elia Bartolini (QJMotor Avintia Racing) han completado los primeros entrenos libres en el Circuito Internacional de Losail.","breadcrumb":{"@id":"http:\/\/esponsorama.ad\/es\/primera-toma-contacto-qjmotor-avintia-racing-qatar\/#breadcrumb"},"inLanguage":"es","potentialAction":[{"@type":"ReadAction","target":["http:\/\/esponsorama.ad\/es\/primera-toma-contacto-qjmotor-avintia-racing-qatar\/"]}]},{"@type":"ImageObject","inLanguage":"es","@id":"http:\/\/esponsorama.ad\/es\/primera-toma-contacto-qjmotor-avintia-racing-qatar\/#primaryimage","url":"http:\/\/esponsorama.ad\/wp-content\/uploads\/2022\/03\/DSC5925.jpg","contentUrl":"http:\/\/esponsorama.ad\/wp-content\/uploads\/2022\/03\/DSC5925.jpg","width":4617,"height":3078},{"@type":"BreadcrumbList","@id":"http:\/\/esponsorama.ad\/es\/primera-toma-contacto-qjmotor-avintia-racing-qatar\/#breadcrumb","itemListElement":[{"@type":"ListItem","position":1,"name":"Home","item":"http:\/\/esponsorama.ad\/es\/"},{"@type":"ListItem","position":2,"name":"PRIMERA TOMA DE CONTACTO DEL QJMOTOR AVINTIA RACING EN QATAR"}]},{"@type":"WebSite","@id":"http:\/\/esponsorama.ad\/es\/#website","url":"http:\/\/esponsorama.ad\/es\/","name":"Esponsorama","description":"Specialist in motorsport sponsorship and event promotions","potentialAction":[{"@type":"SearchAction","target":{"@type":"EntryPoint","urlTemplate":"http:\/\/esponsorama.ad\/es\/?s={search_term_string}"},"query-input":{"@type":"PropertyValueSpecification","valueRequired":true,"valueName":"search_term_string"}}],"inLanguage":"es"},{"@type":"Person","@id":"http:\/\/esponsorama.ad\/es\/#\/schema\/person\/a5cde74945183d737066e46b61c6f9c4","name":"Xavi Andornet","image":{"@type":"ImageObject","inLanguage":"es","@id":"http:\/\/esponsorama.ad\/es\/#\/schema\/person\/image\/","url":"https:\/\/secure.gravatar.com\/avatar\/f10eaf9ad601244a2357c9fd7cd9805ed166cfaaf76d5d9ab08a9d873e70147a?s=96&d=mm&r=g","contentUrl":"https:\/\/secure.gravatar.com\/avatar\/f10eaf9ad601244a2357c9fd7cd9805ed166cfaaf76d5d9ab08a9d873e70147a?s=96&d=mm&r=g","caption":"Xavi Andornet"},"sameAs":["http:\/\/www.andornet.ad"],"url":"http:\/\/esponsorama.ad\/es\/author\/andornet\/"}]}},"_links":{"self":[{"href":"http:\/\/esponsorama.ad\/es\/wp-json\/wp\/v2\/posts\/18696","targetHints":{"allow":["GET"]}}],"collection":[{"href":"http:\/\/esponsorama.ad\/es\/wp-json\/wp\/v2\/posts"}],"about":[{"href":"http:\/\/esponsorama.ad\/es\/wp-json\/wp\/v2\/types\/post"}],"author":[{"embeddable":true,"href":"http:\/\/esponsorama.ad\/es\/wp-json\/wp\/v2\/users\/6"}],"replies":[{"embeddable":true,"href":"http:\/\/esponsorama.ad\/es\/wp-json\/wp\/v2\/comments?post=18696"}],"version-history":[{"count":1,"href":"http:\/\/esponsorama.ad\/es\/wp-json\/wp\/v2\/posts\/18696\/revisions"}],"predecessor-version":[{"id":18703,"href":"http:\/\/esponsorama.ad\/es\/wp-json\/wp\/v2\/posts\/18696\/revisions\/18703"}],"wp:featuredmedia":[{"embeddable":true,"href":"http:\/\/esponsorama.ad\/es\/wp-json\/wp\/v2\/media\/18700"}],"wp:attachment":[{"href":"http:\/\/esponsorama.ad\/es\/wp-json\/wp\/v2\/media?parent=18696"}],"wp:term":[{"taxonomy":"category","embeddable":true,"href":"http:\/\/esponsorama.ad\/es\/wp-json\/wp\/v2\/categories?post=18696"},{"taxonomy":"post_tag","embeddable":true,"href":"http:\/\/esponsorama.ad\/es\/wp-json\/wp\/v2\/tags?post=18696"}],"curies":[{"name":"wp","href":"https:\/\/api.w.org\/{rel}","templated":true}]}}