{"id":18705,"date":"2022-03-06T19:15:41","date_gmt":"2022-03-06T17:15:41","guid":{"rendered":"http:\/\/esponsorama.ad\/?p=18705"},"modified":"2022-03-06T19:16:57","modified_gmt":"2022-03-06T17:16:57","slug":"primera-carrera-completada-qjmotor-avintia-racing","status":"publish","type":"post","link":"http:\/\/esponsorama.ad\/es\/primera-carrera-completada-qjmotor-avintia-racing\/","title":{"rendered":"PRIMERA CARRERA COMPLETADA PARA EL QJMOTOR AVINTIA RACING"},"content":{"rendered":"<p>QJMotor Avintia Racing ha finalizado la primera carrera de la temporada en el Circuito Internacional de Losail. Matteo Bertelle ha finalizado d\u00e9cimo s\u00e9ptimo con Elia Bartolini d\u00e9cimo octavo a tan solo 30 mil\u00e9simas de su compa\u00f1ero de equipo.<\/p>\n<p>Ambos pilotos sal\u00edan a carrera con mucho entusiasmo y ganas de realizar un buen resultado. Matteo Bertelle cometi\u00f3 un peque\u00f1o fallo al adelantarse en la salida, hecho por el cual fue penalizado con una doble <em>\u2018long lap\u2019<\/em>. Dicha sanci\u00f3n trunc\u00f3 todas las posibilidades de puntuar en su primera carrera en el Mundial.<\/p>\n<p>Elia Bartolini fue remontando posiciones poco a poco durante las primeras vueltas hasta alcanzar la vig\u00e9simo segunda posici\u00f3n. A falta de 10 vueltas para el final comenz\u00f3 una bonita lucha entre los dos compa\u00f1eros de equipo, Matteo y Elia. Esta termin\u00f3 con Bertelle en la decimo s\u00e9ptima posici\u00f3n con Bartolini decimo octavo por solo 30 mil\u00e9simas.<\/p>\n<p>Finaliza el primer Gran Premio de la temporada con un balance positivo. La pr\u00f3xima cita tendr\u00e1 lugar en el Circuito Pertamina Mandalika de Indonesia los d\u00edas 18, 19 y 20 de marzo.<\/p>\n<p>&nbsp;<\/p>\n\t\t\t\t\t<div class=\"rider-short\">\n\t\t\t\t<a href=\"http:\/\/esponsorama.ad\/es\/piloto\/matteo-bertelle\/\"><img loading=\"lazy\" decoding=\"async\" width=\"251\" height=\"129\" src=\"http:\/\/esponsorama.ad\/wp-content\/uploads\/2022\/03\/dorsales-y-mascotas_page-0001-copia.jpg\" class=\"attachment-medium size-medium\" alt=\"\" \/><\/a><div class=\"info\"><h3><a href=\"http:\/\/esponsorama.ad\/es\/piloto\/matteo-bertelle\/\">Matteo Bertelle<\/a> | P17<\/h3><div class=\"rrss\"><\/div><\/div>\t\t\t\t\t<\/div>\n\t\t\t\t\n<p><em>\u201cEstoy bastante feliz con la carrera de hoy. En primer lugar, pedir disculpas al equipo por el error que comet\u00ed en la salida, ya que pienso que podr\u00edamos haber hecho un buen resultado. A pesar de esto he aprendido much\u00edsimo, sumando as\u00ed mucha experiencia que nos valdr\u00e1 de cara a las pr\u00f3ximas carreras.\u201d<\/em><\/p>\n<p>&nbsp;<\/p>\n\t\t\t\t\t<div class=\"rider-short\">\n\t\t\t\t<a href=\"http:\/\/esponsorama.ad\/es\/piloto\/elia-bartolini\/\"><img loading=\"lazy\" decoding=\"async\" width=\"255\" height=\"150\" src=\"http:\/\/esponsorama.ad\/wp-content\/uploads\/2022\/03\/dorsales-y-mascotas_page-0001.jpg\" class=\"attachment-medium size-medium\" alt=\"\" \/><\/a><div class=\"info\"><h3><a href=\"http:\/\/esponsorama.ad\/es\/piloto\/elia-bartolini\/\">Elia Bartolini<\/a> | P18<\/h3><div class=\"rrss\"><\/div><\/div>\t\t\t\t\t<\/div>\n\t\t\t\t\n<p><em>\u201cLa carrera no ha ido como esper\u00e1bamos. Ayer clasificamos muy atr\u00e1s, algo que ya nos penalizaba desde un principio de cara a carrera. Ahora nos toca quedarnos con todo lo aprendido y entrenar lo m\u00e1ximo posible para la pr\u00f3xima carrera en Indonesia.\u201d<\/em><\/p>\n","protected":false},"excerpt":{"rendered":"<p>QJMotor Avintia Racing ha finalizado la primera carrera de la temporada en el Circuito Internacional de Losail. Matteo Bertelle ha finalizado d\u00e9cimo s\u00e9ptimo con Elia Bartolini d\u00e9cimo octavo a tan solo 30 mil\u00e9simas de su compa\u00f1ero de equipo. Ambos pilotos sal\u00edan a carrera con mucho entusiasmo y ganas de realizar un buen resultado. Matteo Bertelle [&hellip;]<\/p>\n","protected":false},"author":6,"featured_media":18711,"comment_status":"closed","ping_status":"closed","sticky":false,"template":"","format":"standard","meta":{"footnotes":""},"categories":[12],"tags":[],"class_list":["post-18705","post","type-post","status-publish","format-standard","has-post-thumbnail","hentry","category-moto3"],"yoast_head":"<!-- This site is optimized with the Yoast SEO plugin v27.1.1 - https:\/\/yoast.com\/product\/yoast-seo-wordpress\/ -->\n<title>Primera carrera completada para el QJMotor Avintia Racing<\/title>\n<meta name=\"description\" content=\"QJMotor Avintia Racing ha finalizado la primera carrera de la temporada en el Circuito Internacional de Losail.\" \/>\n<meta name=\"robots\" content=\"index, follow, max-snippet:-1, max-image-preview:large, max-video-preview:-1\" \/>\n<link rel=\"canonical\" href=\"http:\/\/esponsorama.ad\/es\/primera-carrera-completada-qjmotor-avintia-racing\/\" \/>\n<meta property=\"og:locale\" content=\"es_ES\" \/>\n<meta property=\"og:type\" content=\"article\" \/>\n<meta property=\"og:title\" content=\"Primera carrera completada para el QJMotor Avintia Racing\" \/>\n<meta property=\"og:description\" content=\"QJMotor Avintia Racing ha finalizado la primera carrera de la temporada en el Circuito Internacional de Losail.\" \/>\n<meta property=\"og:url\" content=\"http:\/\/esponsorama.ad\/es\/primera-carrera-completada-qjmotor-avintia-racing\/\" \/>\n<meta property=\"og:site_name\" content=\"Esponsorama\" \/>\n<meta property=\"article:published_time\" content=\"2022-03-06T17:15:41+00:00\" \/>\n<meta property=\"article:modified_time\" content=\"2022-03-06T17:16:57+00:00\" \/>\n<meta property=\"og:image\" content=\"http:\/\/esponsorama.ad\/wp-content\/uploads\/2022\/03\/DSC5430-1024x683.jpg\" \/>\n\t<meta property=\"og:image:width\" content=\"1024\" \/>\n\t<meta property=\"og:image:height\" content=\"683\" \/>\n\t<meta property=\"og:image:type\" content=\"image\/jpeg\" \/>\n<meta name=\"author\" content=\"Xavi Andornet\" \/>\n<meta name=\"twitter:card\" content=\"summary_large_image\" \/>\n<meta name=\"twitter:label1\" content=\"Escrito por\" \/>\n\t<meta name=\"twitter:data1\" content=\"Xavi Andornet\" \/>\n\t<meta name=\"twitter:label2\" content=\"Tiempo de lectura\" \/>\n\t<meta name=\"twitter:data2\" content=\"1 minuto\" \/>\n<script type=\"application\/ld+json\" class=\"yoast-schema-graph\">{\"@context\":\"https:\/\/schema.org\",\"@graph\":[{\"@type\":\"Article\",\"@id\":\"http:\/\/esponsorama.ad\/es\/primera-carrera-completada-qjmotor-avintia-racing\/#article\",\"isPartOf\":{\"@id\":\"http:\/\/esponsorama.ad\/es\/primera-carrera-completada-qjmotor-avintia-racing\/\"},\"author\":{\"name\":\"Xavi Andornet\",\"@id\":\"http:\/\/esponsorama.ad\/es\/#\/schema\/person\/a5cde74945183d737066e46b61c6f9c4\"},\"headline\":\"PRIMERA CARRERA COMPLETADA PARA EL QJMOTOR AVINTIA RACING\",\"datePublished\":\"2022-03-06T17:15:41+00:00\",\"dateModified\":\"2022-03-06T17:16:57+00:00\",\"mainEntityOfPage\":{\"@id\":\"http:\/\/esponsorama.ad\/es\/primera-carrera-completada-qjmotor-avintia-racing\/\"},\"wordCount\":306,\"image\":{\"@id\":\"http:\/\/esponsorama.ad\/es\/primera-carrera-completada-qjmotor-avintia-racing\/#primaryimage\"},\"thumbnailUrl\":\"http:\/\/esponsorama.ad\/wp-content\/uploads\/2022\/03\/DSC5430.jpg\",\"articleSection\":[\"Moto3\"],\"inLanguage\":\"es\"},{\"@type\":\"WebPage\",\"@id\":\"http:\/\/esponsorama.ad\/es\/primera-carrera-completada-qjmotor-avintia-racing\/\",\"url\":\"http:\/\/esponsorama.ad\/es\/primera-carrera-completada-qjmotor-avintia-racing\/\",\"name\":\"Primera carrera completada para el QJMotor Avintia Racing\",\"isPartOf\":{\"@id\":\"http:\/\/esponsorama.ad\/es\/#website\"},\"primaryImageOfPage\":{\"@id\":\"http:\/\/esponsorama.ad\/es\/primera-carrera-completada-qjmotor-avintia-racing\/#primaryimage\"},\"image\":{\"@id\":\"http:\/\/esponsorama.ad\/es\/primera-carrera-completada-qjmotor-avintia-racing\/#primaryimage\"},\"thumbnailUrl\":\"http:\/\/esponsorama.ad\/wp-content\/uploads\/2022\/03\/DSC5430.jpg\",\"datePublished\":\"2022-03-06T17:15:41+00:00\",\"dateModified\":\"2022-03-06T17:16:57+00:00\",\"author\":{\"@id\":\"http:\/\/esponsorama.ad\/es\/#\/schema\/person\/a5cde74945183d737066e46b61c6f9c4\"},\"description\":\"QJMotor Avintia Racing ha finalizado la primera carrera de la temporada en el Circuito Internacional de Losail.\",\"breadcrumb\":{\"@id\":\"http:\/\/esponsorama.ad\/es\/primera-carrera-completada-qjmotor-avintia-racing\/#breadcrumb\"},\"inLanguage\":\"es\",\"potentialAction\":[{\"@type\":\"ReadAction\",\"target\":[\"http:\/\/esponsorama.ad\/es\/primera-carrera-completada-qjmotor-avintia-racing\/\"]}]},{\"@type\":\"ImageObject\",\"inLanguage\":\"es\",\"@id\":\"http:\/\/esponsorama.ad\/es\/primera-carrera-completada-qjmotor-avintia-racing\/#primaryimage\",\"url\":\"http:\/\/esponsorama.ad\/wp-content\/uploads\/2022\/03\/DSC5430.jpg\",\"contentUrl\":\"http:\/\/esponsorama.ad\/wp-content\/uploads\/2022\/03\/DSC5430.jpg\",\"width\":4193,\"height\":2795},{\"@type\":\"BreadcrumbList\",\"@id\":\"http:\/\/esponsorama.ad\/es\/primera-carrera-completada-qjmotor-avintia-racing\/#breadcrumb\",\"itemListElement\":[{\"@type\":\"ListItem\",\"position\":1,\"name\":\"Home\",\"item\":\"http:\/\/esponsorama.ad\/es\/\"},{\"@type\":\"ListItem\",\"position\":2,\"name\":\"PRIMERA CARRERA COMPLETADA PARA EL QJMOTOR AVINTIA RACING\"}]},{\"@type\":\"WebSite\",\"@id\":\"http:\/\/esponsorama.ad\/es\/#website\",\"url\":\"http:\/\/esponsorama.ad\/es\/\",\"name\":\"Esponsorama\",\"description\":\"Specialist in motorsport sponsorship and event promotions\",\"potentialAction\":[{\"@type\":\"SearchAction\",\"target\":{\"@type\":\"EntryPoint\",\"urlTemplate\":\"http:\/\/esponsorama.ad\/es\/?s={search_term_string}\"},\"query-input\":{\"@type\":\"PropertyValueSpecification\",\"valueRequired\":true,\"valueName\":\"search_term_string\"}}],\"inLanguage\":\"es\"},{\"@type\":\"Person\",\"@id\":\"http:\/\/esponsorama.ad\/es\/#\/schema\/person\/a5cde74945183d737066e46b61c6f9c4\",\"name\":\"Xavi Andornet\",\"image\":{\"@type\":\"ImageObject\",\"inLanguage\":\"es\",\"@id\":\"http:\/\/esponsorama.ad\/es\/#\/schema\/person\/image\/\",\"url\":\"https:\/\/secure.gravatar.com\/avatar\/f10eaf9ad601244a2357c9fd7cd9805ed166cfaaf76d5d9ab08a9d873e70147a?s=96&d=mm&r=g\",\"contentUrl\":\"https:\/\/secure.gravatar.com\/avatar\/f10eaf9ad601244a2357c9fd7cd9805ed166cfaaf76d5d9ab08a9d873e70147a?s=96&d=mm&r=g\",\"caption\":\"Xavi Andornet\"},\"sameAs\":[\"http:\/\/www.andornet.ad\"],\"url\":\"http:\/\/esponsorama.ad\/es\/author\/andornet\/\"}]}<\/script>\n<!-- \/ Yoast SEO plugin. -->","yoast_head_json":{"title":"Primera carrera completada para el QJMotor Avintia Racing","description":"QJMotor Avintia Racing ha finalizado la primera carrera de la temporada en el Circuito Internacional de Losail.","robots":{"index":"index","follow":"follow","max-snippet":"max-snippet:-1","max-image-preview":"max-image-preview:large","max-video-preview":"max-video-preview:-1"},"canonical":"http:\/\/esponsorama.ad\/es\/primera-carrera-completada-qjmotor-avintia-racing\/","og_locale":"es_ES","og_type":"article","og_title":"Primera carrera completada para el QJMotor Avintia Racing","og_description":"QJMotor Avintia Racing ha finalizado la primera carrera de la temporada en el Circuito Internacional de Losail.","og_url":"http:\/\/esponsorama.ad\/es\/primera-carrera-completada-qjmotor-avintia-racing\/","og_site_name":"Esponsorama","article_published_time":"2022-03-06T17:15:41+00:00","article_modified_time":"2022-03-06T17:16:57+00:00","og_image":[{"width":1024,"height":683,"url":"http:\/\/esponsorama.ad\/wp-content\/uploads\/2022\/03\/DSC5430-1024x683.jpg","type":"image\/jpeg"}],"author":"Xavi Andornet","twitter_card":"summary_large_image","twitter_misc":{"Escrito por":"Xavi Andornet","Tiempo de lectura":"1 minuto"},"schema":{"@context":"https:\/\/schema.org","@graph":[{"@type":"Article","@id":"http:\/\/esponsorama.ad\/es\/primera-carrera-completada-qjmotor-avintia-racing\/#article","isPartOf":{"@id":"http:\/\/esponsorama.ad\/es\/primera-carrera-completada-qjmotor-avintia-racing\/"},"author":{"name":"Xavi Andornet","@id":"http:\/\/esponsorama.ad\/es\/#\/schema\/person\/a5cde74945183d737066e46b61c6f9c4"},"headline":"PRIMERA CARRERA COMPLETADA PARA EL QJMOTOR AVINTIA RACING","datePublished":"2022-03-06T17:15:41+00:00","dateModified":"2022-03-06T17:16:57+00:00","mainEntityOfPage":{"@id":"http:\/\/esponsorama.ad\/es\/primera-carrera-completada-qjmotor-avintia-racing\/"},"wordCount":306,"image":{"@id":"http:\/\/esponsorama.ad\/es\/primera-carrera-completada-qjmotor-avintia-racing\/#primaryimage"},"thumbnailUrl":"http:\/\/esponsorama.ad\/wp-content\/uploads\/2022\/03\/DSC5430.jpg","articleSection":["Moto3"],"inLanguage":"es"},{"@type":"WebPage","@id":"http:\/\/esponsorama.ad\/es\/primera-carrera-completada-qjmotor-avintia-racing\/","url":"http:\/\/esponsorama.ad\/es\/primera-carrera-completada-qjmotor-avintia-racing\/","name":"Primera carrera completada para el QJMotor Avintia Racing","isPartOf":{"@id":"http:\/\/esponsorama.ad\/es\/#website"},"primaryImageOfPage":{"@id":"http:\/\/esponsorama.ad\/es\/primera-carrera-completada-qjmotor-avintia-racing\/#primaryimage"},"image":{"@id":"http:\/\/esponsorama.ad\/es\/primera-carrera-completada-qjmotor-avintia-racing\/#primaryimage"},"thumbnailUrl":"http:\/\/esponsorama.ad\/wp-content\/uploads\/2022\/03\/DSC5430.jpg","datePublished":"2022-03-06T17:15:41+00:00","dateModified":"2022-03-06T17:16:57+00:00","author":{"@id":"http:\/\/esponsorama.ad\/es\/#\/schema\/person\/a5cde74945183d737066e46b61c6f9c4"},"description":"QJMotor Avintia Racing ha finalizado la primera carrera de la temporada en el Circuito Internacional de Losail.","breadcrumb":{"@id":"http:\/\/esponsorama.ad\/es\/primera-carrera-completada-qjmotor-avintia-racing\/#breadcrumb"},"inLanguage":"es","potentialAction":[{"@type":"ReadAction","target":["http:\/\/esponsorama.ad\/es\/primera-carrera-completada-qjmotor-avintia-racing\/"]}]},{"@type":"ImageObject","inLanguage":"es","@id":"http:\/\/esponsorama.ad\/es\/primera-carrera-completada-qjmotor-avintia-racing\/#primaryimage","url":"http:\/\/esponsorama.ad\/wp-content\/uploads\/2022\/03\/DSC5430.jpg","contentUrl":"http:\/\/esponsorama.ad\/wp-content\/uploads\/2022\/03\/DSC5430.jpg","width":4193,"height":2795},{"@type":"BreadcrumbList","@id":"http:\/\/esponsorama.ad\/es\/primera-carrera-completada-qjmotor-avintia-racing\/#breadcrumb","itemListElement":[{"@type":"ListItem","position":1,"name":"Home","item":"http:\/\/esponsorama.ad\/es\/"},{"@type":"ListItem","position":2,"name":"PRIMERA CARRERA COMPLETADA PARA EL QJMOTOR AVINTIA RACING"}]},{"@type":"WebSite","@id":"http:\/\/esponsorama.ad\/es\/#website","url":"http:\/\/esponsorama.ad\/es\/","name":"Esponsorama","description":"Specialist in motorsport sponsorship and event promotions","potentialAction":[{"@type":"SearchAction","target":{"@type":"EntryPoint","urlTemplate":"http:\/\/esponsorama.ad\/es\/?s={search_term_string}"},"query-input":{"@type":"PropertyValueSpecification","valueRequired":true,"valueName":"search_term_string"}}],"inLanguage":"es"},{"@type":"Person","@id":"http:\/\/esponsorama.ad\/es\/#\/schema\/person\/a5cde74945183d737066e46b61c6f9c4","name":"Xavi Andornet","image":{"@type":"ImageObject","inLanguage":"es","@id":"http:\/\/esponsorama.ad\/es\/#\/schema\/person\/image\/","url":"https:\/\/secure.gravatar.com\/avatar\/f10eaf9ad601244a2357c9fd7cd9805ed166cfaaf76d5d9ab08a9d873e70147a?s=96&d=mm&r=g","contentUrl":"https:\/\/secure.gravatar.com\/avatar\/f10eaf9ad601244a2357c9fd7cd9805ed166cfaaf76d5d9ab08a9d873e70147a?s=96&d=mm&r=g","caption":"Xavi Andornet"},"sameAs":["http:\/\/www.andornet.ad"],"url":"http:\/\/esponsorama.ad\/es\/author\/andornet\/"}]}},"_links":{"self":[{"href":"http:\/\/esponsorama.ad\/es\/wp-json\/wp\/v2\/posts\/18705","targetHints":{"allow":["GET"]}}],"collection":[{"href":"http:\/\/esponsorama.ad\/es\/wp-json\/wp\/v2\/posts"}],"about":[{"href":"http:\/\/esponsorama.ad\/es\/wp-json\/wp\/v2\/types\/post"}],"author":[{"embeddable":true,"href":"http:\/\/esponsorama.ad\/es\/wp-json\/wp\/v2\/users\/6"}],"replies":[{"embeddable":true,"href":"http:\/\/esponsorama.ad\/es\/wp-json\/wp\/v2\/comments?post=18705"}],"version-history":[{"count":1,"href":"http:\/\/esponsorama.ad\/es\/wp-json\/wp\/v2\/posts\/18705\/revisions"}],"predecessor-version":[{"id":18712,"href":"http:\/\/esponsorama.ad\/es\/wp-json\/wp\/v2\/posts\/18705\/revisions\/18712"}],"wp:featuredmedia":[{"embeddable":true,"href":"http:\/\/esponsorama.ad\/es\/wp-json\/wp\/v2\/media\/18711"}],"wp:attachment":[{"href":"http:\/\/esponsorama.ad\/es\/wp-json\/wp\/v2\/media?parent=18705"}],"wp:term":[{"taxonomy":"category","embeddable":true,"href":"http:\/\/esponsorama.ad\/es\/wp-json\/wp\/v2\/categories?post=18705"},{"taxonomy":"post_tag","embeddable":true,"href":"http:\/\/esponsorama.ad\/es\/wp-json\/wp\/v2\/tags?post=18705"}],"curies":[{"name":"wp","href":"https:\/\/api.w.org\/{rel}","templated":true}]}}