{"id":18722,"date":"2022-03-18T11:19:09","date_gmt":"2022-03-18T09:19:09","guid":{"rendered":"http:\/\/esponsorama.ad\/?p=18722"},"modified":"2022-03-18T11:22:20","modified_gmt":"2022-03-18T09:22:20","slug":"qjmotor-avintia-racing-clasificado-disputar-q2","status":"publish","type":"post","link":"http:\/\/esponsorama.ad\/es\/qjmotor-avintia-racing-clasificado-disputar-q2\/","title":{"rendered":"QJMOTOR AVINTIA RACING CLASIFICADO PROVISIONALMENTE PARA DISPUTAR LA Q2"},"content":{"rendered":"<p>Finaliza el primer d\u00eda de entrenos en el Pertamina Mandalika Circuit con los pilotos del QJMotor Avintia Racing dentro de los 14 m\u00e1s r\u00e1pidos. Y a su vez, clasificados provisionalmente para disputar la Q2 el d\u00eda de ma\u00f1ana.<\/p>\n<p>A las 8:50 dio comienzo el primer entreno libre, lo que supuso la primera toma de contacto de Bartolini y Bertelle. Las condiciones no eran las id\u00f3neas, pero a\u00fan as\u00ed, ambos pilotos, consiguieron sumar sus primeros kil\u00f3metros sobre este trazado. Elia Bartolini finaliz\u00f3 s\u00e9ptimo, a 0.548 mil\u00e9simas del tiempo de referencia de la sesi\u00f3n. Y Matteo Bertelle termin\u00f3 a 0.785 mil\u00e9simas.<\/p>\n<p>Por la tarde, sin lluvia y con unas mejores condiciones de pista, los registros de la ma\u00f1ana se batieron por parte de todos los pilotos. Elia ha finalizado el d\u00eda en la und\u00e9cima posici\u00f3n, con un mejor tiempo de 1:41.665. Por su parte, Matteo par\u00f3 el cron\u00f3metro en 1:41.863, que le permiti\u00f3 marcar el corte a la Q2.<\/p>\n<p>Ma\u00f1ana a las 8:50 (GTM+8) comenzar\u00e1n los \u00faltimos entrenos libres del Gran Premio de Indonesia. Seguido de las sesiones clasificatorias que tendr\u00e1n lugar a partir de las 5:25 (GTM+8). En las cuales nuestros pilotos intentar\u00e1n conseguir la mejor posici\u00f3n de parrilla posible.<\/p>\n<p>&nbsp;<\/p>\n\t\t\t\t\t<div class=\"rider-short\">\n\t\t\t\t<a href=\"http:\/\/esponsorama.ad\/es\/piloto\/elia-bartolini\/\"><img loading=\"lazy\" decoding=\"async\" width=\"255\" height=\"150\" src=\"http:\/\/esponsorama.ad\/wp-content\/uploads\/2022\/03\/dorsales-y-mascotas_page-0001.jpg\" class=\"attachment-medium size-medium\" alt=\"\" \/><\/a><div class=\"info\"><h3><a href=\"http:\/\/esponsorama.ad\/es\/piloto\/elia-bartolini\/\">Elia Bartolini<\/a> | 1:41.665 | P11<\/h3><div class=\"rrss\"><\/div><\/div>\t\t\t\t\t<\/div>\n\t\t\t\t\n<p><em>\u201cEstoy muy contento con el d\u00eda de hoy, en el que hemos trabajado muy bien con el equipo. Hemos sido r\u00e1pidos desde la primera sesi\u00f3n, incluso en mojado, y nos hemos mantenido, mas o menos, dentro del top15 durante el d\u00eda de hoy. Estoy feliz con el trabajo realizado y espero poder hacer una buena clasificaci\u00f3n ma\u00f1ana.\u201d<\/em><\/p>\n<p>&nbsp;<\/p>\n\t\t\t\t\t<div class=\"rider-short\">\n\t\t\t\t<a href=\"http:\/\/esponsorama.ad\/es\/piloto\/matteo-bertelle\/\"><img loading=\"lazy\" decoding=\"async\" width=\"251\" height=\"129\" src=\"http:\/\/esponsorama.ad\/wp-content\/uploads\/2022\/03\/dorsales-y-mascotas_page-0001-copia.jpg\" class=\"attachment-medium size-medium\" alt=\"\" \/><\/a><div class=\"info\"><h3><a href=\"http:\/\/esponsorama.ad\/es\/piloto\/matteo-bertelle\/\">Matteo Bertelle<\/a> | 1:41.863 | P14<\/h3><div class=\"rrss\"><\/div><\/div>\t\t\t\t\t<\/div>\n\t\t\t\t\n<p><em>\u201cEl d\u00eda de hoy ha ido muy bien, la pista me gusta y poco a poco vamos mejorando. Hemos trabajado con el equipo para intentar tener la mejor puesta a punto de cara al d\u00eda de ma\u00f1ana y a la carrera. Esperemos que ma\u00f1ana haga buen tiempo y podamos continuar mejorando y prepararnos lo mejor posible de cara a la carrera.\u201d<\/em><\/p>\n","protected":false},"excerpt":{"rendered":"<p>Finaliza el primer d\u00eda de entrenos en el Pertamina Mandalika Circuit con los pilotos del QJMotor Avintia Racing dentro de los 14 m\u00e1s r\u00e1pidos. Y a su vez, clasificados provisionalmente para disputar la Q2 el d\u00eda de ma\u00f1ana. A las 8:50 dio comienzo el primer entreno libre, lo que supuso la primera toma de contacto [&hellip;]<\/p>\n","protected":false},"author":6,"featured_media":18725,"comment_status":"closed","ping_status":"closed","sticky":false,"template":"","format":"standard","meta":{"footnotes":""},"categories":[12],"tags":[],"class_list":["post-18722","post","type-post","status-publish","format-standard","has-post-thumbnail","hentry","category-moto3"],"yoast_head":"<!-- This site is optimized with the Yoast SEO plugin v27.1.1 - https:\/\/yoast.com\/product\/yoast-seo-wordpress\/ -->\n<title>QJMotor Avintia Racing clasificado provisionalmente para disputar la Q2<\/title>\n<meta name=\"description\" content=\"Finaliza el primer d\u00eda de entrenos en el Pertamina Mandalika Circuit con los pilotos del QJMotor Avintia Racing dentro de los 14 m\u00e1s r\u00e1pidos.\" \/>\n<meta name=\"robots\" content=\"index, follow, max-snippet:-1, max-image-preview:large, max-video-preview:-1\" \/>\n<link rel=\"canonical\" href=\"http:\/\/esponsorama.ad\/es\/qjmotor-avintia-racing-clasificado-disputar-q2\/\" \/>\n<meta property=\"og:locale\" content=\"es_ES\" \/>\n<meta property=\"og:type\" content=\"article\" \/>\n<meta property=\"og:title\" content=\"QJMotor Avintia Racing clasificado provisionalmente para disputar la Q2\" \/>\n<meta property=\"og:description\" content=\"Finaliza el primer d\u00eda de entrenos en el Pertamina Mandalika Circuit con los pilotos del QJMotor Avintia Racing dentro de los 14 m\u00e1s r\u00e1pidos.\" \/>\n<meta property=\"og:url\" content=\"http:\/\/esponsorama.ad\/es\/qjmotor-avintia-racing-clasificado-disputar-q2\/\" \/>\n<meta property=\"og:site_name\" content=\"Esponsorama\" \/>\n<meta property=\"article:published_time\" content=\"2022-03-18T09:19:09+00:00\" \/>\n<meta property=\"article:modified_time\" content=\"2022-03-18T09:22:20+00:00\" \/>\n<meta property=\"og:image\" content=\"http:\/\/esponsorama.ad\/wp-content\/uploads\/2022\/03\/DSC7394.jpg\" \/>\n\t<meta property=\"og:image:width\" content=\"4336\" \/>\n\t<meta property=\"og:image:height\" content=\"2891\" \/>\n\t<meta property=\"og:image:type\" content=\"image\/jpeg\" \/>\n<meta name=\"author\" content=\"Xavi Andornet\" \/>\n<meta name=\"twitter:card\" content=\"summary_large_image\" \/>\n<meta name=\"twitter:label1\" content=\"Escrito por\" \/>\n\t<meta name=\"twitter:data1\" content=\"Xavi Andornet\" \/>\n\t<meta name=\"twitter:label2\" content=\"Tiempo de lectura\" \/>\n\t<meta name=\"twitter:data2\" content=\"2 minutos\" \/>\n<script type=\"application\/ld+json\" class=\"yoast-schema-graph\">{\"@context\":\"https:\/\/schema.org\",\"@graph\":[{\"@type\":\"Article\",\"@id\":\"http:\/\/esponsorama.ad\/es\/qjmotor-avintia-racing-clasificado-disputar-q2\/#article\",\"isPartOf\":{\"@id\":\"http:\/\/esponsorama.ad\/es\/qjmotor-avintia-racing-clasificado-disputar-q2\/\"},\"author\":{\"name\":\"Xavi Andornet\",\"@id\":\"http:\/\/esponsorama.ad\/es\/#\/schema\/person\/a5cde74945183d737066e46b61c6f9c4\"},\"headline\":\"QJMOTOR AVINTIA RACING CLASIFICADO PROVISIONALMENTE PARA DISPUTAR LA Q2\",\"datePublished\":\"2022-03-18T09:19:09+00:00\",\"dateModified\":\"2022-03-18T09:22:20+00:00\",\"mainEntityOfPage\":{\"@id\":\"http:\/\/esponsorama.ad\/es\/qjmotor-avintia-racing-clasificado-disputar-q2\/\"},\"wordCount\":360,\"image\":{\"@id\":\"http:\/\/esponsorama.ad\/es\/qjmotor-avintia-racing-clasificado-disputar-q2\/#primaryimage\"},\"thumbnailUrl\":\"http:\/\/esponsorama.ad\/wp-content\/uploads\/2022\/03\/DSC7394.jpg\",\"articleSection\":[\"Moto3\"],\"inLanguage\":\"es\"},{\"@type\":\"WebPage\",\"@id\":\"http:\/\/esponsorama.ad\/es\/qjmotor-avintia-racing-clasificado-disputar-q2\/\",\"url\":\"http:\/\/esponsorama.ad\/es\/qjmotor-avintia-racing-clasificado-disputar-q2\/\",\"name\":\"QJMotor Avintia Racing clasificado provisionalmente para disputar la Q2\",\"isPartOf\":{\"@id\":\"http:\/\/esponsorama.ad\/es\/#website\"},\"primaryImageOfPage\":{\"@id\":\"http:\/\/esponsorama.ad\/es\/qjmotor-avintia-racing-clasificado-disputar-q2\/#primaryimage\"},\"image\":{\"@id\":\"http:\/\/esponsorama.ad\/es\/qjmotor-avintia-racing-clasificado-disputar-q2\/#primaryimage\"},\"thumbnailUrl\":\"http:\/\/esponsorama.ad\/wp-content\/uploads\/2022\/03\/DSC7394.jpg\",\"datePublished\":\"2022-03-18T09:19:09+00:00\",\"dateModified\":\"2022-03-18T09:22:20+00:00\",\"author\":{\"@id\":\"http:\/\/esponsorama.ad\/es\/#\/schema\/person\/a5cde74945183d737066e46b61c6f9c4\"},\"description\":\"Finaliza el primer d\u00eda de entrenos en el Pertamina Mandalika Circuit con los pilotos del QJMotor Avintia Racing dentro de los 14 m\u00e1s r\u00e1pidos.\",\"breadcrumb\":{\"@id\":\"http:\/\/esponsorama.ad\/es\/qjmotor-avintia-racing-clasificado-disputar-q2\/#breadcrumb\"},\"inLanguage\":\"es\",\"potentialAction\":[{\"@type\":\"ReadAction\",\"target\":[\"http:\/\/esponsorama.ad\/es\/qjmotor-avintia-racing-clasificado-disputar-q2\/\"]}]},{\"@type\":\"ImageObject\",\"inLanguage\":\"es\",\"@id\":\"http:\/\/esponsorama.ad\/es\/qjmotor-avintia-racing-clasificado-disputar-q2\/#primaryimage\",\"url\":\"http:\/\/esponsorama.ad\/wp-content\/uploads\/2022\/03\/DSC7394.jpg\",\"contentUrl\":\"http:\/\/esponsorama.ad\/wp-content\/uploads\/2022\/03\/DSC7394.jpg\",\"width\":4336,\"height\":2891},{\"@type\":\"BreadcrumbList\",\"@id\":\"http:\/\/esponsorama.ad\/es\/qjmotor-avintia-racing-clasificado-disputar-q2\/#breadcrumb\",\"itemListElement\":[{\"@type\":\"ListItem\",\"position\":1,\"name\":\"Home\",\"item\":\"http:\/\/esponsorama.ad\/es\/\"},{\"@type\":\"ListItem\",\"position\":2,\"name\":\"QJMOTOR AVINTIA RACING CLASIFICADO PROVISIONALMENTE PARA DISPUTAR LA Q2\"}]},{\"@type\":\"WebSite\",\"@id\":\"http:\/\/esponsorama.ad\/es\/#website\",\"url\":\"http:\/\/esponsorama.ad\/es\/\",\"name\":\"Esponsorama\",\"description\":\"Specialist in motorsport sponsorship and event promotions\",\"potentialAction\":[{\"@type\":\"SearchAction\",\"target\":{\"@type\":\"EntryPoint\",\"urlTemplate\":\"http:\/\/esponsorama.ad\/es\/?s={search_term_string}\"},\"query-input\":{\"@type\":\"PropertyValueSpecification\",\"valueRequired\":true,\"valueName\":\"search_term_string\"}}],\"inLanguage\":\"es\"},{\"@type\":\"Person\",\"@id\":\"http:\/\/esponsorama.ad\/es\/#\/schema\/person\/a5cde74945183d737066e46b61c6f9c4\",\"name\":\"Xavi Andornet\",\"image\":{\"@type\":\"ImageObject\",\"inLanguage\":\"es\",\"@id\":\"http:\/\/esponsorama.ad\/es\/#\/schema\/person\/image\/\",\"url\":\"https:\/\/secure.gravatar.com\/avatar\/f10eaf9ad601244a2357c9fd7cd9805ed166cfaaf76d5d9ab08a9d873e70147a?s=96&d=mm&r=g\",\"contentUrl\":\"https:\/\/secure.gravatar.com\/avatar\/f10eaf9ad601244a2357c9fd7cd9805ed166cfaaf76d5d9ab08a9d873e70147a?s=96&d=mm&r=g\",\"caption\":\"Xavi Andornet\"},\"sameAs\":[\"http:\/\/www.andornet.ad\"],\"url\":\"http:\/\/esponsorama.ad\/es\/author\/andornet\/\"}]}<\/script>\n<!-- \/ Yoast SEO plugin. -->","yoast_head_json":{"title":"QJMotor Avintia Racing clasificado provisionalmente para disputar la Q2","description":"Finaliza el primer d\u00eda de entrenos en el Pertamina Mandalika Circuit con los pilotos del QJMotor Avintia Racing dentro de los 14 m\u00e1s r\u00e1pidos.","robots":{"index":"index","follow":"follow","max-snippet":"max-snippet:-1","max-image-preview":"max-image-preview:large","max-video-preview":"max-video-preview:-1"},"canonical":"http:\/\/esponsorama.ad\/es\/qjmotor-avintia-racing-clasificado-disputar-q2\/","og_locale":"es_ES","og_type":"article","og_title":"QJMotor Avintia Racing clasificado provisionalmente para disputar la Q2","og_description":"Finaliza el primer d\u00eda de entrenos en el Pertamina Mandalika Circuit con los pilotos del QJMotor Avintia Racing dentro de los 14 m\u00e1s r\u00e1pidos.","og_url":"http:\/\/esponsorama.ad\/es\/qjmotor-avintia-racing-clasificado-disputar-q2\/","og_site_name":"Esponsorama","article_published_time":"2022-03-18T09:19:09+00:00","article_modified_time":"2022-03-18T09:22:20+00:00","og_image":[{"width":4336,"height":2891,"url":"http:\/\/esponsorama.ad\/wp-content\/uploads\/2022\/03\/DSC7394.jpg","type":"image\/jpeg"}],"author":"Xavi Andornet","twitter_card":"summary_large_image","twitter_misc":{"Escrito por":"Xavi Andornet","Tiempo de lectura":"2 minutos"},"schema":{"@context":"https:\/\/schema.org","@graph":[{"@type":"Article","@id":"http:\/\/esponsorama.ad\/es\/qjmotor-avintia-racing-clasificado-disputar-q2\/#article","isPartOf":{"@id":"http:\/\/esponsorama.ad\/es\/qjmotor-avintia-racing-clasificado-disputar-q2\/"},"author":{"name":"Xavi Andornet","@id":"http:\/\/esponsorama.ad\/es\/#\/schema\/person\/a5cde74945183d737066e46b61c6f9c4"},"headline":"QJMOTOR AVINTIA RACING CLASIFICADO PROVISIONALMENTE PARA DISPUTAR LA Q2","datePublished":"2022-03-18T09:19:09+00:00","dateModified":"2022-03-18T09:22:20+00:00","mainEntityOfPage":{"@id":"http:\/\/esponsorama.ad\/es\/qjmotor-avintia-racing-clasificado-disputar-q2\/"},"wordCount":360,"image":{"@id":"http:\/\/esponsorama.ad\/es\/qjmotor-avintia-racing-clasificado-disputar-q2\/#primaryimage"},"thumbnailUrl":"http:\/\/esponsorama.ad\/wp-content\/uploads\/2022\/03\/DSC7394.jpg","articleSection":["Moto3"],"inLanguage":"es"},{"@type":"WebPage","@id":"http:\/\/esponsorama.ad\/es\/qjmotor-avintia-racing-clasificado-disputar-q2\/","url":"http:\/\/esponsorama.ad\/es\/qjmotor-avintia-racing-clasificado-disputar-q2\/","name":"QJMotor Avintia Racing clasificado provisionalmente para disputar la Q2","isPartOf":{"@id":"http:\/\/esponsorama.ad\/es\/#website"},"primaryImageOfPage":{"@id":"http:\/\/esponsorama.ad\/es\/qjmotor-avintia-racing-clasificado-disputar-q2\/#primaryimage"},"image":{"@id":"http:\/\/esponsorama.ad\/es\/qjmotor-avintia-racing-clasificado-disputar-q2\/#primaryimage"},"thumbnailUrl":"http:\/\/esponsorama.ad\/wp-content\/uploads\/2022\/03\/DSC7394.jpg","datePublished":"2022-03-18T09:19:09+00:00","dateModified":"2022-03-18T09:22:20+00:00","author":{"@id":"http:\/\/esponsorama.ad\/es\/#\/schema\/person\/a5cde74945183d737066e46b61c6f9c4"},"description":"Finaliza el primer d\u00eda de entrenos en el Pertamina Mandalika Circuit con los pilotos del QJMotor Avintia Racing dentro de los 14 m\u00e1s r\u00e1pidos.","breadcrumb":{"@id":"http:\/\/esponsorama.ad\/es\/qjmotor-avintia-racing-clasificado-disputar-q2\/#breadcrumb"},"inLanguage":"es","potentialAction":[{"@type":"ReadAction","target":["http:\/\/esponsorama.ad\/es\/qjmotor-avintia-racing-clasificado-disputar-q2\/"]}]},{"@type":"ImageObject","inLanguage":"es","@id":"http:\/\/esponsorama.ad\/es\/qjmotor-avintia-racing-clasificado-disputar-q2\/#primaryimage","url":"http:\/\/esponsorama.ad\/wp-content\/uploads\/2022\/03\/DSC7394.jpg","contentUrl":"http:\/\/esponsorama.ad\/wp-content\/uploads\/2022\/03\/DSC7394.jpg","width":4336,"height":2891},{"@type":"BreadcrumbList","@id":"http:\/\/esponsorama.ad\/es\/qjmotor-avintia-racing-clasificado-disputar-q2\/#breadcrumb","itemListElement":[{"@type":"ListItem","position":1,"name":"Home","item":"http:\/\/esponsorama.ad\/es\/"},{"@type":"ListItem","position":2,"name":"QJMOTOR AVINTIA RACING CLASIFICADO PROVISIONALMENTE PARA DISPUTAR LA Q2"}]},{"@type":"WebSite","@id":"http:\/\/esponsorama.ad\/es\/#website","url":"http:\/\/esponsorama.ad\/es\/","name":"Esponsorama","description":"Specialist in motorsport sponsorship and event promotions","potentialAction":[{"@type":"SearchAction","target":{"@type":"EntryPoint","urlTemplate":"http:\/\/esponsorama.ad\/es\/?s={search_term_string}"},"query-input":{"@type":"PropertyValueSpecification","valueRequired":true,"valueName":"search_term_string"}}],"inLanguage":"es"},{"@type":"Person","@id":"http:\/\/esponsorama.ad\/es\/#\/schema\/person\/a5cde74945183d737066e46b61c6f9c4","name":"Xavi Andornet","image":{"@type":"ImageObject","inLanguage":"es","@id":"http:\/\/esponsorama.ad\/es\/#\/schema\/person\/image\/","url":"https:\/\/secure.gravatar.com\/avatar\/f10eaf9ad601244a2357c9fd7cd9805ed166cfaaf76d5d9ab08a9d873e70147a?s=96&d=mm&r=g","contentUrl":"https:\/\/secure.gravatar.com\/avatar\/f10eaf9ad601244a2357c9fd7cd9805ed166cfaaf76d5d9ab08a9d873e70147a?s=96&d=mm&r=g","caption":"Xavi Andornet"},"sameAs":["http:\/\/www.andornet.ad"],"url":"http:\/\/esponsorama.ad\/es\/author\/andornet\/"}]}},"_links":{"self":[{"href":"http:\/\/esponsorama.ad\/es\/wp-json\/wp\/v2\/posts\/18722","targetHints":{"allow":["GET"]}}],"collection":[{"href":"http:\/\/esponsorama.ad\/es\/wp-json\/wp\/v2\/posts"}],"about":[{"href":"http:\/\/esponsorama.ad\/es\/wp-json\/wp\/v2\/types\/post"}],"author":[{"embeddable":true,"href":"http:\/\/esponsorama.ad\/es\/wp-json\/wp\/v2\/users\/6"}],"replies":[{"embeddable":true,"href":"http:\/\/esponsorama.ad\/es\/wp-json\/wp\/v2\/comments?post=18722"}],"version-history":[{"count":1,"href":"http:\/\/esponsorama.ad\/es\/wp-json\/wp\/v2\/posts\/18722\/revisions"}],"predecessor-version":[{"id":18729,"href":"http:\/\/esponsorama.ad\/es\/wp-json\/wp\/v2\/posts\/18722\/revisions\/18729"}],"wp:featuredmedia":[{"embeddable":true,"href":"http:\/\/esponsorama.ad\/es\/wp-json\/wp\/v2\/media\/18725"}],"wp:attachment":[{"href":"http:\/\/esponsorama.ad\/es\/wp-json\/wp\/v2\/media?parent=18722"}],"wp:term":[{"taxonomy":"category","embeddable":true,"href":"http:\/\/esponsorama.ad\/es\/wp-json\/wp\/v2\/categories?post=18722"},{"taxonomy":"post_tag","embeddable":true,"href":"http:\/\/esponsorama.ad\/es\/wp-json\/wp\/v2\/tags?post=18722"}],"curies":[{"name":"wp","href":"https:\/\/api.w.org\/{rel}","templated":true}]}}