{"id":18732,"date":"2022-03-19T10:22:19","date_gmt":"2022-03-19T08:22:19","guid":{"rendered":"http:\/\/esponsorama.ad\/?p=18732"},"modified":"2022-03-19T10:22:19","modified_gmt":"2022-03-19T08:22:19","slug":"bartolini-bertelle-finaliza-top16","status":"publish","type":"post","link":"http:\/\/esponsorama.ad\/es\/bartolini-bertelle-finaliza-top16\/","title":{"rendered":"BARTOLINI Y BERTELLE FINALIZAN EN EL TOP16 LA SESI\u00d3N CLASIFICATORIA"},"content":{"rendered":"<h4>Elia Bartolini y Matteo Bertelle partir\u00e1n ma\u00f1ana a carrera desde la decimotercera y decimosexta posici\u00f3n respectivamente. Tras una sesi\u00f3n clasificatoria en condiciones complicadas.<\/h4>\n<p>El Pertamina Mandalika Circuit amaneci\u00f3 con una fuerte lluvia, lo que provoc\u00f3 que los pilotos no pudieran mejorar sus tiempos del d\u00eda de ayer. Esto trajo consigo que ambos pilotos del QJMotor Avintia Racing estuvieran clasificados para la Q2, que dio comienzo a las 12:50 (GTM+8).<\/p>\n<p>Bartolini finaliz\u00f3 en la decimotercera posici\u00f3n tras parar el cron\u00f3metro en 1:42.838. Matteo por su parte marc\u00f3 un tiempo de 1:43.396 que le permitir\u00e1 salir ma\u00f1ana a carrera desde la decimosexta posici\u00f3n.<\/p>\n<p>La carrera del Gran Premio de Indonesia dar\u00e1 comienzo a las 12:00 (GTM+8). Con unas previsiones meteorol\u00f3gicas del 90% de probabilidad de lluvia.<\/p>\n<p>&nbsp;<\/p>\n\t\t\t\t\t<div class=\"rider-short\">\n\t\t\t\t<a href=\"http:\/\/esponsorama.ad\/es\/piloto\/elia-bartolini\/\"><img loading=\"lazy\" decoding=\"async\" width=\"255\" height=\"150\" src=\"http:\/\/esponsorama.ad\/wp-content\/uploads\/2022\/03\/dorsales-y-mascotas_page-0001.jpg\" class=\"attachment-medium size-medium\" alt=\"\" \/><\/a><div class=\"info\"><h3><a href=\"http:\/\/esponsorama.ad\/es\/piloto\/elia-bartolini\/\">Elia Bartolini<\/a> | 1:42.838 | P13<\/h3><div class=\"rrss\"><\/div><\/div>\t\t\t\t\t<\/div>\n\t\t\t\t\n<p><em>\u201cEn general, estoy feliz de haber conseguido la decimotercera posici\u00f3n hoy en la clasificaci\u00f3n. Es una buena posici\u00f3n para m\u00ed, ya que las condiciones de pista no eran las deseadas y se trata de un nuevo trazado para m\u00ed. Una l\u00e1stima no haber podido hacer una vuelta perfecta, pero a\u00fan as\u00ed estoy contento. Estoy deseando de dar mi m\u00e1ximo en la carrera de ma\u00f1ana.\u201d<\/em><\/p>\n<p>&nbsp;<\/p>\n\t\t\t\t\t<div class=\"rider-short\">\n\t\t\t\t<a href=\"http:\/\/esponsorama.ad\/es\/piloto\/matteo-bertelle\/\"><img loading=\"lazy\" decoding=\"async\" width=\"251\" height=\"129\" src=\"http:\/\/esponsorama.ad\/wp-content\/uploads\/2022\/03\/dorsales-y-mascotas_page-0001-copia.jpg\" class=\"attachment-medium size-medium\" alt=\"\" \/><\/a><div class=\"info\"><h3><a href=\"http:\/\/esponsorama.ad\/es\/piloto\/matteo-bertelle\/\">Matteo Bertelle<\/a> | 1:43.396 | P16<\/h3><div class=\"rrss\"><\/div><\/div>\t\t\t\t\t<\/div>\n\t\t\t\t\n<p><em>\u201cHemos conseguido una decimosexta posici\u00f3n, aunque esperaba algo m\u00e1s en el d\u00eda de hoy. Para ma\u00f1ana tenemos una buena moto, ya que me he sentido muy c\u00f3modo durante todo el fin de semana, aunque he cometido muchos errores en mi vuelta r\u00e1pida. Esto ha provocado que ma\u00f1ana parta a carrera m\u00e1s retrasado, pero intentaremos hacer un buen papel, mientras nos divertimos y aprendemos lo m\u00e1ximo posible. Gracias al equipo por el gran trabajo que est\u00e1 haciendo, ma\u00f1ana lo daremos todo.\u201d<\/em><\/p>\n","protected":false},"excerpt":{"rendered":"<p>Elia Bartolini y Matteo Bertelle partir\u00e1n ma\u00f1ana a carrera desde la decimotercera y decimosexta posici\u00f3n respectivamente. Tras una sesi\u00f3n clasificatoria en condiciones complicadas. El Pertamina Mandalika Circuit amaneci\u00f3 con una fuerte lluvia, lo que provoc\u00f3 que los pilotos no pudieran mejorar sus tiempos del d\u00eda de ayer. Esto trajo consigo que ambos pilotos del QJMotor [&hellip;]<\/p>\n","protected":false},"author":6,"featured_media":18736,"comment_status":"closed","ping_status":"closed","sticky":false,"template":"","format":"standard","meta":{"footnotes":""},"categories":[12],"tags":[],"class_list":["post-18732","post","type-post","status-publish","format-standard","has-post-thumbnail","hentry","category-moto3"],"yoast_head":"<!-- This site is optimized with the Yoast SEO plugin v27.1.1 - https:\/\/yoast.com\/product\/yoast-seo-wordpress\/ -->\n<title>Bartolini y Bertelle finalizan en el Top16 la sesi\u00f3n clasificatoria<\/title>\n<meta name=\"description\" content=\"Elia Bartolini y Matteo Bertelle partir\u00e1n ma\u00f1ana a carrera desde la decimotercera y decimosexta posici\u00f3n respectivamente.\" \/>\n<meta name=\"robots\" content=\"index, follow, max-snippet:-1, max-image-preview:large, max-video-preview:-1\" \/>\n<link rel=\"canonical\" href=\"http:\/\/esponsorama.ad\/es\/bartolini-bertelle-finaliza-top16\/\" \/>\n<meta property=\"og:locale\" content=\"es_ES\" \/>\n<meta property=\"og:type\" content=\"article\" \/>\n<meta property=\"og:title\" content=\"Bartolini y Bertelle finalizan en el Top16 la sesi\u00f3n clasificatoria\" \/>\n<meta property=\"og:description\" content=\"Elia Bartolini y Matteo Bertelle partir\u00e1n ma\u00f1ana a carrera desde la decimotercera y decimosexta posici\u00f3n respectivamente.\" \/>\n<meta property=\"og:url\" content=\"http:\/\/esponsorama.ad\/es\/bartolini-bertelle-finaliza-top16\/\" \/>\n<meta property=\"og:site_name\" content=\"Esponsorama\" \/>\n<meta property=\"article:published_time\" content=\"2022-03-19T08:22:19+00:00\" \/>\n<meta property=\"og:image\" content=\"http:\/\/esponsorama.ad\/wp-content\/uploads\/2022\/03\/DSC4696-1024x683.jpg\" \/>\n\t<meta property=\"og:image:width\" content=\"1024\" \/>\n\t<meta property=\"og:image:height\" content=\"683\" \/>\n\t<meta property=\"og:image:type\" content=\"image\/jpeg\" \/>\n<meta name=\"author\" content=\"Xavi Andornet\" \/>\n<meta name=\"twitter:card\" content=\"summary_large_image\" \/>\n<meta name=\"twitter:label1\" content=\"Escrito por\" \/>\n\t<meta name=\"twitter:data1\" content=\"Xavi Andornet\" \/>\n\t<meta name=\"twitter:label2\" content=\"Tiempo de lectura\" \/>\n\t<meta name=\"twitter:data2\" content=\"2 minutos\" \/>\n<script type=\"application\/ld+json\" class=\"yoast-schema-graph\">{\"@context\":\"https:\/\/schema.org\",\"@graph\":[{\"@type\":\"Article\",\"@id\":\"http:\/\/esponsorama.ad\/es\/bartolini-bertelle-finaliza-top16\/#article\",\"isPartOf\":{\"@id\":\"http:\/\/esponsorama.ad\/es\/bartolini-bertelle-finaliza-top16\/\"},\"author\":{\"name\":\"Xavi Andornet\",\"@id\":\"http:\/\/esponsorama.ad\/es\/#\/schema\/person\/a5cde74945183d737066e46b61c6f9c4\"},\"headline\":\"BARTOLINI Y BERTELLE FINALIZAN EN EL TOP16 LA SESI\u00d3N CLASIFICATORIA\",\"datePublished\":\"2022-03-19T08:22:19+00:00\",\"mainEntityOfPage\":{\"@id\":\"http:\/\/esponsorama.ad\/es\/bartolini-bertelle-finaliza-top16\/\"},\"wordCount\":311,\"image\":{\"@id\":\"http:\/\/esponsorama.ad\/es\/bartolini-bertelle-finaliza-top16\/#primaryimage\"},\"thumbnailUrl\":\"http:\/\/esponsorama.ad\/wp-content\/uploads\/2022\/03\/DSC4696.jpg\",\"articleSection\":[\"Moto3\"],\"inLanguage\":\"es\"},{\"@type\":\"WebPage\",\"@id\":\"http:\/\/esponsorama.ad\/es\/bartolini-bertelle-finaliza-top16\/\",\"url\":\"http:\/\/esponsorama.ad\/es\/bartolini-bertelle-finaliza-top16\/\",\"name\":\"Bartolini y Bertelle finalizan en el Top16 la sesi\u00f3n clasificatoria\",\"isPartOf\":{\"@id\":\"http:\/\/esponsorama.ad\/es\/#website\"},\"primaryImageOfPage\":{\"@id\":\"http:\/\/esponsorama.ad\/es\/bartolini-bertelle-finaliza-top16\/#primaryimage\"},\"image\":{\"@id\":\"http:\/\/esponsorama.ad\/es\/bartolini-bertelle-finaliza-top16\/#primaryimage\"},\"thumbnailUrl\":\"http:\/\/esponsorama.ad\/wp-content\/uploads\/2022\/03\/DSC4696.jpg\",\"datePublished\":\"2022-03-19T08:22:19+00:00\",\"author\":{\"@id\":\"http:\/\/esponsorama.ad\/es\/#\/schema\/person\/a5cde74945183d737066e46b61c6f9c4\"},\"description\":\"Elia Bartolini y Matteo Bertelle partir\u00e1n ma\u00f1ana a carrera desde la decimotercera y decimosexta posici\u00f3n respectivamente.\",\"breadcrumb\":{\"@id\":\"http:\/\/esponsorama.ad\/es\/bartolini-bertelle-finaliza-top16\/#breadcrumb\"},\"inLanguage\":\"es\",\"potentialAction\":[{\"@type\":\"ReadAction\",\"target\":[\"http:\/\/esponsorama.ad\/es\/bartolini-bertelle-finaliza-top16\/\"]}]},{\"@type\":\"ImageObject\",\"inLanguage\":\"es\",\"@id\":\"http:\/\/esponsorama.ad\/es\/bartolini-bertelle-finaliza-top16\/#primaryimage\",\"url\":\"http:\/\/esponsorama.ad\/wp-content\/uploads\/2022\/03\/DSC4696.jpg\",\"contentUrl\":\"http:\/\/esponsorama.ad\/wp-content\/uploads\/2022\/03\/DSC4696.jpg\",\"width\":3804,\"height\":2536},{\"@type\":\"BreadcrumbList\",\"@id\":\"http:\/\/esponsorama.ad\/es\/bartolini-bertelle-finaliza-top16\/#breadcrumb\",\"itemListElement\":[{\"@type\":\"ListItem\",\"position\":1,\"name\":\"Home\",\"item\":\"http:\/\/esponsorama.ad\/es\/\"},{\"@type\":\"ListItem\",\"position\":2,\"name\":\"BARTOLINI Y BERTELLE FINALIZAN EN EL TOP16 LA SESI\u00d3N CLASIFICATORIA\"}]},{\"@type\":\"WebSite\",\"@id\":\"http:\/\/esponsorama.ad\/es\/#website\",\"url\":\"http:\/\/esponsorama.ad\/es\/\",\"name\":\"Esponsorama\",\"description\":\"Specialist in motorsport sponsorship and event promotions\",\"potentialAction\":[{\"@type\":\"SearchAction\",\"target\":{\"@type\":\"EntryPoint\",\"urlTemplate\":\"http:\/\/esponsorama.ad\/es\/?s={search_term_string}\"},\"query-input\":{\"@type\":\"PropertyValueSpecification\",\"valueRequired\":true,\"valueName\":\"search_term_string\"}}],\"inLanguage\":\"es\"},{\"@type\":\"Person\",\"@id\":\"http:\/\/esponsorama.ad\/es\/#\/schema\/person\/a5cde74945183d737066e46b61c6f9c4\",\"name\":\"Xavi Andornet\",\"image\":{\"@type\":\"ImageObject\",\"inLanguage\":\"es\",\"@id\":\"http:\/\/esponsorama.ad\/es\/#\/schema\/person\/image\/\",\"url\":\"https:\/\/secure.gravatar.com\/avatar\/f10eaf9ad601244a2357c9fd7cd9805ed166cfaaf76d5d9ab08a9d873e70147a?s=96&d=mm&r=g\",\"contentUrl\":\"https:\/\/secure.gravatar.com\/avatar\/f10eaf9ad601244a2357c9fd7cd9805ed166cfaaf76d5d9ab08a9d873e70147a?s=96&d=mm&r=g\",\"caption\":\"Xavi Andornet\"},\"sameAs\":[\"http:\/\/www.andornet.ad\"],\"url\":\"http:\/\/esponsorama.ad\/es\/author\/andornet\/\"}]}<\/script>\n<!-- \/ Yoast SEO plugin. -->","yoast_head_json":{"title":"Bartolini y Bertelle finalizan en el Top16 la sesi\u00f3n clasificatoria","description":"Elia Bartolini y Matteo Bertelle partir\u00e1n ma\u00f1ana a carrera desde la decimotercera y decimosexta posici\u00f3n respectivamente.","robots":{"index":"index","follow":"follow","max-snippet":"max-snippet:-1","max-image-preview":"max-image-preview:large","max-video-preview":"max-video-preview:-1"},"canonical":"http:\/\/esponsorama.ad\/es\/bartolini-bertelle-finaliza-top16\/","og_locale":"es_ES","og_type":"article","og_title":"Bartolini y Bertelle finalizan en el Top16 la sesi\u00f3n clasificatoria","og_description":"Elia Bartolini y Matteo Bertelle partir\u00e1n ma\u00f1ana a carrera desde la decimotercera y decimosexta posici\u00f3n respectivamente.","og_url":"http:\/\/esponsorama.ad\/es\/bartolini-bertelle-finaliza-top16\/","og_site_name":"Esponsorama","article_published_time":"2022-03-19T08:22:19+00:00","og_image":[{"width":1024,"height":683,"url":"http:\/\/esponsorama.ad\/wp-content\/uploads\/2022\/03\/DSC4696-1024x683.jpg","type":"image\/jpeg"}],"author":"Xavi Andornet","twitter_card":"summary_large_image","twitter_misc":{"Escrito por":"Xavi Andornet","Tiempo de lectura":"2 minutos"},"schema":{"@context":"https:\/\/schema.org","@graph":[{"@type":"Article","@id":"http:\/\/esponsorama.ad\/es\/bartolini-bertelle-finaliza-top16\/#article","isPartOf":{"@id":"http:\/\/esponsorama.ad\/es\/bartolini-bertelle-finaliza-top16\/"},"author":{"name":"Xavi Andornet","@id":"http:\/\/esponsorama.ad\/es\/#\/schema\/person\/a5cde74945183d737066e46b61c6f9c4"},"headline":"BARTOLINI Y BERTELLE FINALIZAN EN EL TOP16 LA SESI\u00d3N CLASIFICATORIA","datePublished":"2022-03-19T08:22:19+00:00","mainEntityOfPage":{"@id":"http:\/\/esponsorama.ad\/es\/bartolini-bertelle-finaliza-top16\/"},"wordCount":311,"image":{"@id":"http:\/\/esponsorama.ad\/es\/bartolini-bertelle-finaliza-top16\/#primaryimage"},"thumbnailUrl":"http:\/\/esponsorama.ad\/wp-content\/uploads\/2022\/03\/DSC4696.jpg","articleSection":["Moto3"],"inLanguage":"es"},{"@type":"WebPage","@id":"http:\/\/esponsorama.ad\/es\/bartolini-bertelle-finaliza-top16\/","url":"http:\/\/esponsorama.ad\/es\/bartolini-bertelle-finaliza-top16\/","name":"Bartolini y Bertelle finalizan en el Top16 la sesi\u00f3n clasificatoria","isPartOf":{"@id":"http:\/\/esponsorama.ad\/es\/#website"},"primaryImageOfPage":{"@id":"http:\/\/esponsorama.ad\/es\/bartolini-bertelle-finaliza-top16\/#primaryimage"},"image":{"@id":"http:\/\/esponsorama.ad\/es\/bartolini-bertelle-finaliza-top16\/#primaryimage"},"thumbnailUrl":"http:\/\/esponsorama.ad\/wp-content\/uploads\/2022\/03\/DSC4696.jpg","datePublished":"2022-03-19T08:22:19+00:00","author":{"@id":"http:\/\/esponsorama.ad\/es\/#\/schema\/person\/a5cde74945183d737066e46b61c6f9c4"},"description":"Elia Bartolini y Matteo Bertelle partir\u00e1n ma\u00f1ana a carrera desde la decimotercera y decimosexta posici\u00f3n respectivamente.","breadcrumb":{"@id":"http:\/\/esponsorama.ad\/es\/bartolini-bertelle-finaliza-top16\/#breadcrumb"},"inLanguage":"es","potentialAction":[{"@type":"ReadAction","target":["http:\/\/esponsorama.ad\/es\/bartolini-bertelle-finaliza-top16\/"]}]},{"@type":"ImageObject","inLanguage":"es","@id":"http:\/\/esponsorama.ad\/es\/bartolini-bertelle-finaliza-top16\/#primaryimage","url":"http:\/\/esponsorama.ad\/wp-content\/uploads\/2022\/03\/DSC4696.jpg","contentUrl":"http:\/\/esponsorama.ad\/wp-content\/uploads\/2022\/03\/DSC4696.jpg","width":3804,"height":2536},{"@type":"BreadcrumbList","@id":"http:\/\/esponsorama.ad\/es\/bartolini-bertelle-finaliza-top16\/#breadcrumb","itemListElement":[{"@type":"ListItem","position":1,"name":"Home","item":"http:\/\/esponsorama.ad\/es\/"},{"@type":"ListItem","position":2,"name":"BARTOLINI Y BERTELLE FINALIZAN EN EL TOP16 LA SESI\u00d3N CLASIFICATORIA"}]},{"@type":"WebSite","@id":"http:\/\/esponsorama.ad\/es\/#website","url":"http:\/\/esponsorama.ad\/es\/","name":"Esponsorama","description":"Specialist in motorsport sponsorship and event promotions","potentialAction":[{"@type":"SearchAction","target":{"@type":"EntryPoint","urlTemplate":"http:\/\/esponsorama.ad\/es\/?s={search_term_string}"},"query-input":{"@type":"PropertyValueSpecification","valueRequired":true,"valueName":"search_term_string"}}],"inLanguage":"es"},{"@type":"Person","@id":"http:\/\/esponsorama.ad\/es\/#\/schema\/person\/a5cde74945183d737066e46b61c6f9c4","name":"Xavi Andornet","image":{"@type":"ImageObject","inLanguage":"es","@id":"http:\/\/esponsorama.ad\/es\/#\/schema\/person\/image\/","url":"https:\/\/secure.gravatar.com\/avatar\/f10eaf9ad601244a2357c9fd7cd9805ed166cfaaf76d5d9ab08a9d873e70147a?s=96&d=mm&r=g","contentUrl":"https:\/\/secure.gravatar.com\/avatar\/f10eaf9ad601244a2357c9fd7cd9805ed166cfaaf76d5d9ab08a9d873e70147a?s=96&d=mm&r=g","caption":"Xavi Andornet"},"sameAs":["http:\/\/www.andornet.ad"],"url":"http:\/\/esponsorama.ad\/es\/author\/andornet\/"}]}},"_links":{"self":[{"href":"http:\/\/esponsorama.ad\/es\/wp-json\/wp\/v2\/posts\/18732","targetHints":{"allow":["GET"]}}],"collection":[{"href":"http:\/\/esponsorama.ad\/es\/wp-json\/wp\/v2\/posts"}],"about":[{"href":"http:\/\/esponsorama.ad\/es\/wp-json\/wp\/v2\/types\/post"}],"author":[{"embeddable":true,"href":"http:\/\/esponsorama.ad\/es\/wp-json\/wp\/v2\/users\/6"}],"replies":[{"embeddable":true,"href":"http:\/\/esponsorama.ad\/es\/wp-json\/wp\/v2\/comments?post=18732"}],"version-history":[{"count":1,"href":"http:\/\/esponsorama.ad\/es\/wp-json\/wp\/v2\/posts\/18732\/revisions"}],"predecessor-version":[{"id":18738,"href":"http:\/\/esponsorama.ad\/es\/wp-json\/wp\/v2\/posts\/18732\/revisions\/18738"}],"wp:featuredmedia":[{"embeddable":true,"href":"http:\/\/esponsorama.ad\/es\/wp-json\/wp\/v2\/media\/18736"}],"wp:attachment":[{"href":"http:\/\/esponsorama.ad\/es\/wp-json\/wp\/v2\/media?parent=18732"}],"wp:term":[{"taxonomy":"category","embeddable":true,"href":"http:\/\/esponsorama.ad\/es\/wp-json\/wp\/v2\/categories?post=18732"},{"taxonomy":"post_tag","embeddable":true,"href":"http:\/\/esponsorama.ad\/es\/wp-json\/wp\/v2\/tags?post=18732"}],"curies":[{"name":"wp","href":"https:\/\/api.w.org\/{rel}","templated":true}]}}