{"id":18753,"date":"2022-04-03T17:46:36","date_gmt":"2022-04-03T15:46:36","guid":{"rendered":"http:\/\/esponsorama.ad\/?p=18753"},"modified":"2022-04-03T17:46:36","modified_gmt":"2022-04-03T15:46:36","slug":"qjmotor-avintia-racing-llega-circuito-termas-rio-hondo","status":"publish","type":"post","link":"http:\/\/esponsorama.ad\/es\/qjmotor-avintia-racing-llega-circuito-termas-rio-hondo\/","title":{"rendered":"QJMOTOR AVINTIA RACING LLEGA AL CIRCUITO DE TERMAS DE RIO HONDO DESPU\u00c9S DE DOS A\u00d1OS"},"content":{"rendered":"<p>Matteo Bertelle y Elia Bartolini llegan al Aut\u00f3dromo de Termas de R\u00edo Hondo, un nuevo trazado para ambos. Circuito argentino que, tras dos a\u00f1os ausente en el calendario como consecuencias de las limitaciones ocasionadas por la COVID19, vuelve a albergar el Gran Premio de Argentina.<\/p>\n<p>Como consecuencia de problemas log\u00edsticos, el campeonato se ha visto obligado a suspender toda la actividad del viernes. Esto ha provocado una reducci\u00f3n de minutos en pista que para pilotos &#8216;<em>rookies&#8217;<\/em> puede ser una desventaja. Aun as\u00ed, contar\u00e1n con dos entrenos libres antes de las sesiones de clasificaci\u00f3n.<\/p>\n<p>Ser\u00e1 el s\u00e1bado a las 8:45 (GTM -5) cuando los dos j\u00f3venes pilotos rueden por primera vez en el trazado argentino. A partir de las 14:35 tendr\u00e1n lugar las sesiones clasificatorias del Gran Premio de Argentina que fijar\u00e1n las posiciones de parrilla para la carrera del domingo.<\/p>\n<p>\t\t\t\t\t<div class=\"rider-short\">\n\t\t\t\t<a href=\"http:\/\/esponsorama.ad\/es\/piloto\/matteo-bertelle\/\"><img loading=\"lazy\" decoding=\"async\" width=\"251\" height=\"129\" src=\"http:\/\/esponsorama.ad\/wp-content\/uploads\/2022\/03\/dorsales-y-mascotas_page-0001-copia.jpg\" class=\"attachment-medium size-medium\" alt=\"\" \/><\/a><div class=\"info\"><h3><a href=\"http:\/\/esponsorama.ad\/es\/piloto\/matteo-bertelle\/\">Matteo Bertelle<\/a><\/h3><div class=\"rrss\"><\/div><\/div>\t\t\t\t\t<\/div>\n\t\t\t\t<br \/>\n<em>\u201cMa\u00f1ana no giraremos por lo que ser\u00e1 un fin de semana un poco m\u00e1s complicado ya que nos faltar\u00e1 un entreno. La pista es muy bonita, ayer fui a verla corriendo y me gust\u00f3 bastante, al igual que el clima. Esperamos con ganas al s\u00e1bado para salir a pista y ojal\u00e1 podamos ir r\u00e1pidos desde un principio para divertirnos lo m\u00e1ximo posible. Gracias a todos los patrocinadores y a mi familia por el apoyo que me brindan.\u201d<\/em><\/p>\n<p>\t\t\t\t\t<div class=\"rider-short\">\n\t\t\t\t<a href=\"http:\/\/esponsorama.ad\/es\/piloto\/elia-bartolini\/\"><img loading=\"lazy\" decoding=\"async\" width=\"255\" height=\"150\" src=\"http:\/\/esponsorama.ad\/wp-content\/uploads\/2022\/03\/dorsales-y-mascotas_page-0001.jpg\" class=\"attachment-medium size-medium\" alt=\"\" \/><\/a><div class=\"info\"><h3><a href=\"http:\/\/esponsorama.ad\/es\/piloto\/elia-bartolini\/\">Elia Bartolini<\/a><\/h3><div class=\"rrss\"><\/div><\/div>\t\t\t\t\t<\/div>\n\t\t\t\t<br \/>\n<em>\u201cEstoy muy feliz de estar aqu\u00ed en Argentina. La pista me gusta mucho, hay un buen clima y lamento mucho que ma\u00f1ana no podamos rodar. Esperemos que el s\u00e1bado nos vaya lo mejor posible y aprendernos la pista cuanto antes para ir r\u00e1pidos.\u201d<\/em><\/p>\n","protected":false},"excerpt":{"rendered":"<p>Matteo Bertelle y Elia Bartolini llegan al Aut\u00f3dromo de Termas de R\u00edo Hondo, un nuevo trazado para ambos. Circuito argentino que, tras dos a\u00f1os ausente en el calendario como consecuencias de las limitaciones ocasionadas por la COVID19, vuelve a albergar el Gran Premio de Argentina. Como consecuencia de problemas log\u00edsticos, el campeonato se ha visto [&hellip;]<\/p>\n","protected":false},"author":6,"featured_media":18761,"comment_status":"closed","ping_status":"closed","sticky":false,"template":"","format":"standard","meta":{"footnotes":""},"categories":[12],"tags":[],"class_list":["post-18753","post","type-post","status-publish","format-standard","has-post-thumbnail","hentry","category-moto3"],"yoast_head":"<!-- This site is optimized with the Yoast SEO plugin v27.1.1 - https:\/\/yoast.com\/product\/yoast-seo-wordpress\/ -->\n<title>QJMotor Avintia Racing llega al circuito de Termas de Rio Hondo<\/title>\n<meta name=\"description\" content=\"Matteo Bertelle y Elia Bartolini llegan al Aut\u00f3dromo de Termas de R\u00edo Hondo, un nuevo trazado para ambos.\" \/>\n<meta name=\"robots\" content=\"index, follow, max-snippet:-1, max-image-preview:large, max-video-preview:-1\" \/>\n<link rel=\"canonical\" href=\"http:\/\/esponsorama.ad\/es\/qjmotor-avintia-racing-llega-circuito-termas-rio-hondo\/\" \/>\n<meta property=\"og:locale\" content=\"es_ES\" \/>\n<meta property=\"og:type\" content=\"article\" \/>\n<meta property=\"og:title\" content=\"QJMotor Avintia Racing llega al circuito de Termas de Rio Hondo\" \/>\n<meta property=\"og:description\" content=\"Matteo Bertelle y Elia Bartolini llegan al Aut\u00f3dromo de Termas de R\u00edo Hondo, un nuevo trazado para ambos.\" \/>\n<meta property=\"og:url\" content=\"http:\/\/esponsorama.ad\/es\/qjmotor-avintia-racing-llega-circuito-termas-rio-hondo\/\" \/>\n<meta property=\"og:site_name\" content=\"Esponsorama\" \/>\n<meta property=\"article:published_time\" content=\"2022-04-03T15:46:36+00:00\" \/>\n<meta property=\"og:image\" content=\"http:\/\/esponsorama.ad\/wp-content\/uploads\/2022\/04\/tempImagefdGRD5.jpg\" \/>\n\t<meta property=\"og:image:width\" content=\"1280\" \/>\n\t<meta property=\"og:image:height\" content=\"853\" \/>\n\t<meta property=\"og:image:type\" content=\"image\/jpeg\" \/>\n<meta name=\"author\" content=\"Xavi Andornet\" \/>\n<meta name=\"twitter:card\" content=\"summary_large_image\" \/>\n<meta name=\"twitter:label1\" content=\"Escrito por\" \/>\n\t<meta name=\"twitter:data1\" content=\"Xavi Andornet\" \/>\n\t<meta name=\"twitter:label2\" content=\"Tiempo de lectura\" \/>\n\t<meta name=\"twitter:data2\" content=\"1 minuto\" \/>\n<script type=\"application\/ld+json\" class=\"yoast-schema-graph\">{\"@context\":\"https:\/\/schema.org\",\"@graph\":[{\"@type\":\"Article\",\"@id\":\"http:\/\/esponsorama.ad\/es\/qjmotor-avintia-racing-llega-circuito-termas-rio-hondo\/#article\",\"isPartOf\":{\"@id\":\"http:\/\/esponsorama.ad\/es\/qjmotor-avintia-racing-llega-circuito-termas-rio-hondo\/\"},\"author\":{\"name\":\"Xavi Andornet\",\"@id\":\"http:\/\/esponsorama.ad\/es\/#\/schema\/person\/a5cde74945183d737066e46b61c6f9c4\"},\"headline\":\"QJMOTOR AVINTIA RACING LLEGA AL CIRCUITO DE TERMAS DE RIO HONDO DESPU\u00c9S DE DOS A\u00d1OS\",\"datePublished\":\"2022-04-03T15:46:36+00:00\",\"mainEntityOfPage\":{\"@id\":\"http:\/\/esponsorama.ad\/es\/qjmotor-avintia-racing-llega-circuito-termas-rio-hondo\/\"},\"wordCount\":298,\"image\":{\"@id\":\"http:\/\/esponsorama.ad\/es\/qjmotor-avintia-racing-llega-circuito-termas-rio-hondo\/#primaryimage\"},\"thumbnailUrl\":\"http:\/\/esponsorama.ad\/wp-content\/uploads\/2022\/04\/tempImagefdGRD5.jpg\",\"articleSection\":[\"Moto3\"],\"inLanguage\":\"es\"},{\"@type\":\"WebPage\",\"@id\":\"http:\/\/esponsorama.ad\/es\/qjmotor-avintia-racing-llega-circuito-termas-rio-hondo\/\",\"url\":\"http:\/\/esponsorama.ad\/es\/qjmotor-avintia-racing-llega-circuito-termas-rio-hondo\/\",\"name\":\"QJMotor Avintia Racing llega al circuito de Termas de Rio Hondo\",\"isPartOf\":{\"@id\":\"http:\/\/esponsorama.ad\/es\/#website\"},\"primaryImageOfPage\":{\"@id\":\"http:\/\/esponsorama.ad\/es\/qjmotor-avintia-racing-llega-circuito-termas-rio-hondo\/#primaryimage\"},\"image\":{\"@id\":\"http:\/\/esponsorama.ad\/es\/qjmotor-avintia-racing-llega-circuito-termas-rio-hondo\/#primaryimage\"},\"thumbnailUrl\":\"http:\/\/esponsorama.ad\/wp-content\/uploads\/2022\/04\/tempImagefdGRD5.jpg\",\"datePublished\":\"2022-04-03T15:46:36+00:00\",\"author\":{\"@id\":\"http:\/\/esponsorama.ad\/es\/#\/schema\/person\/a5cde74945183d737066e46b61c6f9c4\"},\"description\":\"Matteo Bertelle y Elia Bartolini llegan al Aut\u00f3dromo de Termas de R\u00edo Hondo, un nuevo trazado para ambos.\",\"breadcrumb\":{\"@id\":\"http:\/\/esponsorama.ad\/es\/qjmotor-avintia-racing-llega-circuito-termas-rio-hondo\/#breadcrumb\"},\"inLanguage\":\"es\",\"potentialAction\":[{\"@type\":\"ReadAction\",\"target\":[\"http:\/\/esponsorama.ad\/es\/qjmotor-avintia-racing-llega-circuito-termas-rio-hondo\/\"]}]},{\"@type\":\"ImageObject\",\"inLanguage\":\"es\",\"@id\":\"http:\/\/esponsorama.ad\/es\/qjmotor-avintia-racing-llega-circuito-termas-rio-hondo\/#primaryimage\",\"url\":\"http:\/\/esponsorama.ad\/wp-content\/uploads\/2022\/04\/tempImagefdGRD5.jpg\",\"contentUrl\":\"http:\/\/esponsorama.ad\/wp-content\/uploads\/2022\/04\/tempImagefdGRD5.jpg\",\"width\":1280,\"height\":853},{\"@type\":\"BreadcrumbList\",\"@id\":\"http:\/\/esponsorama.ad\/es\/qjmotor-avintia-racing-llega-circuito-termas-rio-hondo\/#breadcrumb\",\"itemListElement\":[{\"@type\":\"ListItem\",\"position\":1,\"name\":\"Home\",\"item\":\"http:\/\/esponsorama.ad\/es\/\"},{\"@type\":\"ListItem\",\"position\":2,\"name\":\"QJMOTOR AVINTIA RACING LLEGA AL CIRCUITO DE TERMAS DE RIO HONDO DESPU\u00c9S DE DOS A\u00d1OS\"}]},{\"@type\":\"WebSite\",\"@id\":\"http:\/\/esponsorama.ad\/es\/#website\",\"url\":\"http:\/\/esponsorama.ad\/es\/\",\"name\":\"Esponsorama\",\"description\":\"Specialist in motorsport sponsorship and event promotions\",\"potentialAction\":[{\"@type\":\"SearchAction\",\"target\":{\"@type\":\"EntryPoint\",\"urlTemplate\":\"http:\/\/esponsorama.ad\/es\/?s={search_term_string}\"},\"query-input\":{\"@type\":\"PropertyValueSpecification\",\"valueRequired\":true,\"valueName\":\"search_term_string\"}}],\"inLanguage\":\"es\"},{\"@type\":\"Person\",\"@id\":\"http:\/\/esponsorama.ad\/es\/#\/schema\/person\/a5cde74945183d737066e46b61c6f9c4\",\"name\":\"Xavi Andornet\",\"image\":{\"@type\":\"ImageObject\",\"inLanguage\":\"es\",\"@id\":\"http:\/\/esponsorama.ad\/es\/#\/schema\/person\/image\/\",\"url\":\"https:\/\/secure.gravatar.com\/avatar\/f10eaf9ad601244a2357c9fd7cd9805ed166cfaaf76d5d9ab08a9d873e70147a?s=96&d=mm&r=g\",\"contentUrl\":\"https:\/\/secure.gravatar.com\/avatar\/f10eaf9ad601244a2357c9fd7cd9805ed166cfaaf76d5d9ab08a9d873e70147a?s=96&d=mm&r=g\",\"caption\":\"Xavi Andornet\"},\"sameAs\":[\"http:\/\/www.andornet.ad\"],\"url\":\"http:\/\/esponsorama.ad\/es\/author\/andornet\/\"}]}<\/script>\n<!-- \/ Yoast SEO plugin. -->","yoast_head_json":{"title":"QJMotor Avintia Racing llega al circuito de Termas de Rio Hondo","description":"Matteo Bertelle y Elia Bartolini llegan al Aut\u00f3dromo de Termas de R\u00edo Hondo, un nuevo trazado para ambos.","robots":{"index":"index","follow":"follow","max-snippet":"max-snippet:-1","max-image-preview":"max-image-preview:large","max-video-preview":"max-video-preview:-1"},"canonical":"http:\/\/esponsorama.ad\/es\/qjmotor-avintia-racing-llega-circuito-termas-rio-hondo\/","og_locale":"es_ES","og_type":"article","og_title":"QJMotor Avintia Racing llega al circuito de Termas de Rio Hondo","og_description":"Matteo Bertelle y Elia Bartolini llegan al Aut\u00f3dromo de Termas de R\u00edo Hondo, un nuevo trazado para ambos.","og_url":"http:\/\/esponsorama.ad\/es\/qjmotor-avintia-racing-llega-circuito-termas-rio-hondo\/","og_site_name":"Esponsorama","article_published_time":"2022-04-03T15:46:36+00:00","og_image":[{"width":1280,"height":853,"url":"http:\/\/esponsorama.ad\/wp-content\/uploads\/2022\/04\/tempImagefdGRD5.jpg","type":"image\/jpeg"}],"author":"Xavi Andornet","twitter_card":"summary_large_image","twitter_misc":{"Escrito por":"Xavi Andornet","Tiempo de lectura":"1 minuto"},"schema":{"@context":"https:\/\/schema.org","@graph":[{"@type":"Article","@id":"http:\/\/esponsorama.ad\/es\/qjmotor-avintia-racing-llega-circuito-termas-rio-hondo\/#article","isPartOf":{"@id":"http:\/\/esponsorama.ad\/es\/qjmotor-avintia-racing-llega-circuito-termas-rio-hondo\/"},"author":{"name":"Xavi Andornet","@id":"http:\/\/esponsorama.ad\/es\/#\/schema\/person\/a5cde74945183d737066e46b61c6f9c4"},"headline":"QJMOTOR AVINTIA RACING LLEGA AL CIRCUITO DE TERMAS DE RIO HONDO DESPU\u00c9S DE DOS A\u00d1OS","datePublished":"2022-04-03T15:46:36+00:00","mainEntityOfPage":{"@id":"http:\/\/esponsorama.ad\/es\/qjmotor-avintia-racing-llega-circuito-termas-rio-hondo\/"},"wordCount":298,"image":{"@id":"http:\/\/esponsorama.ad\/es\/qjmotor-avintia-racing-llega-circuito-termas-rio-hondo\/#primaryimage"},"thumbnailUrl":"http:\/\/esponsorama.ad\/wp-content\/uploads\/2022\/04\/tempImagefdGRD5.jpg","articleSection":["Moto3"],"inLanguage":"es"},{"@type":"WebPage","@id":"http:\/\/esponsorama.ad\/es\/qjmotor-avintia-racing-llega-circuito-termas-rio-hondo\/","url":"http:\/\/esponsorama.ad\/es\/qjmotor-avintia-racing-llega-circuito-termas-rio-hondo\/","name":"QJMotor Avintia Racing llega al circuito de Termas de Rio Hondo","isPartOf":{"@id":"http:\/\/esponsorama.ad\/es\/#website"},"primaryImageOfPage":{"@id":"http:\/\/esponsorama.ad\/es\/qjmotor-avintia-racing-llega-circuito-termas-rio-hondo\/#primaryimage"},"image":{"@id":"http:\/\/esponsorama.ad\/es\/qjmotor-avintia-racing-llega-circuito-termas-rio-hondo\/#primaryimage"},"thumbnailUrl":"http:\/\/esponsorama.ad\/wp-content\/uploads\/2022\/04\/tempImagefdGRD5.jpg","datePublished":"2022-04-03T15:46:36+00:00","author":{"@id":"http:\/\/esponsorama.ad\/es\/#\/schema\/person\/a5cde74945183d737066e46b61c6f9c4"},"description":"Matteo Bertelle y Elia Bartolini llegan al Aut\u00f3dromo de Termas de R\u00edo Hondo, un nuevo trazado para ambos.","breadcrumb":{"@id":"http:\/\/esponsorama.ad\/es\/qjmotor-avintia-racing-llega-circuito-termas-rio-hondo\/#breadcrumb"},"inLanguage":"es","potentialAction":[{"@type":"ReadAction","target":["http:\/\/esponsorama.ad\/es\/qjmotor-avintia-racing-llega-circuito-termas-rio-hondo\/"]}]},{"@type":"ImageObject","inLanguage":"es","@id":"http:\/\/esponsorama.ad\/es\/qjmotor-avintia-racing-llega-circuito-termas-rio-hondo\/#primaryimage","url":"http:\/\/esponsorama.ad\/wp-content\/uploads\/2022\/04\/tempImagefdGRD5.jpg","contentUrl":"http:\/\/esponsorama.ad\/wp-content\/uploads\/2022\/04\/tempImagefdGRD5.jpg","width":1280,"height":853},{"@type":"BreadcrumbList","@id":"http:\/\/esponsorama.ad\/es\/qjmotor-avintia-racing-llega-circuito-termas-rio-hondo\/#breadcrumb","itemListElement":[{"@type":"ListItem","position":1,"name":"Home","item":"http:\/\/esponsorama.ad\/es\/"},{"@type":"ListItem","position":2,"name":"QJMOTOR AVINTIA RACING LLEGA AL CIRCUITO DE TERMAS DE RIO HONDO DESPU\u00c9S DE DOS A\u00d1OS"}]},{"@type":"WebSite","@id":"http:\/\/esponsorama.ad\/es\/#website","url":"http:\/\/esponsorama.ad\/es\/","name":"Esponsorama","description":"Specialist in motorsport sponsorship and event promotions","potentialAction":[{"@type":"SearchAction","target":{"@type":"EntryPoint","urlTemplate":"http:\/\/esponsorama.ad\/es\/?s={search_term_string}"},"query-input":{"@type":"PropertyValueSpecification","valueRequired":true,"valueName":"search_term_string"}}],"inLanguage":"es"},{"@type":"Person","@id":"http:\/\/esponsorama.ad\/es\/#\/schema\/person\/a5cde74945183d737066e46b61c6f9c4","name":"Xavi Andornet","image":{"@type":"ImageObject","inLanguage":"es","@id":"http:\/\/esponsorama.ad\/es\/#\/schema\/person\/image\/","url":"https:\/\/secure.gravatar.com\/avatar\/f10eaf9ad601244a2357c9fd7cd9805ed166cfaaf76d5d9ab08a9d873e70147a?s=96&d=mm&r=g","contentUrl":"https:\/\/secure.gravatar.com\/avatar\/f10eaf9ad601244a2357c9fd7cd9805ed166cfaaf76d5d9ab08a9d873e70147a?s=96&d=mm&r=g","caption":"Xavi Andornet"},"sameAs":["http:\/\/www.andornet.ad"],"url":"http:\/\/esponsorama.ad\/es\/author\/andornet\/"}]}},"_links":{"self":[{"href":"http:\/\/esponsorama.ad\/es\/wp-json\/wp\/v2\/posts\/18753","targetHints":{"allow":["GET"]}}],"collection":[{"href":"http:\/\/esponsorama.ad\/es\/wp-json\/wp\/v2\/posts"}],"about":[{"href":"http:\/\/esponsorama.ad\/es\/wp-json\/wp\/v2\/types\/post"}],"author":[{"embeddable":true,"href":"http:\/\/esponsorama.ad\/es\/wp-json\/wp\/v2\/users\/6"}],"replies":[{"embeddable":true,"href":"http:\/\/esponsorama.ad\/es\/wp-json\/wp\/v2\/comments?post=18753"}],"version-history":[{"count":1,"href":"http:\/\/esponsorama.ad\/es\/wp-json\/wp\/v2\/posts\/18753\/revisions"}],"predecessor-version":[{"id":18754,"href":"http:\/\/esponsorama.ad\/es\/wp-json\/wp\/v2\/posts\/18753\/revisions\/18754"}],"wp:featuredmedia":[{"embeddable":true,"href":"http:\/\/esponsorama.ad\/es\/wp-json\/wp\/v2\/media\/18761"}],"wp:attachment":[{"href":"http:\/\/esponsorama.ad\/es\/wp-json\/wp\/v2\/media?parent=18753"}],"wp:term":[{"taxonomy":"category","embeddable":true,"href":"http:\/\/esponsorama.ad\/es\/wp-json\/wp\/v2\/categories?post=18753"},{"taxonomy":"post_tag","embeddable":true,"href":"http:\/\/esponsorama.ad\/es\/wp-json\/wp\/v2\/tags?post=18753"}],"curies":[{"name":"wp","href":"https:\/\/api.w.org\/{rel}","templated":true}]}}