{"id":18765,"date":"2022-04-03T17:56:25","date_gmt":"2022-04-03T15:56:25","guid":{"rendered":"http:\/\/esponsorama.ad\/?p=18765"},"modified":"2022-04-03T17:56:25","modified_gmt":"2022-04-03T15:56:25","slug":"qjmotor-avintia-racing-supera-super-sabado-del-gran-premio-argentina","status":"publish","type":"post","link":"http:\/\/esponsorama.ad\/es\/qjmotor-avintia-racing-supera-super-sabado-del-gran-premio-argentina\/","title":{"rendered":"QJMOTOR AVINTIA RACING SUPERA EL \u2018S\u00daPER\u2019 S\u00c1BADO DEL GRAN PREMIO DE ARGENTINA"},"content":{"rendered":"<p>Elia Bartolini y Matteo Bertelle superan el \u2018s\u00faper\u2019 s\u00e1bado del Gran Premio de Argentina. Bartolini saldr\u00e1 a carrera desde la vig\u00e9simo primera posici\u00f3n y Bertelle desde la vig\u00e9simo cuarta.<\/p>\n<p>Tras la cancelaci\u00f3n por problemas log\u00edsticos del viernes la organizaci\u00f3n program\u00f3 un s\u00e1bado maratoniano con aproximadamente 9 horas de acci\u00f3n en pista.<\/p>\n<p>Tras la celebraci\u00f3n de dos entrenos libres de 50 minutos cada uno se obtuvo la tabla de tiempos combinada en la cual Bertelle clasific\u00f3 vig\u00e9simo segundo y Bartolini vig\u00e9simo tercero.<\/p>\n<p>En la Q1, el joven piloto italiano\u00a0consigui\u00f3 fijar un tiempo de 1:50.138 que le permitir\u00e1 partir a carrera desde la vig\u00e9simo primera posici\u00f3n. Bertelle, en cambio, tuvo que conformarse con un tiempo de 1:50.423, gracias al cual saldr\u00e1 desde la vig\u00e9simo cuarta posici\u00f3n.<\/p>\n<p>Ma\u00f1ana la carrera dar\u00e1 comienzo a las 12:00 (GTM-5) en el Aut\u00f3dromo de Termas de R\u00edo Hondo para volver a celebrar, despu\u00e9s de dos a\u00f1os, el Gran Premio de Argentina.<\/p>\n<p>\t\t\t\t\t<div class=\"rider-short\">\n\t\t\t\t<a href=\"http:\/\/esponsorama.ad\/es\/piloto\/elia-bartolini\/\"><img loading=\"lazy\" decoding=\"async\" width=\"255\" height=\"150\" src=\"http:\/\/esponsorama.ad\/wp-content\/uploads\/2022\/03\/dorsales-y-mascotas_page-0001.jpg\" class=\"attachment-medium size-medium\" alt=\"\" \/><\/a><div class=\"info\"><h3><a href=\"http:\/\/esponsorama.ad\/es\/piloto\/elia-bartolini\/\">Elia Bartolini<\/a> | 1:50.138 | P21<\/h3><div class=\"rrss\"><\/div><\/div>\t\t\t\t\t<\/div>\n\t\t\t\t<br \/>\n<em>\u201cHemos trabajado bien durante el d\u00eda de hoy a pesar de que no se haya visto reflejado en la clasificaci\u00f3n. Ma\u00f1ana ser\u00e1 una carrera en grupo en la que espero que poder divertirme .\u201d<\/em><\/p>\n<p>\t\t\t\t\t<div class=\"rider-short\">\n\t\t\t\t<a href=\"http:\/\/esponsorama.ad\/es\/piloto\/matteo-bertelle\/\"><img loading=\"lazy\" decoding=\"async\" width=\"251\" height=\"129\" src=\"http:\/\/esponsorama.ad\/wp-content\/uploads\/2022\/03\/dorsales-y-mascotas_page-0001-copia.jpg\" class=\"attachment-medium size-medium\" alt=\"\" \/><\/a><div class=\"info\"><h3><a href=\"http:\/\/esponsorama.ad\/es\/piloto\/matteo-bertelle\/\">Matteo Bertelle<\/a> | 1:50.423 | P24<\/h3><div class=\"rrss\"><\/div><\/div>\t\t\t\t\t<\/div>\n\t\t\t\t<br \/>\n<em>\u201cHoy ha sido un d\u00eda dif\u00edcil ya que sufr\u00ed una ca\u00edda sin consecuencias durante el FP1 que provoc\u00f3 cambios en el plan de trabajo.<\/em> Ma\u00f1ana trabajaremos durante el warm up para poder realizar una buena salida y conseguir remontar posiciones. Muchas gracias al equipo y a los patrocinadores por el apoyo que me dan.\u201d<\/p>\n","protected":false},"excerpt":{"rendered":"<p>Elia Bartolini y Matteo Bertelle superan el \u2018s\u00faper\u2019 s\u00e1bado del Gran Premio de Argentina. Bartolini saldr\u00e1 a carrera desde la vig\u00e9simo primera posici\u00f3n y Bertelle desde la vig\u00e9simo cuarta. Tras la cancelaci\u00f3n por problemas log\u00edsticos del viernes la organizaci\u00f3n program\u00f3 un s\u00e1bado maratoniano con aproximadamente 9 horas de acci\u00f3n en pista. Tras la celebraci\u00f3n de [&hellip;]<\/p>\n","protected":false},"author":6,"featured_media":18764,"comment_status":"closed","ping_status":"closed","sticky":false,"template":"","format":"standard","meta":{"footnotes":""},"categories":[12],"tags":[],"class_list":["post-18765","post","type-post","status-publish","format-standard","has-post-thumbnail","hentry","category-moto3"],"yoast_head":"<!-- This site is optimized with the Yoast SEO plugin v27.1.1 - https:\/\/yoast.com\/product\/yoast-seo-wordpress\/ -->\n<title>QJMOTOR AVINTIA RACING SUPERA EL \u2018S\u00daPER\u2019 S\u00c1BADO DEL GRAN PREMIO DE ARGENTINA - Esponsorama<\/title>\n<meta name=\"robots\" content=\"index, follow, max-snippet:-1, max-image-preview:large, max-video-preview:-1\" \/>\n<link rel=\"canonical\" href=\"http:\/\/esponsorama.ad\/es\/qjmotor-avintia-racing-supera-super-sabado-del-gran-premio-argentina\/\" \/>\n<meta property=\"og:locale\" content=\"es_ES\" \/>\n<meta property=\"og:type\" content=\"article\" \/>\n<meta property=\"og:title\" content=\"QJMOTOR AVINTIA RACING SUPERA EL \u2018S\u00daPER\u2019 S\u00c1BADO DEL GRAN PREMIO DE ARGENTINA - Esponsorama\" \/>\n<meta property=\"og:description\" content=\"Elia Bartolini y Matteo Bertelle superan el \u2018s\u00faper\u2019 s\u00e1bado del Gran Premio de Argentina. Bartolini saldr\u00e1 a carrera desde la vig\u00e9simo primera posici\u00f3n y Bertelle desde la vig\u00e9simo cuarta. Tras la cancelaci\u00f3n por problemas log\u00edsticos del viernes la organizaci\u00f3n program\u00f3 un s\u00e1bado maratoniano con aproximadamente 9 horas de acci\u00f3n en pista. Tras la celebraci\u00f3n de [&hellip;]\" \/>\n<meta property=\"og:url\" content=\"http:\/\/esponsorama.ad\/es\/qjmotor-avintia-racing-supera-super-sabado-del-gran-premio-argentina\/\" \/>\n<meta property=\"og:site_name\" content=\"Esponsorama\" \/>\n<meta property=\"article:published_time\" content=\"2022-04-03T15:56:25+00:00\" \/>\n<meta property=\"og:image\" content=\"http:\/\/esponsorama.ad\/wp-content\/uploads\/2022\/04\/tempImagepfluuD.jpg\" \/>\n\t<meta property=\"og:image:width\" content=\"1280\" \/>\n\t<meta property=\"og:image:height\" content=\"853\" \/>\n\t<meta property=\"og:image:type\" content=\"image\/jpeg\" \/>\n<meta name=\"author\" content=\"Xavi Andornet\" \/>\n<meta name=\"twitter:card\" content=\"summary_large_image\" \/>\n<meta name=\"twitter:label1\" content=\"Escrito por\" \/>\n\t<meta name=\"twitter:data1\" content=\"Xavi Andornet\" \/>\n\t<meta name=\"twitter:label2\" content=\"Tiempo de lectura\" \/>\n\t<meta name=\"twitter:data2\" content=\"1 minuto\" \/>\n<script type=\"application\/ld+json\" class=\"yoast-schema-graph\">{\"@context\":\"https:\/\/schema.org\",\"@graph\":[{\"@type\":\"Article\",\"@id\":\"http:\/\/esponsorama.ad\/es\/qjmotor-avintia-racing-supera-super-sabado-del-gran-premio-argentina\/#article\",\"isPartOf\":{\"@id\":\"http:\/\/esponsorama.ad\/es\/qjmotor-avintia-racing-supera-super-sabado-del-gran-premio-argentina\/\"},\"author\":{\"name\":\"Xavi Andornet\",\"@id\":\"http:\/\/esponsorama.ad\/es\/#\/schema\/person\/a5cde74945183d737066e46b61c6f9c4\"},\"headline\":\"QJMOTOR AVINTIA RACING SUPERA EL \u2018S\u00daPER\u2019 S\u00c1BADO DEL GRAN PREMIO DE ARGENTINA\",\"datePublished\":\"2022-04-03T15:56:25+00:00\",\"mainEntityOfPage\":{\"@id\":\"http:\/\/esponsorama.ad\/es\/qjmotor-avintia-racing-supera-super-sabado-del-gran-premio-argentina\/\"},\"wordCount\":288,\"image\":{\"@id\":\"http:\/\/esponsorama.ad\/es\/qjmotor-avintia-racing-supera-super-sabado-del-gran-premio-argentina\/#primaryimage\"},\"thumbnailUrl\":\"http:\/\/esponsorama.ad\/wp-content\/uploads\/2022\/04\/tempImagepfluuD.jpg\",\"articleSection\":[\"Moto3\"],\"inLanguage\":\"es\"},{\"@type\":\"WebPage\",\"@id\":\"http:\/\/esponsorama.ad\/es\/qjmotor-avintia-racing-supera-super-sabado-del-gran-premio-argentina\/\",\"url\":\"http:\/\/esponsorama.ad\/es\/qjmotor-avintia-racing-supera-super-sabado-del-gran-premio-argentina\/\",\"name\":\"QJMOTOR AVINTIA RACING SUPERA EL \u2018S\u00daPER\u2019 S\u00c1BADO DEL GRAN PREMIO DE ARGENTINA - Esponsorama\",\"isPartOf\":{\"@id\":\"http:\/\/esponsorama.ad\/es\/#website\"},\"primaryImageOfPage\":{\"@id\":\"http:\/\/esponsorama.ad\/es\/qjmotor-avintia-racing-supera-super-sabado-del-gran-premio-argentina\/#primaryimage\"},\"image\":{\"@id\":\"http:\/\/esponsorama.ad\/es\/qjmotor-avintia-racing-supera-super-sabado-del-gran-premio-argentina\/#primaryimage\"},\"thumbnailUrl\":\"http:\/\/esponsorama.ad\/wp-content\/uploads\/2022\/04\/tempImagepfluuD.jpg\",\"datePublished\":\"2022-04-03T15:56:25+00:00\",\"author\":{\"@id\":\"http:\/\/esponsorama.ad\/es\/#\/schema\/person\/a5cde74945183d737066e46b61c6f9c4\"},\"breadcrumb\":{\"@id\":\"http:\/\/esponsorama.ad\/es\/qjmotor-avintia-racing-supera-super-sabado-del-gran-premio-argentina\/#breadcrumb\"},\"inLanguage\":\"es\",\"potentialAction\":[{\"@type\":\"ReadAction\",\"target\":[\"http:\/\/esponsorama.ad\/es\/qjmotor-avintia-racing-supera-super-sabado-del-gran-premio-argentina\/\"]}]},{\"@type\":\"ImageObject\",\"inLanguage\":\"es\",\"@id\":\"http:\/\/esponsorama.ad\/es\/qjmotor-avintia-racing-supera-super-sabado-del-gran-premio-argentina\/#primaryimage\",\"url\":\"http:\/\/esponsorama.ad\/wp-content\/uploads\/2022\/04\/tempImagepfluuD.jpg\",\"contentUrl\":\"http:\/\/esponsorama.ad\/wp-content\/uploads\/2022\/04\/tempImagepfluuD.jpg\",\"width\":1280,\"height\":853},{\"@type\":\"BreadcrumbList\",\"@id\":\"http:\/\/esponsorama.ad\/es\/qjmotor-avintia-racing-supera-super-sabado-del-gran-premio-argentina\/#breadcrumb\",\"itemListElement\":[{\"@type\":\"ListItem\",\"position\":1,\"name\":\"Home\",\"item\":\"http:\/\/esponsorama.ad\/es\/\"},{\"@type\":\"ListItem\",\"position\":2,\"name\":\"QJMOTOR AVINTIA RACING SUPERA EL \u2018S\u00daPER\u2019 S\u00c1BADO DEL GRAN PREMIO DE ARGENTINA\"}]},{\"@type\":\"WebSite\",\"@id\":\"http:\/\/esponsorama.ad\/es\/#website\",\"url\":\"http:\/\/esponsorama.ad\/es\/\",\"name\":\"Esponsorama\",\"description\":\"Specialist in motorsport sponsorship and event promotions\",\"potentialAction\":[{\"@type\":\"SearchAction\",\"target\":{\"@type\":\"EntryPoint\",\"urlTemplate\":\"http:\/\/esponsorama.ad\/es\/?s={search_term_string}\"},\"query-input\":{\"@type\":\"PropertyValueSpecification\",\"valueRequired\":true,\"valueName\":\"search_term_string\"}}],\"inLanguage\":\"es\"},{\"@type\":\"Person\",\"@id\":\"http:\/\/esponsorama.ad\/es\/#\/schema\/person\/a5cde74945183d737066e46b61c6f9c4\",\"name\":\"Xavi Andornet\",\"image\":{\"@type\":\"ImageObject\",\"inLanguage\":\"es\",\"@id\":\"http:\/\/esponsorama.ad\/es\/#\/schema\/person\/image\/\",\"url\":\"https:\/\/secure.gravatar.com\/avatar\/f10eaf9ad601244a2357c9fd7cd9805ed166cfaaf76d5d9ab08a9d873e70147a?s=96&d=mm&r=g\",\"contentUrl\":\"https:\/\/secure.gravatar.com\/avatar\/f10eaf9ad601244a2357c9fd7cd9805ed166cfaaf76d5d9ab08a9d873e70147a?s=96&d=mm&r=g\",\"caption\":\"Xavi Andornet\"},\"sameAs\":[\"http:\/\/www.andornet.ad\"],\"url\":\"http:\/\/esponsorama.ad\/es\/author\/andornet\/\"}]}<\/script>\n<!-- \/ Yoast SEO plugin. -->","yoast_head_json":{"title":"QJMOTOR AVINTIA RACING SUPERA EL \u2018S\u00daPER\u2019 S\u00c1BADO DEL GRAN PREMIO DE ARGENTINA - Esponsorama","robots":{"index":"index","follow":"follow","max-snippet":"max-snippet:-1","max-image-preview":"max-image-preview:large","max-video-preview":"max-video-preview:-1"},"canonical":"http:\/\/esponsorama.ad\/es\/qjmotor-avintia-racing-supera-super-sabado-del-gran-premio-argentina\/","og_locale":"es_ES","og_type":"article","og_title":"QJMOTOR AVINTIA RACING SUPERA EL \u2018S\u00daPER\u2019 S\u00c1BADO DEL GRAN PREMIO DE ARGENTINA - Esponsorama","og_description":"Elia Bartolini y Matteo Bertelle superan el \u2018s\u00faper\u2019 s\u00e1bado del Gran Premio de Argentina. Bartolini saldr\u00e1 a carrera desde la vig\u00e9simo primera posici\u00f3n y Bertelle desde la vig\u00e9simo cuarta. Tras la cancelaci\u00f3n por problemas log\u00edsticos del viernes la organizaci\u00f3n program\u00f3 un s\u00e1bado maratoniano con aproximadamente 9 horas de acci\u00f3n en pista. Tras la celebraci\u00f3n de [&hellip;]","og_url":"http:\/\/esponsorama.ad\/es\/qjmotor-avintia-racing-supera-super-sabado-del-gran-premio-argentina\/","og_site_name":"Esponsorama","article_published_time":"2022-04-03T15:56:25+00:00","og_image":[{"width":1280,"height":853,"url":"http:\/\/esponsorama.ad\/wp-content\/uploads\/2022\/04\/tempImagepfluuD.jpg","type":"image\/jpeg"}],"author":"Xavi Andornet","twitter_card":"summary_large_image","twitter_misc":{"Escrito por":"Xavi Andornet","Tiempo de lectura":"1 minuto"},"schema":{"@context":"https:\/\/schema.org","@graph":[{"@type":"Article","@id":"http:\/\/esponsorama.ad\/es\/qjmotor-avintia-racing-supera-super-sabado-del-gran-premio-argentina\/#article","isPartOf":{"@id":"http:\/\/esponsorama.ad\/es\/qjmotor-avintia-racing-supera-super-sabado-del-gran-premio-argentina\/"},"author":{"name":"Xavi Andornet","@id":"http:\/\/esponsorama.ad\/es\/#\/schema\/person\/a5cde74945183d737066e46b61c6f9c4"},"headline":"QJMOTOR AVINTIA RACING SUPERA EL \u2018S\u00daPER\u2019 S\u00c1BADO DEL GRAN PREMIO DE ARGENTINA","datePublished":"2022-04-03T15:56:25+00:00","mainEntityOfPage":{"@id":"http:\/\/esponsorama.ad\/es\/qjmotor-avintia-racing-supera-super-sabado-del-gran-premio-argentina\/"},"wordCount":288,"image":{"@id":"http:\/\/esponsorama.ad\/es\/qjmotor-avintia-racing-supera-super-sabado-del-gran-premio-argentina\/#primaryimage"},"thumbnailUrl":"http:\/\/esponsorama.ad\/wp-content\/uploads\/2022\/04\/tempImagepfluuD.jpg","articleSection":["Moto3"],"inLanguage":"es"},{"@type":"WebPage","@id":"http:\/\/esponsorama.ad\/es\/qjmotor-avintia-racing-supera-super-sabado-del-gran-premio-argentina\/","url":"http:\/\/esponsorama.ad\/es\/qjmotor-avintia-racing-supera-super-sabado-del-gran-premio-argentina\/","name":"QJMOTOR AVINTIA RACING SUPERA EL \u2018S\u00daPER\u2019 S\u00c1BADO DEL GRAN PREMIO DE ARGENTINA - Esponsorama","isPartOf":{"@id":"http:\/\/esponsorama.ad\/es\/#website"},"primaryImageOfPage":{"@id":"http:\/\/esponsorama.ad\/es\/qjmotor-avintia-racing-supera-super-sabado-del-gran-premio-argentina\/#primaryimage"},"image":{"@id":"http:\/\/esponsorama.ad\/es\/qjmotor-avintia-racing-supera-super-sabado-del-gran-premio-argentina\/#primaryimage"},"thumbnailUrl":"http:\/\/esponsorama.ad\/wp-content\/uploads\/2022\/04\/tempImagepfluuD.jpg","datePublished":"2022-04-03T15:56:25+00:00","author":{"@id":"http:\/\/esponsorama.ad\/es\/#\/schema\/person\/a5cde74945183d737066e46b61c6f9c4"},"breadcrumb":{"@id":"http:\/\/esponsorama.ad\/es\/qjmotor-avintia-racing-supera-super-sabado-del-gran-premio-argentina\/#breadcrumb"},"inLanguage":"es","potentialAction":[{"@type":"ReadAction","target":["http:\/\/esponsorama.ad\/es\/qjmotor-avintia-racing-supera-super-sabado-del-gran-premio-argentina\/"]}]},{"@type":"ImageObject","inLanguage":"es","@id":"http:\/\/esponsorama.ad\/es\/qjmotor-avintia-racing-supera-super-sabado-del-gran-premio-argentina\/#primaryimage","url":"http:\/\/esponsorama.ad\/wp-content\/uploads\/2022\/04\/tempImagepfluuD.jpg","contentUrl":"http:\/\/esponsorama.ad\/wp-content\/uploads\/2022\/04\/tempImagepfluuD.jpg","width":1280,"height":853},{"@type":"BreadcrumbList","@id":"http:\/\/esponsorama.ad\/es\/qjmotor-avintia-racing-supera-super-sabado-del-gran-premio-argentina\/#breadcrumb","itemListElement":[{"@type":"ListItem","position":1,"name":"Home","item":"http:\/\/esponsorama.ad\/es\/"},{"@type":"ListItem","position":2,"name":"QJMOTOR AVINTIA RACING SUPERA EL \u2018S\u00daPER\u2019 S\u00c1BADO DEL GRAN PREMIO DE ARGENTINA"}]},{"@type":"WebSite","@id":"http:\/\/esponsorama.ad\/es\/#website","url":"http:\/\/esponsorama.ad\/es\/","name":"Esponsorama","description":"Specialist in motorsport sponsorship and event promotions","potentialAction":[{"@type":"SearchAction","target":{"@type":"EntryPoint","urlTemplate":"http:\/\/esponsorama.ad\/es\/?s={search_term_string}"},"query-input":{"@type":"PropertyValueSpecification","valueRequired":true,"valueName":"search_term_string"}}],"inLanguage":"es"},{"@type":"Person","@id":"http:\/\/esponsorama.ad\/es\/#\/schema\/person\/a5cde74945183d737066e46b61c6f9c4","name":"Xavi Andornet","image":{"@type":"ImageObject","inLanguage":"es","@id":"http:\/\/esponsorama.ad\/es\/#\/schema\/person\/image\/","url":"https:\/\/secure.gravatar.com\/avatar\/f10eaf9ad601244a2357c9fd7cd9805ed166cfaaf76d5d9ab08a9d873e70147a?s=96&d=mm&r=g","contentUrl":"https:\/\/secure.gravatar.com\/avatar\/f10eaf9ad601244a2357c9fd7cd9805ed166cfaaf76d5d9ab08a9d873e70147a?s=96&d=mm&r=g","caption":"Xavi Andornet"},"sameAs":["http:\/\/www.andornet.ad"],"url":"http:\/\/esponsorama.ad\/es\/author\/andornet\/"}]}},"_links":{"self":[{"href":"http:\/\/esponsorama.ad\/es\/wp-json\/wp\/v2\/posts\/18765","targetHints":{"allow":["GET"]}}],"collection":[{"href":"http:\/\/esponsorama.ad\/es\/wp-json\/wp\/v2\/posts"}],"about":[{"href":"http:\/\/esponsorama.ad\/es\/wp-json\/wp\/v2\/types\/post"}],"author":[{"embeddable":true,"href":"http:\/\/esponsorama.ad\/es\/wp-json\/wp\/v2\/users\/6"}],"replies":[{"embeddable":true,"href":"http:\/\/esponsorama.ad\/es\/wp-json\/wp\/v2\/comments?post=18765"}],"version-history":[{"count":1,"href":"http:\/\/esponsorama.ad\/es\/wp-json\/wp\/v2\/posts\/18765\/revisions"}],"predecessor-version":[{"id":18766,"href":"http:\/\/esponsorama.ad\/es\/wp-json\/wp\/v2\/posts\/18765\/revisions\/18766"}],"wp:featuredmedia":[{"embeddable":true,"href":"http:\/\/esponsorama.ad\/es\/wp-json\/wp\/v2\/media\/18764"}],"wp:attachment":[{"href":"http:\/\/esponsorama.ad\/es\/wp-json\/wp\/v2\/media?parent=18765"}],"wp:term":[{"taxonomy":"category","embeddable":true,"href":"http:\/\/esponsorama.ad\/es\/wp-json\/wp\/v2\/categories?post=18765"},{"taxonomy":"post_tag","embeddable":true,"href":"http:\/\/esponsorama.ad\/es\/wp-json\/wp\/v2\/tags?post=18765"}],"curies":[{"name":"wp","href":"https:\/\/api.w.org\/{rel}","templated":true}]}}