{"id":18776,"date":"2022-04-09T10:13:27","date_gmt":"2022-04-09T08:13:27","guid":{"rendered":"http:\/\/esponsorama.ad\/?p=18776"},"modified":"2022-04-09T10:13:27","modified_gmt":"2022-04-09T08:13:27","slug":"qjmotor-avintia-racing-preparado-gran-premio-americas","status":"publish","type":"post","link":"http:\/\/esponsorama.ad\/es\/qjmotor-avintia-racing-preparado-gran-premio-americas\/","title":{"rendered":"QJMOTOR AVINTIA RACING EST\u00c1 PREPARADO PARA EL GRAN PREMIO DE LAS AM\u00c9RICAS"},"content":{"rendered":"<p>Elia Bartolini y Matteo Bertelle ya est\u00e1n en el Circuito de las Am\u00e9ricas, en Austin, Texas.\u00a0Listos para disputar el segundo Gran Premio de la gira Americana tras el celebrado el pasado fin de semana en el Circuito de Termas de R\u00edo Hondo.<\/p>\n<p>Ambos pilotos llegan a un trazado nuevo para ellos, el cual han podido conocer durante el d\u00eda de hoy. Se trata de una pista caracterizada por su anchura, las largas rectas y su ic\u00f3nica primera curva, que es un \u00e1ngulo de noventa grados. En este trazado hemos disfrutado de grandes luchas en el pasado en la categor\u00eda peque\u00f1a.<\/p>\n<p>Ma\u00f1ana a partir de las 10:55 (GTM -7) dar\u00e1n comienzo los entrenos libres. Destacar que en este Gran Premio se ha modificado el orden y Moto3 ser\u00e1 la \u00faltima categor\u00eda en salir a pista.<\/p>\n<p>&nbsp;<\/p>\n<p>\t\t\t\t\t<div class=\"rider-short\">\n\t\t\t\t<a href=\"http:\/\/esponsorama.ad\/es\/piloto\/matteo-bertelle\/\"><img loading=\"lazy\" decoding=\"async\" width=\"251\" height=\"129\" src=\"http:\/\/esponsorama.ad\/wp-content\/uploads\/2022\/03\/dorsales-y-mascotas_page-0001-copia.jpg\" class=\"attachment-medium size-medium\" alt=\"\" \/><\/a><div class=\"info\"><h3><a href=\"http:\/\/esponsorama.ad\/es\/piloto\/matteo-bertelle\/\">Matteo Bertelle<\/a><\/h3><div class=\"rrss\"><\/div><\/div>\t\t\t\t\t<\/div>\n\t\t\t\t<br \/>\n<em>\u201cEstoy muy contento de correr en Austin, esperemos que se nos de bien este circuito que est\u00e1 lleno de bajadas y subidas. Ojal\u00e1 sea un fin de semana positivo para terminar con buen sabor de boca este doblete. Intentaremos progresar con respecto a las carreras anteriores y continuar mejorando en cada salida a pista. Muchas gracias a los patrocinadores y al equipo por todo el trabajo que hacen.\u201c<\/em><\/p>\n<p>\t\t\t\t\t<div class=\"rider-short\">\n\t\t\t\t<a href=\"http:\/\/esponsorama.ad\/es\/piloto\/elia-bartolini\/\"><img loading=\"lazy\" decoding=\"async\" width=\"255\" height=\"150\" src=\"http:\/\/esponsorama.ad\/wp-content\/uploads\/2022\/03\/dorsales-y-mascotas_page-0001.jpg\" class=\"attachment-medium size-medium\" alt=\"\" \/><\/a><div class=\"info\"><h3><a href=\"http:\/\/esponsorama.ad\/es\/piloto\/elia-bartolini\/\">Elia Bartolini<\/a><\/h3><div class=\"rrss\"><\/div><\/div>\t\t\t\t\t<\/div>\n\t\t\t\t<br \/>\n<em>\u201cEstoy muy feliz de estar aqu\u00ed en Argentina. La pista me gusta mucho, hay un buen clima y lamento mucho que ma\u00f1ana no podamos rodar. Esperemos que el s\u00e1bado nos vaya lo mejor posible y aprendernos la pista cuanto antes para ir r\u00e1pidos.\u201d<\/em><\/p>\n","protected":false},"excerpt":{"rendered":"<p>Elia Bartolini y Matteo Bertelle ya est\u00e1n en el Circuito de las Am\u00e9ricas, en Austin, Texas.\u00a0Listos para disputar el segundo Gran Premio de la gira Americana tras el celebrado el pasado fin de semana en el Circuito de Termas de R\u00edo Hondo. Ambos pilotos llegan a un trazado nuevo para ellos, el cual han podido [&hellip;]<\/p>\n","protected":false},"author":6,"featured_media":18784,"comment_status":"closed","ping_status":"closed","sticky":false,"template":"","format":"standard","meta":{"footnotes":""},"categories":[12,3,1],"tags":[],"class_list":["post-18776","post","type-post","status-publish","format-standard","has-post-thumbnail","hentry","category-moto3","category-motogp","category-sin-categoria"],"yoast_head":"<!-- This site is optimized with the Yoast SEO plugin v27.1.1 - https:\/\/yoast.com\/product\/yoast-seo-wordpress\/ -->\n<title>QJMotor Avintia Racing est\u00e1 preparado para el Gran Premio de Las Am\u00e9ricas<\/title>\n<meta name=\"description\" content=\"Elia Bartolini y Matteo Bertelle ya est\u00e1n en el Circuito de las Am\u00e9ricas, en Austin, Texas.\" \/>\n<meta name=\"robots\" content=\"index, follow, max-snippet:-1, max-image-preview:large, max-video-preview:-1\" \/>\n<link rel=\"canonical\" href=\"http:\/\/esponsorama.ad\/es\/qjmotor-avintia-racing-preparado-gran-premio-americas\/\" \/>\n<meta property=\"og:locale\" content=\"es_ES\" \/>\n<meta property=\"og:type\" content=\"article\" \/>\n<meta property=\"og:title\" content=\"QJMotor Avintia Racing est\u00e1 preparado para el Gran Premio de Las Am\u00e9ricas\" \/>\n<meta property=\"og:description\" content=\"Elia Bartolini y Matteo Bertelle ya est\u00e1n en el Circuito de las Am\u00e9ricas, en Austin, Texas.\" \/>\n<meta property=\"og:url\" content=\"http:\/\/esponsorama.ad\/es\/qjmotor-avintia-racing-preparado-gran-premio-americas\/\" \/>\n<meta property=\"og:site_name\" content=\"Esponsorama\" \/>\n<meta property=\"article:published_time\" content=\"2022-04-09T08:13:27+00:00\" \/>\n<meta property=\"og:image\" content=\"http:\/\/esponsorama.ad\/wp-content\/uploads\/2022\/04\/FAD55E51-872F-474F-86B9-FF719976C6CD-1024x683.jpeg\" \/>\n\t<meta property=\"og:image:width\" content=\"1024\" \/>\n\t<meta property=\"og:image:height\" content=\"683\" \/>\n\t<meta property=\"og:image:type\" content=\"image\/jpeg\" \/>\n<meta name=\"author\" content=\"Xavi Andornet\" \/>\n<meta name=\"twitter:card\" content=\"summary_large_image\" \/>\n<meta name=\"twitter:label1\" content=\"Escrito por\" \/>\n\t<meta name=\"twitter:data1\" content=\"Xavi Andornet\" \/>\n\t<meta name=\"twitter:label2\" content=\"Tiempo de lectura\" \/>\n\t<meta name=\"twitter:data2\" content=\"1 minuto\" \/>\n<script type=\"application\/ld+json\" class=\"yoast-schema-graph\">{\"@context\":\"https:\/\/schema.org\",\"@graph\":[{\"@type\":\"Article\",\"@id\":\"http:\/\/esponsorama.ad\/es\/qjmotor-avintia-racing-preparado-gran-premio-americas\/#article\",\"isPartOf\":{\"@id\":\"http:\/\/esponsorama.ad\/es\/qjmotor-avintia-racing-preparado-gran-premio-americas\/\"},\"author\":{\"name\":\"Xavi Andornet\",\"@id\":\"http:\/\/esponsorama.ad\/es\/#\/schema\/person\/a5cde74945183d737066e46b61c6f9c4\"},\"headline\":\"QJMOTOR AVINTIA RACING EST\u00c1 PREPARADO PARA EL GRAN PREMIO DE LAS AM\u00c9RICAS\",\"datePublished\":\"2022-04-09T08:13:27+00:00\",\"mainEntityOfPage\":{\"@id\":\"http:\/\/esponsorama.ad\/es\/qjmotor-avintia-racing-preparado-gran-premio-americas\/\"},\"wordCount\":276,\"image\":{\"@id\":\"http:\/\/esponsorama.ad\/es\/qjmotor-avintia-racing-preparado-gran-premio-americas\/#primaryimage\"},\"thumbnailUrl\":\"http:\/\/esponsorama.ad\/wp-content\/uploads\/2022\/04\/FAD55E51-872F-474F-86B9-FF719976C6CD.jpeg\",\"articleSection\":[\"Moto3\",\"MotoGP\"],\"inLanguage\":\"es\"},{\"@type\":\"WebPage\",\"@id\":\"http:\/\/esponsorama.ad\/es\/qjmotor-avintia-racing-preparado-gran-premio-americas\/\",\"url\":\"http:\/\/esponsorama.ad\/es\/qjmotor-avintia-racing-preparado-gran-premio-americas\/\",\"name\":\"QJMotor Avintia Racing est\u00e1 preparado para el Gran Premio de Las Am\u00e9ricas\",\"isPartOf\":{\"@id\":\"http:\/\/esponsorama.ad\/es\/#website\"},\"primaryImageOfPage\":{\"@id\":\"http:\/\/esponsorama.ad\/es\/qjmotor-avintia-racing-preparado-gran-premio-americas\/#primaryimage\"},\"image\":{\"@id\":\"http:\/\/esponsorama.ad\/es\/qjmotor-avintia-racing-preparado-gran-premio-americas\/#primaryimage\"},\"thumbnailUrl\":\"http:\/\/esponsorama.ad\/wp-content\/uploads\/2022\/04\/FAD55E51-872F-474F-86B9-FF719976C6CD.jpeg\",\"datePublished\":\"2022-04-09T08:13:27+00:00\",\"author\":{\"@id\":\"http:\/\/esponsorama.ad\/es\/#\/schema\/person\/a5cde74945183d737066e46b61c6f9c4\"},\"description\":\"Elia Bartolini y Matteo Bertelle ya est\u00e1n en el Circuito de las Am\u00e9ricas, en Austin, Texas.\",\"breadcrumb\":{\"@id\":\"http:\/\/esponsorama.ad\/es\/qjmotor-avintia-racing-preparado-gran-premio-americas\/#breadcrumb\"},\"inLanguage\":\"es\",\"potentialAction\":[{\"@type\":\"ReadAction\",\"target\":[\"http:\/\/esponsorama.ad\/es\/qjmotor-avintia-racing-preparado-gran-premio-americas\/\"]}]},{\"@type\":\"ImageObject\",\"inLanguage\":\"es\",\"@id\":\"http:\/\/esponsorama.ad\/es\/qjmotor-avintia-racing-preparado-gran-premio-americas\/#primaryimage\",\"url\":\"http:\/\/esponsorama.ad\/wp-content\/uploads\/2022\/04\/FAD55E51-872F-474F-86B9-FF719976C6CD.jpeg\",\"contentUrl\":\"http:\/\/esponsorama.ad\/wp-content\/uploads\/2022\/04\/FAD55E51-872F-474F-86B9-FF719976C6CD.jpeg\",\"width\":6000,\"height\":4000},{\"@type\":\"BreadcrumbList\",\"@id\":\"http:\/\/esponsorama.ad\/es\/qjmotor-avintia-racing-preparado-gran-premio-americas\/#breadcrumb\",\"itemListElement\":[{\"@type\":\"ListItem\",\"position\":1,\"name\":\"Home\",\"item\":\"http:\/\/esponsorama.ad\/en\/\"},{\"@type\":\"ListItem\",\"position\":2,\"name\":\"QJMOTOR AVINTIA RACING EST\u00c1 PREPARADO PARA EL GRAN PREMIO DE LAS AM\u00c9RICAS\"}]},{\"@type\":\"WebSite\",\"@id\":\"http:\/\/esponsorama.ad\/es\/#website\",\"url\":\"http:\/\/esponsorama.ad\/es\/\",\"name\":\"Esponsorama\",\"description\":\"Specialist in motorsport sponsorship and event promotions\",\"potentialAction\":[{\"@type\":\"SearchAction\",\"target\":{\"@type\":\"EntryPoint\",\"urlTemplate\":\"http:\/\/esponsorama.ad\/es\/?s={search_term_string}\"},\"query-input\":{\"@type\":\"PropertyValueSpecification\",\"valueRequired\":true,\"valueName\":\"search_term_string\"}}],\"inLanguage\":\"es\"},{\"@type\":\"Person\",\"@id\":\"http:\/\/esponsorama.ad\/es\/#\/schema\/person\/a5cde74945183d737066e46b61c6f9c4\",\"name\":\"Xavi Andornet\",\"image\":{\"@type\":\"ImageObject\",\"inLanguage\":\"es\",\"@id\":\"http:\/\/esponsorama.ad\/es\/#\/schema\/person\/image\/\",\"url\":\"https:\/\/secure.gravatar.com\/avatar\/f10eaf9ad601244a2357c9fd7cd9805ed166cfaaf76d5d9ab08a9d873e70147a?s=96&d=mm&r=g\",\"contentUrl\":\"https:\/\/secure.gravatar.com\/avatar\/f10eaf9ad601244a2357c9fd7cd9805ed166cfaaf76d5d9ab08a9d873e70147a?s=96&d=mm&r=g\",\"caption\":\"Xavi Andornet\"},\"sameAs\":[\"http:\/\/www.andornet.ad\"],\"url\":\"http:\/\/esponsorama.ad\/es\/author\/andornet\/\"}]}<\/script>\n<!-- \/ Yoast SEO plugin. -->","yoast_head_json":{"title":"QJMotor Avintia Racing est\u00e1 preparado para el Gran Premio de Las Am\u00e9ricas","description":"Elia Bartolini y Matteo Bertelle ya est\u00e1n en el Circuito de las Am\u00e9ricas, en Austin, Texas.","robots":{"index":"index","follow":"follow","max-snippet":"max-snippet:-1","max-image-preview":"max-image-preview:large","max-video-preview":"max-video-preview:-1"},"canonical":"http:\/\/esponsorama.ad\/es\/qjmotor-avintia-racing-preparado-gran-premio-americas\/","og_locale":"es_ES","og_type":"article","og_title":"QJMotor Avintia Racing est\u00e1 preparado para el Gran Premio de Las Am\u00e9ricas","og_description":"Elia Bartolini y Matteo Bertelle ya est\u00e1n en el Circuito de las Am\u00e9ricas, en Austin, Texas.","og_url":"http:\/\/esponsorama.ad\/es\/qjmotor-avintia-racing-preparado-gran-premio-americas\/","og_site_name":"Esponsorama","article_published_time":"2022-04-09T08:13:27+00:00","og_image":[{"width":1024,"height":683,"url":"http:\/\/esponsorama.ad\/wp-content\/uploads\/2022\/04\/FAD55E51-872F-474F-86B9-FF719976C6CD-1024x683.jpeg","type":"image\/jpeg"}],"author":"Xavi Andornet","twitter_card":"summary_large_image","twitter_misc":{"Escrito por":"Xavi Andornet","Tiempo de lectura":"1 minuto"},"schema":{"@context":"https:\/\/schema.org","@graph":[{"@type":"Article","@id":"http:\/\/esponsorama.ad\/es\/qjmotor-avintia-racing-preparado-gran-premio-americas\/#article","isPartOf":{"@id":"http:\/\/esponsorama.ad\/es\/qjmotor-avintia-racing-preparado-gran-premio-americas\/"},"author":{"name":"Xavi Andornet","@id":"http:\/\/esponsorama.ad\/es\/#\/schema\/person\/a5cde74945183d737066e46b61c6f9c4"},"headline":"QJMOTOR AVINTIA RACING EST\u00c1 PREPARADO PARA EL GRAN PREMIO DE LAS AM\u00c9RICAS","datePublished":"2022-04-09T08:13:27+00:00","mainEntityOfPage":{"@id":"http:\/\/esponsorama.ad\/es\/qjmotor-avintia-racing-preparado-gran-premio-americas\/"},"wordCount":276,"image":{"@id":"http:\/\/esponsorama.ad\/es\/qjmotor-avintia-racing-preparado-gran-premio-americas\/#primaryimage"},"thumbnailUrl":"http:\/\/esponsorama.ad\/wp-content\/uploads\/2022\/04\/FAD55E51-872F-474F-86B9-FF719976C6CD.jpeg","articleSection":["Moto3","MotoGP"],"inLanguage":"es"},{"@type":"WebPage","@id":"http:\/\/esponsorama.ad\/es\/qjmotor-avintia-racing-preparado-gran-premio-americas\/","url":"http:\/\/esponsorama.ad\/es\/qjmotor-avintia-racing-preparado-gran-premio-americas\/","name":"QJMotor Avintia Racing est\u00e1 preparado para el Gran Premio de Las Am\u00e9ricas","isPartOf":{"@id":"http:\/\/esponsorama.ad\/es\/#website"},"primaryImageOfPage":{"@id":"http:\/\/esponsorama.ad\/es\/qjmotor-avintia-racing-preparado-gran-premio-americas\/#primaryimage"},"image":{"@id":"http:\/\/esponsorama.ad\/es\/qjmotor-avintia-racing-preparado-gran-premio-americas\/#primaryimage"},"thumbnailUrl":"http:\/\/esponsorama.ad\/wp-content\/uploads\/2022\/04\/FAD55E51-872F-474F-86B9-FF719976C6CD.jpeg","datePublished":"2022-04-09T08:13:27+00:00","author":{"@id":"http:\/\/esponsorama.ad\/es\/#\/schema\/person\/a5cde74945183d737066e46b61c6f9c4"},"description":"Elia Bartolini y Matteo Bertelle ya est\u00e1n en el Circuito de las Am\u00e9ricas, en Austin, Texas.","breadcrumb":{"@id":"http:\/\/esponsorama.ad\/es\/qjmotor-avintia-racing-preparado-gran-premio-americas\/#breadcrumb"},"inLanguage":"es","potentialAction":[{"@type":"ReadAction","target":["http:\/\/esponsorama.ad\/es\/qjmotor-avintia-racing-preparado-gran-premio-americas\/"]}]},{"@type":"ImageObject","inLanguage":"es","@id":"http:\/\/esponsorama.ad\/es\/qjmotor-avintia-racing-preparado-gran-premio-americas\/#primaryimage","url":"http:\/\/esponsorama.ad\/wp-content\/uploads\/2022\/04\/FAD55E51-872F-474F-86B9-FF719976C6CD.jpeg","contentUrl":"http:\/\/esponsorama.ad\/wp-content\/uploads\/2022\/04\/FAD55E51-872F-474F-86B9-FF719976C6CD.jpeg","width":6000,"height":4000},{"@type":"BreadcrumbList","@id":"http:\/\/esponsorama.ad\/es\/qjmotor-avintia-racing-preparado-gran-premio-americas\/#breadcrumb","itemListElement":[{"@type":"ListItem","position":1,"name":"Home","item":"http:\/\/esponsorama.ad\/en\/"},{"@type":"ListItem","position":2,"name":"QJMOTOR AVINTIA RACING EST\u00c1 PREPARADO PARA EL GRAN PREMIO DE LAS AM\u00c9RICAS"}]},{"@type":"WebSite","@id":"http:\/\/esponsorama.ad\/es\/#website","url":"http:\/\/esponsorama.ad\/es\/","name":"Esponsorama","description":"Specialist in motorsport sponsorship and event promotions","potentialAction":[{"@type":"SearchAction","target":{"@type":"EntryPoint","urlTemplate":"http:\/\/esponsorama.ad\/es\/?s={search_term_string}"},"query-input":{"@type":"PropertyValueSpecification","valueRequired":true,"valueName":"search_term_string"}}],"inLanguage":"es"},{"@type":"Person","@id":"http:\/\/esponsorama.ad\/es\/#\/schema\/person\/a5cde74945183d737066e46b61c6f9c4","name":"Xavi Andornet","image":{"@type":"ImageObject","inLanguage":"es","@id":"http:\/\/esponsorama.ad\/es\/#\/schema\/person\/image\/","url":"https:\/\/secure.gravatar.com\/avatar\/f10eaf9ad601244a2357c9fd7cd9805ed166cfaaf76d5d9ab08a9d873e70147a?s=96&d=mm&r=g","contentUrl":"https:\/\/secure.gravatar.com\/avatar\/f10eaf9ad601244a2357c9fd7cd9805ed166cfaaf76d5d9ab08a9d873e70147a?s=96&d=mm&r=g","caption":"Xavi Andornet"},"sameAs":["http:\/\/www.andornet.ad"],"url":"http:\/\/esponsorama.ad\/es\/author\/andornet\/"}]}},"_links":{"self":[{"href":"http:\/\/esponsorama.ad\/es\/wp-json\/wp\/v2\/posts\/18776","targetHints":{"allow":["GET"]}}],"collection":[{"href":"http:\/\/esponsorama.ad\/es\/wp-json\/wp\/v2\/posts"}],"about":[{"href":"http:\/\/esponsorama.ad\/es\/wp-json\/wp\/v2\/types\/post"}],"author":[{"embeddable":true,"href":"http:\/\/esponsorama.ad\/es\/wp-json\/wp\/v2\/users\/6"}],"replies":[{"embeddable":true,"href":"http:\/\/esponsorama.ad\/es\/wp-json\/wp\/v2\/comments?post=18776"}],"version-history":[{"count":1,"href":"http:\/\/esponsorama.ad\/es\/wp-json\/wp\/v2\/posts\/18776\/revisions"}],"predecessor-version":[{"id":18777,"href":"http:\/\/esponsorama.ad\/es\/wp-json\/wp\/v2\/posts\/18776\/revisions\/18777"}],"wp:featuredmedia":[{"embeddable":true,"href":"http:\/\/esponsorama.ad\/es\/wp-json\/wp\/v2\/media\/18784"}],"wp:attachment":[{"href":"http:\/\/esponsorama.ad\/es\/wp-json\/wp\/v2\/media?parent=18776"}],"wp:term":[{"taxonomy":"category","embeddable":true,"href":"http:\/\/esponsorama.ad\/es\/wp-json\/wp\/v2\/categories?post=18776"},{"taxonomy":"post_tag","embeddable":true,"href":"http:\/\/esponsorama.ad\/es\/wp-json\/wp\/v2\/tags?post=18776"}],"curies":[{"name":"wp","href":"https:\/\/api.w.org\/{rel}","templated":true}]}}