{"id":18849,"date":"2022-05-26T08:53:23","date_gmt":"2022-05-26T06:53:23","guid":{"rendered":"http:\/\/esponsorama.ad\/?p=18849"},"modified":"2022-05-26T08:53:23","modified_gmt":"2022-05-26T06:53:23","slug":"viernes-complicado-qjmotor-avintia-racing%e2%80%8b","status":"publish","type":"post","link":"http:\/\/esponsorama.ad\/es\/viernes-complicado-qjmotor-avintia-racing%e2%80%8b\/","title":{"rendered":"VIERNES COMPLICADO PARA EL QJMOTOR AVINTIA RACING\u200b"},"content":{"rendered":"<p>Los pilotos del QJMotor Avintia Racing finalizan el primer d\u00eda de entrenos libres del Gran Premio de Espa\u00f1a. Ambos han tenido un d\u00eda dif\u00edcil en el que no han encontrado buenas sensaciones.<\/p>\n<p>Por la ma\u00f1ana, los pilotos de la categor\u00eda peque\u00f1a se han encontrado con una pista fr\u00eda, en la cual no han podido rodar en tiempos competitivos. En el segundo entreno libre, todos los pilotos han podido mejorar sus tiempos matinales. Matteo Bertelle ha finalizado en la vig\u00e9sima posici\u00f3n tras fijar un tiempo de 1\u201947.805, su compa\u00f1ero par\u00f3 el cron\u00f3metro en 1\u201948.783. Ambos pilotos han sufrido una ca\u00edda en los \u00faltimos minutos del segundo entreno, sin consecuencias para ninguno de ellos.<\/p>\n<p>Ma\u00f1ana a las 9:00, hora local, tendr\u00e1 lugar el tercer entreno libre, en el cual\u00a0los dos j\u00f3venes italianos tendr\u00e1n una \u00faltima oportunidad para conseguir el pase directo a la Q2. A partir de las 12:35 dar\u00e1n comienzo las sesiones clasificatorias que fijar\u00e1n las posiciones de parrilla del Gran Premio de Jerez.<\/p>\n<p><strong>#18 MATTEO BERTELLE &#8211; P20<\/strong><br \/>\n<em data-originalcomputedfontsize=\"13\" data-removefontsize=\"true\">\u201cHa sido una jornada muy positiva a pesar de haber sufrido una ca\u00edda en el segundo entrenamiento libre. Esperamos poder continuar en la misma direcci\u00f3n y trabajar junto con el equipo para preparar una moto de cara a carrera con la que me sienta bien. Gracias a los patrocinadores y al equipo que me apoyan d\u00eda a d\u00eda.\u201d<\/em><\/p>\n<p><strong>#23\u00a0ELIA BARTOLINI &#8211; P27<\/strong><br \/>\n<em data-originalcomputedfontsize=\"13\" data-removefontsize=\"true\">\u201cNo hemos terminado el primer d\u00eda en Jerez de la mejor forma ya que hemos tenido una ca\u00edda en el FP2 cuando ven\u00eda en vuelta r\u00e1pida. Estamos trabajando muy bien para ma\u00f1ana, esperamos poder dar un paso adelante durante el FP3. Gracias al equipo por el gran trabajo que est\u00e1 haciendo, ma\u00f1ana intentar\u00e9 cuadrar una buena vuelta.\u201d<\/em><\/p>\n","protected":false},"excerpt":{"rendered":"<p>Los pilotos del QJMotor Avintia Racing finalizan el primer d\u00eda de entrenos libres del Gran Premio de Espa\u00f1a. Ambos han tenido un d\u00eda dif\u00edcil en el que no han encontrado buenas sensaciones. Por la ma\u00f1ana, los pilotos de la categor\u00eda peque\u00f1a se han encontrado con una pista fr\u00eda, en la cual no han podido rodar [&hellip;]<\/p>\n","protected":false},"author":6,"featured_media":18850,"comment_status":"closed","ping_status":"closed","sticky":false,"template":"","format":"standard","meta":{"footnotes":""},"categories":[1],"tags":[],"class_list":["post-18849","post","type-post","status-publish","format-standard","has-post-thumbnail","hentry","category-sin-categoria"],"yoast_head":"<!-- This site is optimized with the Yoast SEO plugin v27.1.1 - https:\/\/yoast.com\/product\/yoast-seo-wordpress\/ -->\n<title>VIERNES COMPLICADO PARA EL QJMOTOR AVINTIA RACING\u200b - Esponsorama<\/title>\n<meta name=\"robots\" content=\"index, follow, max-snippet:-1, max-image-preview:large, max-video-preview:-1\" \/>\n<link rel=\"canonical\" href=\"http:\/\/esponsorama.ad\/es\/viernes-complicado-qjmotor-avintia-racing\u200b\/\" \/>\n<meta property=\"og:locale\" content=\"es_ES\" \/>\n<meta property=\"og:type\" content=\"article\" \/>\n<meta property=\"og:title\" content=\"VIERNES COMPLICADO PARA EL QJMOTOR AVINTIA RACING\u200b - Esponsorama\" \/>\n<meta property=\"og:description\" content=\"Los pilotos del QJMotor Avintia Racing finalizan el primer d\u00eda de entrenos libres del Gran Premio de Espa\u00f1a. Ambos han tenido un d\u00eda dif\u00edcil en el que no han encontrado buenas sensaciones. Por la ma\u00f1ana, los pilotos de la categor\u00eda peque\u00f1a se han encontrado con una pista fr\u00eda, en la cual no han podido rodar [&hellip;]\" \/>\n<meta property=\"og:url\" content=\"http:\/\/esponsorama.ad\/es\/viernes-complicado-qjmotor-avintia-racing\u200b\/\" \/>\n<meta property=\"og:site_name\" content=\"Esponsorama\" \/>\n<meta property=\"article:published_time\" content=\"2022-05-26T06:53:23+00:00\" \/>\n<meta property=\"og:image\" content=\"http:\/\/esponsorama.ad\/wp-content\/uploads\/2022\/05\/5c037d43-c18f-fd73-9a75-c41082959e65-1024x682.jpeg\" \/>\n\t<meta property=\"og:image:width\" content=\"1024\" \/>\n\t<meta property=\"og:image:height\" content=\"682\" \/>\n\t<meta property=\"og:image:type\" content=\"image\/jpeg\" \/>\n<meta name=\"author\" content=\"Xavi Andornet\" \/>\n<meta name=\"twitter:card\" content=\"summary_large_image\" \/>\n<meta name=\"twitter:label1\" content=\"Escrito por\" \/>\n\t<meta name=\"twitter:data1\" content=\"Xavi Andornet\" \/>\n\t<meta name=\"twitter:label2\" content=\"Tiempo de lectura\" \/>\n\t<meta name=\"twitter:data2\" content=\"2 minutos\" \/>\n<script type=\"application\/ld+json\" class=\"yoast-schema-graph\">{\"@context\":\"https:\/\/schema.org\",\"@graph\":[{\"@type\":\"Article\",\"@id\":\"http:\/\/esponsorama.ad\/es\/viernes-complicado-qjmotor-avintia-racing%e2%80%8b\/#article\",\"isPartOf\":{\"@id\":\"http:\/\/esponsorama.ad\/es\/viernes-complicado-qjmotor-avintia-racing%e2%80%8b\/\"},\"author\":{\"name\":\"Xavi Andornet\",\"@id\":\"http:\/\/esponsorama.ad\/es\/#\/schema\/person\/a5cde74945183d737066e46b61c6f9c4\"},\"headline\":\"VIERNES COMPLICADO PARA EL QJMOTOR AVINTIA RACING\u200b\",\"datePublished\":\"2022-05-26T06:53:23+00:00\",\"mainEntityOfPage\":{\"@id\":\"http:\/\/esponsorama.ad\/es\/viernes-complicado-qjmotor-avintia-racing%e2%80%8b\/\"},\"wordCount\":318,\"image\":{\"@id\":\"http:\/\/esponsorama.ad\/es\/viernes-complicado-qjmotor-avintia-racing%e2%80%8b\/#primaryimage\"},\"thumbnailUrl\":\"http:\/\/esponsorama.ad\/wp-content\/uploads\/2022\/05\/5c037d43-c18f-fd73-9a75-c41082959e65.jpeg\",\"inLanguage\":\"es\"},{\"@type\":\"WebPage\",\"@id\":\"http:\/\/esponsorama.ad\/es\/viernes-complicado-qjmotor-avintia-racing%e2%80%8b\/\",\"url\":\"http:\/\/esponsorama.ad\/es\/viernes-complicado-qjmotor-avintia-racing%e2%80%8b\/\",\"name\":\"VIERNES COMPLICADO PARA EL QJMOTOR AVINTIA RACING\u200b - Esponsorama\",\"isPartOf\":{\"@id\":\"http:\/\/esponsorama.ad\/es\/#website\"},\"primaryImageOfPage\":{\"@id\":\"http:\/\/esponsorama.ad\/es\/viernes-complicado-qjmotor-avintia-racing%e2%80%8b\/#primaryimage\"},\"image\":{\"@id\":\"http:\/\/esponsorama.ad\/es\/viernes-complicado-qjmotor-avintia-racing%e2%80%8b\/#primaryimage\"},\"thumbnailUrl\":\"http:\/\/esponsorama.ad\/wp-content\/uploads\/2022\/05\/5c037d43-c18f-fd73-9a75-c41082959e65.jpeg\",\"datePublished\":\"2022-05-26T06:53:23+00:00\",\"author\":{\"@id\":\"http:\/\/esponsorama.ad\/es\/#\/schema\/person\/a5cde74945183d737066e46b61c6f9c4\"},\"breadcrumb\":{\"@id\":\"http:\/\/esponsorama.ad\/es\/viernes-complicado-qjmotor-avintia-racing%e2%80%8b\/#breadcrumb\"},\"inLanguage\":\"es\",\"potentialAction\":[{\"@type\":\"ReadAction\",\"target\":[\"http:\/\/esponsorama.ad\/es\/viernes-complicado-qjmotor-avintia-racing%e2%80%8b\/\"]}]},{\"@type\":\"ImageObject\",\"inLanguage\":\"es\",\"@id\":\"http:\/\/esponsorama.ad\/es\/viernes-complicado-qjmotor-avintia-racing%e2%80%8b\/#primaryimage\",\"url\":\"http:\/\/esponsorama.ad\/wp-content\/uploads\/2022\/05\/5c037d43-c18f-fd73-9a75-c41082959e65.jpeg\",\"contentUrl\":\"http:\/\/esponsorama.ad\/wp-content\/uploads\/2022\/05\/5c037d43-c18f-fd73-9a75-c41082959e65.jpeg\",\"width\":3224,\"height\":2147},{\"@type\":\"BreadcrumbList\",\"@id\":\"http:\/\/esponsorama.ad\/es\/viernes-complicado-qjmotor-avintia-racing%e2%80%8b\/#breadcrumb\",\"itemListElement\":[{\"@type\":\"ListItem\",\"position\":1,\"name\":\"Home\",\"item\":\"http:\/\/esponsorama.ad\/ca\/\"},{\"@type\":\"ListItem\",\"position\":2,\"name\":\"VIERNES COMPLICADO PARA EL QJMOTOR AVINTIA RACING\u200b\"}]},{\"@type\":\"WebSite\",\"@id\":\"http:\/\/esponsorama.ad\/es\/#website\",\"url\":\"http:\/\/esponsorama.ad\/es\/\",\"name\":\"Esponsorama\",\"description\":\"Specialist in motorsport sponsorship and event promotions\",\"potentialAction\":[{\"@type\":\"SearchAction\",\"target\":{\"@type\":\"EntryPoint\",\"urlTemplate\":\"http:\/\/esponsorama.ad\/es\/?s={search_term_string}\"},\"query-input\":{\"@type\":\"PropertyValueSpecification\",\"valueRequired\":true,\"valueName\":\"search_term_string\"}}],\"inLanguage\":\"es\"},{\"@type\":\"Person\",\"@id\":\"http:\/\/esponsorama.ad\/es\/#\/schema\/person\/a5cde74945183d737066e46b61c6f9c4\",\"name\":\"Xavi Andornet\",\"image\":{\"@type\":\"ImageObject\",\"inLanguage\":\"es\",\"@id\":\"http:\/\/esponsorama.ad\/es\/#\/schema\/person\/image\/\",\"url\":\"https:\/\/secure.gravatar.com\/avatar\/f10eaf9ad601244a2357c9fd7cd9805ed166cfaaf76d5d9ab08a9d873e70147a?s=96&d=mm&r=g\",\"contentUrl\":\"https:\/\/secure.gravatar.com\/avatar\/f10eaf9ad601244a2357c9fd7cd9805ed166cfaaf76d5d9ab08a9d873e70147a?s=96&d=mm&r=g\",\"caption\":\"Xavi Andornet\"},\"sameAs\":[\"http:\/\/www.andornet.ad\"],\"url\":\"http:\/\/esponsorama.ad\/es\/author\/andornet\/\"}]}<\/script>\n<!-- \/ Yoast SEO plugin. -->","yoast_head_json":{"title":"VIERNES COMPLICADO PARA EL QJMOTOR AVINTIA RACING\u200b - Esponsorama","robots":{"index":"index","follow":"follow","max-snippet":"max-snippet:-1","max-image-preview":"max-image-preview:large","max-video-preview":"max-video-preview:-1"},"canonical":"http:\/\/esponsorama.ad\/es\/viernes-complicado-qjmotor-avintia-racing\u200b\/","og_locale":"es_ES","og_type":"article","og_title":"VIERNES COMPLICADO PARA EL QJMOTOR AVINTIA RACING\u200b - Esponsorama","og_description":"Los pilotos del QJMotor Avintia Racing finalizan el primer d\u00eda de entrenos libres del Gran Premio de Espa\u00f1a. Ambos han tenido un d\u00eda dif\u00edcil en el que no han encontrado buenas sensaciones. Por la ma\u00f1ana, los pilotos de la categor\u00eda peque\u00f1a se han encontrado con una pista fr\u00eda, en la cual no han podido rodar [&hellip;]","og_url":"http:\/\/esponsorama.ad\/es\/viernes-complicado-qjmotor-avintia-racing\u200b\/","og_site_name":"Esponsorama","article_published_time":"2022-05-26T06:53:23+00:00","og_image":[{"width":1024,"height":682,"url":"http:\/\/esponsorama.ad\/wp-content\/uploads\/2022\/05\/5c037d43-c18f-fd73-9a75-c41082959e65-1024x682.jpeg","type":"image\/jpeg"}],"author":"Xavi Andornet","twitter_card":"summary_large_image","twitter_misc":{"Escrito por":"Xavi Andornet","Tiempo de lectura":"2 minutos"},"schema":{"@context":"https:\/\/schema.org","@graph":[{"@type":"Article","@id":"http:\/\/esponsorama.ad\/es\/viernes-complicado-qjmotor-avintia-racing%e2%80%8b\/#article","isPartOf":{"@id":"http:\/\/esponsorama.ad\/es\/viernes-complicado-qjmotor-avintia-racing%e2%80%8b\/"},"author":{"name":"Xavi Andornet","@id":"http:\/\/esponsorama.ad\/es\/#\/schema\/person\/a5cde74945183d737066e46b61c6f9c4"},"headline":"VIERNES COMPLICADO PARA EL QJMOTOR AVINTIA RACING\u200b","datePublished":"2022-05-26T06:53:23+00:00","mainEntityOfPage":{"@id":"http:\/\/esponsorama.ad\/es\/viernes-complicado-qjmotor-avintia-racing%e2%80%8b\/"},"wordCount":318,"image":{"@id":"http:\/\/esponsorama.ad\/es\/viernes-complicado-qjmotor-avintia-racing%e2%80%8b\/#primaryimage"},"thumbnailUrl":"http:\/\/esponsorama.ad\/wp-content\/uploads\/2022\/05\/5c037d43-c18f-fd73-9a75-c41082959e65.jpeg","inLanguage":"es"},{"@type":"WebPage","@id":"http:\/\/esponsorama.ad\/es\/viernes-complicado-qjmotor-avintia-racing%e2%80%8b\/","url":"http:\/\/esponsorama.ad\/es\/viernes-complicado-qjmotor-avintia-racing%e2%80%8b\/","name":"VIERNES COMPLICADO PARA EL QJMOTOR AVINTIA RACING\u200b - Esponsorama","isPartOf":{"@id":"http:\/\/esponsorama.ad\/es\/#website"},"primaryImageOfPage":{"@id":"http:\/\/esponsorama.ad\/es\/viernes-complicado-qjmotor-avintia-racing%e2%80%8b\/#primaryimage"},"image":{"@id":"http:\/\/esponsorama.ad\/es\/viernes-complicado-qjmotor-avintia-racing%e2%80%8b\/#primaryimage"},"thumbnailUrl":"http:\/\/esponsorama.ad\/wp-content\/uploads\/2022\/05\/5c037d43-c18f-fd73-9a75-c41082959e65.jpeg","datePublished":"2022-05-26T06:53:23+00:00","author":{"@id":"http:\/\/esponsorama.ad\/es\/#\/schema\/person\/a5cde74945183d737066e46b61c6f9c4"},"breadcrumb":{"@id":"http:\/\/esponsorama.ad\/es\/viernes-complicado-qjmotor-avintia-racing%e2%80%8b\/#breadcrumb"},"inLanguage":"es","potentialAction":[{"@type":"ReadAction","target":["http:\/\/esponsorama.ad\/es\/viernes-complicado-qjmotor-avintia-racing%e2%80%8b\/"]}]},{"@type":"ImageObject","inLanguage":"es","@id":"http:\/\/esponsorama.ad\/es\/viernes-complicado-qjmotor-avintia-racing%e2%80%8b\/#primaryimage","url":"http:\/\/esponsorama.ad\/wp-content\/uploads\/2022\/05\/5c037d43-c18f-fd73-9a75-c41082959e65.jpeg","contentUrl":"http:\/\/esponsorama.ad\/wp-content\/uploads\/2022\/05\/5c037d43-c18f-fd73-9a75-c41082959e65.jpeg","width":3224,"height":2147},{"@type":"BreadcrumbList","@id":"http:\/\/esponsorama.ad\/es\/viernes-complicado-qjmotor-avintia-racing%e2%80%8b\/#breadcrumb","itemListElement":[{"@type":"ListItem","position":1,"name":"Home","item":"http:\/\/esponsorama.ad\/ca\/"},{"@type":"ListItem","position":2,"name":"VIERNES COMPLICADO PARA EL QJMOTOR AVINTIA RACING\u200b"}]},{"@type":"WebSite","@id":"http:\/\/esponsorama.ad\/es\/#website","url":"http:\/\/esponsorama.ad\/es\/","name":"Esponsorama","description":"Specialist in motorsport sponsorship and event promotions","potentialAction":[{"@type":"SearchAction","target":{"@type":"EntryPoint","urlTemplate":"http:\/\/esponsorama.ad\/es\/?s={search_term_string}"},"query-input":{"@type":"PropertyValueSpecification","valueRequired":true,"valueName":"search_term_string"}}],"inLanguage":"es"},{"@type":"Person","@id":"http:\/\/esponsorama.ad\/es\/#\/schema\/person\/a5cde74945183d737066e46b61c6f9c4","name":"Xavi Andornet","image":{"@type":"ImageObject","inLanguage":"es","@id":"http:\/\/esponsorama.ad\/es\/#\/schema\/person\/image\/","url":"https:\/\/secure.gravatar.com\/avatar\/f10eaf9ad601244a2357c9fd7cd9805ed166cfaaf76d5d9ab08a9d873e70147a?s=96&d=mm&r=g","contentUrl":"https:\/\/secure.gravatar.com\/avatar\/f10eaf9ad601244a2357c9fd7cd9805ed166cfaaf76d5d9ab08a9d873e70147a?s=96&d=mm&r=g","caption":"Xavi Andornet"},"sameAs":["http:\/\/www.andornet.ad"],"url":"http:\/\/esponsorama.ad\/es\/author\/andornet\/"}]}},"_links":{"self":[{"href":"http:\/\/esponsorama.ad\/es\/wp-json\/wp\/v2\/posts\/18849","targetHints":{"allow":["GET"]}}],"collection":[{"href":"http:\/\/esponsorama.ad\/es\/wp-json\/wp\/v2\/posts"}],"about":[{"href":"http:\/\/esponsorama.ad\/es\/wp-json\/wp\/v2\/types\/post"}],"author":[{"embeddable":true,"href":"http:\/\/esponsorama.ad\/es\/wp-json\/wp\/v2\/users\/6"}],"replies":[{"embeddable":true,"href":"http:\/\/esponsorama.ad\/es\/wp-json\/wp\/v2\/comments?post=18849"}],"version-history":[{"count":1,"href":"http:\/\/esponsorama.ad\/es\/wp-json\/wp\/v2\/posts\/18849\/revisions"}],"predecessor-version":[{"id":18854,"href":"http:\/\/esponsorama.ad\/es\/wp-json\/wp\/v2\/posts\/18849\/revisions\/18854"}],"wp:featuredmedia":[{"embeddable":true,"href":"http:\/\/esponsorama.ad\/es\/wp-json\/wp\/v2\/media\/18850"}],"wp:attachment":[{"href":"http:\/\/esponsorama.ad\/es\/wp-json\/wp\/v2\/media?parent=18849"}],"wp:term":[{"taxonomy":"category","embeddable":true,"href":"http:\/\/esponsorama.ad\/es\/wp-json\/wp\/v2\/categories?post=18849"},{"taxonomy":"post_tag","embeddable":true,"href":"http:\/\/esponsorama.ad\/es\/wp-json\/wp\/v2\/tags?post=18849"}],"curies":[{"name":"wp","href":"https:\/\/api.w.org\/{rel}","templated":true}]}}