{"id":18857,"date":"2022-05-26T09:03:07","date_gmt":"2022-05-26T07:03:07","guid":{"rendered":"http:\/\/esponsorama.ad\/?p=18857"},"modified":"2022-05-26T09:03:07","modified_gmt":"2022-05-26T07:03:07","slug":"qjmotor-avintia-racing-esta-preparado-la-carrera-del-gran-premio-espana%e2%80%8b","status":"publish","type":"post","link":"http:\/\/esponsorama.ad\/es\/qjmotor-avintia-racing-esta-preparado-la-carrera-del-gran-premio-espana%e2%80%8b\/","title":{"rendered":"QJMOTOR AVINTIA RACING EST\u00c1 PREPARADO PARA LA CARRERA DEL GRAN PREMIO DE ESPA\u00d1A\u200b"},"content":{"rendered":"<p>Matteo Bertelle saldr\u00e1 en la decimos\u00e9ptima posici\u00f3n a la carrera del Gran Premio de Espa\u00f1a y Elia Bartolini lo har\u00e1 desde la vig\u00e9simo tercera plaza.<\/p>\n<p>En el \u00faltimo entreno libre, ambos pilotos mejoraron sus registros de ayer. Elia Bartolini rod\u00f3 en 1\u201947.525, un segundo m\u00e1s r\u00e1pido que el d\u00eda de ayer, su compa\u00f1ero par\u00f3 el cron\u00f3metro en 1\u201947.389, siendo cinco d\u00e9cimas mas veloz que ayer.<\/p>\n<p>Ambos tuvieron que disputar la Q1, siendo Matteo el \u00fanico de ellos en conseguir el pase a la Q2. Bartolini se qued\u00f3 a algo m\u00e1s de tres d\u00e9cimas de conseguir el pase a la Q2, y ma\u00f1ana saldr\u00e1 a carrera desde la vig\u00e9simo tercera posici\u00f3n. Matteo, tendr\u00e1 que conformarse desde la decimos\u00e9ptima posici\u00f3n tras la cancelaci\u00f3n de su mejor vuelta.<\/p>\n<p>Ma\u00f1ana a las 11:00 comenzar\u00e1 la carrera de Moto3 del Gran Premio de Espa\u00f1a, a la cual Matteo y Elia saldr\u00e1n desde la decimos\u00e9ptima y vig\u00e9simo tercera posici\u00f3n.<\/p>\n<p>&nbsp;<\/p>\n<p><strong>#18 MATTEO BERTELLE &#8211; P17 \u00a0<\/strong><br \/>\n<em>\u201cHa sido un d\u00eda positivo, a pesar de que nos hayan cancelado la vuelta r\u00e1pida. Me siento muy c\u00f3modo con la moto, creo que hemos hecho un buen trabajo para carrera, donde intentaremos que no nos sancionen. Creo que podremos realizar una buena carrera ma\u00f1ana. Gracias al equipo por todo el apoyo que me dan d\u00eda a d\u00eda.\u201d<\/em><\/p>\n<p>&nbsp;<\/p>\n<p><strong>#23 ELIA BARTOLINI &#8211; P23 \u00a0<\/strong><br \/>\n<em>\u201cNo ha sido un d\u00eda f\u00e1cil para nosotros, no conseguimos ser todo\u00a0lo r\u00e1pido que quisi\u00e9ramos en el FP3. En la clasificaci\u00f3n en la primera salida a pista he hecho una buena vuelta pero en el segundo run no nos ha salido el tiempo. A\u00fan as\u00ed ma\u00f1ana en carrera daremos el m\u00e1ximo e intentaremos remontar lo m\u00e1ximo posible.\u201d<\/em><\/p>\n","protected":false},"excerpt":{"rendered":"<p>Matteo Bertelle saldr\u00e1 en la decimos\u00e9ptima posici\u00f3n a la carrera del Gran Premio de Espa\u00f1a y Elia Bartolini lo har\u00e1 desde la vig\u00e9simo tercera plaza. En el \u00faltimo entreno libre, ambos pilotos mejoraron sus registros de ayer. Elia Bartolini rod\u00f3 en 1\u201947.525, un segundo m\u00e1s r\u00e1pido que el d\u00eda de ayer, su compa\u00f1ero par\u00f3 el [&hellip;]<\/p>\n","protected":false},"author":6,"featured_media":18866,"comment_status":"closed","ping_status":"closed","sticky":false,"template":"","format":"standard","meta":{"footnotes":""},"categories":[12],"tags":[],"class_list":["post-18857","post","type-post","status-publish","format-standard","has-post-thumbnail","hentry","category-moto3"],"yoast_head":"<!-- This site is optimized with the Yoast SEO plugin v27.1.1 - https:\/\/yoast.com\/product\/yoast-seo-wordpress\/ -->\n<title>QJMOTOR AVINTIA RACING EST\u00c1 PREPARADO PARA LA CARRERA DEL GRAN PREMIO DE ESPA\u00d1A\u200b - Esponsorama<\/title>\n<meta name=\"robots\" content=\"index, follow, max-snippet:-1, max-image-preview:large, max-video-preview:-1\" \/>\n<link rel=\"canonical\" href=\"http:\/\/esponsorama.ad\/es\/qjmotor-avintia-racing-esta-preparado-la-carrera-del-gran-premio-espana\u200b\/\" \/>\n<meta property=\"og:locale\" content=\"es_ES\" \/>\n<meta property=\"og:type\" content=\"article\" \/>\n<meta property=\"og:title\" content=\"QJMOTOR AVINTIA RACING EST\u00c1 PREPARADO PARA LA CARRERA DEL GRAN PREMIO DE ESPA\u00d1A\u200b - Esponsorama\" \/>\n<meta property=\"og:description\" content=\"Matteo Bertelle saldr\u00e1 en la decimos\u00e9ptima posici\u00f3n a la carrera del Gran Premio de Espa\u00f1a y Elia Bartolini lo har\u00e1 desde la vig\u00e9simo tercera plaza. En el \u00faltimo entreno libre, ambos pilotos mejoraron sus registros de ayer. Elia Bartolini rod\u00f3 en 1\u201947.525, un segundo m\u00e1s r\u00e1pido que el d\u00eda de ayer, su compa\u00f1ero par\u00f3 el [&hellip;]\" \/>\n<meta property=\"og:url\" content=\"http:\/\/esponsorama.ad\/es\/qjmotor-avintia-racing-esta-preparado-la-carrera-del-gran-premio-espana\u200b\/\" \/>\n<meta property=\"og:site_name\" content=\"Esponsorama\" \/>\n<meta property=\"article:published_time\" content=\"2022-05-26T07:03:07+00:00\" \/>\n<meta property=\"og:image\" content=\"http:\/\/esponsorama.ad\/wp-content\/uploads\/2022\/05\/b0a831af-3c82-32fe-174a-f5166f9c973c-1024x683.jpeg\" \/>\n\t<meta property=\"og:image:width\" content=\"1024\" \/>\n\t<meta property=\"og:image:height\" content=\"683\" \/>\n\t<meta property=\"og:image:type\" content=\"image\/jpeg\" \/>\n<meta name=\"author\" content=\"Xavi Andornet\" \/>\n<meta name=\"twitter:card\" content=\"summary_large_image\" \/>\n<meta name=\"twitter:label1\" content=\"Escrito por\" \/>\n\t<meta name=\"twitter:data1\" content=\"Xavi Andornet\" \/>\n\t<meta name=\"twitter:label2\" content=\"Tiempo de lectura\" \/>\n\t<meta name=\"twitter:data2\" content=\"2 minutos\" \/>\n<script type=\"application\/ld+json\" class=\"yoast-schema-graph\">{\"@context\":\"https:\/\/schema.org\",\"@graph\":[{\"@type\":\"Article\",\"@id\":\"http:\/\/esponsorama.ad\/es\/qjmotor-avintia-racing-esta-preparado-la-carrera-del-gran-premio-espana%e2%80%8b\/#article\",\"isPartOf\":{\"@id\":\"http:\/\/esponsorama.ad\/es\/qjmotor-avintia-racing-esta-preparado-la-carrera-del-gran-premio-espana%e2%80%8b\/\"},\"author\":{\"name\":\"Xavi Andornet\",\"@id\":\"http:\/\/esponsorama.ad\/es\/#\/schema\/person\/a5cde74945183d737066e46b61c6f9c4\"},\"headline\":\"QJMOTOR AVINTIA RACING EST\u00c1 PREPARADO PARA LA CARRERA DEL GRAN PREMIO DE ESPA\u00d1A\u200b\",\"datePublished\":\"2022-05-26T07:03:07+00:00\",\"mainEntityOfPage\":{\"@id\":\"http:\/\/esponsorama.ad\/es\/qjmotor-avintia-racing-esta-preparado-la-carrera-del-gran-premio-espana%e2%80%8b\/\"},\"wordCount\":329,\"image\":{\"@id\":\"http:\/\/esponsorama.ad\/es\/qjmotor-avintia-racing-esta-preparado-la-carrera-del-gran-premio-espana%e2%80%8b\/#primaryimage\"},\"thumbnailUrl\":\"http:\/\/esponsorama.ad\/wp-content\/uploads\/2022\/05\/b0a831af-3c82-32fe-174a-f5166f9c973c.jpeg\",\"articleSection\":[\"Moto3\"],\"inLanguage\":\"es\"},{\"@type\":\"WebPage\",\"@id\":\"http:\/\/esponsorama.ad\/es\/qjmotor-avintia-racing-esta-preparado-la-carrera-del-gran-premio-espana%e2%80%8b\/\",\"url\":\"http:\/\/esponsorama.ad\/es\/qjmotor-avintia-racing-esta-preparado-la-carrera-del-gran-premio-espana%e2%80%8b\/\",\"name\":\"QJMOTOR AVINTIA RACING EST\u00c1 PREPARADO PARA LA CARRERA DEL GRAN PREMIO DE ESPA\u00d1A\u200b - Esponsorama\",\"isPartOf\":{\"@id\":\"http:\/\/esponsorama.ad\/es\/#website\"},\"primaryImageOfPage\":{\"@id\":\"http:\/\/esponsorama.ad\/es\/qjmotor-avintia-racing-esta-preparado-la-carrera-del-gran-premio-espana%e2%80%8b\/#primaryimage\"},\"image\":{\"@id\":\"http:\/\/esponsorama.ad\/es\/qjmotor-avintia-racing-esta-preparado-la-carrera-del-gran-premio-espana%e2%80%8b\/#primaryimage\"},\"thumbnailUrl\":\"http:\/\/esponsorama.ad\/wp-content\/uploads\/2022\/05\/b0a831af-3c82-32fe-174a-f5166f9c973c.jpeg\",\"datePublished\":\"2022-05-26T07:03:07+00:00\",\"author\":{\"@id\":\"http:\/\/esponsorama.ad\/es\/#\/schema\/person\/a5cde74945183d737066e46b61c6f9c4\"},\"breadcrumb\":{\"@id\":\"http:\/\/esponsorama.ad\/es\/qjmotor-avintia-racing-esta-preparado-la-carrera-del-gran-premio-espana%e2%80%8b\/#breadcrumb\"},\"inLanguage\":\"es\",\"potentialAction\":[{\"@type\":\"ReadAction\",\"target\":[\"http:\/\/esponsorama.ad\/es\/qjmotor-avintia-racing-esta-preparado-la-carrera-del-gran-premio-espana%e2%80%8b\/\"]}]},{\"@type\":\"ImageObject\",\"inLanguage\":\"es\",\"@id\":\"http:\/\/esponsorama.ad\/es\/qjmotor-avintia-racing-esta-preparado-la-carrera-del-gran-premio-espana%e2%80%8b\/#primaryimage\",\"url\":\"http:\/\/esponsorama.ad\/wp-content\/uploads\/2022\/05\/b0a831af-3c82-32fe-174a-f5166f9c973c.jpeg\",\"contentUrl\":\"http:\/\/esponsorama.ad\/wp-content\/uploads\/2022\/05\/b0a831af-3c82-32fe-174a-f5166f9c973c.jpeg\",\"width\":4150,\"height\":2768},{\"@type\":\"BreadcrumbList\",\"@id\":\"http:\/\/esponsorama.ad\/es\/qjmotor-avintia-racing-esta-preparado-la-carrera-del-gran-premio-espana%e2%80%8b\/#breadcrumb\",\"itemListElement\":[{\"@type\":\"ListItem\",\"position\":1,\"name\":\"Home\",\"item\":\"http:\/\/esponsorama.ad\/ca\/\"},{\"@type\":\"ListItem\",\"position\":2,\"name\":\"QJMOTOR AVINTIA RACING EST\u00c1 PREPARADO PARA LA CARRERA DEL GRAN PREMIO DE ESPA\u00d1A\u200b\"}]},{\"@type\":\"WebSite\",\"@id\":\"http:\/\/esponsorama.ad\/es\/#website\",\"url\":\"http:\/\/esponsorama.ad\/es\/\",\"name\":\"Esponsorama\",\"description\":\"Specialist in motorsport sponsorship and event promotions\",\"potentialAction\":[{\"@type\":\"SearchAction\",\"target\":{\"@type\":\"EntryPoint\",\"urlTemplate\":\"http:\/\/esponsorama.ad\/es\/?s={search_term_string}\"},\"query-input\":{\"@type\":\"PropertyValueSpecification\",\"valueRequired\":true,\"valueName\":\"search_term_string\"}}],\"inLanguage\":\"es\"},{\"@type\":\"Person\",\"@id\":\"http:\/\/esponsorama.ad\/es\/#\/schema\/person\/a5cde74945183d737066e46b61c6f9c4\",\"name\":\"Xavi Andornet\",\"image\":{\"@type\":\"ImageObject\",\"inLanguage\":\"es\",\"@id\":\"http:\/\/esponsorama.ad\/es\/#\/schema\/person\/image\/\",\"url\":\"https:\/\/secure.gravatar.com\/avatar\/f10eaf9ad601244a2357c9fd7cd9805ed166cfaaf76d5d9ab08a9d873e70147a?s=96&d=mm&r=g\",\"contentUrl\":\"https:\/\/secure.gravatar.com\/avatar\/f10eaf9ad601244a2357c9fd7cd9805ed166cfaaf76d5d9ab08a9d873e70147a?s=96&d=mm&r=g\",\"caption\":\"Xavi Andornet\"},\"sameAs\":[\"http:\/\/www.andornet.ad\"],\"url\":\"http:\/\/esponsorama.ad\/es\/author\/andornet\/\"}]}<\/script>\n<!-- \/ Yoast SEO plugin. -->","yoast_head_json":{"title":"QJMOTOR AVINTIA RACING EST\u00c1 PREPARADO PARA LA CARRERA DEL GRAN PREMIO DE ESPA\u00d1A\u200b - Esponsorama","robots":{"index":"index","follow":"follow","max-snippet":"max-snippet:-1","max-image-preview":"max-image-preview:large","max-video-preview":"max-video-preview:-1"},"canonical":"http:\/\/esponsorama.ad\/es\/qjmotor-avintia-racing-esta-preparado-la-carrera-del-gran-premio-espana\u200b\/","og_locale":"es_ES","og_type":"article","og_title":"QJMOTOR AVINTIA RACING EST\u00c1 PREPARADO PARA LA CARRERA DEL GRAN PREMIO DE ESPA\u00d1A\u200b - Esponsorama","og_description":"Matteo Bertelle saldr\u00e1 en la decimos\u00e9ptima posici\u00f3n a la carrera del Gran Premio de Espa\u00f1a y Elia Bartolini lo har\u00e1 desde la vig\u00e9simo tercera plaza. En el \u00faltimo entreno libre, ambos pilotos mejoraron sus registros de ayer. Elia Bartolini rod\u00f3 en 1\u201947.525, un segundo m\u00e1s r\u00e1pido que el d\u00eda de ayer, su compa\u00f1ero par\u00f3 el [&hellip;]","og_url":"http:\/\/esponsorama.ad\/es\/qjmotor-avintia-racing-esta-preparado-la-carrera-del-gran-premio-espana\u200b\/","og_site_name":"Esponsorama","article_published_time":"2022-05-26T07:03:07+00:00","og_image":[{"width":1024,"height":683,"url":"http:\/\/esponsorama.ad\/wp-content\/uploads\/2022\/05\/b0a831af-3c82-32fe-174a-f5166f9c973c-1024x683.jpeg","type":"image\/jpeg"}],"author":"Xavi Andornet","twitter_card":"summary_large_image","twitter_misc":{"Escrito por":"Xavi Andornet","Tiempo de lectura":"2 minutos"},"schema":{"@context":"https:\/\/schema.org","@graph":[{"@type":"Article","@id":"http:\/\/esponsorama.ad\/es\/qjmotor-avintia-racing-esta-preparado-la-carrera-del-gran-premio-espana%e2%80%8b\/#article","isPartOf":{"@id":"http:\/\/esponsorama.ad\/es\/qjmotor-avintia-racing-esta-preparado-la-carrera-del-gran-premio-espana%e2%80%8b\/"},"author":{"name":"Xavi Andornet","@id":"http:\/\/esponsorama.ad\/es\/#\/schema\/person\/a5cde74945183d737066e46b61c6f9c4"},"headline":"QJMOTOR AVINTIA RACING EST\u00c1 PREPARADO PARA LA CARRERA DEL GRAN PREMIO DE ESPA\u00d1A\u200b","datePublished":"2022-05-26T07:03:07+00:00","mainEntityOfPage":{"@id":"http:\/\/esponsorama.ad\/es\/qjmotor-avintia-racing-esta-preparado-la-carrera-del-gran-premio-espana%e2%80%8b\/"},"wordCount":329,"image":{"@id":"http:\/\/esponsorama.ad\/es\/qjmotor-avintia-racing-esta-preparado-la-carrera-del-gran-premio-espana%e2%80%8b\/#primaryimage"},"thumbnailUrl":"http:\/\/esponsorama.ad\/wp-content\/uploads\/2022\/05\/b0a831af-3c82-32fe-174a-f5166f9c973c.jpeg","articleSection":["Moto3"],"inLanguage":"es"},{"@type":"WebPage","@id":"http:\/\/esponsorama.ad\/es\/qjmotor-avintia-racing-esta-preparado-la-carrera-del-gran-premio-espana%e2%80%8b\/","url":"http:\/\/esponsorama.ad\/es\/qjmotor-avintia-racing-esta-preparado-la-carrera-del-gran-premio-espana%e2%80%8b\/","name":"QJMOTOR AVINTIA RACING EST\u00c1 PREPARADO PARA LA CARRERA DEL GRAN PREMIO DE ESPA\u00d1A\u200b - Esponsorama","isPartOf":{"@id":"http:\/\/esponsorama.ad\/es\/#website"},"primaryImageOfPage":{"@id":"http:\/\/esponsorama.ad\/es\/qjmotor-avintia-racing-esta-preparado-la-carrera-del-gran-premio-espana%e2%80%8b\/#primaryimage"},"image":{"@id":"http:\/\/esponsorama.ad\/es\/qjmotor-avintia-racing-esta-preparado-la-carrera-del-gran-premio-espana%e2%80%8b\/#primaryimage"},"thumbnailUrl":"http:\/\/esponsorama.ad\/wp-content\/uploads\/2022\/05\/b0a831af-3c82-32fe-174a-f5166f9c973c.jpeg","datePublished":"2022-05-26T07:03:07+00:00","author":{"@id":"http:\/\/esponsorama.ad\/es\/#\/schema\/person\/a5cde74945183d737066e46b61c6f9c4"},"breadcrumb":{"@id":"http:\/\/esponsorama.ad\/es\/qjmotor-avintia-racing-esta-preparado-la-carrera-del-gran-premio-espana%e2%80%8b\/#breadcrumb"},"inLanguage":"es","potentialAction":[{"@type":"ReadAction","target":["http:\/\/esponsorama.ad\/es\/qjmotor-avintia-racing-esta-preparado-la-carrera-del-gran-premio-espana%e2%80%8b\/"]}]},{"@type":"ImageObject","inLanguage":"es","@id":"http:\/\/esponsorama.ad\/es\/qjmotor-avintia-racing-esta-preparado-la-carrera-del-gran-premio-espana%e2%80%8b\/#primaryimage","url":"http:\/\/esponsorama.ad\/wp-content\/uploads\/2022\/05\/b0a831af-3c82-32fe-174a-f5166f9c973c.jpeg","contentUrl":"http:\/\/esponsorama.ad\/wp-content\/uploads\/2022\/05\/b0a831af-3c82-32fe-174a-f5166f9c973c.jpeg","width":4150,"height":2768},{"@type":"BreadcrumbList","@id":"http:\/\/esponsorama.ad\/es\/qjmotor-avintia-racing-esta-preparado-la-carrera-del-gran-premio-espana%e2%80%8b\/#breadcrumb","itemListElement":[{"@type":"ListItem","position":1,"name":"Home","item":"http:\/\/esponsorama.ad\/ca\/"},{"@type":"ListItem","position":2,"name":"QJMOTOR AVINTIA RACING EST\u00c1 PREPARADO PARA LA CARRERA DEL GRAN PREMIO DE ESPA\u00d1A\u200b"}]},{"@type":"WebSite","@id":"http:\/\/esponsorama.ad\/es\/#website","url":"http:\/\/esponsorama.ad\/es\/","name":"Esponsorama","description":"Specialist in motorsport sponsorship and event promotions","potentialAction":[{"@type":"SearchAction","target":{"@type":"EntryPoint","urlTemplate":"http:\/\/esponsorama.ad\/es\/?s={search_term_string}"},"query-input":{"@type":"PropertyValueSpecification","valueRequired":true,"valueName":"search_term_string"}}],"inLanguage":"es"},{"@type":"Person","@id":"http:\/\/esponsorama.ad\/es\/#\/schema\/person\/a5cde74945183d737066e46b61c6f9c4","name":"Xavi Andornet","image":{"@type":"ImageObject","inLanguage":"es","@id":"http:\/\/esponsorama.ad\/es\/#\/schema\/person\/image\/","url":"https:\/\/secure.gravatar.com\/avatar\/f10eaf9ad601244a2357c9fd7cd9805ed166cfaaf76d5d9ab08a9d873e70147a?s=96&d=mm&r=g","contentUrl":"https:\/\/secure.gravatar.com\/avatar\/f10eaf9ad601244a2357c9fd7cd9805ed166cfaaf76d5d9ab08a9d873e70147a?s=96&d=mm&r=g","caption":"Xavi Andornet"},"sameAs":["http:\/\/www.andornet.ad"],"url":"http:\/\/esponsorama.ad\/es\/author\/andornet\/"}]}},"_links":{"self":[{"href":"http:\/\/esponsorama.ad\/es\/wp-json\/wp\/v2\/posts\/18857","targetHints":{"allow":["GET"]}}],"collection":[{"href":"http:\/\/esponsorama.ad\/es\/wp-json\/wp\/v2\/posts"}],"about":[{"href":"http:\/\/esponsorama.ad\/es\/wp-json\/wp\/v2\/types\/post"}],"author":[{"embeddable":true,"href":"http:\/\/esponsorama.ad\/es\/wp-json\/wp\/v2\/users\/6"}],"replies":[{"embeddable":true,"href":"http:\/\/esponsorama.ad\/es\/wp-json\/wp\/v2\/comments?post=18857"}],"version-history":[{"count":1,"href":"http:\/\/esponsorama.ad\/es\/wp-json\/wp\/v2\/posts\/18857\/revisions"}],"predecessor-version":[{"id":18870,"href":"http:\/\/esponsorama.ad\/es\/wp-json\/wp\/v2\/posts\/18857\/revisions\/18870"}],"wp:featuredmedia":[{"embeddable":true,"href":"http:\/\/esponsorama.ad\/es\/wp-json\/wp\/v2\/media\/18866"}],"wp:attachment":[{"href":"http:\/\/esponsorama.ad\/es\/wp-json\/wp\/v2\/media?parent=18857"}],"wp:term":[{"taxonomy":"category","embeddable":true,"href":"http:\/\/esponsorama.ad\/es\/wp-json\/wp\/v2\/categories?post=18857"},{"taxonomy":"post_tag","embeddable":true,"href":"http:\/\/esponsorama.ad\/es\/wp-json\/wp\/v2\/tags?post=18857"}],"curies":[{"name":"wp","href":"https:\/\/api.w.org\/{rel}","templated":true}]}}