{"id":2816,"date":"2017-04-28T17:25:47","date_gmt":"2017-04-28T15:25:47","guid":{"rendered":"http:\/\/esponsorama.ad\/?p=2816"},"modified":"2017-04-28T23:18:26","modified_gmt":"2017-04-28T21:18:26","slug":"reale-avintia-academy","status":"publish","type":"post","link":"http:\/\/esponsorama.ad\/es\/reale-avintia-academy\/","title":{"rendered":"Reale Avintia Academy se estrena en el FIM CEV"},"content":{"rendered":"<p>Para Reale Avintia Racing es un placer poder presentar su nuevo proyecto en el FIM CEV que arranca este fin de semana en el circuito de Albacete. Despu\u00e9s de varias temporadas centrado en el Campeonato del Mundo de MotoGP, la estructura que dirige Ra\u00fal Romero a trav\u00e9s de su empresa Esponsorama, vuelve al CEV con un proyecto que busca crear cantera entre los m\u00e1s j\u00f3venes.<\/p>\n<p>Con el equipo Reale Avintia Academy competir\u00e1n nada menos que cinco pilotos. El espa\u00f1ol Vicent P\u00e9rez y el ruso Makar Yurchenko lo har\u00e1n sobre sendas KTM RC250R en el FIM CEV de Moto3, mientras que los m\u00e1s j\u00f3venes, Iker Garc\u00eda Abella, Andreas P\u00e9rez Manresa y Jos\u00e9 Su\u00e1rez G\u00f3mez, se estrenar\u00e1n en la European Talent Cup.<\/p>\n<p>A pesar de su juventud, el equipo cuenta con gente muy experimentada, con Jordi Gatell como Team Manager y el cuatro veces campe\u00f3n de Espa\u00f1a, David de Gea, quien se encargar\u00e1 de seguir las evoluciones de los pilotos desde el borde de la pista, en su papel de asesor deportivo del equipo de Reale Avintia Academy.<\/p>\n<p>El proyecto cuenta con el apoyo de Reale Seguros, Avintia Grupo, Pacha, Air Europa, Cirsa, ITR, GRO, Sokol, JJuan y Galfer. Adem\u00e1s de los patrocinadores t\u00e9cnicos, Sixteen Valves, Sitges Card, Graftec, Akrapovic, Makarthy, Regina, PBR, Beta, Domino, Titan, Rizoma y Esfera Racing.<\/p>\n","protected":false},"excerpt":{"rendered":"<p>Para Reale Avintia Racing es un placer poder presentar su nuevo proyecto en el FIM CEV que arranca este fin de semana en el circuito de Albacete. Despu\u00e9s de varias temporadas centrado en el Campeonato del Mundo de MotoGP, la estructura que dirige Ra\u00fal Romero a trav\u00e9s de su empresa Esponsorama, vuelve al CEV con [&hellip;]<\/p>\n","protected":false},"author":6,"featured_media":2868,"comment_status":"closed","ping_status":"closed","sticky":false,"template":"","format":"standard","meta":{"footnotes":""},"categories":[10],"tags":[],"class_list":["post-2816","post","type-post","status-publish","format-standard","has-post-thumbnail","hentry","category-fim-cev"],"yoast_head":"<!-- This site is optimized with the Yoast SEO plugin v27.1.1 - https:\/\/yoast.com\/product\/yoast-seo-wordpress\/ -->\n<title>Reale Avintia Academy se estrena en el FIM CEV - Esponsorama<\/title>\n<meta name=\"robots\" content=\"index, follow, max-snippet:-1, max-image-preview:large, max-video-preview:-1\" \/>\n<link rel=\"canonical\" href=\"http:\/\/esponsorama.ad\/es\/reale-avintia-academy\/\" \/>\n<meta property=\"og:locale\" content=\"es_ES\" \/>\n<meta property=\"og:type\" content=\"article\" \/>\n<meta property=\"og:title\" content=\"Reale Avintia Academy se estrena en el FIM CEV - Esponsorama\" \/>\n<meta property=\"og:description\" content=\"Para Reale Avintia Racing es un placer poder presentar su nuevo proyecto en el FIM CEV que arranca este fin de semana en el circuito de Albacete. Despu\u00e9s de varias temporadas centrado en el Campeonato del Mundo de MotoGP, la estructura que dirige Ra\u00fal Romero a trav\u00e9s de su empresa Esponsorama, vuelve al CEV con [&hellip;]\" \/>\n<meta property=\"og:url\" content=\"http:\/\/esponsorama.ad\/es\/reale-avintia-academy\/\" \/>\n<meta property=\"og:site_name\" content=\"Esponsorama\" \/>\n<meta property=\"article:published_time\" content=\"2017-04-28T15:25:47+00:00\" \/>\n<meta property=\"article:modified_time\" content=\"2017-04-28T21:18:26+00:00\" \/>\n<meta property=\"og:image\" content=\"http:\/\/esponsorama.ad\/wp-content\/uploads\/2017\/04\/GOPR1034-1024x768.jpg\" \/>\n\t<meta property=\"og:image:width\" content=\"1024\" \/>\n\t<meta property=\"og:image:height\" content=\"768\" \/>\n\t<meta property=\"og:image:type\" content=\"image\/jpeg\" \/>\n<meta name=\"author\" content=\"Xavi Andornet\" \/>\n<meta name=\"twitter:card\" content=\"summary_large_image\" \/>\n<meta name=\"twitter:label1\" content=\"Escrito por\" \/>\n\t<meta name=\"twitter:data1\" content=\"Xavi Andornet\" \/>\n\t<meta name=\"twitter:label2\" content=\"Tiempo de lectura\" \/>\n\t<meta name=\"twitter:data2\" content=\"1 minuto\" \/>\n<script type=\"application\/ld+json\" class=\"yoast-schema-graph\">{\"@context\":\"https:\/\/schema.org\",\"@graph\":[{\"@type\":\"Article\",\"@id\":\"http:\/\/esponsorama.ad\/es\/reale-avintia-academy\/#article\",\"isPartOf\":{\"@id\":\"http:\/\/esponsorama.ad\/es\/reale-avintia-academy\/\"},\"author\":{\"name\":\"Xavi Andornet\",\"@id\":\"http:\/\/esponsorama.ad\/es\/#\/schema\/person\/a5cde74945183d737066e46b61c6f9c4\"},\"headline\":\"Reale Avintia Academy se estrena en el FIM CEV\",\"datePublished\":\"2017-04-28T15:25:47+00:00\",\"dateModified\":\"2017-04-28T21:18:26+00:00\",\"mainEntityOfPage\":{\"@id\":\"http:\/\/esponsorama.ad\/es\/reale-avintia-academy\/\"},\"wordCount\":248,\"image\":{\"@id\":\"http:\/\/esponsorama.ad\/es\/reale-avintia-academy\/#primaryimage\"},\"thumbnailUrl\":\"http:\/\/esponsorama.ad\/wp-content\/uploads\/2017\/04\/GOPR1034.jpg\",\"articleSection\":[\"FIM CEV\"],\"inLanguage\":\"es\"},{\"@type\":\"WebPage\",\"@id\":\"http:\/\/esponsorama.ad\/es\/reale-avintia-academy\/\",\"url\":\"http:\/\/esponsorama.ad\/es\/reale-avintia-academy\/\",\"name\":\"Reale Avintia Academy se estrena en el FIM CEV - Esponsorama\",\"isPartOf\":{\"@id\":\"http:\/\/esponsorama.ad\/es\/#website\"},\"primaryImageOfPage\":{\"@id\":\"http:\/\/esponsorama.ad\/es\/reale-avintia-academy\/#primaryimage\"},\"image\":{\"@id\":\"http:\/\/esponsorama.ad\/es\/reale-avintia-academy\/#primaryimage\"},\"thumbnailUrl\":\"http:\/\/esponsorama.ad\/wp-content\/uploads\/2017\/04\/GOPR1034.jpg\",\"datePublished\":\"2017-04-28T15:25:47+00:00\",\"dateModified\":\"2017-04-28T21:18:26+00:00\",\"author\":{\"@id\":\"http:\/\/esponsorama.ad\/es\/#\/schema\/person\/a5cde74945183d737066e46b61c6f9c4\"},\"breadcrumb\":{\"@id\":\"http:\/\/esponsorama.ad\/es\/reale-avintia-academy\/#breadcrumb\"},\"inLanguage\":\"es\",\"potentialAction\":[{\"@type\":\"ReadAction\",\"target\":[\"http:\/\/esponsorama.ad\/es\/reale-avintia-academy\/\"]}]},{\"@type\":\"ImageObject\",\"inLanguage\":\"es\",\"@id\":\"http:\/\/esponsorama.ad\/es\/reale-avintia-academy\/#primaryimage\",\"url\":\"http:\/\/esponsorama.ad\/wp-content\/uploads\/2017\/04\/GOPR1034.jpg\",\"contentUrl\":\"http:\/\/esponsorama.ad\/wp-content\/uploads\/2017\/04\/GOPR1034.jpg\",\"width\":4000,\"height\":3000,\"caption\":\"DCIM100GOPRO\"},{\"@type\":\"BreadcrumbList\",\"@id\":\"http:\/\/esponsorama.ad\/es\/reale-avintia-academy\/#breadcrumb\",\"itemListElement\":[{\"@type\":\"ListItem\",\"position\":1,\"name\":\"Home\",\"item\":\"http:\/\/esponsorama.ad\/en\/\"},{\"@type\":\"ListItem\",\"position\":2,\"name\":\"Reale Avintia Academy se estrena en el FIM CEV\"}]},{\"@type\":\"WebSite\",\"@id\":\"http:\/\/esponsorama.ad\/es\/#website\",\"url\":\"http:\/\/esponsorama.ad\/es\/\",\"name\":\"Esponsorama\",\"description\":\"Specialist in motorsport sponsorship and event promotions\",\"potentialAction\":[{\"@type\":\"SearchAction\",\"target\":{\"@type\":\"EntryPoint\",\"urlTemplate\":\"http:\/\/esponsorama.ad\/es\/?s={search_term_string}\"},\"query-input\":{\"@type\":\"PropertyValueSpecification\",\"valueRequired\":true,\"valueName\":\"search_term_string\"}}],\"inLanguage\":\"es\"},{\"@type\":\"Person\",\"@id\":\"http:\/\/esponsorama.ad\/es\/#\/schema\/person\/a5cde74945183d737066e46b61c6f9c4\",\"name\":\"Xavi Andornet\",\"image\":{\"@type\":\"ImageObject\",\"inLanguage\":\"es\",\"@id\":\"http:\/\/esponsorama.ad\/es\/#\/schema\/person\/image\/\",\"url\":\"https:\/\/secure.gravatar.com\/avatar\/f10eaf9ad601244a2357c9fd7cd9805ed166cfaaf76d5d9ab08a9d873e70147a?s=96&d=mm&r=g\",\"contentUrl\":\"https:\/\/secure.gravatar.com\/avatar\/f10eaf9ad601244a2357c9fd7cd9805ed166cfaaf76d5d9ab08a9d873e70147a?s=96&d=mm&r=g\",\"caption\":\"Xavi Andornet\"},\"sameAs\":[\"http:\/\/www.andornet.ad\"],\"url\":\"http:\/\/esponsorama.ad\/es\/author\/andornet\/\"}]}<\/script>\n<!-- \/ Yoast SEO plugin. -->","yoast_head_json":{"title":"Reale Avintia Academy se estrena en el FIM CEV - Esponsorama","robots":{"index":"index","follow":"follow","max-snippet":"max-snippet:-1","max-image-preview":"max-image-preview:large","max-video-preview":"max-video-preview:-1"},"canonical":"http:\/\/esponsorama.ad\/es\/reale-avintia-academy\/","og_locale":"es_ES","og_type":"article","og_title":"Reale Avintia Academy se estrena en el FIM CEV - Esponsorama","og_description":"Para Reale Avintia Racing es un placer poder presentar su nuevo proyecto en el FIM CEV que arranca este fin de semana en el circuito de Albacete. Despu\u00e9s de varias temporadas centrado en el Campeonato del Mundo de MotoGP, la estructura que dirige Ra\u00fal Romero a trav\u00e9s de su empresa Esponsorama, vuelve al CEV con [&hellip;]","og_url":"http:\/\/esponsorama.ad\/es\/reale-avintia-academy\/","og_site_name":"Esponsorama","article_published_time":"2017-04-28T15:25:47+00:00","article_modified_time":"2017-04-28T21:18:26+00:00","og_image":[{"width":1024,"height":768,"url":"http:\/\/esponsorama.ad\/wp-content\/uploads\/2017\/04\/GOPR1034-1024x768.jpg","type":"image\/jpeg"}],"author":"Xavi Andornet","twitter_card":"summary_large_image","twitter_misc":{"Escrito por":"Xavi Andornet","Tiempo de lectura":"1 minuto"},"schema":{"@context":"https:\/\/schema.org","@graph":[{"@type":"Article","@id":"http:\/\/esponsorama.ad\/es\/reale-avintia-academy\/#article","isPartOf":{"@id":"http:\/\/esponsorama.ad\/es\/reale-avintia-academy\/"},"author":{"name":"Xavi Andornet","@id":"http:\/\/esponsorama.ad\/es\/#\/schema\/person\/a5cde74945183d737066e46b61c6f9c4"},"headline":"Reale Avintia Academy se estrena en el FIM CEV","datePublished":"2017-04-28T15:25:47+00:00","dateModified":"2017-04-28T21:18:26+00:00","mainEntityOfPage":{"@id":"http:\/\/esponsorama.ad\/es\/reale-avintia-academy\/"},"wordCount":248,"image":{"@id":"http:\/\/esponsorama.ad\/es\/reale-avintia-academy\/#primaryimage"},"thumbnailUrl":"http:\/\/esponsorama.ad\/wp-content\/uploads\/2017\/04\/GOPR1034.jpg","articleSection":["FIM CEV"],"inLanguage":"es"},{"@type":"WebPage","@id":"http:\/\/esponsorama.ad\/es\/reale-avintia-academy\/","url":"http:\/\/esponsorama.ad\/es\/reale-avintia-academy\/","name":"Reale Avintia Academy se estrena en el FIM CEV - Esponsorama","isPartOf":{"@id":"http:\/\/esponsorama.ad\/es\/#website"},"primaryImageOfPage":{"@id":"http:\/\/esponsorama.ad\/es\/reale-avintia-academy\/#primaryimage"},"image":{"@id":"http:\/\/esponsorama.ad\/es\/reale-avintia-academy\/#primaryimage"},"thumbnailUrl":"http:\/\/esponsorama.ad\/wp-content\/uploads\/2017\/04\/GOPR1034.jpg","datePublished":"2017-04-28T15:25:47+00:00","dateModified":"2017-04-28T21:18:26+00:00","author":{"@id":"http:\/\/esponsorama.ad\/es\/#\/schema\/person\/a5cde74945183d737066e46b61c6f9c4"},"breadcrumb":{"@id":"http:\/\/esponsorama.ad\/es\/reale-avintia-academy\/#breadcrumb"},"inLanguage":"es","potentialAction":[{"@type":"ReadAction","target":["http:\/\/esponsorama.ad\/es\/reale-avintia-academy\/"]}]},{"@type":"ImageObject","inLanguage":"es","@id":"http:\/\/esponsorama.ad\/es\/reale-avintia-academy\/#primaryimage","url":"http:\/\/esponsorama.ad\/wp-content\/uploads\/2017\/04\/GOPR1034.jpg","contentUrl":"http:\/\/esponsorama.ad\/wp-content\/uploads\/2017\/04\/GOPR1034.jpg","width":4000,"height":3000,"caption":"DCIM100GOPRO"},{"@type":"BreadcrumbList","@id":"http:\/\/esponsorama.ad\/es\/reale-avintia-academy\/#breadcrumb","itemListElement":[{"@type":"ListItem","position":1,"name":"Home","item":"http:\/\/esponsorama.ad\/en\/"},{"@type":"ListItem","position":2,"name":"Reale Avintia Academy se estrena en el FIM CEV"}]},{"@type":"WebSite","@id":"http:\/\/esponsorama.ad\/es\/#website","url":"http:\/\/esponsorama.ad\/es\/","name":"Esponsorama","description":"Specialist in motorsport sponsorship and event promotions","potentialAction":[{"@type":"SearchAction","target":{"@type":"EntryPoint","urlTemplate":"http:\/\/esponsorama.ad\/es\/?s={search_term_string}"},"query-input":{"@type":"PropertyValueSpecification","valueRequired":true,"valueName":"search_term_string"}}],"inLanguage":"es"},{"@type":"Person","@id":"http:\/\/esponsorama.ad\/es\/#\/schema\/person\/a5cde74945183d737066e46b61c6f9c4","name":"Xavi Andornet","image":{"@type":"ImageObject","inLanguage":"es","@id":"http:\/\/esponsorama.ad\/es\/#\/schema\/person\/image\/","url":"https:\/\/secure.gravatar.com\/avatar\/f10eaf9ad601244a2357c9fd7cd9805ed166cfaaf76d5d9ab08a9d873e70147a?s=96&d=mm&r=g","contentUrl":"https:\/\/secure.gravatar.com\/avatar\/f10eaf9ad601244a2357c9fd7cd9805ed166cfaaf76d5d9ab08a9d873e70147a?s=96&d=mm&r=g","caption":"Xavi Andornet"},"sameAs":["http:\/\/www.andornet.ad"],"url":"http:\/\/esponsorama.ad\/es\/author\/andornet\/"}]}},"_links":{"self":[{"href":"http:\/\/esponsorama.ad\/es\/wp-json\/wp\/v2\/posts\/2816","targetHints":{"allow":["GET"]}}],"collection":[{"href":"http:\/\/esponsorama.ad\/es\/wp-json\/wp\/v2\/posts"}],"about":[{"href":"http:\/\/esponsorama.ad\/es\/wp-json\/wp\/v2\/types\/post"}],"author":[{"embeddable":true,"href":"http:\/\/esponsorama.ad\/es\/wp-json\/wp\/v2\/users\/6"}],"replies":[{"embeddable":true,"href":"http:\/\/esponsorama.ad\/es\/wp-json\/wp\/v2\/comments?post=2816"}],"version-history":[{"count":0,"href":"http:\/\/esponsorama.ad\/es\/wp-json\/wp\/v2\/posts\/2816\/revisions"}],"wp:featuredmedia":[{"embeddable":true,"href":"http:\/\/esponsorama.ad\/es\/wp-json\/wp\/v2\/media\/2868"}],"wp:attachment":[{"href":"http:\/\/esponsorama.ad\/es\/wp-json\/wp\/v2\/media?parent=2816"}],"wp:term":[{"taxonomy":"category","embeddable":true,"href":"http:\/\/esponsorama.ad\/es\/wp-json\/wp\/v2\/categories?post=2816"},{"taxonomy":"post_tag","embeddable":true,"href":"http:\/\/esponsorama.ad\/es\/wp-json\/wp\/v2\/tags?post=2816"}],"curies":[{"name":"wp","href":"https:\/\/api.w.org\/{rel}","templated":true}]}}