{"id":3169,"date":"2017-05-05T16:47:35","date_gmt":"2017-05-05T14:47:35","guid":{"rendered":"http:\/\/esponsorama.ad\/?p=3169"},"modified":"2017-05-11T13:51:02","modified_gmt":"2017-05-11T11:51:02","slug":"arranque-positivo-vicente-perez-gran-premio-espana-2","status":"publish","type":"post","link":"http:\/\/esponsorama.ad\/es\/arranque-positivo-vicente-perez-gran-premio-espana-2\/","title":{"rendered":"Arranque positivo para Vicente P\u00e9rez en el Gran Premio de Espa\u00f1a"},"content":{"rendered":"<p>El circuito Jerezano ha amanecido el viernes bajo la lluvia y sin dar\u00a0tregua a la categor\u00eda de Moto3 para tener una FP1 en condiciones \u00f3ptimas.<\/p>\n<p>Vicente P\u00e9rez, de la Reale Avintia Academy y participante como \u201cwild card\u201d en el Gran Premio de Espa\u00f1a de Moto3, ha rodado muy bien bajo la lluvia; finalizando tercero\u00a0en los primeros entrenamientos libres, con un tiempo de 2\u201901.348. Pero, en esta primera toma de contacto no se ha podido coger ninguna referencia que le sirva de cara al resto de Gran Premio.<\/p>\n<p>Para la FP2 el sol hab\u00eda secado la pista y esto ha valido\u00a0\u00a0para saber d\u00f3nde se encontraba nuestro piloto valenciano. Vicente ha estado probando varias cosas de su KTM y se ha clasificado vig\u00e9simo tercero en los segundos libres, con un tiempo de 1\u201952.373.<\/p>\n<p>&nbsp;<\/p>\n\n<p>\u201cEn la segunda sesi\u00f3n de entrenamientos ha estado m\u00e1s dif\u00edcil la situaci\u00f3n porque la pista estaba seca y el resto de pilotos ven\u00edan de haber realizado el test aqu\u00ed; nosotros hemos venido a ciegas, por as\u00ed decirlo.\u00a0Al final nos hemos situado en el puesto 23, pero estamos muy pegados. Hay varios pilotos que est\u00e1n un paso por encima, pero tambi\u00e9n han montado neum\u00e1ticos nuevos. Estoy muy positivo y ma\u00f1ana seguro que podemos estar luchando para un buen resultado.\u201d<\/p>\n<p>&nbsp;<\/p>\n\n<p>\u201cA Vicente le veo muy concentrado y trabajando muy bien. En la segunda sesi\u00f3n estamos donde realmente nos toca estar, como \u201cWild Card\u201d. Todo el trabajo se ha ido hacia la segunda sesi\u00f3n, ya que en la primera est\u00e1bamos en condiciones de seco. Puede mejorar bastante y con\u00a0las circunstancias que hemos tenido le doy de puntuaci\u00f3n un notable. Los pilotos del Mundial tienen un \u00faltimo empuje, que a nosotros a\u00fan nos cuesta. Ma\u00f1ana, si hacemos una buena FP3 podemos despu\u00e9s hacer una Qualifying correcta y as\u00ed, estar en el top 20\u201d<\/p>\n<p>&nbsp;<\/p>\n","protected":false},"excerpt":{"rendered":"<p>El circuito Jerezano ha amanecido el viernes bajo la lluvia y sin dar\u00a0tregua a la categor\u00eda de Moto3 para tener una FP1 en condiciones \u00f3ptimas. Vicente P\u00e9rez, de la Reale Avintia Academy y participante como \u201cwild card\u201d en el Gran Premio de Espa\u00f1a de Moto3, ha rodado muy bien bajo la lluvia; finalizando tercero\u00a0en los [&hellip;]<\/p>\n","protected":false},"author":6,"featured_media":3181,"comment_status":"closed","ping_status":"closed","sticky":false,"template":"","format":"standard","meta":{"footnotes":""},"categories":[10],"tags":[],"class_list":["post-3169","post","type-post","status-publish","format-standard","has-post-thumbnail","hentry","category-fim-cev"],"yoast_head":"<!-- This site is optimized with the Yoast SEO plugin v27.1.1 - https:\/\/yoast.com\/product\/yoast-seo-wordpress\/ -->\n<title>Arranque positivo para Vicente P\u00e9rez en el Gran Premio de Espa\u00f1a - Esponsorama<\/title>\n<meta name=\"robots\" content=\"index, follow, max-snippet:-1, max-image-preview:large, max-video-preview:-1\" \/>\n<link rel=\"canonical\" href=\"http:\/\/esponsorama.ad\/es\/arranque-positivo-vicente-perez-gran-premio-espana-2\/\" \/>\n<meta property=\"og:locale\" content=\"es_ES\" \/>\n<meta property=\"og:type\" content=\"article\" \/>\n<meta property=\"og:title\" content=\"Arranque positivo para Vicente P\u00e9rez en el Gran Premio de Espa\u00f1a - Esponsorama\" \/>\n<meta property=\"og:description\" content=\"El circuito Jerezano ha amanecido el viernes bajo la lluvia y sin dar\u00a0tregua a la categor\u00eda de Moto3 para tener una FP1 en condiciones \u00f3ptimas. Vicente P\u00e9rez, de la Reale Avintia Academy y participante como \u201cwild card\u201d en el Gran Premio de Espa\u00f1a de Moto3, ha rodado muy bien bajo la lluvia; finalizando tercero\u00a0en los [&hellip;]\" \/>\n<meta property=\"og:url\" content=\"http:\/\/esponsorama.ad\/es\/arranque-positivo-vicente-perez-gran-premio-espana-2\/\" \/>\n<meta property=\"og:site_name\" content=\"Esponsorama\" \/>\n<meta property=\"article:published_time\" content=\"2017-05-05T14:47:35+00:00\" \/>\n<meta property=\"article:modified_time\" content=\"2017-05-11T11:51:02+00:00\" \/>\n<meta property=\"og:image\" content=\"http:\/\/esponsorama.ad\/wp-content\/uploads\/2017\/05\/04Jerez17M3-8096.jpg\" \/>\n\t<meta property=\"og:image:width\" content=\"4595\" \/>\n\t<meta property=\"og:image:height\" content=\"3063\" \/>\n\t<meta property=\"og:image:type\" content=\"image\/jpeg\" \/>\n<meta name=\"author\" content=\"Xavi Andornet\" \/>\n<meta name=\"twitter:card\" content=\"summary_large_image\" \/>\n<meta name=\"twitter:label1\" content=\"Escrito por\" \/>\n\t<meta name=\"twitter:data1\" content=\"Xavi Andornet\" \/>\n\t<meta name=\"twitter:label2\" content=\"Tiempo de lectura\" \/>\n\t<meta name=\"twitter:data2\" content=\"2 minutos\" \/>\n<script type=\"application\/ld+json\" class=\"yoast-schema-graph\">{\"@context\":\"https:\/\/schema.org\",\"@graph\":[{\"@type\":\"Article\",\"@id\":\"http:\/\/esponsorama.ad\/es\/arranque-positivo-vicente-perez-gran-premio-espana-2\/#article\",\"isPartOf\":{\"@id\":\"http:\/\/esponsorama.ad\/es\/arranque-positivo-vicente-perez-gran-premio-espana-2\/\"},\"author\":{\"name\":\"Xavi Andornet\",\"@id\":\"http:\/\/esponsorama.ad\/es\/#\/schema\/person\/a5cde74945183d737066e46b61c6f9c4\"},\"headline\":\"Arranque positivo para Vicente P\u00e9rez en el Gran Premio de Espa\u00f1a\",\"datePublished\":\"2017-05-05T14:47:35+00:00\",\"dateModified\":\"2017-05-11T11:51:02+00:00\",\"mainEntityOfPage\":{\"@id\":\"http:\/\/esponsorama.ad\/es\/arranque-positivo-vicente-perez-gran-premio-espana-2\/\"},\"wordCount\":349,\"image\":{\"@id\":\"http:\/\/esponsorama.ad\/es\/arranque-positivo-vicente-perez-gran-premio-espana-2\/#primaryimage\"},\"thumbnailUrl\":\"http:\/\/esponsorama.ad\/wp-content\/uploads\/2017\/05\/04Jerez17M3-8096.jpg\",\"articleSection\":[\"FIM CEV\"],\"inLanguage\":\"es\"},{\"@type\":\"WebPage\",\"@id\":\"http:\/\/esponsorama.ad\/es\/arranque-positivo-vicente-perez-gran-premio-espana-2\/\",\"url\":\"http:\/\/esponsorama.ad\/es\/arranque-positivo-vicente-perez-gran-premio-espana-2\/\",\"name\":\"Arranque positivo para Vicente P\u00e9rez en el Gran Premio de Espa\u00f1a - Esponsorama\",\"isPartOf\":{\"@id\":\"http:\/\/esponsorama.ad\/es\/#website\"},\"primaryImageOfPage\":{\"@id\":\"http:\/\/esponsorama.ad\/es\/arranque-positivo-vicente-perez-gran-premio-espana-2\/#primaryimage\"},\"image\":{\"@id\":\"http:\/\/esponsorama.ad\/es\/arranque-positivo-vicente-perez-gran-premio-espana-2\/#primaryimage\"},\"thumbnailUrl\":\"http:\/\/esponsorama.ad\/wp-content\/uploads\/2017\/05\/04Jerez17M3-8096.jpg\",\"datePublished\":\"2017-05-05T14:47:35+00:00\",\"dateModified\":\"2017-05-11T11:51:02+00:00\",\"author\":{\"@id\":\"http:\/\/esponsorama.ad\/es\/#\/schema\/person\/a5cde74945183d737066e46b61c6f9c4\"},\"breadcrumb\":{\"@id\":\"http:\/\/esponsorama.ad\/es\/arranque-positivo-vicente-perez-gran-premio-espana-2\/#breadcrumb\"},\"inLanguage\":\"es\",\"potentialAction\":[{\"@type\":\"ReadAction\",\"target\":[\"http:\/\/esponsorama.ad\/es\/arranque-positivo-vicente-perez-gran-premio-espana-2\/\"]}]},{\"@type\":\"ImageObject\",\"inLanguage\":\"es\",\"@id\":\"http:\/\/esponsorama.ad\/es\/arranque-positivo-vicente-perez-gran-premio-espana-2\/#primaryimage\",\"url\":\"http:\/\/esponsorama.ad\/wp-content\/uploads\/2017\/05\/04Jerez17M3-8096.jpg\",\"contentUrl\":\"http:\/\/esponsorama.ad\/wp-content\/uploads\/2017\/05\/04Jerez17M3-8096.jpg\",\"width\":4595,\"height\":3063},{\"@type\":\"BreadcrumbList\",\"@id\":\"http:\/\/esponsorama.ad\/es\/arranque-positivo-vicente-perez-gran-premio-espana-2\/#breadcrumb\",\"itemListElement\":[{\"@type\":\"ListItem\",\"position\":1,\"name\":\"Home\",\"item\":\"http:\/\/esponsorama.ad\/ca\/\"},{\"@type\":\"ListItem\",\"position\":2,\"name\":\"Arranque positivo para Vicente P\u00e9rez en el Gran Premio de Espa\u00f1a\"}]},{\"@type\":\"WebSite\",\"@id\":\"http:\/\/esponsorama.ad\/es\/#website\",\"url\":\"http:\/\/esponsorama.ad\/es\/\",\"name\":\"Esponsorama\",\"description\":\"Specialist in motorsport sponsorship and event promotions\",\"potentialAction\":[{\"@type\":\"SearchAction\",\"target\":{\"@type\":\"EntryPoint\",\"urlTemplate\":\"http:\/\/esponsorama.ad\/es\/?s={search_term_string}\"},\"query-input\":{\"@type\":\"PropertyValueSpecification\",\"valueRequired\":true,\"valueName\":\"search_term_string\"}}],\"inLanguage\":\"es\"},{\"@type\":\"Person\",\"@id\":\"http:\/\/esponsorama.ad\/es\/#\/schema\/person\/a5cde74945183d737066e46b61c6f9c4\",\"name\":\"Xavi Andornet\",\"image\":{\"@type\":\"ImageObject\",\"inLanguage\":\"es\",\"@id\":\"http:\/\/esponsorama.ad\/es\/#\/schema\/person\/image\/\",\"url\":\"https:\/\/secure.gravatar.com\/avatar\/f10eaf9ad601244a2357c9fd7cd9805ed166cfaaf76d5d9ab08a9d873e70147a?s=96&d=mm&r=g\",\"contentUrl\":\"https:\/\/secure.gravatar.com\/avatar\/f10eaf9ad601244a2357c9fd7cd9805ed166cfaaf76d5d9ab08a9d873e70147a?s=96&d=mm&r=g\",\"caption\":\"Xavi Andornet\"},\"sameAs\":[\"http:\/\/www.andornet.ad\"],\"url\":\"http:\/\/esponsorama.ad\/es\/author\/andornet\/\"}]}<\/script>\n<!-- \/ Yoast SEO plugin. -->","yoast_head_json":{"title":"Arranque positivo para Vicente P\u00e9rez en el Gran Premio de Espa\u00f1a - Esponsorama","robots":{"index":"index","follow":"follow","max-snippet":"max-snippet:-1","max-image-preview":"max-image-preview:large","max-video-preview":"max-video-preview:-1"},"canonical":"http:\/\/esponsorama.ad\/es\/arranque-positivo-vicente-perez-gran-premio-espana-2\/","og_locale":"es_ES","og_type":"article","og_title":"Arranque positivo para Vicente P\u00e9rez en el Gran Premio de Espa\u00f1a - Esponsorama","og_description":"El circuito Jerezano ha amanecido el viernes bajo la lluvia y sin dar\u00a0tregua a la categor\u00eda de Moto3 para tener una FP1 en condiciones \u00f3ptimas. Vicente P\u00e9rez, de la Reale Avintia Academy y participante como \u201cwild card\u201d en el Gran Premio de Espa\u00f1a de Moto3, ha rodado muy bien bajo la lluvia; finalizando tercero\u00a0en los [&hellip;]","og_url":"http:\/\/esponsorama.ad\/es\/arranque-positivo-vicente-perez-gran-premio-espana-2\/","og_site_name":"Esponsorama","article_published_time":"2017-05-05T14:47:35+00:00","article_modified_time":"2017-05-11T11:51:02+00:00","og_image":[{"width":4595,"height":3063,"url":"http:\/\/esponsorama.ad\/wp-content\/uploads\/2017\/05\/04Jerez17M3-8096.jpg","type":"image\/jpeg"}],"author":"Xavi Andornet","twitter_card":"summary_large_image","twitter_misc":{"Escrito por":"Xavi Andornet","Tiempo de lectura":"2 minutos"},"schema":{"@context":"https:\/\/schema.org","@graph":[{"@type":"Article","@id":"http:\/\/esponsorama.ad\/es\/arranque-positivo-vicente-perez-gran-premio-espana-2\/#article","isPartOf":{"@id":"http:\/\/esponsorama.ad\/es\/arranque-positivo-vicente-perez-gran-premio-espana-2\/"},"author":{"name":"Xavi Andornet","@id":"http:\/\/esponsorama.ad\/es\/#\/schema\/person\/a5cde74945183d737066e46b61c6f9c4"},"headline":"Arranque positivo para Vicente P\u00e9rez en el Gran Premio de Espa\u00f1a","datePublished":"2017-05-05T14:47:35+00:00","dateModified":"2017-05-11T11:51:02+00:00","mainEntityOfPage":{"@id":"http:\/\/esponsorama.ad\/es\/arranque-positivo-vicente-perez-gran-premio-espana-2\/"},"wordCount":349,"image":{"@id":"http:\/\/esponsorama.ad\/es\/arranque-positivo-vicente-perez-gran-premio-espana-2\/#primaryimage"},"thumbnailUrl":"http:\/\/esponsorama.ad\/wp-content\/uploads\/2017\/05\/04Jerez17M3-8096.jpg","articleSection":["FIM CEV"],"inLanguage":"es"},{"@type":"WebPage","@id":"http:\/\/esponsorama.ad\/es\/arranque-positivo-vicente-perez-gran-premio-espana-2\/","url":"http:\/\/esponsorama.ad\/es\/arranque-positivo-vicente-perez-gran-premio-espana-2\/","name":"Arranque positivo para Vicente P\u00e9rez en el Gran Premio de Espa\u00f1a - Esponsorama","isPartOf":{"@id":"http:\/\/esponsorama.ad\/es\/#website"},"primaryImageOfPage":{"@id":"http:\/\/esponsorama.ad\/es\/arranque-positivo-vicente-perez-gran-premio-espana-2\/#primaryimage"},"image":{"@id":"http:\/\/esponsorama.ad\/es\/arranque-positivo-vicente-perez-gran-premio-espana-2\/#primaryimage"},"thumbnailUrl":"http:\/\/esponsorama.ad\/wp-content\/uploads\/2017\/05\/04Jerez17M3-8096.jpg","datePublished":"2017-05-05T14:47:35+00:00","dateModified":"2017-05-11T11:51:02+00:00","author":{"@id":"http:\/\/esponsorama.ad\/es\/#\/schema\/person\/a5cde74945183d737066e46b61c6f9c4"},"breadcrumb":{"@id":"http:\/\/esponsorama.ad\/es\/arranque-positivo-vicente-perez-gran-premio-espana-2\/#breadcrumb"},"inLanguage":"es","potentialAction":[{"@type":"ReadAction","target":["http:\/\/esponsorama.ad\/es\/arranque-positivo-vicente-perez-gran-premio-espana-2\/"]}]},{"@type":"ImageObject","inLanguage":"es","@id":"http:\/\/esponsorama.ad\/es\/arranque-positivo-vicente-perez-gran-premio-espana-2\/#primaryimage","url":"http:\/\/esponsorama.ad\/wp-content\/uploads\/2017\/05\/04Jerez17M3-8096.jpg","contentUrl":"http:\/\/esponsorama.ad\/wp-content\/uploads\/2017\/05\/04Jerez17M3-8096.jpg","width":4595,"height":3063},{"@type":"BreadcrumbList","@id":"http:\/\/esponsorama.ad\/es\/arranque-positivo-vicente-perez-gran-premio-espana-2\/#breadcrumb","itemListElement":[{"@type":"ListItem","position":1,"name":"Home","item":"http:\/\/esponsorama.ad\/ca\/"},{"@type":"ListItem","position":2,"name":"Arranque positivo para Vicente P\u00e9rez en el Gran Premio de Espa\u00f1a"}]},{"@type":"WebSite","@id":"http:\/\/esponsorama.ad\/es\/#website","url":"http:\/\/esponsorama.ad\/es\/","name":"Esponsorama","description":"Specialist in motorsport sponsorship and event promotions","potentialAction":[{"@type":"SearchAction","target":{"@type":"EntryPoint","urlTemplate":"http:\/\/esponsorama.ad\/es\/?s={search_term_string}"},"query-input":{"@type":"PropertyValueSpecification","valueRequired":true,"valueName":"search_term_string"}}],"inLanguage":"es"},{"@type":"Person","@id":"http:\/\/esponsorama.ad\/es\/#\/schema\/person\/a5cde74945183d737066e46b61c6f9c4","name":"Xavi Andornet","image":{"@type":"ImageObject","inLanguage":"es","@id":"http:\/\/esponsorama.ad\/es\/#\/schema\/person\/image\/","url":"https:\/\/secure.gravatar.com\/avatar\/f10eaf9ad601244a2357c9fd7cd9805ed166cfaaf76d5d9ab08a9d873e70147a?s=96&d=mm&r=g","contentUrl":"https:\/\/secure.gravatar.com\/avatar\/f10eaf9ad601244a2357c9fd7cd9805ed166cfaaf76d5d9ab08a9d873e70147a?s=96&d=mm&r=g","caption":"Xavi Andornet"},"sameAs":["http:\/\/www.andornet.ad"],"url":"http:\/\/esponsorama.ad\/es\/author\/andornet\/"}]}},"_links":{"self":[{"href":"http:\/\/esponsorama.ad\/es\/wp-json\/wp\/v2\/posts\/3169","targetHints":{"allow":["GET"]}}],"collection":[{"href":"http:\/\/esponsorama.ad\/es\/wp-json\/wp\/v2\/posts"}],"about":[{"href":"http:\/\/esponsorama.ad\/es\/wp-json\/wp\/v2\/types\/post"}],"author":[{"embeddable":true,"href":"http:\/\/esponsorama.ad\/es\/wp-json\/wp\/v2\/users\/6"}],"replies":[{"embeddable":true,"href":"http:\/\/esponsorama.ad\/es\/wp-json\/wp\/v2\/comments?post=3169"}],"version-history":[{"count":0,"href":"http:\/\/esponsorama.ad\/es\/wp-json\/wp\/v2\/posts\/3169\/revisions"}],"wp:featuredmedia":[{"embeddable":true,"href":"http:\/\/esponsorama.ad\/es\/wp-json\/wp\/v2\/media\/3181"}],"wp:attachment":[{"href":"http:\/\/esponsorama.ad\/es\/wp-json\/wp\/v2\/media?parent=3169"}],"wp:term":[{"taxonomy":"category","embeddable":true,"href":"http:\/\/esponsorama.ad\/es\/wp-json\/wp\/v2\/categories?post=3169"},{"taxonomy":"post_tag","embeddable":true,"href":"http:\/\/esponsorama.ad\/es\/wp-json\/wp\/v2\/tags?post=3169"}],"curies":[{"name":"wp","href":"https:\/\/api.w.org\/{rel}","templated":true}]}}