{"id":3280,"date":"2017-05-06T17:32:52","date_gmt":"2017-05-06T15:32:52","guid":{"rendered":"http:\/\/esponsorama.ad\/?p=3280"},"modified":"2017-05-06T18:28:57","modified_gmt":"2017-05-06T16:28:57","slug":"baz-barbera-mejoran-sensaciones-segundo-dia-jerez-2","status":"publish","type":"post","link":"http:\/\/esponsorama.ad\/es\/baz-barbera-mejoran-sensaciones-segundo-dia-jerez-2\/","title":{"rendered":"Baz y Barber\u00e1 mejoran sus sensaciones el segundo d\u00eda en Jerez"},"content":{"rendered":"<p>Los pilotos del equipo Reale Avintia Racing, Loris Baz y H\u00e9ctor Barber\u00e1, saldr\u00e1n ma\u00f1ana en el Gran Premio de Espa\u00f1a desde la s\u00e9ptima l\u00ednea de la parrilla tras terminar los entrenamientos cronometrados en 20\u00aa y 21\u00aa posici\u00f3n, respectivamente.<\/p>\n<p>Loris Baz, ha acabado bastante enfadado por no conseguir recuperar las buenas sensaciones que tuvo en el test realizado en Jerez el pasado mes de noviembre, cuando termin\u00f3 segundo con un tiempo de 1\u201939.184. Obviamente la temperatura no es la misma y tambi\u00e9n Michelin ha introducido nuevos compuestos en sus neum\u00e1ticos, pero Baz esperaba mucho m\u00e1s hoy en la sesi\u00f3n clasificatoria de 45 minutos. Aun as\u00ed conf\u00eda en que, con algunos cambios en su moto, pueda mejorar su ritmo de carrera y luchar por terminar en los puntos en la carrera a 27 vueltas de ma\u00f1ana.<\/p>\n<p>Aunque la posici\u00f3n final no lo refleje, H\u00e9ctor Barber\u00e1 ha terminado el d\u00eda con sensaciones bastante positivas despu\u00e9s de realizar cambios bastante dr\u00e1sticos en su Ducati Desmosedici GP16. Su equipo ha trabajado para modificar la posici\u00f3n del piloto sobre la moto y conseguir mejorar su \u2018feeling\u2019 con la parte delantera, algo que le est\u00e1 condicionando en esta primera parte del campeonato. Ma\u00f1ana en carrera espera poder confirmarlo y dar otro paso en su proceso de adaptaci\u00f3n a su nueva moto.<\/p>\n\n<p>\u00abHoy ha sido un d\u00eda complicado para m\u00ed. La moto es muy dif\u00edcil de llevar y nos falta un segundo en comparaci\u00f3n con los tiempos que hicimos en los test de invierno. El \u2018feeling\u2019 no me deja empujar, la moto no gira y me cuesta mucho. Vamos a probar varias cosas, ma\u00f1ana en el warm-up, pero a ver si es suficiente como para poder mantener un poco el ritmo y no estar tan atr\u00e1s.\u201d<\/p>\n\n<p>\u00abHa sido una sesi\u00f3n un poco complicada. Hemos vuelto a modificar cosas, pero sigo sin sentir bien la rueda delantera. Desde que me sub\u00ed en esta moto nunca he estado c\u00f3modo en ella. Esta ma\u00f1ana hemos cambiado mi posici\u00f3n encima de la moto y empiezo a sentir mejor el tren delantero. Espero que ma\u00f1ana este cambio se vea en el resultado. El equipo y yo no dejamos de luchar. Ya hemos tocado fondo y ahora solo podemos ir para arriba. Muchas gracias al equipo y los patrocinadores por su trabajo, y sobre todo por comprender esta situaci\u00f3n.\u201d<\/p>\n","protected":false},"excerpt":{"rendered":"<p>Los pilotos del equipo Reale Avintia Racing, Loris Baz y H\u00e9ctor Barber\u00e1, saldr\u00e1n ma\u00f1ana en el Gran Premio de Espa\u00f1a desde la s\u00e9ptima l\u00ednea de la parrilla tras terminar los entrenamientos cronometrados en 20\u00aa y 21\u00aa posici\u00f3n, respectivamente. Loris Baz, ha acabado bastante enfadado por no conseguir recuperar las buenas sensaciones que tuvo en el [&hellip;]<\/p>\n","protected":false},"author":6,"featured_media":3281,"comment_status":"closed","ping_status":"closed","sticky":false,"template":"","format":"standard","meta":{"footnotes":""},"categories":[3],"tags":[],"class_list":["post-3280","post","type-post","status-publish","format-standard","has-post-thumbnail","hentry","category-motogp"],"yoast_head":"<!-- This site is optimized with the Yoast SEO plugin v27.1.1 - https:\/\/yoast.com\/product\/yoast-seo-wordpress\/ -->\n<title>Baz y Barber\u00e1 mejoran sus sensaciones el segundo d\u00eda en Jerez - Esponsorama<\/title>\n<meta name=\"robots\" content=\"index, follow, max-snippet:-1, max-image-preview:large, max-video-preview:-1\" \/>\n<link rel=\"canonical\" href=\"http:\/\/esponsorama.ad\/es\/baz-barbera-mejoran-sensaciones-segundo-dia-jerez-2\/\" \/>\n<meta property=\"og:locale\" content=\"es_ES\" \/>\n<meta property=\"og:type\" content=\"article\" \/>\n<meta property=\"og:title\" content=\"Baz y Barber\u00e1 mejoran sus sensaciones el segundo d\u00eda en Jerez - Esponsorama\" \/>\n<meta property=\"og:description\" content=\"Los pilotos del equipo Reale Avintia Racing, Loris Baz y H\u00e9ctor Barber\u00e1, saldr\u00e1n ma\u00f1ana en el Gran Premio de Espa\u00f1a desde la s\u00e9ptima l\u00ednea de la parrilla tras terminar los entrenamientos cronometrados en 20\u00aa y 21\u00aa posici\u00f3n, respectivamente. Loris Baz, ha acabado bastante enfadado por no conseguir recuperar las buenas sensaciones que tuvo en el [&hellip;]\" \/>\n<meta property=\"og:url\" content=\"http:\/\/esponsorama.ad\/es\/baz-barbera-mejoran-sensaciones-segundo-dia-jerez-2\/\" \/>\n<meta property=\"og:site_name\" content=\"Esponsorama\" \/>\n<meta property=\"article:published_time\" content=\"2017-05-06T15:32:52+00:00\" \/>\n<meta property=\"article:modified_time\" content=\"2017-05-06T16:28:57+00:00\" \/>\n<meta property=\"og:image\" content=\"http:\/\/esponsorama.ad\/wp-content\/uploads\/2017\/05\/04Jerez17-0067.jpg\" \/>\n\t<meta property=\"og:image:width\" content=\"4733\" \/>\n\t<meta property=\"og:image:height\" content=\"3155\" \/>\n\t<meta property=\"og:image:type\" content=\"image\/jpeg\" \/>\n<meta name=\"author\" content=\"Xavi Andornet\" \/>\n<meta name=\"twitter:card\" content=\"summary_large_image\" \/>\n<meta name=\"twitter:label1\" content=\"Escrito por\" \/>\n\t<meta name=\"twitter:data1\" content=\"Xavi Andornet\" \/>\n\t<meta name=\"twitter:label2\" content=\"Tiempo de lectura\" \/>\n\t<meta name=\"twitter:data2\" content=\"2 minutos\" \/>\n<script type=\"application\/ld+json\" class=\"yoast-schema-graph\">{\"@context\":\"https:\/\/schema.org\",\"@graph\":[{\"@type\":\"Article\",\"@id\":\"http:\/\/esponsorama.ad\/es\/baz-barbera-mejoran-sensaciones-segundo-dia-jerez-2\/#article\",\"isPartOf\":{\"@id\":\"http:\/\/esponsorama.ad\/es\/baz-barbera-mejoran-sensaciones-segundo-dia-jerez-2\/\"},\"author\":{\"name\":\"Xavi Andornet\",\"@id\":\"http:\/\/esponsorama.ad\/es\/#\/schema\/person\/a5cde74945183d737066e46b61c6f9c4\"},\"headline\":\"Baz y Barber\u00e1 mejoran sus sensaciones el segundo d\u00eda en Jerez\",\"datePublished\":\"2017-05-06T15:32:52+00:00\",\"dateModified\":\"2017-05-06T16:28:57+00:00\",\"mainEntityOfPage\":{\"@id\":\"http:\/\/esponsorama.ad\/es\/baz-barbera-mejoran-sensaciones-segundo-dia-jerez-2\/\"},\"wordCount\":432,\"image\":{\"@id\":\"http:\/\/esponsorama.ad\/es\/baz-barbera-mejoran-sensaciones-segundo-dia-jerez-2\/#primaryimage\"},\"thumbnailUrl\":\"http:\/\/esponsorama.ad\/wp-content\/uploads\/2017\/05\/04Jerez17-0067.jpg\",\"articleSection\":[\"MotoGP\"],\"inLanguage\":\"es\"},{\"@type\":\"WebPage\",\"@id\":\"http:\/\/esponsorama.ad\/es\/baz-barbera-mejoran-sensaciones-segundo-dia-jerez-2\/\",\"url\":\"http:\/\/esponsorama.ad\/es\/baz-barbera-mejoran-sensaciones-segundo-dia-jerez-2\/\",\"name\":\"Baz y Barber\u00e1 mejoran sus sensaciones el segundo d\u00eda en Jerez - Esponsorama\",\"isPartOf\":{\"@id\":\"http:\/\/esponsorama.ad\/es\/#website\"},\"primaryImageOfPage\":{\"@id\":\"http:\/\/esponsorama.ad\/es\/baz-barbera-mejoran-sensaciones-segundo-dia-jerez-2\/#primaryimage\"},\"image\":{\"@id\":\"http:\/\/esponsorama.ad\/es\/baz-barbera-mejoran-sensaciones-segundo-dia-jerez-2\/#primaryimage\"},\"thumbnailUrl\":\"http:\/\/esponsorama.ad\/wp-content\/uploads\/2017\/05\/04Jerez17-0067.jpg\",\"datePublished\":\"2017-05-06T15:32:52+00:00\",\"dateModified\":\"2017-05-06T16:28:57+00:00\",\"author\":{\"@id\":\"http:\/\/esponsorama.ad\/es\/#\/schema\/person\/a5cde74945183d737066e46b61c6f9c4\"},\"breadcrumb\":{\"@id\":\"http:\/\/esponsorama.ad\/es\/baz-barbera-mejoran-sensaciones-segundo-dia-jerez-2\/#breadcrumb\"},\"inLanguage\":\"es\",\"potentialAction\":[{\"@type\":\"ReadAction\",\"target\":[\"http:\/\/esponsorama.ad\/es\/baz-barbera-mejoran-sensaciones-segundo-dia-jerez-2\/\"]}]},{\"@type\":\"ImageObject\",\"inLanguage\":\"es\",\"@id\":\"http:\/\/esponsorama.ad\/es\/baz-barbera-mejoran-sensaciones-segundo-dia-jerez-2\/#primaryimage\",\"url\":\"http:\/\/esponsorama.ad\/wp-content\/uploads\/2017\/05\/04Jerez17-0067.jpg\",\"contentUrl\":\"http:\/\/esponsorama.ad\/wp-content\/uploads\/2017\/05\/04Jerez17-0067.jpg\",\"width\":4733,\"height\":3155},{\"@type\":\"BreadcrumbList\",\"@id\":\"http:\/\/esponsorama.ad\/es\/baz-barbera-mejoran-sensaciones-segundo-dia-jerez-2\/#breadcrumb\",\"itemListElement\":[{\"@type\":\"ListItem\",\"position\":1,\"name\":\"Home\",\"item\":\"http:\/\/esponsorama.ad\/en\/\"},{\"@type\":\"ListItem\",\"position\":2,\"name\":\"Baz y Barber\u00e1 mejoran sus sensaciones el segundo d\u00eda en Jerez\"}]},{\"@type\":\"WebSite\",\"@id\":\"http:\/\/esponsorama.ad\/es\/#website\",\"url\":\"http:\/\/esponsorama.ad\/es\/\",\"name\":\"Esponsorama\",\"description\":\"Specialist in motorsport sponsorship and event promotions\",\"potentialAction\":[{\"@type\":\"SearchAction\",\"target\":{\"@type\":\"EntryPoint\",\"urlTemplate\":\"http:\/\/esponsorama.ad\/es\/?s={search_term_string}\"},\"query-input\":{\"@type\":\"PropertyValueSpecification\",\"valueRequired\":true,\"valueName\":\"search_term_string\"}}],\"inLanguage\":\"es\"},{\"@type\":\"Person\",\"@id\":\"http:\/\/esponsorama.ad\/es\/#\/schema\/person\/a5cde74945183d737066e46b61c6f9c4\",\"name\":\"Xavi Andornet\",\"image\":{\"@type\":\"ImageObject\",\"inLanguage\":\"es\",\"@id\":\"http:\/\/esponsorama.ad\/es\/#\/schema\/person\/image\/\",\"url\":\"https:\/\/secure.gravatar.com\/avatar\/f10eaf9ad601244a2357c9fd7cd9805ed166cfaaf76d5d9ab08a9d873e70147a?s=96&d=mm&r=g\",\"contentUrl\":\"https:\/\/secure.gravatar.com\/avatar\/f10eaf9ad601244a2357c9fd7cd9805ed166cfaaf76d5d9ab08a9d873e70147a?s=96&d=mm&r=g\",\"caption\":\"Xavi Andornet\"},\"sameAs\":[\"http:\/\/www.andornet.ad\"],\"url\":\"http:\/\/esponsorama.ad\/es\/author\/andornet\/\"}]}<\/script>\n<!-- \/ Yoast SEO plugin. -->","yoast_head_json":{"title":"Baz y Barber\u00e1 mejoran sus sensaciones el segundo d\u00eda en Jerez - Esponsorama","robots":{"index":"index","follow":"follow","max-snippet":"max-snippet:-1","max-image-preview":"max-image-preview:large","max-video-preview":"max-video-preview:-1"},"canonical":"http:\/\/esponsorama.ad\/es\/baz-barbera-mejoran-sensaciones-segundo-dia-jerez-2\/","og_locale":"es_ES","og_type":"article","og_title":"Baz y Barber\u00e1 mejoran sus sensaciones el segundo d\u00eda en Jerez - Esponsorama","og_description":"Los pilotos del equipo Reale Avintia Racing, Loris Baz y H\u00e9ctor Barber\u00e1, saldr\u00e1n ma\u00f1ana en el Gran Premio de Espa\u00f1a desde la s\u00e9ptima l\u00ednea de la parrilla tras terminar los entrenamientos cronometrados en 20\u00aa y 21\u00aa posici\u00f3n, respectivamente. Loris Baz, ha acabado bastante enfadado por no conseguir recuperar las buenas sensaciones que tuvo en el [&hellip;]","og_url":"http:\/\/esponsorama.ad\/es\/baz-barbera-mejoran-sensaciones-segundo-dia-jerez-2\/","og_site_name":"Esponsorama","article_published_time":"2017-05-06T15:32:52+00:00","article_modified_time":"2017-05-06T16:28:57+00:00","og_image":[{"width":4733,"height":3155,"url":"http:\/\/esponsorama.ad\/wp-content\/uploads\/2017\/05\/04Jerez17-0067.jpg","type":"image\/jpeg"}],"author":"Xavi Andornet","twitter_card":"summary_large_image","twitter_misc":{"Escrito por":"Xavi Andornet","Tiempo de lectura":"2 minutos"},"schema":{"@context":"https:\/\/schema.org","@graph":[{"@type":"Article","@id":"http:\/\/esponsorama.ad\/es\/baz-barbera-mejoran-sensaciones-segundo-dia-jerez-2\/#article","isPartOf":{"@id":"http:\/\/esponsorama.ad\/es\/baz-barbera-mejoran-sensaciones-segundo-dia-jerez-2\/"},"author":{"name":"Xavi Andornet","@id":"http:\/\/esponsorama.ad\/es\/#\/schema\/person\/a5cde74945183d737066e46b61c6f9c4"},"headline":"Baz y Barber\u00e1 mejoran sus sensaciones el segundo d\u00eda en Jerez","datePublished":"2017-05-06T15:32:52+00:00","dateModified":"2017-05-06T16:28:57+00:00","mainEntityOfPage":{"@id":"http:\/\/esponsorama.ad\/es\/baz-barbera-mejoran-sensaciones-segundo-dia-jerez-2\/"},"wordCount":432,"image":{"@id":"http:\/\/esponsorama.ad\/es\/baz-barbera-mejoran-sensaciones-segundo-dia-jerez-2\/#primaryimage"},"thumbnailUrl":"http:\/\/esponsorama.ad\/wp-content\/uploads\/2017\/05\/04Jerez17-0067.jpg","articleSection":["MotoGP"],"inLanguage":"es"},{"@type":"WebPage","@id":"http:\/\/esponsorama.ad\/es\/baz-barbera-mejoran-sensaciones-segundo-dia-jerez-2\/","url":"http:\/\/esponsorama.ad\/es\/baz-barbera-mejoran-sensaciones-segundo-dia-jerez-2\/","name":"Baz y Barber\u00e1 mejoran sus sensaciones el segundo d\u00eda en Jerez - Esponsorama","isPartOf":{"@id":"http:\/\/esponsorama.ad\/es\/#website"},"primaryImageOfPage":{"@id":"http:\/\/esponsorama.ad\/es\/baz-barbera-mejoran-sensaciones-segundo-dia-jerez-2\/#primaryimage"},"image":{"@id":"http:\/\/esponsorama.ad\/es\/baz-barbera-mejoran-sensaciones-segundo-dia-jerez-2\/#primaryimage"},"thumbnailUrl":"http:\/\/esponsorama.ad\/wp-content\/uploads\/2017\/05\/04Jerez17-0067.jpg","datePublished":"2017-05-06T15:32:52+00:00","dateModified":"2017-05-06T16:28:57+00:00","author":{"@id":"http:\/\/esponsorama.ad\/es\/#\/schema\/person\/a5cde74945183d737066e46b61c6f9c4"},"breadcrumb":{"@id":"http:\/\/esponsorama.ad\/es\/baz-barbera-mejoran-sensaciones-segundo-dia-jerez-2\/#breadcrumb"},"inLanguage":"es","potentialAction":[{"@type":"ReadAction","target":["http:\/\/esponsorama.ad\/es\/baz-barbera-mejoran-sensaciones-segundo-dia-jerez-2\/"]}]},{"@type":"ImageObject","inLanguage":"es","@id":"http:\/\/esponsorama.ad\/es\/baz-barbera-mejoran-sensaciones-segundo-dia-jerez-2\/#primaryimage","url":"http:\/\/esponsorama.ad\/wp-content\/uploads\/2017\/05\/04Jerez17-0067.jpg","contentUrl":"http:\/\/esponsorama.ad\/wp-content\/uploads\/2017\/05\/04Jerez17-0067.jpg","width":4733,"height":3155},{"@type":"BreadcrumbList","@id":"http:\/\/esponsorama.ad\/es\/baz-barbera-mejoran-sensaciones-segundo-dia-jerez-2\/#breadcrumb","itemListElement":[{"@type":"ListItem","position":1,"name":"Home","item":"http:\/\/esponsorama.ad\/en\/"},{"@type":"ListItem","position":2,"name":"Baz y Barber\u00e1 mejoran sus sensaciones el segundo d\u00eda en Jerez"}]},{"@type":"WebSite","@id":"http:\/\/esponsorama.ad\/es\/#website","url":"http:\/\/esponsorama.ad\/es\/","name":"Esponsorama","description":"Specialist in motorsport sponsorship and event promotions","potentialAction":[{"@type":"SearchAction","target":{"@type":"EntryPoint","urlTemplate":"http:\/\/esponsorama.ad\/es\/?s={search_term_string}"},"query-input":{"@type":"PropertyValueSpecification","valueRequired":true,"valueName":"search_term_string"}}],"inLanguage":"es"},{"@type":"Person","@id":"http:\/\/esponsorama.ad\/es\/#\/schema\/person\/a5cde74945183d737066e46b61c6f9c4","name":"Xavi Andornet","image":{"@type":"ImageObject","inLanguage":"es","@id":"http:\/\/esponsorama.ad\/es\/#\/schema\/person\/image\/","url":"https:\/\/secure.gravatar.com\/avatar\/f10eaf9ad601244a2357c9fd7cd9805ed166cfaaf76d5d9ab08a9d873e70147a?s=96&d=mm&r=g","contentUrl":"https:\/\/secure.gravatar.com\/avatar\/f10eaf9ad601244a2357c9fd7cd9805ed166cfaaf76d5d9ab08a9d873e70147a?s=96&d=mm&r=g","caption":"Xavi Andornet"},"sameAs":["http:\/\/www.andornet.ad"],"url":"http:\/\/esponsorama.ad\/es\/author\/andornet\/"}]}},"_links":{"self":[{"href":"http:\/\/esponsorama.ad\/es\/wp-json\/wp\/v2\/posts\/3280","targetHints":{"allow":["GET"]}}],"collection":[{"href":"http:\/\/esponsorama.ad\/es\/wp-json\/wp\/v2\/posts"}],"about":[{"href":"http:\/\/esponsorama.ad\/es\/wp-json\/wp\/v2\/types\/post"}],"author":[{"embeddable":true,"href":"http:\/\/esponsorama.ad\/es\/wp-json\/wp\/v2\/users\/6"}],"replies":[{"embeddable":true,"href":"http:\/\/esponsorama.ad\/es\/wp-json\/wp\/v2\/comments?post=3280"}],"version-history":[{"count":0,"href":"http:\/\/esponsorama.ad\/es\/wp-json\/wp\/v2\/posts\/3280\/revisions"}],"wp:featuredmedia":[{"embeddable":true,"href":"http:\/\/esponsorama.ad\/es\/wp-json\/wp\/v2\/media\/3281"}],"wp:attachment":[{"href":"http:\/\/esponsorama.ad\/es\/wp-json\/wp\/v2\/media?parent=3280"}],"wp:term":[{"taxonomy":"category","embeddable":true,"href":"http:\/\/esponsorama.ad\/es\/wp-json\/wp\/v2\/categories?post=3280"},{"taxonomy":"post_tag","embeddable":true,"href":"http:\/\/esponsorama.ad\/es\/wp-json\/wp\/v2\/tags?post=3280"}],"curies":[{"name":"wp","href":"https:\/\/api.w.org\/{rel}","templated":true}]}}