{"id":3312,"date":"2017-05-07T16:11:21","date_gmt":"2017-05-07T14:11:21","guid":{"rendered":"http:\/\/esponsorama.ad\/?p=3312"},"modified":"2017-05-07T16:16:57","modified_gmt":"2017-05-07T14:16:57","slug":"domingo-agridulce-reale-avintia-academy-jerez","status":"publish","type":"post","link":"http:\/\/esponsorama.ad\/es\/domingo-agridulce-reale-avintia-academy-jerez\/","title":{"rendered":"Domingo agridulce para Reale Avintia Academy en Jerez"},"content":{"rendered":"<p>Hoy domingo, en el Gran Premio de Espa\u00f1a se ha visto truncada la idea de poder terminar una buena carrera para la Reale Avintia Academy .<\/p>\n<p>Esta ma\u00f1ana, Vicente P\u00e9rez realizaba un warm up con ilusi\u00f3n y la idea de poder lucirse y quedar en una posici\u00f3n \u00f3ptima de Moto3.<\/p>\n<p>Los ingredientes estaban puestos en carrera, pero la mala suerte ha conseguido que nuestro piloto valenciano se haya ido al suelo en la curva 13 del trazado andaluz; tan s\u00f3lo, en la segunda vuelta se han terminado sus opciones.<\/p>\n<p>Ahora, Vicente ya tiene puesta la mirada en la pr\u00f3xima cita del FIM CEV, que ser\u00e1 dentro de quince d\u00edas en el circuito franc\u00e9s de Le Mans. El equipo est\u00e1 satisfecho porque se est\u00e1 yendo por el buen camino y se puede hacer una temporada muy buena.<\/p>\n\n<p>\u201cEl fin de semana ha sido positivo porque hemos hecho un buen trabajo, tanto el equipo como yo. Hemos tenido un percance en carrera, aunque me he ca\u00eddo yo solo. Ya estoy mirando hacia el FIM CEV de Le Mans a ver si podemos estar en los puestos de delante. Al fin de semana de nota le dar\u00eda un siete y medio\u00a0; los dos puntos y medio de menos son por la carrera. He aprendido mucho estos d\u00edas, porque aqu\u00ed hasta el \u00faltimo de Moto3 va r\u00e1pido. Quiero agradecer una vez m\u00e1s a mi equipo y mi m\u00e1nager Tom\u00e1s, que hace todo lo posible para que yo est\u00e9 aqu\u00ed.\u00a0La pr\u00f3xima prueba del Le Mans es distinta porque directamente empezamos con los cronos, pero vamos con muchas ganas porque salimos del Gran Premio de Espa\u00f1a con un gran ritmo. Espero estar delante desde el principio y poder rematarlo con una buena carrera.\u201d<\/p>\n\n<p>\u201cEl trabajo de Vicente durante todo este Gran Premio ha sido muy bueno; ha sido muy r\u00e1pido, competitivo y la moto, el equipo ha estado magn\u00edfico. El pack ha sido francamente bueno, pero la pena ha sido la carrera. Se ha visto en P19 y estando fuerte, pero le ha faltado ese punto de calma que da la experiencia. Vicente tiene que estar preparado mentalmente para luchar en Le Mans por el podio o la victoria, ya que es un piloto muy competitivo y con un buen equipo detr\u00e1s.\u201d<\/p>\n","protected":false},"excerpt":{"rendered":"<p>Hoy domingo, en el Gran Premio de Espa\u00f1a se ha visto truncada la idea de poder terminar una buena carrera para la Reale Avintia Academy . Esta ma\u00f1ana, Vicente P\u00e9rez realizaba un warm up con ilusi\u00f3n y la idea de poder lucirse y quedar en una posici\u00f3n \u00f3ptima de Moto3. Los ingredientes estaban puestos en [&hellip;]<\/p>\n","protected":false},"author":6,"featured_media":3322,"comment_status":"closed","ping_status":"closed","sticky":false,"template":"","format":"standard","meta":{"footnotes":""},"categories":[10],"tags":[],"class_list":["post-3312","post","type-post","status-publish","format-standard","has-post-thumbnail","hentry","category-fim-cev"],"yoast_head":"<!-- This site is optimized with the Yoast SEO plugin v27.1.1 - https:\/\/yoast.com\/product\/yoast-seo-wordpress\/ -->\n<title>Domingo agridulce para Reale Avintia Academy en Jerez - Esponsorama<\/title>\n<meta name=\"robots\" content=\"index, follow, max-snippet:-1, max-image-preview:large, max-video-preview:-1\" \/>\n<link rel=\"canonical\" href=\"http:\/\/esponsorama.ad\/es\/domingo-agridulce-reale-avintia-academy-jerez\/\" \/>\n<meta property=\"og:locale\" content=\"es_ES\" \/>\n<meta property=\"og:type\" content=\"article\" \/>\n<meta property=\"og:title\" content=\"Domingo agridulce para Reale Avintia Academy en Jerez - Esponsorama\" \/>\n<meta property=\"og:description\" content=\"Hoy domingo, en el Gran Premio de Espa\u00f1a se ha visto truncada la idea de poder terminar una buena carrera para la Reale Avintia Academy . Esta ma\u00f1ana, Vicente P\u00e9rez realizaba un warm up con ilusi\u00f3n y la idea de poder lucirse y quedar en una posici\u00f3n \u00f3ptima de Moto3. Los ingredientes estaban puestos en [&hellip;]\" \/>\n<meta property=\"og:url\" content=\"http:\/\/esponsorama.ad\/es\/domingo-agridulce-reale-avintia-academy-jerez\/\" \/>\n<meta property=\"og:site_name\" content=\"Esponsorama\" \/>\n<meta property=\"article:published_time\" content=\"2017-05-07T14:11:21+00:00\" \/>\n<meta property=\"article:modified_time\" content=\"2017-05-07T14:16:57+00:00\" \/>\n<meta property=\"og:image\" content=\"http:\/\/esponsorama.ad\/wp-content\/uploads\/2017\/05\/AX11650-1024x683.jpg\" \/>\n\t<meta property=\"og:image:width\" content=\"1024\" \/>\n\t<meta property=\"og:image:height\" content=\"683\" \/>\n\t<meta property=\"og:image:type\" content=\"image\/jpeg\" \/>\n<meta name=\"author\" content=\"Xavi Andornet\" \/>\n<meta name=\"twitter:card\" content=\"summary_large_image\" \/>\n<meta name=\"twitter:label1\" content=\"Escrito por\" \/>\n\t<meta name=\"twitter:data1\" content=\"Xavi Andornet\" \/>\n\t<meta name=\"twitter:label2\" content=\"Tiempo de lectura\" \/>\n\t<meta name=\"twitter:data2\" content=\"2 minutos\" \/>\n<script type=\"application\/ld+json\" class=\"yoast-schema-graph\">{\"@context\":\"https:\/\/schema.org\",\"@graph\":[{\"@type\":\"Article\",\"@id\":\"http:\/\/esponsorama.ad\/es\/domingo-agridulce-reale-avintia-academy-jerez\/#article\",\"isPartOf\":{\"@id\":\"http:\/\/esponsorama.ad\/es\/domingo-agridulce-reale-avintia-academy-jerez\/\"},\"author\":{\"name\":\"Xavi Andornet\",\"@id\":\"http:\/\/esponsorama.ad\/es\/#\/schema\/person\/a5cde74945183d737066e46b61c6f9c4\"},\"headline\":\"Domingo agridulce para Reale Avintia Academy en Jerez\",\"datePublished\":\"2017-05-07T14:11:21+00:00\",\"dateModified\":\"2017-05-07T14:16:57+00:00\",\"mainEntityOfPage\":{\"@id\":\"http:\/\/esponsorama.ad\/es\/domingo-agridulce-reale-avintia-academy-jerez\/\"},\"wordCount\":413,\"image\":{\"@id\":\"http:\/\/esponsorama.ad\/es\/domingo-agridulce-reale-avintia-academy-jerez\/#primaryimage\"},\"thumbnailUrl\":\"http:\/\/esponsorama.ad\/wp-content\/uploads\/2017\/05\/AX11650.jpg\",\"articleSection\":[\"FIM CEV\"],\"inLanguage\":\"es\"},{\"@type\":\"WebPage\",\"@id\":\"http:\/\/esponsorama.ad\/es\/domingo-agridulce-reale-avintia-academy-jerez\/\",\"url\":\"http:\/\/esponsorama.ad\/es\/domingo-agridulce-reale-avintia-academy-jerez\/\",\"name\":\"Domingo agridulce para Reale Avintia Academy en Jerez - Esponsorama\",\"isPartOf\":{\"@id\":\"http:\/\/esponsorama.ad\/es\/#website\"},\"primaryImageOfPage\":{\"@id\":\"http:\/\/esponsorama.ad\/es\/domingo-agridulce-reale-avintia-academy-jerez\/#primaryimage\"},\"image\":{\"@id\":\"http:\/\/esponsorama.ad\/es\/domingo-agridulce-reale-avintia-academy-jerez\/#primaryimage\"},\"thumbnailUrl\":\"http:\/\/esponsorama.ad\/wp-content\/uploads\/2017\/05\/AX11650.jpg\",\"datePublished\":\"2017-05-07T14:11:21+00:00\",\"dateModified\":\"2017-05-07T14:16:57+00:00\",\"author\":{\"@id\":\"http:\/\/esponsorama.ad\/es\/#\/schema\/person\/a5cde74945183d737066e46b61c6f9c4\"},\"breadcrumb\":{\"@id\":\"http:\/\/esponsorama.ad\/es\/domingo-agridulce-reale-avintia-academy-jerez\/#breadcrumb\"},\"inLanguage\":\"es\",\"potentialAction\":[{\"@type\":\"ReadAction\",\"target\":[\"http:\/\/esponsorama.ad\/es\/domingo-agridulce-reale-avintia-academy-jerez\/\"]}]},{\"@type\":\"ImageObject\",\"inLanguage\":\"es\",\"@id\":\"http:\/\/esponsorama.ad\/es\/domingo-agridulce-reale-avintia-academy-jerez\/#primaryimage\",\"url\":\"http:\/\/esponsorama.ad\/wp-content\/uploads\/2017\/05\/AX11650.jpg\",\"contentUrl\":\"http:\/\/esponsorama.ad\/wp-content\/uploads\/2017\/05\/AX11650.jpg\",\"width\":5472,\"height\":3648},{\"@type\":\"BreadcrumbList\",\"@id\":\"http:\/\/esponsorama.ad\/es\/domingo-agridulce-reale-avintia-academy-jerez\/#breadcrumb\",\"itemListElement\":[{\"@type\":\"ListItem\",\"position\":1,\"name\":\"Home\",\"item\":\"http:\/\/esponsorama.ad\/es\/\"},{\"@type\":\"ListItem\",\"position\":2,\"name\":\"Domingo agridulce para Reale Avintia Academy en Jerez\"}]},{\"@type\":\"WebSite\",\"@id\":\"http:\/\/esponsorama.ad\/es\/#website\",\"url\":\"http:\/\/esponsorama.ad\/es\/\",\"name\":\"Esponsorama\",\"description\":\"Specialist in motorsport sponsorship and event promotions\",\"potentialAction\":[{\"@type\":\"SearchAction\",\"target\":{\"@type\":\"EntryPoint\",\"urlTemplate\":\"http:\/\/esponsorama.ad\/es\/?s={search_term_string}\"},\"query-input\":{\"@type\":\"PropertyValueSpecification\",\"valueRequired\":true,\"valueName\":\"search_term_string\"}}],\"inLanguage\":\"es\"},{\"@type\":\"Person\",\"@id\":\"http:\/\/esponsorama.ad\/es\/#\/schema\/person\/a5cde74945183d737066e46b61c6f9c4\",\"name\":\"Xavi Andornet\",\"image\":{\"@type\":\"ImageObject\",\"inLanguage\":\"es\",\"@id\":\"http:\/\/esponsorama.ad\/es\/#\/schema\/person\/image\/\",\"url\":\"https:\/\/secure.gravatar.com\/avatar\/f10eaf9ad601244a2357c9fd7cd9805ed166cfaaf76d5d9ab08a9d873e70147a?s=96&d=mm&r=g\",\"contentUrl\":\"https:\/\/secure.gravatar.com\/avatar\/f10eaf9ad601244a2357c9fd7cd9805ed166cfaaf76d5d9ab08a9d873e70147a?s=96&d=mm&r=g\",\"caption\":\"Xavi Andornet\"},\"sameAs\":[\"http:\/\/www.andornet.ad\"],\"url\":\"http:\/\/esponsorama.ad\/es\/author\/andornet\/\"}]}<\/script>\n<!-- \/ Yoast SEO plugin. -->","yoast_head_json":{"title":"Domingo agridulce para Reale Avintia Academy en Jerez - Esponsorama","robots":{"index":"index","follow":"follow","max-snippet":"max-snippet:-1","max-image-preview":"max-image-preview:large","max-video-preview":"max-video-preview:-1"},"canonical":"http:\/\/esponsorama.ad\/es\/domingo-agridulce-reale-avintia-academy-jerez\/","og_locale":"es_ES","og_type":"article","og_title":"Domingo agridulce para Reale Avintia Academy en Jerez - Esponsorama","og_description":"Hoy domingo, en el Gran Premio de Espa\u00f1a se ha visto truncada la idea de poder terminar una buena carrera para la Reale Avintia Academy . Esta ma\u00f1ana, Vicente P\u00e9rez realizaba un warm up con ilusi\u00f3n y la idea de poder lucirse y quedar en una posici\u00f3n \u00f3ptima de Moto3. Los ingredientes estaban puestos en [&hellip;]","og_url":"http:\/\/esponsorama.ad\/es\/domingo-agridulce-reale-avintia-academy-jerez\/","og_site_name":"Esponsorama","article_published_time":"2017-05-07T14:11:21+00:00","article_modified_time":"2017-05-07T14:16:57+00:00","og_image":[{"width":1024,"height":683,"url":"http:\/\/esponsorama.ad\/wp-content\/uploads\/2017\/05\/AX11650-1024x683.jpg","type":"image\/jpeg"}],"author":"Xavi Andornet","twitter_card":"summary_large_image","twitter_misc":{"Escrito por":"Xavi Andornet","Tiempo de lectura":"2 minutos"},"schema":{"@context":"https:\/\/schema.org","@graph":[{"@type":"Article","@id":"http:\/\/esponsorama.ad\/es\/domingo-agridulce-reale-avintia-academy-jerez\/#article","isPartOf":{"@id":"http:\/\/esponsorama.ad\/es\/domingo-agridulce-reale-avintia-academy-jerez\/"},"author":{"name":"Xavi Andornet","@id":"http:\/\/esponsorama.ad\/es\/#\/schema\/person\/a5cde74945183d737066e46b61c6f9c4"},"headline":"Domingo agridulce para Reale Avintia Academy en Jerez","datePublished":"2017-05-07T14:11:21+00:00","dateModified":"2017-05-07T14:16:57+00:00","mainEntityOfPage":{"@id":"http:\/\/esponsorama.ad\/es\/domingo-agridulce-reale-avintia-academy-jerez\/"},"wordCount":413,"image":{"@id":"http:\/\/esponsorama.ad\/es\/domingo-agridulce-reale-avintia-academy-jerez\/#primaryimage"},"thumbnailUrl":"http:\/\/esponsorama.ad\/wp-content\/uploads\/2017\/05\/AX11650.jpg","articleSection":["FIM CEV"],"inLanguage":"es"},{"@type":"WebPage","@id":"http:\/\/esponsorama.ad\/es\/domingo-agridulce-reale-avintia-academy-jerez\/","url":"http:\/\/esponsorama.ad\/es\/domingo-agridulce-reale-avintia-academy-jerez\/","name":"Domingo agridulce para Reale Avintia Academy en Jerez - Esponsorama","isPartOf":{"@id":"http:\/\/esponsorama.ad\/es\/#website"},"primaryImageOfPage":{"@id":"http:\/\/esponsorama.ad\/es\/domingo-agridulce-reale-avintia-academy-jerez\/#primaryimage"},"image":{"@id":"http:\/\/esponsorama.ad\/es\/domingo-agridulce-reale-avintia-academy-jerez\/#primaryimage"},"thumbnailUrl":"http:\/\/esponsorama.ad\/wp-content\/uploads\/2017\/05\/AX11650.jpg","datePublished":"2017-05-07T14:11:21+00:00","dateModified":"2017-05-07T14:16:57+00:00","author":{"@id":"http:\/\/esponsorama.ad\/es\/#\/schema\/person\/a5cde74945183d737066e46b61c6f9c4"},"breadcrumb":{"@id":"http:\/\/esponsorama.ad\/es\/domingo-agridulce-reale-avintia-academy-jerez\/#breadcrumb"},"inLanguage":"es","potentialAction":[{"@type":"ReadAction","target":["http:\/\/esponsorama.ad\/es\/domingo-agridulce-reale-avintia-academy-jerez\/"]}]},{"@type":"ImageObject","inLanguage":"es","@id":"http:\/\/esponsorama.ad\/es\/domingo-agridulce-reale-avintia-academy-jerez\/#primaryimage","url":"http:\/\/esponsorama.ad\/wp-content\/uploads\/2017\/05\/AX11650.jpg","contentUrl":"http:\/\/esponsorama.ad\/wp-content\/uploads\/2017\/05\/AX11650.jpg","width":5472,"height":3648},{"@type":"BreadcrumbList","@id":"http:\/\/esponsorama.ad\/es\/domingo-agridulce-reale-avintia-academy-jerez\/#breadcrumb","itemListElement":[{"@type":"ListItem","position":1,"name":"Home","item":"http:\/\/esponsorama.ad\/es\/"},{"@type":"ListItem","position":2,"name":"Domingo agridulce para Reale Avintia Academy en Jerez"}]},{"@type":"WebSite","@id":"http:\/\/esponsorama.ad\/es\/#website","url":"http:\/\/esponsorama.ad\/es\/","name":"Esponsorama","description":"Specialist in motorsport sponsorship and event promotions","potentialAction":[{"@type":"SearchAction","target":{"@type":"EntryPoint","urlTemplate":"http:\/\/esponsorama.ad\/es\/?s={search_term_string}"},"query-input":{"@type":"PropertyValueSpecification","valueRequired":true,"valueName":"search_term_string"}}],"inLanguage":"es"},{"@type":"Person","@id":"http:\/\/esponsorama.ad\/es\/#\/schema\/person\/a5cde74945183d737066e46b61c6f9c4","name":"Xavi Andornet","image":{"@type":"ImageObject","inLanguage":"es","@id":"http:\/\/esponsorama.ad\/es\/#\/schema\/person\/image\/","url":"https:\/\/secure.gravatar.com\/avatar\/f10eaf9ad601244a2357c9fd7cd9805ed166cfaaf76d5d9ab08a9d873e70147a?s=96&d=mm&r=g","contentUrl":"https:\/\/secure.gravatar.com\/avatar\/f10eaf9ad601244a2357c9fd7cd9805ed166cfaaf76d5d9ab08a9d873e70147a?s=96&d=mm&r=g","caption":"Xavi Andornet"},"sameAs":["http:\/\/www.andornet.ad"],"url":"http:\/\/esponsorama.ad\/es\/author\/andornet\/"}]}},"_links":{"self":[{"href":"http:\/\/esponsorama.ad\/es\/wp-json\/wp\/v2\/posts\/3312","targetHints":{"allow":["GET"]}}],"collection":[{"href":"http:\/\/esponsorama.ad\/es\/wp-json\/wp\/v2\/posts"}],"about":[{"href":"http:\/\/esponsorama.ad\/es\/wp-json\/wp\/v2\/types\/post"}],"author":[{"embeddable":true,"href":"http:\/\/esponsorama.ad\/es\/wp-json\/wp\/v2\/users\/6"}],"replies":[{"embeddable":true,"href":"http:\/\/esponsorama.ad\/es\/wp-json\/wp\/v2\/comments?post=3312"}],"version-history":[{"count":0,"href":"http:\/\/esponsorama.ad\/es\/wp-json\/wp\/v2\/posts\/3312\/revisions"}],"wp:featuredmedia":[{"embeddable":true,"href":"http:\/\/esponsorama.ad\/es\/wp-json\/wp\/v2\/media\/3322"}],"wp:attachment":[{"href":"http:\/\/esponsorama.ad\/es\/wp-json\/wp\/v2\/media?parent=3312"}],"wp:term":[{"taxonomy":"category","embeddable":true,"href":"http:\/\/esponsorama.ad\/es\/wp-json\/wp\/v2\/categories?post=3312"},{"taxonomy":"post_tag","embeddable":true,"href":"http:\/\/esponsorama.ad\/es\/wp-json\/wp\/v2\/tags?post=3312"}],"curies":[{"name":"wp","href":"https:\/\/api.w.org\/{rel}","templated":true}]}}