{"id":3395,"date":"2017-05-17T12:36:03","date_gmt":"2017-05-17T10:36:03","guid":{"rendered":"http:\/\/esponsorama.ad\/?p=3395"},"modified":"2017-06-18T16:33:25","modified_gmt":"2017-06-18T14:33:25","slug":"los-pilotos-reale-avintia-academy-viajan-fuerzas-le-mans-2","status":"publish","type":"post","link":"http:\/\/esponsorama.ad\/es\/los-pilotos-reale-avintia-academy-viajan-fuerzas-le-mans-2\/","title":{"rendered":"Los pilotos de Reale Avintia Academy viajan con fuerzas a Le Mans"},"content":{"rendered":"<p>Los pilotos de Reale Avintia Academy en el FIM CEV, Vicente P\u00e9rez y Makar Yurchenko, ponen rumbo a Le Mans con muchas ganas de \u00e9xito, despu\u00e9s del gran resultado que obtuvieron en el trazado manchego de Albacete.<\/p>\n<p>Makar fue segundo en la primera cita del FIM CEV, tras una carrera muy luchada con sus rivales de Moto3 por subirse a lo alto del caj\u00f3n. El piloto kazajo\u00a0est\u00e1 deseando volver a subirse a la moto y demostrar su alto nivel.<\/p>\n<p>Por su parte, Vicente, viene de ser Wild Card en Moto3 durante el Gran Premio de Espa\u00f1a de MotoGP. El piloto valenciano ten\u00eda un buen ritmo durante el fin de semana, pero en carrera le pudo el arrojo de la juventud y se fue al suelo. A\u00fan as\u00ed, el rodaje que realiz\u00f3 en el circuito jerezano le ha valido para tener, a\u00fan mejores sensaciones encima de su moto.<\/p>\n<p>La European Talent Cup no se disputa este fin de semana por lo que no veremos a los junior de la Reale Avintia Academy Andreas, Iker y Jos\u00e9 hasta la cita de Catalu\u00f1a, que ser\u00e1 el pr\u00f3ximo 18 de junio.<\/p>\n\n<p>\u00abEste fin de semana tenemos la segunda del FIM CEV en Le Mans, un trazado que me gusta y estoy listo para el fin de semana. No tendremos mucho tiempo para encontrar el setting correcto, por lo que tendremos que trabajar duro desde la primer vuelta. Las previsiones del tiempo no son muy estables por lo que tenemos que estar preparados para cualquier condici\u00f3n. Estoy deseando ponerme en acci\u00f3n.\u201d<\/p>\n\n<p>\u00abTengo much\u00edsimas ganas de que llegue este fin de semana porque creo que nos puede ir bien. Esta es una cita muy corta, pero nosotros ya conocemos el circuito y eso nos da un plus importante. Estoy fuerte mental y f\u00edsicamente porque estoy trabajando en ello d\u00eda a d\u00eda. Despu\u00e9s de la cita de Albacete me puse a fondo en mi preparaci\u00f3n para estar listos y poder luchar por el campeonato.\u00bb<\/p>\n","protected":false},"excerpt":{"rendered":"<p>Los pilotos de Reale Avintia Academy en el FIM CEV, Vicente P\u00e9rez y Makar Yurchenko, ponen rumbo a Le Mans con muchas ganas de \u00e9xito, despu\u00e9s del gran resultado que obtuvieron en el trazado manchego de Albacete. Makar fue segundo en la primera cita del FIM CEV, tras una carrera muy luchada con sus rivales [&hellip;]<\/p>\n","protected":false},"author":6,"featured_media":2994,"comment_status":"closed","ping_status":"closed","sticky":false,"template":"","format":"standard","meta":{"footnotes":""},"categories":[10],"tags":[],"class_list":["post-3395","post","type-post","status-publish","format-standard","has-post-thumbnail","hentry","category-fim-cev"],"yoast_head":"<!-- This site is optimized with the Yoast SEO plugin v27.1.1 - https:\/\/yoast.com\/product\/yoast-seo-wordpress\/ -->\n<title>Los pilotos de Reale Avintia Academy viajan con fuerzas a Le Mans - Esponsorama<\/title>\n<meta name=\"robots\" content=\"index, follow, max-snippet:-1, max-image-preview:large, max-video-preview:-1\" \/>\n<link rel=\"canonical\" href=\"http:\/\/esponsorama.ad\/es\/los-pilotos-reale-avintia-academy-viajan-fuerzas-le-mans-2\/\" \/>\n<meta property=\"og:locale\" content=\"es_ES\" \/>\n<meta property=\"og:type\" content=\"article\" \/>\n<meta property=\"og:title\" content=\"Los pilotos de Reale Avintia Academy viajan con fuerzas a Le Mans - Esponsorama\" \/>\n<meta property=\"og:description\" content=\"Los pilotos de Reale Avintia Academy en el FIM CEV, Vicente P\u00e9rez y Makar Yurchenko, ponen rumbo a Le Mans con muchas ganas de \u00e9xito, despu\u00e9s del gran resultado que obtuvieron en el trazado manchego de Albacete. Makar fue segundo en la primera cita del FIM CEV, tras una carrera muy luchada con sus rivales [&hellip;]\" \/>\n<meta property=\"og:url\" content=\"http:\/\/esponsorama.ad\/es\/los-pilotos-reale-avintia-academy-viajan-fuerzas-le-mans-2\/\" \/>\n<meta property=\"og:site_name\" content=\"Esponsorama\" \/>\n<meta property=\"article:published_time\" content=\"2017-05-17T10:36:03+00:00\" \/>\n<meta property=\"article:modified_time\" content=\"2017-06-18T14:33:25+00:00\" \/>\n<meta property=\"og:image\" content=\"http:\/\/esponsorama.ad\/wp-content\/uploads\/2017\/04\/MG_9175.jpg\" \/>\n\t<meta property=\"og:image:width\" content=\"2517\" \/>\n\t<meta property=\"og:image:height\" content=\"1679\" \/>\n\t<meta property=\"og:image:type\" content=\"image\/jpeg\" \/>\n<meta name=\"author\" content=\"Xavi Andornet\" \/>\n<meta name=\"twitter:card\" content=\"summary_large_image\" \/>\n<meta name=\"twitter:label1\" content=\"Escrito por\" \/>\n\t<meta name=\"twitter:data1\" content=\"Xavi Andornet\" \/>\n\t<meta name=\"twitter:label2\" content=\"Tiempo de lectura\" \/>\n\t<meta name=\"twitter:data2\" content=\"2 minutos\" \/>\n<script type=\"application\/ld+json\" class=\"yoast-schema-graph\">{\"@context\":\"https:\/\/schema.org\",\"@graph\":[{\"@type\":\"Article\",\"@id\":\"http:\/\/esponsorama.ad\/es\/los-pilotos-reale-avintia-academy-viajan-fuerzas-le-mans-2\/#article\",\"isPartOf\":{\"@id\":\"http:\/\/esponsorama.ad\/es\/los-pilotos-reale-avintia-academy-viajan-fuerzas-le-mans-2\/\"},\"author\":{\"name\":\"Xavi Andornet\",\"@id\":\"http:\/\/esponsorama.ad\/es\/#\/schema\/person\/a5cde74945183d737066e46b61c6f9c4\"},\"headline\":\"Los pilotos de Reale Avintia Academy viajan con fuerzas a Le Mans\",\"datePublished\":\"2017-05-17T10:36:03+00:00\",\"dateModified\":\"2017-06-18T14:33:25+00:00\",\"mainEntityOfPage\":{\"@id\":\"http:\/\/esponsorama.ad\/es\/los-pilotos-reale-avintia-academy-viajan-fuerzas-le-mans-2\/\"},\"wordCount\":360,\"image\":{\"@id\":\"http:\/\/esponsorama.ad\/es\/los-pilotos-reale-avintia-academy-viajan-fuerzas-le-mans-2\/#primaryimage\"},\"thumbnailUrl\":\"http:\/\/esponsorama.ad\/wp-content\/uploads\/2017\/04\/MG_9175.jpg\",\"articleSection\":[\"FIM CEV\"],\"inLanguage\":\"es\"},{\"@type\":\"WebPage\",\"@id\":\"http:\/\/esponsorama.ad\/es\/los-pilotos-reale-avintia-academy-viajan-fuerzas-le-mans-2\/\",\"url\":\"http:\/\/esponsorama.ad\/es\/los-pilotos-reale-avintia-academy-viajan-fuerzas-le-mans-2\/\",\"name\":\"Los pilotos de Reale Avintia Academy viajan con fuerzas a Le Mans - Esponsorama\",\"isPartOf\":{\"@id\":\"http:\/\/esponsorama.ad\/es\/#website\"},\"primaryImageOfPage\":{\"@id\":\"http:\/\/esponsorama.ad\/es\/los-pilotos-reale-avintia-academy-viajan-fuerzas-le-mans-2\/#primaryimage\"},\"image\":{\"@id\":\"http:\/\/esponsorama.ad\/es\/los-pilotos-reale-avintia-academy-viajan-fuerzas-le-mans-2\/#primaryimage\"},\"thumbnailUrl\":\"http:\/\/esponsorama.ad\/wp-content\/uploads\/2017\/04\/MG_9175.jpg\",\"datePublished\":\"2017-05-17T10:36:03+00:00\",\"dateModified\":\"2017-06-18T14:33:25+00:00\",\"author\":{\"@id\":\"http:\/\/esponsorama.ad\/es\/#\/schema\/person\/a5cde74945183d737066e46b61c6f9c4\"},\"breadcrumb\":{\"@id\":\"http:\/\/esponsorama.ad\/es\/los-pilotos-reale-avintia-academy-viajan-fuerzas-le-mans-2\/#breadcrumb\"},\"inLanguage\":\"es\",\"potentialAction\":[{\"@type\":\"ReadAction\",\"target\":[\"http:\/\/esponsorama.ad\/es\/los-pilotos-reale-avintia-academy-viajan-fuerzas-le-mans-2\/\"]}]},{\"@type\":\"ImageObject\",\"inLanguage\":\"es\",\"@id\":\"http:\/\/esponsorama.ad\/es\/los-pilotos-reale-avintia-academy-viajan-fuerzas-le-mans-2\/#primaryimage\",\"url\":\"http:\/\/esponsorama.ad\/wp-content\/uploads\/2017\/04\/MG_9175.jpg\",\"contentUrl\":\"http:\/\/esponsorama.ad\/wp-content\/uploads\/2017\/04\/MG_9175.jpg\",\"width\":2517,\"height\":1679},{\"@type\":\"BreadcrumbList\",\"@id\":\"http:\/\/esponsorama.ad\/es\/los-pilotos-reale-avintia-academy-viajan-fuerzas-le-mans-2\/#breadcrumb\",\"itemListElement\":[{\"@type\":\"ListItem\",\"position\":1,\"name\":\"Home\",\"item\":\"http:\/\/esponsorama.ad\/en\/\"},{\"@type\":\"ListItem\",\"position\":2,\"name\":\"Los pilotos de Reale Avintia Academy viajan con fuerzas a Le Mans\"}]},{\"@type\":\"WebSite\",\"@id\":\"http:\/\/esponsorama.ad\/es\/#website\",\"url\":\"http:\/\/esponsorama.ad\/es\/\",\"name\":\"Esponsorama\",\"description\":\"Specialist in motorsport sponsorship and event promotions\",\"potentialAction\":[{\"@type\":\"SearchAction\",\"target\":{\"@type\":\"EntryPoint\",\"urlTemplate\":\"http:\/\/esponsorama.ad\/es\/?s={search_term_string}\"},\"query-input\":{\"@type\":\"PropertyValueSpecification\",\"valueRequired\":true,\"valueName\":\"search_term_string\"}}],\"inLanguage\":\"es\"},{\"@type\":\"Person\",\"@id\":\"http:\/\/esponsorama.ad\/es\/#\/schema\/person\/a5cde74945183d737066e46b61c6f9c4\",\"name\":\"Xavi Andornet\",\"image\":{\"@type\":\"ImageObject\",\"inLanguage\":\"es\",\"@id\":\"http:\/\/esponsorama.ad\/es\/#\/schema\/person\/image\/\",\"url\":\"https:\/\/secure.gravatar.com\/avatar\/f10eaf9ad601244a2357c9fd7cd9805ed166cfaaf76d5d9ab08a9d873e70147a?s=96&d=mm&r=g\",\"contentUrl\":\"https:\/\/secure.gravatar.com\/avatar\/f10eaf9ad601244a2357c9fd7cd9805ed166cfaaf76d5d9ab08a9d873e70147a?s=96&d=mm&r=g\",\"caption\":\"Xavi Andornet\"},\"sameAs\":[\"http:\/\/www.andornet.ad\"],\"url\":\"http:\/\/esponsorama.ad\/es\/author\/andornet\/\"}]}<\/script>\n<!-- \/ Yoast SEO plugin. -->","yoast_head_json":{"title":"Los pilotos de Reale Avintia Academy viajan con fuerzas a Le Mans - Esponsorama","robots":{"index":"index","follow":"follow","max-snippet":"max-snippet:-1","max-image-preview":"max-image-preview:large","max-video-preview":"max-video-preview:-1"},"canonical":"http:\/\/esponsorama.ad\/es\/los-pilotos-reale-avintia-academy-viajan-fuerzas-le-mans-2\/","og_locale":"es_ES","og_type":"article","og_title":"Los pilotos de Reale Avintia Academy viajan con fuerzas a Le Mans - Esponsorama","og_description":"Los pilotos de Reale Avintia Academy en el FIM CEV, Vicente P\u00e9rez y Makar Yurchenko, ponen rumbo a Le Mans con muchas ganas de \u00e9xito, despu\u00e9s del gran resultado que obtuvieron en el trazado manchego de Albacete. Makar fue segundo en la primera cita del FIM CEV, tras una carrera muy luchada con sus rivales [&hellip;]","og_url":"http:\/\/esponsorama.ad\/es\/los-pilotos-reale-avintia-academy-viajan-fuerzas-le-mans-2\/","og_site_name":"Esponsorama","article_published_time":"2017-05-17T10:36:03+00:00","article_modified_time":"2017-06-18T14:33:25+00:00","og_image":[{"width":2517,"height":1679,"url":"http:\/\/esponsorama.ad\/wp-content\/uploads\/2017\/04\/MG_9175.jpg","type":"image\/jpeg"}],"author":"Xavi Andornet","twitter_card":"summary_large_image","twitter_misc":{"Escrito por":"Xavi Andornet","Tiempo de lectura":"2 minutos"},"schema":{"@context":"https:\/\/schema.org","@graph":[{"@type":"Article","@id":"http:\/\/esponsorama.ad\/es\/los-pilotos-reale-avintia-academy-viajan-fuerzas-le-mans-2\/#article","isPartOf":{"@id":"http:\/\/esponsorama.ad\/es\/los-pilotos-reale-avintia-academy-viajan-fuerzas-le-mans-2\/"},"author":{"name":"Xavi Andornet","@id":"http:\/\/esponsorama.ad\/es\/#\/schema\/person\/a5cde74945183d737066e46b61c6f9c4"},"headline":"Los pilotos de Reale Avintia Academy viajan con fuerzas a Le Mans","datePublished":"2017-05-17T10:36:03+00:00","dateModified":"2017-06-18T14:33:25+00:00","mainEntityOfPage":{"@id":"http:\/\/esponsorama.ad\/es\/los-pilotos-reale-avintia-academy-viajan-fuerzas-le-mans-2\/"},"wordCount":360,"image":{"@id":"http:\/\/esponsorama.ad\/es\/los-pilotos-reale-avintia-academy-viajan-fuerzas-le-mans-2\/#primaryimage"},"thumbnailUrl":"http:\/\/esponsorama.ad\/wp-content\/uploads\/2017\/04\/MG_9175.jpg","articleSection":["FIM CEV"],"inLanguage":"es"},{"@type":"WebPage","@id":"http:\/\/esponsorama.ad\/es\/los-pilotos-reale-avintia-academy-viajan-fuerzas-le-mans-2\/","url":"http:\/\/esponsorama.ad\/es\/los-pilotos-reale-avintia-academy-viajan-fuerzas-le-mans-2\/","name":"Los pilotos de Reale Avintia Academy viajan con fuerzas a Le Mans - Esponsorama","isPartOf":{"@id":"http:\/\/esponsorama.ad\/es\/#website"},"primaryImageOfPage":{"@id":"http:\/\/esponsorama.ad\/es\/los-pilotos-reale-avintia-academy-viajan-fuerzas-le-mans-2\/#primaryimage"},"image":{"@id":"http:\/\/esponsorama.ad\/es\/los-pilotos-reale-avintia-academy-viajan-fuerzas-le-mans-2\/#primaryimage"},"thumbnailUrl":"http:\/\/esponsorama.ad\/wp-content\/uploads\/2017\/04\/MG_9175.jpg","datePublished":"2017-05-17T10:36:03+00:00","dateModified":"2017-06-18T14:33:25+00:00","author":{"@id":"http:\/\/esponsorama.ad\/es\/#\/schema\/person\/a5cde74945183d737066e46b61c6f9c4"},"breadcrumb":{"@id":"http:\/\/esponsorama.ad\/es\/los-pilotos-reale-avintia-academy-viajan-fuerzas-le-mans-2\/#breadcrumb"},"inLanguage":"es","potentialAction":[{"@type":"ReadAction","target":["http:\/\/esponsorama.ad\/es\/los-pilotos-reale-avintia-academy-viajan-fuerzas-le-mans-2\/"]}]},{"@type":"ImageObject","inLanguage":"es","@id":"http:\/\/esponsorama.ad\/es\/los-pilotos-reale-avintia-academy-viajan-fuerzas-le-mans-2\/#primaryimage","url":"http:\/\/esponsorama.ad\/wp-content\/uploads\/2017\/04\/MG_9175.jpg","contentUrl":"http:\/\/esponsorama.ad\/wp-content\/uploads\/2017\/04\/MG_9175.jpg","width":2517,"height":1679},{"@type":"BreadcrumbList","@id":"http:\/\/esponsorama.ad\/es\/los-pilotos-reale-avintia-academy-viajan-fuerzas-le-mans-2\/#breadcrumb","itemListElement":[{"@type":"ListItem","position":1,"name":"Home","item":"http:\/\/esponsorama.ad\/en\/"},{"@type":"ListItem","position":2,"name":"Los pilotos de Reale Avintia Academy viajan con fuerzas a Le Mans"}]},{"@type":"WebSite","@id":"http:\/\/esponsorama.ad\/es\/#website","url":"http:\/\/esponsorama.ad\/es\/","name":"Esponsorama","description":"Specialist in motorsport sponsorship and event promotions","potentialAction":[{"@type":"SearchAction","target":{"@type":"EntryPoint","urlTemplate":"http:\/\/esponsorama.ad\/es\/?s={search_term_string}"},"query-input":{"@type":"PropertyValueSpecification","valueRequired":true,"valueName":"search_term_string"}}],"inLanguage":"es"},{"@type":"Person","@id":"http:\/\/esponsorama.ad\/es\/#\/schema\/person\/a5cde74945183d737066e46b61c6f9c4","name":"Xavi Andornet","image":{"@type":"ImageObject","inLanguage":"es","@id":"http:\/\/esponsorama.ad\/es\/#\/schema\/person\/image\/","url":"https:\/\/secure.gravatar.com\/avatar\/f10eaf9ad601244a2357c9fd7cd9805ed166cfaaf76d5d9ab08a9d873e70147a?s=96&d=mm&r=g","contentUrl":"https:\/\/secure.gravatar.com\/avatar\/f10eaf9ad601244a2357c9fd7cd9805ed166cfaaf76d5d9ab08a9d873e70147a?s=96&d=mm&r=g","caption":"Xavi Andornet"},"sameAs":["http:\/\/www.andornet.ad"],"url":"http:\/\/esponsorama.ad\/es\/author\/andornet\/"}]}},"_links":{"self":[{"href":"http:\/\/esponsorama.ad\/es\/wp-json\/wp\/v2\/posts\/3395","targetHints":{"allow":["GET"]}}],"collection":[{"href":"http:\/\/esponsorama.ad\/es\/wp-json\/wp\/v2\/posts"}],"about":[{"href":"http:\/\/esponsorama.ad\/es\/wp-json\/wp\/v2\/types\/post"}],"author":[{"embeddable":true,"href":"http:\/\/esponsorama.ad\/es\/wp-json\/wp\/v2\/users\/6"}],"replies":[{"embeddable":true,"href":"http:\/\/esponsorama.ad\/es\/wp-json\/wp\/v2\/comments?post=3395"}],"version-history":[{"count":0,"href":"http:\/\/esponsorama.ad\/es\/wp-json\/wp\/v2\/posts\/3395\/revisions"}],"wp:featuredmedia":[{"embeddable":true,"href":"http:\/\/esponsorama.ad\/es\/wp-json\/wp\/v2\/media\/2994"}],"wp:attachment":[{"href":"http:\/\/esponsorama.ad\/es\/wp-json\/wp\/v2\/media?parent=3395"}],"wp:term":[{"taxonomy":"category","embeddable":true,"href":"http:\/\/esponsorama.ad\/es\/wp-json\/wp\/v2\/categories?post=3395"},{"taxonomy":"post_tag","embeddable":true,"href":"http:\/\/esponsorama.ad\/es\/wp-json\/wp\/v2\/tags?post=3395"}],"curies":[{"name":"wp","href":"https:\/\/api.w.org\/{rel}","templated":true}]}}