{"id":3721,"date":"2017-05-30T15:48:55","date_gmt":"2017-05-30T13:48:55","guid":{"rendered":"http:\/\/esponsorama.ad\/?p=3721"},"modified":"2017-05-30T15:53:21","modified_gmt":"2017-05-30T13:53:21","slug":"barbera-baz-preparados-dar-guerra-mugello-3","status":"publish","type":"post","link":"http:\/\/esponsorama.ad\/es\/barbera-baz-preparados-dar-guerra-mugello-3\/","title":{"rendered":"Barber\u00e1 y Baz preparados para dar guerra en Mugello"},"content":{"rendered":"<p style=\"margin: 0cm; margin-bottom: .0001pt;\"><span style=\"font-family: Arial; color: black;\">Este fin de semana comienza una de las fases m\u00e1s intensas de la temporada con cuatro carreras en cinco semanas. El Gran Premio de Italia ser\u00e1 el primero y los pilotos del Reale Avintia Racing, H\u00e9ctor Barber\u00e1 y Loris Baz, llegan muy motivados despu\u00e9s del test en Barcelona, donde ambos pilotos mejoraron las sensaciones con sus Ducati y con los neum\u00e1ticos delanteros que Michelin estrenar\u00e1 en Mugello este fin de semana. <\/span><\/p>\n<p style=\"margin: 0cm; margin-bottom: .0001pt;\"><span style=\"font-family: Arial; color: black;\">Para Barber\u00e1 las primeras carreras del a\u00f1o no han estado a la altura de sus expectativas, pero el piloto espa\u00f1ol espera que el Gran Premio de Italia sea un punto de inflexi\u00f3n en la temporada. <\/span><\/p>\n<p style=\"margin: 0cm; margin-bottom: .0001pt;\"><span style=\"font-family: Arial; color: black;\">Su compa\u00f1ero en el Reale Avintia Loris Baz tiene claro que conseguir un buen resultado el domingo ser\u00e1 crucial para comenzar con buen pie esta fase de carreras en la que el Campeonato del Mundo de MotoGP pasar\u00e1 por Mugello, Barcelona, Assen y Sachsenring en tan solo cinco semanas. <\/span><\/p>\n<p style=\"margin: 0cm; margin-bottom: .0001pt;\"><\/p>\n<p style=\"margin: 0cm; margin-bottom: .0001pt;\"><span style=\"font-family: Arial; color: black;\">\u00abVamos a Mugello con muchas ganas. El test que hicimos la semana pasada en Barcelona fue muy positivo y llegamos con la motivaci\u00f3n a tope. El inicio del campeonato ha sido muy complicado para nosotros, pero creo que hemos encontrado el camino y estoy deseando llegar a Mugello para poder comprobarlo. Vamos a hacer como que estas cinco primeras carreras solo han sido un mal sue\u00f1o y a empezar desde cero este fin de semana en un circuito que me gusta mucho.\u201d<b> <\/b><\/span><\/p>\n<p style=\"margin: 0cm; margin-bottom: .0001pt;\"><\/p>\n<p style=\"margin: 0cm; margin-bottom: .0001pt;\"><span style=\"font-family: Arial; color: black;\">\u00abYa empieza la parte m\u00e1s seria de la temporada, con un mes que tenemos por delante con cuatro carreras en cinco semanas. Va a ser un mes muy importante y lo bueno para nosotros es que estamos en un gran momento y tenemos buen \u2018feeling\u2019 con la moto. Hay que seguir as\u00ed trabajando bien y empezando el viernes en Mugello para poner a punto la moto para la carrera. Es un circuito que me gusta y siempre va bien a la Ducati, as\u00ed que espero que podamos estar lo m\u00e1s arriba posible y sumar puntos.\u201d<\/span><\/p>\n","protected":false},"excerpt":{"rendered":"<p>Este fin de semana comienza una de las fases m\u00e1s intensas de la temporada con cuatro carreras en cinco semanas. El Gran Premio de Italia ser\u00e1 el primero y los pilotos del Reale Avintia Racing, H\u00e9ctor Barber\u00e1 y Loris Baz, llegan muy motivados despu\u00e9s del test en Barcelona, donde ambos pilotos mejoraron las sensaciones con [&hellip;]<\/p>\n","protected":false},"author":6,"featured_media":3564,"comment_status":"closed","ping_status":"closed","sticky":false,"template":"","format":"standard","meta":{"footnotes":""},"categories":[3],"tags":[],"class_list":["post-3721","post","type-post","status-publish","format-standard","has-post-thumbnail","hentry","category-motogp"],"yoast_head":"<!-- This site is optimized with the Yoast SEO plugin v27.1.1 - https:\/\/yoast.com\/product\/yoast-seo-wordpress\/ -->\n<title>Barber\u00e1 y Baz preparados para dar guerra en Mugello - Esponsorama<\/title>\n<meta name=\"robots\" content=\"index, follow, max-snippet:-1, max-image-preview:large, max-video-preview:-1\" \/>\n<link rel=\"canonical\" href=\"http:\/\/esponsorama.ad\/es\/barbera-baz-preparados-dar-guerra-mugello-3\/\" \/>\n<meta property=\"og:locale\" content=\"es_ES\" \/>\n<meta property=\"og:type\" content=\"article\" \/>\n<meta property=\"og:title\" content=\"Barber\u00e1 y Baz preparados para dar guerra en Mugello - Esponsorama\" \/>\n<meta property=\"og:description\" content=\"Este fin de semana comienza una de las fases m\u00e1s intensas de la temporada con cuatro carreras en cinco semanas. El Gran Premio de Italia ser\u00e1 el primero y los pilotos del Reale Avintia Racing, H\u00e9ctor Barber\u00e1 y Loris Baz, llegan muy motivados despu\u00e9s del test en Barcelona, donde ambos pilotos mejoraron las sensaciones con [&hellip;]\" \/>\n<meta property=\"og:url\" content=\"http:\/\/esponsorama.ad\/es\/barbera-baz-preparados-dar-guerra-mugello-3\/\" \/>\n<meta property=\"og:site_name\" content=\"Esponsorama\" \/>\n<meta property=\"article:published_time\" content=\"2017-05-30T13:48:55+00:00\" \/>\n<meta property=\"article:modified_time\" content=\"2017-05-30T13:53:21+00:00\" \/>\n<meta property=\"og:image\" content=\"http:\/\/esponsorama.ad\/wp-content\/uploads\/2017\/05\/05LeMans17MgpREPSOL_JOC20628.jpg\" \/>\n\t<meta property=\"og:image:width\" content=\"5184\" \/>\n\t<meta property=\"og:image:height\" content=\"3456\" \/>\n\t<meta property=\"og:image:type\" content=\"image\/jpeg\" \/>\n<meta name=\"author\" content=\"Xavi Andornet\" \/>\n<meta name=\"twitter:card\" content=\"summary_large_image\" \/>\n<meta name=\"twitter:label1\" content=\"Escrito por\" \/>\n\t<meta name=\"twitter:data1\" content=\"Xavi Andornet\" \/>\n\t<meta name=\"twitter:label2\" content=\"Tiempo de lectura\" \/>\n\t<meta name=\"twitter:data2\" content=\"2 minutos\" \/>\n<script type=\"application\/ld+json\" class=\"yoast-schema-graph\">{\"@context\":\"https:\/\/schema.org\",\"@graph\":[{\"@type\":\"Article\",\"@id\":\"http:\/\/esponsorama.ad\/es\/barbera-baz-preparados-dar-guerra-mugello-3\/#article\",\"isPartOf\":{\"@id\":\"http:\/\/esponsorama.ad\/es\/barbera-baz-preparados-dar-guerra-mugello-3\/\"},\"author\":{\"name\":\"Xavi Andornet\",\"@id\":\"http:\/\/esponsorama.ad\/es\/#\/schema\/person\/a5cde74945183d737066e46b61c6f9c4\"},\"headline\":\"Barber\u00e1 y Baz preparados para dar guerra en Mugello\",\"datePublished\":\"2017-05-30T13:48:55+00:00\",\"dateModified\":\"2017-05-30T13:53:21+00:00\",\"mainEntityOfPage\":{\"@id\":\"http:\/\/esponsorama.ad\/es\/barbera-baz-preparados-dar-guerra-mugello-3\/\"},\"wordCount\":357,\"image\":{\"@id\":\"http:\/\/esponsorama.ad\/es\/barbera-baz-preparados-dar-guerra-mugello-3\/#primaryimage\"},\"thumbnailUrl\":\"http:\/\/esponsorama.ad\/wp-content\/uploads\/2017\/05\/05LeMans17MgpREPSOL_JOC20628.jpg\",\"articleSection\":[\"MotoGP\"],\"inLanguage\":\"es\"},{\"@type\":\"WebPage\",\"@id\":\"http:\/\/esponsorama.ad\/es\/barbera-baz-preparados-dar-guerra-mugello-3\/\",\"url\":\"http:\/\/esponsorama.ad\/es\/barbera-baz-preparados-dar-guerra-mugello-3\/\",\"name\":\"Barber\u00e1 y Baz preparados para dar guerra en Mugello - Esponsorama\",\"isPartOf\":{\"@id\":\"http:\/\/esponsorama.ad\/es\/#website\"},\"primaryImageOfPage\":{\"@id\":\"http:\/\/esponsorama.ad\/es\/barbera-baz-preparados-dar-guerra-mugello-3\/#primaryimage\"},\"image\":{\"@id\":\"http:\/\/esponsorama.ad\/es\/barbera-baz-preparados-dar-guerra-mugello-3\/#primaryimage\"},\"thumbnailUrl\":\"http:\/\/esponsorama.ad\/wp-content\/uploads\/2017\/05\/05LeMans17MgpREPSOL_JOC20628.jpg\",\"datePublished\":\"2017-05-30T13:48:55+00:00\",\"dateModified\":\"2017-05-30T13:53:21+00:00\",\"author\":{\"@id\":\"http:\/\/esponsorama.ad\/es\/#\/schema\/person\/a5cde74945183d737066e46b61c6f9c4\"},\"breadcrumb\":{\"@id\":\"http:\/\/esponsorama.ad\/es\/barbera-baz-preparados-dar-guerra-mugello-3\/#breadcrumb\"},\"inLanguage\":\"es\",\"potentialAction\":[{\"@type\":\"ReadAction\",\"target\":[\"http:\/\/esponsorama.ad\/es\/barbera-baz-preparados-dar-guerra-mugello-3\/\"]}]},{\"@type\":\"ImageObject\",\"inLanguage\":\"es\",\"@id\":\"http:\/\/esponsorama.ad\/es\/barbera-baz-preparados-dar-guerra-mugello-3\/#primaryimage\",\"url\":\"http:\/\/esponsorama.ad\/wp-content\/uploads\/2017\/05\/05LeMans17MgpREPSOL_JOC20628.jpg\",\"contentUrl\":\"http:\/\/esponsorama.ad\/wp-content\/uploads\/2017\/05\/05LeMans17MgpREPSOL_JOC20628.jpg\",\"width\":5184,\"height\":3456,\"caption\":\"05 Le Mans 18, 19, 20 y 21 de mayo de 2017. Circuito de Le Mans, Francia. MotoGP, MGP, mgp, motogp\"},{\"@type\":\"BreadcrumbList\",\"@id\":\"http:\/\/esponsorama.ad\/es\/barbera-baz-preparados-dar-guerra-mugello-3\/#breadcrumb\",\"itemListElement\":[{\"@type\":\"ListItem\",\"position\":1,\"name\":\"Home\",\"item\":\"http:\/\/esponsorama.ad\/es\/\"},{\"@type\":\"ListItem\",\"position\":2,\"name\":\"Barber\u00e1 y Baz preparados para dar guerra en Mugello\"}]},{\"@type\":\"WebSite\",\"@id\":\"http:\/\/esponsorama.ad\/es\/#website\",\"url\":\"http:\/\/esponsorama.ad\/es\/\",\"name\":\"Esponsorama\",\"description\":\"Specialist in motorsport sponsorship and event promotions\",\"potentialAction\":[{\"@type\":\"SearchAction\",\"target\":{\"@type\":\"EntryPoint\",\"urlTemplate\":\"http:\/\/esponsorama.ad\/es\/?s={search_term_string}\"},\"query-input\":{\"@type\":\"PropertyValueSpecification\",\"valueRequired\":true,\"valueName\":\"search_term_string\"}}],\"inLanguage\":\"es\"},{\"@type\":\"Person\",\"@id\":\"http:\/\/esponsorama.ad\/es\/#\/schema\/person\/a5cde74945183d737066e46b61c6f9c4\",\"name\":\"Xavi Andornet\",\"image\":{\"@type\":\"ImageObject\",\"inLanguage\":\"es\",\"@id\":\"http:\/\/esponsorama.ad\/es\/#\/schema\/person\/image\/\",\"url\":\"https:\/\/secure.gravatar.com\/avatar\/f10eaf9ad601244a2357c9fd7cd9805ed166cfaaf76d5d9ab08a9d873e70147a?s=96&d=mm&r=g\",\"contentUrl\":\"https:\/\/secure.gravatar.com\/avatar\/f10eaf9ad601244a2357c9fd7cd9805ed166cfaaf76d5d9ab08a9d873e70147a?s=96&d=mm&r=g\",\"caption\":\"Xavi Andornet\"},\"sameAs\":[\"http:\/\/www.andornet.ad\"],\"url\":\"http:\/\/esponsorama.ad\/es\/author\/andornet\/\"}]}<\/script>\n<!-- \/ Yoast SEO plugin. -->","yoast_head_json":{"title":"Barber\u00e1 y Baz preparados para dar guerra en Mugello - Esponsorama","robots":{"index":"index","follow":"follow","max-snippet":"max-snippet:-1","max-image-preview":"max-image-preview:large","max-video-preview":"max-video-preview:-1"},"canonical":"http:\/\/esponsorama.ad\/es\/barbera-baz-preparados-dar-guerra-mugello-3\/","og_locale":"es_ES","og_type":"article","og_title":"Barber\u00e1 y Baz preparados para dar guerra en Mugello - Esponsorama","og_description":"Este fin de semana comienza una de las fases m\u00e1s intensas de la temporada con cuatro carreras en cinco semanas. El Gran Premio de Italia ser\u00e1 el primero y los pilotos del Reale Avintia Racing, H\u00e9ctor Barber\u00e1 y Loris Baz, llegan muy motivados despu\u00e9s del test en Barcelona, donde ambos pilotos mejoraron las sensaciones con [&hellip;]","og_url":"http:\/\/esponsorama.ad\/es\/barbera-baz-preparados-dar-guerra-mugello-3\/","og_site_name":"Esponsorama","article_published_time":"2017-05-30T13:48:55+00:00","article_modified_time":"2017-05-30T13:53:21+00:00","og_image":[{"width":5184,"height":3456,"url":"http:\/\/esponsorama.ad\/wp-content\/uploads\/2017\/05\/05LeMans17MgpREPSOL_JOC20628.jpg","type":"image\/jpeg"}],"author":"Xavi Andornet","twitter_card":"summary_large_image","twitter_misc":{"Escrito por":"Xavi Andornet","Tiempo de lectura":"2 minutos"},"schema":{"@context":"https:\/\/schema.org","@graph":[{"@type":"Article","@id":"http:\/\/esponsorama.ad\/es\/barbera-baz-preparados-dar-guerra-mugello-3\/#article","isPartOf":{"@id":"http:\/\/esponsorama.ad\/es\/barbera-baz-preparados-dar-guerra-mugello-3\/"},"author":{"name":"Xavi Andornet","@id":"http:\/\/esponsorama.ad\/es\/#\/schema\/person\/a5cde74945183d737066e46b61c6f9c4"},"headline":"Barber\u00e1 y Baz preparados para dar guerra en Mugello","datePublished":"2017-05-30T13:48:55+00:00","dateModified":"2017-05-30T13:53:21+00:00","mainEntityOfPage":{"@id":"http:\/\/esponsorama.ad\/es\/barbera-baz-preparados-dar-guerra-mugello-3\/"},"wordCount":357,"image":{"@id":"http:\/\/esponsorama.ad\/es\/barbera-baz-preparados-dar-guerra-mugello-3\/#primaryimage"},"thumbnailUrl":"http:\/\/esponsorama.ad\/wp-content\/uploads\/2017\/05\/05LeMans17MgpREPSOL_JOC20628.jpg","articleSection":["MotoGP"],"inLanguage":"es"},{"@type":"WebPage","@id":"http:\/\/esponsorama.ad\/es\/barbera-baz-preparados-dar-guerra-mugello-3\/","url":"http:\/\/esponsorama.ad\/es\/barbera-baz-preparados-dar-guerra-mugello-3\/","name":"Barber\u00e1 y Baz preparados para dar guerra en Mugello - Esponsorama","isPartOf":{"@id":"http:\/\/esponsorama.ad\/es\/#website"},"primaryImageOfPage":{"@id":"http:\/\/esponsorama.ad\/es\/barbera-baz-preparados-dar-guerra-mugello-3\/#primaryimage"},"image":{"@id":"http:\/\/esponsorama.ad\/es\/barbera-baz-preparados-dar-guerra-mugello-3\/#primaryimage"},"thumbnailUrl":"http:\/\/esponsorama.ad\/wp-content\/uploads\/2017\/05\/05LeMans17MgpREPSOL_JOC20628.jpg","datePublished":"2017-05-30T13:48:55+00:00","dateModified":"2017-05-30T13:53:21+00:00","author":{"@id":"http:\/\/esponsorama.ad\/es\/#\/schema\/person\/a5cde74945183d737066e46b61c6f9c4"},"breadcrumb":{"@id":"http:\/\/esponsorama.ad\/es\/barbera-baz-preparados-dar-guerra-mugello-3\/#breadcrumb"},"inLanguage":"es","potentialAction":[{"@type":"ReadAction","target":["http:\/\/esponsorama.ad\/es\/barbera-baz-preparados-dar-guerra-mugello-3\/"]}]},{"@type":"ImageObject","inLanguage":"es","@id":"http:\/\/esponsorama.ad\/es\/barbera-baz-preparados-dar-guerra-mugello-3\/#primaryimage","url":"http:\/\/esponsorama.ad\/wp-content\/uploads\/2017\/05\/05LeMans17MgpREPSOL_JOC20628.jpg","contentUrl":"http:\/\/esponsorama.ad\/wp-content\/uploads\/2017\/05\/05LeMans17MgpREPSOL_JOC20628.jpg","width":5184,"height":3456,"caption":"05 Le Mans 18, 19, 20 y 21 de mayo de 2017. Circuito de Le Mans, Francia. MotoGP, MGP, mgp, motogp"},{"@type":"BreadcrumbList","@id":"http:\/\/esponsorama.ad\/es\/barbera-baz-preparados-dar-guerra-mugello-3\/#breadcrumb","itemListElement":[{"@type":"ListItem","position":1,"name":"Home","item":"http:\/\/esponsorama.ad\/es\/"},{"@type":"ListItem","position":2,"name":"Barber\u00e1 y Baz preparados para dar guerra en Mugello"}]},{"@type":"WebSite","@id":"http:\/\/esponsorama.ad\/es\/#website","url":"http:\/\/esponsorama.ad\/es\/","name":"Esponsorama","description":"Specialist in motorsport sponsorship and event promotions","potentialAction":[{"@type":"SearchAction","target":{"@type":"EntryPoint","urlTemplate":"http:\/\/esponsorama.ad\/es\/?s={search_term_string}"},"query-input":{"@type":"PropertyValueSpecification","valueRequired":true,"valueName":"search_term_string"}}],"inLanguage":"es"},{"@type":"Person","@id":"http:\/\/esponsorama.ad\/es\/#\/schema\/person\/a5cde74945183d737066e46b61c6f9c4","name":"Xavi Andornet","image":{"@type":"ImageObject","inLanguage":"es","@id":"http:\/\/esponsorama.ad\/es\/#\/schema\/person\/image\/","url":"https:\/\/secure.gravatar.com\/avatar\/f10eaf9ad601244a2357c9fd7cd9805ed166cfaaf76d5d9ab08a9d873e70147a?s=96&d=mm&r=g","contentUrl":"https:\/\/secure.gravatar.com\/avatar\/f10eaf9ad601244a2357c9fd7cd9805ed166cfaaf76d5d9ab08a9d873e70147a?s=96&d=mm&r=g","caption":"Xavi Andornet"},"sameAs":["http:\/\/www.andornet.ad"],"url":"http:\/\/esponsorama.ad\/es\/author\/andornet\/"}]}},"_links":{"self":[{"href":"http:\/\/esponsorama.ad\/es\/wp-json\/wp\/v2\/posts\/3721","targetHints":{"allow":["GET"]}}],"collection":[{"href":"http:\/\/esponsorama.ad\/es\/wp-json\/wp\/v2\/posts"}],"about":[{"href":"http:\/\/esponsorama.ad\/es\/wp-json\/wp\/v2\/types\/post"}],"author":[{"embeddable":true,"href":"http:\/\/esponsorama.ad\/es\/wp-json\/wp\/v2\/users\/6"}],"replies":[{"embeddable":true,"href":"http:\/\/esponsorama.ad\/es\/wp-json\/wp\/v2\/comments?post=3721"}],"version-history":[{"count":0,"href":"http:\/\/esponsorama.ad\/es\/wp-json\/wp\/v2\/posts\/3721\/revisions"}],"wp:featuredmedia":[{"embeddable":true,"href":"http:\/\/esponsorama.ad\/es\/wp-json\/wp\/v2\/media\/3564"}],"wp:attachment":[{"href":"http:\/\/esponsorama.ad\/es\/wp-json\/wp\/v2\/media?parent=3721"}],"wp:term":[{"taxonomy":"category","embeddable":true,"href":"http:\/\/esponsorama.ad\/es\/wp-json\/wp\/v2\/categories?post=3721"},{"taxonomy":"post_tag","embeddable":true,"href":"http:\/\/esponsorama.ad\/es\/wp-json\/wp\/v2\/tags?post=3721"}],"curies":[{"name":"wp","href":"https:\/\/api.w.org\/{rel}","templated":true}]}}