{"id":373,"date":"2016-04-24T11:18:18","date_gmt":"2016-04-24T09:18:18","guid":{"rendered":"http:\/\/esponsorama.ad\/?p=373"},"modified":"2016-07-20T17:36:57","modified_gmt":"2016-07-20T15:36:57","slug":"decimo-puesto-para-barbera-en-el-gran-premio-de-espana","status":"publish","type":"post","link":"http:\/\/esponsorama.ad\/es\/decimo-puesto-para-barbera-en-el-gran-premio-de-espana\/","title":{"rendered":"D\u00e9cimo puesto para Barber\u00e1 en el Gran Premio de Espa\u00f1a"},"content":{"rendered":"<p>Despu\u00e9s del gran rendimiento de los pilotos de Avintia Racing en los entrenamientos cronometrados, las expectativas para el Gran Premio de Espa\u00f1a eran muy altas. Pero la subida de temperatura con respecto a los d\u00edas previos ha impedido a H\u00e9ctor Barber\u00e1 pelear por estar m\u00e1s arriba y finalmente ha cruzado la meta en d\u00e9cima posici\u00f3n. Un resultado positivo y que entra dentro de los objetivos del piloto y del equipo, pero que sabe a poco despu\u00e9s de su gran actuaci\u00f3n en los entrenamientos libres y cronometrados. Aun as\u00ed el piloto de Avintia Racing sale de Jerez octavo en la clasificaci\u00f3n provisional a solo 5 puntos del quinto y se mantiene como la mejor Ducati despu\u00e9s de cuatro carreras.<\/p>\n<p>Para Loris Baz tampoco ha sido una carrera sencilla. Una vez m\u00e1s ha sido embestido por otro piloto en la primera vuelta y, aunque no se ha ca\u00eddo, ha vuelto a pista en la \u00faltima posici\u00f3n. Pero el joven franc\u00e9s ha ido remontando para terminar 13\u00ba y sumar puntos por segunda carrera consecutiva. En dos semanas llegar\u00e1 a su gran premio, donde espera poder estar m\u00e1s arriba.<\/p>\n<p><strong>H\u00c9CTOR BARBER\u00c1 #8 \/ @HectorBarbera P10<\/strong><\/p>\n<p>\u201cHa sido una carrera muy complicada. El fin de semana hab\u00eda sido muy bueno y hemos trabajado muy bien, por eso \u00e9ste d\u00e9cimo puesto nos sabe a poco. Han cambiado mucho las condiciones de la pista para la carrera y desde la segunda vuelta he tenido muchos problemas con el control de tracci\u00f3n que iba actuando en exceso. He probado todos los mapas, pero la moto cortaba hasta yendo inclinado y no consegu\u00eda salir fuerte de las curvas, con lo que en las frenadas no pod\u00eda atacar. No he estado a gusto encima de la moto y he ido todo el rato pele\u00e1ndome con ella. Lo m\u00e1s positivo es que seguimos sumando puntos y, hoy yendo mal hemos terminado d\u00e9cimos. Siendo honestos nuestra posici\u00f3n es del quinto al d\u00e9cimo, pero tenemos que volver atr\u00e1s, porque en Argentina tocamos algo en la electr\u00f3nica y est\u00e1 claro que no funciona.\u201d<\/p>\n<p><strong>LORIS BAZ #76 \/ @lorisbaz P13<\/strong><\/p>\n<p>\u201cHoy lo importante era terminar, pero una vez m\u00e1s casi no lo consigo. En la primera vuelta me ha tocado Redding y me he salido de la pista, cuando he regresado estaba el \u00faltimo, pero cuando empezaba a remontar he cometido un error y me he vuelto a ir largo. He perdido mucho tiempo y con estas dos salidas de pista he tenido que cambiar la estrategia que ten\u00edamos para la carrera. Al montar el neum\u00e1tico blando delante hab\u00eda que conservarlo en las primeras vueltas con el dep\u00f3sito lleno, pero al tener que remontar lo he castigado mucho y las \u00faltimas vueltas han sido muy complicadas. Lo positivo es que hemos sumado tres puntos y hemos visto muchas cosas que hay podemos mejorar en las pr\u00f3ximas carreras. La temporada ha comenzado aqu\u00ed para nosotros y en Le Mans espero poder aprovecharlo para lograr un mejor resultado.\u201d<\/p>\n","protected":false},"excerpt":{"rendered":"<p>Despu\u00e9s del gran rendimiento de los pilotos de Avintia Racing en los entrenamientos cronometrados, las expectativas para el Gran Premio de Espa\u00f1a eran muy altas. Pero la subida de temperatura con respecto a los d\u00edas previos ha impedido a H\u00e9ctor Barber\u00e1 pelear por estar m\u00e1s arriba y finalmente ha cruzado la meta en d\u00e9cima posici\u00f3n. [&hellip;]<\/p>\n","protected":false},"author":6,"featured_media":377,"comment_status":"closed","ping_status":"closed","sticky":false,"template":"","format":"standard","meta":{"footnotes":""},"categories":[3],"tags":[],"class_list":["post-373","post","type-post","status-publish","format-standard","has-post-thumbnail","hentry","category-motogp"],"yoast_head":"<!-- This site is optimized with the Yoast SEO plugin v27.1.1 - https:\/\/yoast.com\/product\/yoast-seo-wordpress\/ -->\n<title>D\u00e9cimo puesto para Barber\u00e1 en el Gran Premio de Espa\u00f1a - Esponsorama<\/title>\n<meta name=\"robots\" content=\"index, follow, max-snippet:-1, max-image-preview:large, max-video-preview:-1\" \/>\n<link rel=\"canonical\" href=\"http:\/\/esponsorama.ad\/es\/decimo-puesto-para-barbera-en-el-gran-premio-de-espana\/\" \/>\n<meta property=\"og:locale\" content=\"es_ES\" \/>\n<meta property=\"og:type\" content=\"article\" \/>\n<meta property=\"og:title\" content=\"D\u00e9cimo puesto para Barber\u00e1 en el Gran Premio de Espa\u00f1a - Esponsorama\" \/>\n<meta property=\"og:description\" content=\"Despu\u00e9s del gran rendimiento de los pilotos de Avintia Racing en los entrenamientos cronometrados, las expectativas para el Gran Premio de Espa\u00f1a eran muy altas. Pero la subida de temperatura con respecto a los d\u00edas previos ha impedido a H\u00e9ctor Barber\u00e1 pelear por estar m\u00e1s arriba y finalmente ha cruzado la meta en d\u00e9cima posici\u00f3n. [&hellip;]\" \/>\n<meta property=\"og:url\" content=\"http:\/\/esponsorama.ad\/es\/decimo-puesto-para-barbera-en-el-gran-premio-de-espana\/\" \/>\n<meta property=\"og:site_name\" content=\"Esponsorama\" \/>\n<meta property=\"article:published_time\" content=\"2016-04-24T09:18:18+00:00\" \/>\n<meta property=\"article:modified_time\" content=\"2016-07-20T15:36:57+00:00\" \/>\n<meta property=\"og:image\" content=\"http:\/\/esponsorama.ad\/wp-content\/uploads\/2016\/06\/04Jerez16Mgp-2668.jpg\" \/>\n\t<meta property=\"og:image:width\" content=\"4690\" \/>\n\t<meta property=\"og:image:height\" content=\"3127\" \/>\n\t<meta property=\"og:image:type\" content=\"image\/jpeg\" \/>\n<meta name=\"author\" content=\"Xavi Andornet\" \/>\n<meta name=\"twitter:card\" content=\"summary_large_image\" \/>\n<meta name=\"twitter:label1\" content=\"Escrito por\" \/>\n\t<meta name=\"twitter:data1\" content=\"Xavi Andornet\" \/>\n\t<meta name=\"twitter:label2\" content=\"Tiempo de lectura\" \/>\n\t<meta name=\"twitter:data2\" content=\"3 minutos\" \/>\n<script type=\"application\/ld+json\" class=\"yoast-schema-graph\">{\"@context\":\"https:\/\/schema.org\",\"@graph\":[{\"@type\":\"Article\",\"@id\":\"http:\/\/esponsorama.ad\/es\/decimo-puesto-para-barbera-en-el-gran-premio-de-espana\/#article\",\"isPartOf\":{\"@id\":\"http:\/\/esponsorama.ad\/es\/decimo-puesto-para-barbera-en-el-gran-premio-de-espana\/\"},\"author\":{\"name\":\"Xavi Andornet\",\"@id\":\"http:\/\/esponsorama.ad\/es\/#\/schema\/person\/a5cde74945183d737066e46b61c6f9c4\"},\"headline\":\"D\u00e9cimo puesto para Barber\u00e1 en el Gran Premio de Espa\u00f1a\",\"datePublished\":\"2016-04-24T09:18:18+00:00\",\"dateModified\":\"2016-07-20T15:36:57+00:00\",\"mainEntityOfPage\":{\"@id\":\"http:\/\/esponsorama.ad\/es\/decimo-puesto-para-barbera-en-el-gran-premio-de-espana\/\"},\"wordCount\":532,\"image\":{\"@id\":\"http:\/\/esponsorama.ad\/es\/decimo-puesto-para-barbera-en-el-gran-premio-de-espana\/#primaryimage\"},\"thumbnailUrl\":\"http:\/\/esponsorama.ad\/wp-content\/uploads\/2016\/06\/04Jerez16Mgp-2668.jpg\",\"articleSection\":[\"MotoGP\"],\"inLanguage\":\"es\"},{\"@type\":\"WebPage\",\"@id\":\"http:\/\/esponsorama.ad\/es\/decimo-puesto-para-barbera-en-el-gran-premio-de-espana\/\",\"url\":\"http:\/\/esponsorama.ad\/es\/decimo-puesto-para-barbera-en-el-gran-premio-de-espana\/\",\"name\":\"D\u00e9cimo puesto para Barber\u00e1 en el Gran Premio de Espa\u00f1a - Esponsorama\",\"isPartOf\":{\"@id\":\"http:\/\/esponsorama.ad\/es\/#website\"},\"primaryImageOfPage\":{\"@id\":\"http:\/\/esponsorama.ad\/es\/decimo-puesto-para-barbera-en-el-gran-premio-de-espana\/#primaryimage\"},\"image\":{\"@id\":\"http:\/\/esponsorama.ad\/es\/decimo-puesto-para-barbera-en-el-gran-premio-de-espana\/#primaryimage\"},\"thumbnailUrl\":\"http:\/\/esponsorama.ad\/wp-content\/uploads\/2016\/06\/04Jerez16Mgp-2668.jpg\",\"datePublished\":\"2016-04-24T09:18:18+00:00\",\"dateModified\":\"2016-07-20T15:36:57+00:00\",\"author\":{\"@id\":\"http:\/\/esponsorama.ad\/es\/#\/schema\/person\/a5cde74945183d737066e46b61c6f9c4\"},\"breadcrumb\":{\"@id\":\"http:\/\/esponsorama.ad\/es\/decimo-puesto-para-barbera-en-el-gran-premio-de-espana\/#breadcrumb\"},\"inLanguage\":\"es\",\"potentialAction\":[{\"@type\":\"ReadAction\",\"target\":[\"http:\/\/esponsorama.ad\/es\/decimo-puesto-para-barbera-en-el-gran-premio-de-espana\/\"]}]},{\"@type\":\"ImageObject\",\"inLanguage\":\"es\",\"@id\":\"http:\/\/esponsorama.ad\/es\/decimo-puesto-para-barbera-en-el-gran-premio-de-espana\/#primaryimage\",\"url\":\"http:\/\/esponsorama.ad\/wp-content\/uploads\/2016\/06\/04Jerez16Mgp-2668.jpg\",\"contentUrl\":\"http:\/\/esponsorama.ad\/wp-content\/uploads\/2016\/06\/04Jerez16Mgp-2668.jpg\",\"width\":4690,\"height\":3127},{\"@type\":\"BreadcrumbList\",\"@id\":\"http:\/\/esponsorama.ad\/es\/decimo-puesto-para-barbera-en-el-gran-premio-de-espana\/#breadcrumb\",\"itemListElement\":[{\"@type\":\"ListItem\",\"position\":1,\"name\":\"Home\",\"item\":\"http:\/\/esponsorama.ad\/es\/\"},{\"@type\":\"ListItem\",\"position\":2,\"name\":\"D\u00e9cimo puesto para Barber\u00e1 en el Gran Premio de Espa\u00f1a\"}]},{\"@type\":\"WebSite\",\"@id\":\"http:\/\/esponsorama.ad\/es\/#website\",\"url\":\"http:\/\/esponsorama.ad\/es\/\",\"name\":\"Esponsorama\",\"description\":\"Specialist in motorsport sponsorship and event promotions\",\"potentialAction\":[{\"@type\":\"SearchAction\",\"target\":{\"@type\":\"EntryPoint\",\"urlTemplate\":\"http:\/\/esponsorama.ad\/es\/?s={search_term_string}\"},\"query-input\":{\"@type\":\"PropertyValueSpecification\",\"valueRequired\":true,\"valueName\":\"search_term_string\"}}],\"inLanguage\":\"es\"},{\"@type\":\"Person\",\"@id\":\"http:\/\/esponsorama.ad\/es\/#\/schema\/person\/a5cde74945183d737066e46b61c6f9c4\",\"name\":\"Xavi Andornet\",\"image\":{\"@type\":\"ImageObject\",\"inLanguage\":\"es\",\"@id\":\"http:\/\/esponsorama.ad\/es\/#\/schema\/person\/image\/\",\"url\":\"https:\/\/secure.gravatar.com\/avatar\/f10eaf9ad601244a2357c9fd7cd9805ed166cfaaf76d5d9ab08a9d873e70147a?s=96&d=mm&r=g\",\"contentUrl\":\"https:\/\/secure.gravatar.com\/avatar\/f10eaf9ad601244a2357c9fd7cd9805ed166cfaaf76d5d9ab08a9d873e70147a?s=96&d=mm&r=g\",\"caption\":\"Xavi Andornet\"},\"sameAs\":[\"http:\/\/www.andornet.ad\"],\"url\":\"http:\/\/esponsorama.ad\/es\/author\/andornet\/\"}]}<\/script>\n<!-- \/ Yoast SEO plugin. -->","yoast_head_json":{"title":"D\u00e9cimo puesto para Barber\u00e1 en el Gran Premio de Espa\u00f1a - Esponsorama","robots":{"index":"index","follow":"follow","max-snippet":"max-snippet:-1","max-image-preview":"max-image-preview:large","max-video-preview":"max-video-preview:-1"},"canonical":"http:\/\/esponsorama.ad\/es\/decimo-puesto-para-barbera-en-el-gran-premio-de-espana\/","og_locale":"es_ES","og_type":"article","og_title":"D\u00e9cimo puesto para Barber\u00e1 en el Gran Premio de Espa\u00f1a - Esponsorama","og_description":"Despu\u00e9s del gran rendimiento de los pilotos de Avintia Racing en los entrenamientos cronometrados, las expectativas para el Gran Premio de Espa\u00f1a eran muy altas. Pero la subida de temperatura con respecto a los d\u00edas previos ha impedido a H\u00e9ctor Barber\u00e1 pelear por estar m\u00e1s arriba y finalmente ha cruzado la meta en d\u00e9cima posici\u00f3n. [&hellip;]","og_url":"http:\/\/esponsorama.ad\/es\/decimo-puesto-para-barbera-en-el-gran-premio-de-espana\/","og_site_name":"Esponsorama","article_published_time":"2016-04-24T09:18:18+00:00","article_modified_time":"2016-07-20T15:36:57+00:00","og_image":[{"width":4690,"height":3127,"url":"http:\/\/esponsorama.ad\/wp-content\/uploads\/2016\/06\/04Jerez16Mgp-2668.jpg","type":"image\/jpeg"}],"author":"Xavi Andornet","twitter_card":"summary_large_image","twitter_misc":{"Escrito por":"Xavi Andornet","Tiempo de lectura":"3 minutos"},"schema":{"@context":"https:\/\/schema.org","@graph":[{"@type":"Article","@id":"http:\/\/esponsorama.ad\/es\/decimo-puesto-para-barbera-en-el-gran-premio-de-espana\/#article","isPartOf":{"@id":"http:\/\/esponsorama.ad\/es\/decimo-puesto-para-barbera-en-el-gran-premio-de-espana\/"},"author":{"name":"Xavi Andornet","@id":"http:\/\/esponsorama.ad\/es\/#\/schema\/person\/a5cde74945183d737066e46b61c6f9c4"},"headline":"D\u00e9cimo puesto para Barber\u00e1 en el Gran Premio de Espa\u00f1a","datePublished":"2016-04-24T09:18:18+00:00","dateModified":"2016-07-20T15:36:57+00:00","mainEntityOfPage":{"@id":"http:\/\/esponsorama.ad\/es\/decimo-puesto-para-barbera-en-el-gran-premio-de-espana\/"},"wordCount":532,"image":{"@id":"http:\/\/esponsorama.ad\/es\/decimo-puesto-para-barbera-en-el-gran-premio-de-espana\/#primaryimage"},"thumbnailUrl":"http:\/\/esponsorama.ad\/wp-content\/uploads\/2016\/06\/04Jerez16Mgp-2668.jpg","articleSection":["MotoGP"],"inLanguage":"es"},{"@type":"WebPage","@id":"http:\/\/esponsorama.ad\/es\/decimo-puesto-para-barbera-en-el-gran-premio-de-espana\/","url":"http:\/\/esponsorama.ad\/es\/decimo-puesto-para-barbera-en-el-gran-premio-de-espana\/","name":"D\u00e9cimo puesto para Barber\u00e1 en el Gran Premio de Espa\u00f1a - Esponsorama","isPartOf":{"@id":"http:\/\/esponsorama.ad\/es\/#website"},"primaryImageOfPage":{"@id":"http:\/\/esponsorama.ad\/es\/decimo-puesto-para-barbera-en-el-gran-premio-de-espana\/#primaryimage"},"image":{"@id":"http:\/\/esponsorama.ad\/es\/decimo-puesto-para-barbera-en-el-gran-premio-de-espana\/#primaryimage"},"thumbnailUrl":"http:\/\/esponsorama.ad\/wp-content\/uploads\/2016\/06\/04Jerez16Mgp-2668.jpg","datePublished":"2016-04-24T09:18:18+00:00","dateModified":"2016-07-20T15:36:57+00:00","author":{"@id":"http:\/\/esponsorama.ad\/es\/#\/schema\/person\/a5cde74945183d737066e46b61c6f9c4"},"breadcrumb":{"@id":"http:\/\/esponsorama.ad\/es\/decimo-puesto-para-barbera-en-el-gran-premio-de-espana\/#breadcrumb"},"inLanguage":"es","potentialAction":[{"@type":"ReadAction","target":["http:\/\/esponsorama.ad\/es\/decimo-puesto-para-barbera-en-el-gran-premio-de-espana\/"]}]},{"@type":"ImageObject","inLanguage":"es","@id":"http:\/\/esponsorama.ad\/es\/decimo-puesto-para-barbera-en-el-gran-premio-de-espana\/#primaryimage","url":"http:\/\/esponsorama.ad\/wp-content\/uploads\/2016\/06\/04Jerez16Mgp-2668.jpg","contentUrl":"http:\/\/esponsorama.ad\/wp-content\/uploads\/2016\/06\/04Jerez16Mgp-2668.jpg","width":4690,"height":3127},{"@type":"BreadcrumbList","@id":"http:\/\/esponsorama.ad\/es\/decimo-puesto-para-barbera-en-el-gran-premio-de-espana\/#breadcrumb","itemListElement":[{"@type":"ListItem","position":1,"name":"Home","item":"http:\/\/esponsorama.ad\/es\/"},{"@type":"ListItem","position":2,"name":"D\u00e9cimo puesto para Barber\u00e1 en el Gran Premio de Espa\u00f1a"}]},{"@type":"WebSite","@id":"http:\/\/esponsorama.ad\/es\/#website","url":"http:\/\/esponsorama.ad\/es\/","name":"Esponsorama","description":"Specialist in motorsport sponsorship and event promotions","potentialAction":[{"@type":"SearchAction","target":{"@type":"EntryPoint","urlTemplate":"http:\/\/esponsorama.ad\/es\/?s={search_term_string}"},"query-input":{"@type":"PropertyValueSpecification","valueRequired":true,"valueName":"search_term_string"}}],"inLanguage":"es"},{"@type":"Person","@id":"http:\/\/esponsorama.ad\/es\/#\/schema\/person\/a5cde74945183d737066e46b61c6f9c4","name":"Xavi Andornet","image":{"@type":"ImageObject","inLanguage":"es","@id":"http:\/\/esponsorama.ad\/es\/#\/schema\/person\/image\/","url":"https:\/\/secure.gravatar.com\/avatar\/f10eaf9ad601244a2357c9fd7cd9805ed166cfaaf76d5d9ab08a9d873e70147a?s=96&d=mm&r=g","contentUrl":"https:\/\/secure.gravatar.com\/avatar\/f10eaf9ad601244a2357c9fd7cd9805ed166cfaaf76d5d9ab08a9d873e70147a?s=96&d=mm&r=g","caption":"Xavi Andornet"},"sameAs":["http:\/\/www.andornet.ad"],"url":"http:\/\/esponsorama.ad\/es\/author\/andornet\/"}]}},"_links":{"self":[{"href":"http:\/\/esponsorama.ad\/es\/wp-json\/wp\/v2\/posts\/373","targetHints":{"allow":["GET"]}}],"collection":[{"href":"http:\/\/esponsorama.ad\/es\/wp-json\/wp\/v2\/posts"}],"about":[{"href":"http:\/\/esponsorama.ad\/es\/wp-json\/wp\/v2\/types\/post"}],"author":[{"embeddable":true,"href":"http:\/\/esponsorama.ad\/es\/wp-json\/wp\/v2\/users\/6"}],"replies":[{"embeddable":true,"href":"http:\/\/esponsorama.ad\/es\/wp-json\/wp\/v2\/comments?post=373"}],"version-history":[{"count":0,"href":"http:\/\/esponsorama.ad\/es\/wp-json\/wp\/v2\/posts\/373\/revisions"}],"wp:featuredmedia":[{"embeddable":true,"href":"http:\/\/esponsorama.ad\/es\/wp-json\/wp\/v2\/media\/377"}],"wp:attachment":[{"href":"http:\/\/esponsorama.ad\/es\/wp-json\/wp\/v2\/media?parent=373"}],"wp:term":[{"taxonomy":"category","embeddable":true,"href":"http:\/\/esponsorama.ad\/es\/wp-json\/wp\/v2\/categories?post=373"},{"taxonomy":"post_tag","embeddable":true,"href":"http:\/\/esponsorama.ad\/es\/wp-json\/wp\/v2\/tags?post=373"}],"curies":[{"name":"wp","href":"https:\/\/api.w.org\/{rel}","templated":true}]}}