{"id":3828,"date":"2017-06-06T13:13:48","date_gmt":"2017-06-06T11:13:48","guid":{"rendered":"http:\/\/esponsorama.ad\/?p=3828"},"modified":"2017-06-06T13:26:37","modified_gmt":"2017-06-06T11:26:37","slug":"vicente-perez-vuelve-wild-card-gran-premio-cataluna","status":"publish","type":"post","link":"http:\/\/esponsorama.ad\/es\/vicente-perez-vuelve-wild-card-gran-premio-cataluna\/","title":{"rendered":"Vicente P\u00e9rez vuelve de \u201cwild card\u201d en el Gran Premio de Catalu\u00f1a"},"content":{"rendered":"<p>Vicente P\u00e9rez, de Reale Avintia Academy, ser\u00e1 de nuevo \u00abwild card\u00bb en el Mundial; esta vez disputar\u00e1 este fin de semana el Gran Premio de Catalunya de Moto3.<\/p>\n<p>Despu\u00e9s de su participaci\u00f3n en el Gran Premio de Espa\u00f1a, el piloto valenciano ten\u00eda ganas de quitarse la espinita y hacer un buen resultado en el Mundial. Su ca\u00edda durante la carrera en el circuito jerezano, le hizo quedarse con las ganas de cruzar la meta en una buena posici\u00f3n.<\/p>\n<p>Para Vicente, la invitaci\u00f3n a ser part\u00edcipe de nuevo en el Mundial le va a servir para seguir en su evoluci\u00f3n como piloto e ir teniendo m\u00e1s experiencia de cara a su futuro.<\/p>\n<p>Vicente actualmente es s\u00e9ptimo, con 16 puntos en el FIM CEV de Moto3 y correr\u00e1 la tercera prueba del Campeonato del 16 al 18 de junio, tambi\u00e9n en el trazado catal\u00e1n. Est\u00e1 haciendo una temporada buena y se va afianzando como uno de los pilotos m\u00e1s fuertes de su categor\u00eda.<\/p>\n\n<p>\u201cEste fin de semana va a ser bueno porque en dos semanas va a ser la carrera del FIM CEV y esto va servir de entrenamiento. Estoy muy motivado para hacerlo bien en ambos campeonatos. F\u00edsicamente estoy avanzando mucho y cada vez me siento m\u00e1s fuerte. El circuito de Montmel\u00f3 me gusta bastante; no he rodado mucho ah\u00ed pero creo que podremos hacer una buena carrera. Ganar la carrera este fin de semana es muy dif\u00edcil, pero entrar en los punto podr\u00eda ser y nos vendr\u00eda muy bien al equipo y a m\u00ed\u201d<\/p>\n\n<p>\u00abEl \u201cwild card\u201d de Catalunya lo planteamos como preparaci\u00f3n de la carrera del FIM CEV donde correremos la semana que viene en el mismo escenario. Es una gran oportunidad para Vicente P\u00e9rez para seguir creciendo como piloto, sin duda Montmel\u00f3 es un gran circuito, extremadamente completo a nivel t\u00e9cnico y Vicente tendr\u00e1 la oportunidad de poder rodar con los mejores pilotos del mundo. Trabajo y serenidad ser\u00e1n los secretos para hacer un buen papel\u00bb<\/p>\n","protected":false},"excerpt":{"rendered":"<p>Vicente P\u00e9rez, de Reale Avintia Academy, ser\u00e1 de nuevo \u00abwild card\u00bb en el Mundial; esta vez disputar\u00e1 este fin de semana el Gran Premio de Catalunya de Moto3. Despu\u00e9s de su participaci\u00f3n en el Gran Premio de Espa\u00f1a, el piloto valenciano ten\u00eda ganas de quitarse la espinita y hacer un buen resultado en el Mundial. [&hellip;]<\/p>\n","protected":false},"author":6,"featured_media":3070,"comment_status":"closed","ping_status":"closed","sticky":false,"template":"","format":"standard","meta":{"footnotes":""},"categories":[10],"tags":[],"class_list":["post-3828","post","type-post","status-publish","format-standard","has-post-thumbnail","hentry","category-fim-cev"],"yoast_head":"<!-- This site is optimized with the Yoast SEO plugin v27.1.1 - https:\/\/yoast.com\/product\/yoast-seo-wordpress\/ -->\n<title>Vicente P\u00e9rez vuelve de \u201cwild card\u201d en el Gran Premio de Catalu\u00f1a - Esponsorama<\/title>\n<meta name=\"robots\" content=\"index, follow, max-snippet:-1, max-image-preview:large, max-video-preview:-1\" \/>\n<link rel=\"canonical\" href=\"http:\/\/esponsorama.ad\/es\/vicente-perez-vuelve-wild-card-gran-premio-cataluna\/\" \/>\n<meta property=\"og:locale\" content=\"es_ES\" \/>\n<meta property=\"og:type\" content=\"article\" \/>\n<meta property=\"og:title\" content=\"Vicente P\u00e9rez vuelve de \u201cwild card\u201d en el Gran Premio de Catalu\u00f1a - Esponsorama\" \/>\n<meta property=\"og:description\" content=\"Vicente P\u00e9rez, de Reale Avintia Academy, ser\u00e1 de nuevo \u00abwild card\u00bb en el Mundial; esta vez disputar\u00e1 este fin de semana el Gran Premio de Catalunya de Moto3. Despu\u00e9s de su participaci\u00f3n en el Gran Premio de Espa\u00f1a, el piloto valenciano ten\u00eda ganas de quitarse la espinita y hacer un buen resultado en el Mundial. [&hellip;]\" \/>\n<meta property=\"og:url\" content=\"http:\/\/esponsorama.ad\/es\/vicente-perez-vuelve-wild-card-gran-premio-cataluna\/\" \/>\n<meta property=\"og:site_name\" content=\"Esponsorama\" \/>\n<meta property=\"article:published_time\" content=\"2017-06-06T11:13:48+00:00\" \/>\n<meta property=\"article:modified_time\" content=\"2017-06-06T11:26:37+00:00\" \/>\n<meta property=\"og:image\" content=\"http:\/\/esponsorama.ad\/wp-content\/uploads\/2017\/04\/MG_9956.jpg\" \/>\n\t<meta property=\"og:image:width\" content=\"4272\" \/>\n\t<meta property=\"og:image:height\" content=\"2848\" \/>\n\t<meta property=\"og:image:type\" content=\"image\/jpeg\" \/>\n<meta name=\"author\" content=\"Xavi Andornet\" \/>\n<meta name=\"twitter:card\" content=\"summary_large_image\" \/>\n<meta name=\"twitter:label1\" content=\"Escrito por\" \/>\n\t<meta name=\"twitter:data1\" content=\"Xavi Andornet\" \/>\n\t<meta name=\"twitter:label2\" content=\"Tiempo de lectura\" \/>\n\t<meta name=\"twitter:data2\" content=\"2 minutos\" \/>\n<script type=\"application\/ld+json\" class=\"yoast-schema-graph\">{\"@context\":\"https:\/\/schema.org\",\"@graph\":[{\"@type\":\"Article\",\"@id\":\"http:\/\/esponsorama.ad\/es\/vicente-perez-vuelve-wild-card-gran-premio-cataluna\/#article\",\"isPartOf\":{\"@id\":\"http:\/\/esponsorama.ad\/es\/vicente-perez-vuelve-wild-card-gran-premio-cataluna\/\"},\"author\":{\"name\":\"Xavi Andornet\",\"@id\":\"http:\/\/esponsorama.ad\/es\/#\/schema\/person\/a5cde74945183d737066e46b61c6f9c4\"},\"headline\":\"Vicente P\u00e9rez vuelve de \u201cwild card\u201d en el Gran Premio de Catalu\u00f1a\",\"datePublished\":\"2017-06-06T11:13:48+00:00\",\"dateModified\":\"2017-06-06T11:26:37+00:00\",\"mainEntityOfPage\":{\"@id\":\"http:\/\/esponsorama.ad\/es\/vicente-perez-vuelve-wild-card-gran-premio-cataluna\/\"},\"wordCount\":371,\"image\":{\"@id\":\"http:\/\/esponsorama.ad\/es\/vicente-perez-vuelve-wild-card-gran-premio-cataluna\/#primaryimage\"},\"thumbnailUrl\":\"http:\/\/esponsorama.ad\/wp-content\/uploads\/2017\/04\/MG_9956.jpg\",\"articleSection\":[\"FIM CEV\"],\"inLanguage\":\"es\"},{\"@type\":\"WebPage\",\"@id\":\"http:\/\/esponsorama.ad\/es\/vicente-perez-vuelve-wild-card-gran-premio-cataluna\/\",\"url\":\"http:\/\/esponsorama.ad\/es\/vicente-perez-vuelve-wild-card-gran-premio-cataluna\/\",\"name\":\"Vicente P\u00e9rez vuelve de \u201cwild card\u201d en el Gran Premio de Catalu\u00f1a - Esponsorama\",\"isPartOf\":{\"@id\":\"http:\/\/esponsorama.ad\/es\/#website\"},\"primaryImageOfPage\":{\"@id\":\"http:\/\/esponsorama.ad\/es\/vicente-perez-vuelve-wild-card-gran-premio-cataluna\/#primaryimage\"},\"image\":{\"@id\":\"http:\/\/esponsorama.ad\/es\/vicente-perez-vuelve-wild-card-gran-premio-cataluna\/#primaryimage\"},\"thumbnailUrl\":\"http:\/\/esponsorama.ad\/wp-content\/uploads\/2017\/04\/MG_9956.jpg\",\"datePublished\":\"2017-06-06T11:13:48+00:00\",\"dateModified\":\"2017-06-06T11:26:37+00:00\",\"author\":{\"@id\":\"http:\/\/esponsorama.ad\/es\/#\/schema\/person\/a5cde74945183d737066e46b61c6f9c4\"},\"breadcrumb\":{\"@id\":\"http:\/\/esponsorama.ad\/es\/vicente-perez-vuelve-wild-card-gran-premio-cataluna\/#breadcrumb\"},\"inLanguage\":\"es\",\"potentialAction\":[{\"@type\":\"ReadAction\",\"target\":[\"http:\/\/esponsorama.ad\/es\/vicente-perez-vuelve-wild-card-gran-premio-cataluna\/\"]}]},{\"@type\":\"ImageObject\",\"inLanguage\":\"es\",\"@id\":\"http:\/\/esponsorama.ad\/es\/vicente-perez-vuelve-wild-card-gran-premio-cataluna\/#primaryimage\",\"url\":\"http:\/\/esponsorama.ad\/wp-content\/uploads\/2017\/04\/MG_9956.jpg\",\"contentUrl\":\"http:\/\/esponsorama.ad\/wp-content\/uploads\/2017\/04\/MG_9956.jpg\",\"width\":4272,\"height\":2848},{\"@type\":\"BreadcrumbList\",\"@id\":\"http:\/\/esponsorama.ad\/es\/vicente-perez-vuelve-wild-card-gran-premio-cataluna\/#breadcrumb\",\"itemListElement\":[{\"@type\":\"ListItem\",\"position\":1,\"name\":\"Home\",\"item\":\"http:\/\/esponsorama.ad\/en\/\"},{\"@type\":\"ListItem\",\"position\":2,\"name\":\"Vicente P\u00e9rez vuelve de \u201cwild card\u201d en el Gran Premio de Catalu\u00f1a\"}]},{\"@type\":\"WebSite\",\"@id\":\"http:\/\/esponsorama.ad\/es\/#website\",\"url\":\"http:\/\/esponsorama.ad\/es\/\",\"name\":\"Esponsorama\",\"description\":\"Specialist in motorsport sponsorship and event promotions\",\"potentialAction\":[{\"@type\":\"SearchAction\",\"target\":{\"@type\":\"EntryPoint\",\"urlTemplate\":\"http:\/\/esponsorama.ad\/es\/?s={search_term_string}\"},\"query-input\":{\"@type\":\"PropertyValueSpecification\",\"valueRequired\":true,\"valueName\":\"search_term_string\"}}],\"inLanguage\":\"es\"},{\"@type\":\"Person\",\"@id\":\"http:\/\/esponsorama.ad\/es\/#\/schema\/person\/a5cde74945183d737066e46b61c6f9c4\",\"name\":\"Xavi Andornet\",\"image\":{\"@type\":\"ImageObject\",\"inLanguage\":\"es\",\"@id\":\"http:\/\/esponsorama.ad\/es\/#\/schema\/person\/image\/\",\"url\":\"https:\/\/secure.gravatar.com\/avatar\/f10eaf9ad601244a2357c9fd7cd9805ed166cfaaf76d5d9ab08a9d873e70147a?s=96&d=mm&r=g\",\"contentUrl\":\"https:\/\/secure.gravatar.com\/avatar\/f10eaf9ad601244a2357c9fd7cd9805ed166cfaaf76d5d9ab08a9d873e70147a?s=96&d=mm&r=g\",\"caption\":\"Xavi Andornet\"},\"sameAs\":[\"http:\/\/www.andornet.ad\"],\"url\":\"http:\/\/esponsorama.ad\/es\/author\/andornet\/\"}]}<\/script>\n<!-- \/ Yoast SEO plugin. -->","yoast_head_json":{"title":"Vicente P\u00e9rez vuelve de \u201cwild card\u201d en el Gran Premio de Catalu\u00f1a - Esponsorama","robots":{"index":"index","follow":"follow","max-snippet":"max-snippet:-1","max-image-preview":"max-image-preview:large","max-video-preview":"max-video-preview:-1"},"canonical":"http:\/\/esponsorama.ad\/es\/vicente-perez-vuelve-wild-card-gran-premio-cataluna\/","og_locale":"es_ES","og_type":"article","og_title":"Vicente P\u00e9rez vuelve de \u201cwild card\u201d en el Gran Premio de Catalu\u00f1a - Esponsorama","og_description":"Vicente P\u00e9rez, de Reale Avintia Academy, ser\u00e1 de nuevo \u00abwild card\u00bb en el Mundial; esta vez disputar\u00e1 este fin de semana el Gran Premio de Catalunya de Moto3. Despu\u00e9s de su participaci\u00f3n en el Gran Premio de Espa\u00f1a, el piloto valenciano ten\u00eda ganas de quitarse la espinita y hacer un buen resultado en el Mundial. [&hellip;]","og_url":"http:\/\/esponsorama.ad\/es\/vicente-perez-vuelve-wild-card-gran-premio-cataluna\/","og_site_name":"Esponsorama","article_published_time":"2017-06-06T11:13:48+00:00","article_modified_time":"2017-06-06T11:26:37+00:00","og_image":[{"width":4272,"height":2848,"url":"http:\/\/esponsorama.ad\/wp-content\/uploads\/2017\/04\/MG_9956.jpg","type":"image\/jpeg"}],"author":"Xavi Andornet","twitter_card":"summary_large_image","twitter_misc":{"Escrito por":"Xavi Andornet","Tiempo de lectura":"2 minutos"},"schema":{"@context":"https:\/\/schema.org","@graph":[{"@type":"Article","@id":"http:\/\/esponsorama.ad\/es\/vicente-perez-vuelve-wild-card-gran-premio-cataluna\/#article","isPartOf":{"@id":"http:\/\/esponsorama.ad\/es\/vicente-perez-vuelve-wild-card-gran-premio-cataluna\/"},"author":{"name":"Xavi Andornet","@id":"http:\/\/esponsorama.ad\/es\/#\/schema\/person\/a5cde74945183d737066e46b61c6f9c4"},"headline":"Vicente P\u00e9rez vuelve de \u201cwild card\u201d en el Gran Premio de Catalu\u00f1a","datePublished":"2017-06-06T11:13:48+00:00","dateModified":"2017-06-06T11:26:37+00:00","mainEntityOfPage":{"@id":"http:\/\/esponsorama.ad\/es\/vicente-perez-vuelve-wild-card-gran-premio-cataluna\/"},"wordCount":371,"image":{"@id":"http:\/\/esponsorama.ad\/es\/vicente-perez-vuelve-wild-card-gran-premio-cataluna\/#primaryimage"},"thumbnailUrl":"http:\/\/esponsorama.ad\/wp-content\/uploads\/2017\/04\/MG_9956.jpg","articleSection":["FIM CEV"],"inLanguage":"es"},{"@type":"WebPage","@id":"http:\/\/esponsorama.ad\/es\/vicente-perez-vuelve-wild-card-gran-premio-cataluna\/","url":"http:\/\/esponsorama.ad\/es\/vicente-perez-vuelve-wild-card-gran-premio-cataluna\/","name":"Vicente P\u00e9rez vuelve de \u201cwild card\u201d en el Gran Premio de Catalu\u00f1a - Esponsorama","isPartOf":{"@id":"http:\/\/esponsorama.ad\/es\/#website"},"primaryImageOfPage":{"@id":"http:\/\/esponsorama.ad\/es\/vicente-perez-vuelve-wild-card-gran-premio-cataluna\/#primaryimage"},"image":{"@id":"http:\/\/esponsorama.ad\/es\/vicente-perez-vuelve-wild-card-gran-premio-cataluna\/#primaryimage"},"thumbnailUrl":"http:\/\/esponsorama.ad\/wp-content\/uploads\/2017\/04\/MG_9956.jpg","datePublished":"2017-06-06T11:13:48+00:00","dateModified":"2017-06-06T11:26:37+00:00","author":{"@id":"http:\/\/esponsorama.ad\/es\/#\/schema\/person\/a5cde74945183d737066e46b61c6f9c4"},"breadcrumb":{"@id":"http:\/\/esponsorama.ad\/es\/vicente-perez-vuelve-wild-card-gran-premio-cataluna\/#breadcrumb"},"inLanguage":"es","potentialAction":[{"@type":"ReadAction","target":["http:\/\/esponsorama.ad\/es\/vicente-perez-vuelve-wild-card-gran-premio-cataluna\/"]}]},{"@type":"ImageObject","inLanguage":"es","@id":"http:\/\/esponsorama.ad\/es\/vicente-perez-vuelve-wild-card-gran-premio-cataluna\/#primaryimage","url":"http:\/\/esponsorama.ad\/wp-content\/uploads\/2017\/04\/MG_9956.jpg","contentUrl":"http:\/\/esponsorama.ad\/wp-content\/uploads\/2017\/04\/MG_9956.jpg","width":4272,"height":2848},{"@type":"BreadcrumbList","@id":"http:\/\/esponsorama.ad\/es\/vicente-perez-vuelve-wild-card-gran-premio-cataluna\/#breadcrumb","itemListElement":[{"@type":"ListItem","position":1,"name":"Home","item":"http:\/\/esponsorama.ad\/en\/"},{"@type":"ListItem","position":2,"name":"Vicente P\u00e9rez vuelve de \u201cwild card\u201d en el Gran Premio de Catalu\u00f1a"}]},{"@type":"WebSite","@id":"http:\/\/esponsorama.ad\/es\/#website","url":"http:\/\/esponsorama.ad\/es\/","name":"Esponsorama","description":"Specialist in motorsport sponsorship and event promotions","potentialAction":[{"@type":"SearchAction","target":{"@type":"EntryPoint","urlTemplate":"http:\/\/esponsorama.ad\/es\/?s={search_term_string}"},"query-input":{"@type":"PropertyValueSpecification","valueRequired":true,"valueName":"search_term_string"}}],"inLanguage":"es"},{"@type":"Person","@id":"http:\/\/esponsorama.ad\/es\/#\/schema\/person\/a5cde74945183d737066e46b61c6f9c4","name":"Xavi Andornet","image":{"@type":"ImageObject","inLanguage":"es","@id":"http:\/\/esponsorama.ad\/es\/#\/schema\/person\/image\/","url":"https:\/\/secure.gravatar.com\/avatar\/f10eaf9ad601244a2357c9fd7cd9805ed166cfaaf76d5d9ab08a9d873e70147a?s=96&d=mm&r=g","contentUrl":"https:\/\/secure.gravatar.com\/avatar\/f10eaf9ad601244a2357c9fd7cd9805ed166cfaaf76d5d9ab08a9d873e70147a?s=96&d=mm&r=g","caption":"Xavi Andornet"},"sameAs":["http:\/\/www.andornet.ad"],"url":"http:\/\/esponsorama.ad\/es\/author\/andornet\/"}]}},"_links":{"self":[{"href":"http:\/\/esponsorama.ad\/es\/wp-json\/wp\/v2\/posts\/3828","targetHints":{"allow":["GET"]}}],"collection":[{"href":"http:\/\/esponsorama.ad\/es\/wp-json\/wp\/v2\/posts"}],"about":[{"href":"http:\/\/esponsorama.ad\/es\/wp-json\/wp\/v2\/types\/post"}],"author":[{"embeddable":true,"href":"http:\/\/esponsorama.ad\/es\/wp-json\/wp\/v2\/users\/6"}],"replies":[{"embeddable":true,"href":"http:\/\/esponsorama.ad\/es\/wp-json\/wp\/v2\/comments?post=3828"}],"version-history":[{"count":0,"href":"http:\/\/esponsorama.ad\/es\/wp-json\/wp\/v2\/posts\/3828\/revisions"}],"wp:featuredmedia":[{"embeddable":true,"href":"http:\/\/esponsorama.ad\/es\/wp-json\/wp\/v2\/media\/3070"}],"wp:attachment":[{"href":"http:\/\/esponsorama.ad\/es\/wp-json\/wp\/v2\/media?parent=3828"}],"wp:term":[{"taxonomy":"category","embeddable":true,"href":"http:\/\/esponsorama.ad\/es\/wp-json\/wp\/v2\/categories?post=3828"},{"taxonomy":"post_tag","embeddable":true,"href":"http:\/\/esponsorama.ad\/es\/wp-json\/wp\/v2\/tags?post=3828"}],"curies":[{"name":"wp","href":"https:\/\/api.w.org\/{rel}","templated":true}]}}