{"id":386,"date":"2016-05-22T11:24:30","date_gmt":"2016-05-22T09:24:30","guid":{"rendered":"http:\/\/esponsorama.ad\/?p=386"},"modified":"2016-07-20T17:39:41","modified_gmt":"2016-07-20T15:39:41","slug":"barbera-termina-duodecimo-en-mugello-baz-lesionado","status":"publish","type":"post","link":"http:\/\/esponsorama.ad\/es\/barbera-termina-duodecimo-en-mugello-baz-lesionado\/","title":{"rendered":"Barber\u00e1 termina duod\u00e9cimo en Mugello, Baz lesionado"},"content":{"rendered":"<p>Fin de semana muy complicado para los pilotos de Avintia Racing en Mugello. H\u00e9ctor Barber\u00e1 y Loris Baz llegaban con muchas ganas al Gran Premio de Italia, la casa de Ducati, pero desde el primer d\u00eda las cosas no han ido como estaban planeadas y el domingo no ha sido muy diferente. H\u00e9ctor Barber\u00e1 ha terminado la carrera en duod\u00e9cima posici\u00f3n y ha vuelto a sumar puntos, pero por primera vez esta temporada ha quedado fuera del Top 10. Aun as\u00ed el espa\u00f1ol mantiene la octava posici\u00f3n en la provisional del campeonato.<\/p>\n<p>Peor suerte ha corrido su compa\u00f1ero Loris Baz, quien tras ser alcanzado por otro piloto en la primera curva ha sufrido varias fracturas y luxaciones en el pie derecho y tendr\u00e1 que pasar por el quir\u00f3fano esta semana en Suiza. El Director M\u00e9dico de MotoGP, el Dr. Xavier Mir, ha podido confirmar tras los ex\u00e1menes llevados a cabo en el hospital del circuito que Loris tiene luxaci\u00f3n metatarso-fal\u00e1ngica de las cinco articulaciones del pie derecho, adem\u00e1s de fractura diafisaria de los \u00faltimos cuatro dedos del mismo pie. Bajo anestesia general se ha procedido a la reducci\u00f3n de las luxaciones en el mismo circuito y el martes ser\u00e1 intervenido por el Dr. Fin Maiher en el Hospital de la Tour de Ginebra para fijar con placas las fracturas en su pie derecho. Su participaci\u00f3n en el Gran Premio de Catalunya dentro de dos semanas est\u00e1 en duda. Todo depender\u00e1 de su evoluci\u00f3n tras la operaci\u00f3n.<\/p>\n<p><strong>H\u00c9CTOR BARBER\u00c1 #8 \/ @HectorBarbera P12 <\/strong><\/p>\n<p>\u201cHa sido un fin de semana para olvidar. Cada d\u00eda se ha ido complicando y no ha habido forma de conseguir sacar todo nuestro potencial. No s\u00e9 si es bueno o malo, pero en especial mi t\u00e9cnico me dice que piense que nuestra moto tiene dos a\u00f1os y hemos rodado en los mismos tiempos que el equipo oficial con esta moto. Es dif\u00edcil llevar la moto m\u00e1s al l\u00edmite de lo que lo hace un equipo oficial y nosotros los hemos igualado e incluso a veces lo hemos mejorado. Es obvio que mis rivales cuentan con mejor material y estar por delante de ellos en pistas r\u00e1pidas va a ser dif\u00edcil. Hemos terminado otra carrera, que es lo importante y seguimos como primera Ducati algo que parec\u00eda imposible antes de empezar la temporada. M\u00e1s no podemos hacer con lo que tenemos y creo que tanto el equipo como yo nos merecemos una oportunidad, porque un piloto siempre quiere m\u00e1s.\u201d<\/p>\n<p><strong>LORIS BAZ #76 \/ @lorisbaz DNF<\/strong><\/p>\n<p>\u201cLa carrera ha sido muy corta para m\u00ed. He hecho una buena salida, pero no hab\u00eda muchos huecos para adelantar en la primera curva y he decidido quedarme por fuera, pero me han golpeado por el interior y me he ca\u00eddo. En ese mismo momento he sentido que me hab\u00eda roto el pie. Me he fracturado el segundo, tercero cuarto y quinto metatarsos y desplazado el primero. Aqu\u00ed en el circuito me han colocado el primero y el martes ir\u00e9 al hospital para que me operen en Ginebra. No s\u00e9 cu\u00e1nto tiempo tendr\u00e9 que estar sin subirme a la moto porque es una zona complicada y se puede hinchar mucho. Seguir\u00e9 las recomendaciones de los m\u00e9dicos porque no quiero arriesgar a perderme m\u00e1s carreras. Pero lo que m\u00e1s me fastidia es perderme el test del lunes en Barcelona, porque lo necesitamos mucho.\u201d<\/p>\n","protected":false},"excerpt":{"rendered":"<p>Fin de semana muy complicado para los pilotos de Avintia Racing en Mugello. H\u00e9ctor Barber\u00e1 y Loris Baz llegaban con muchas ganas al Gran Premio de Italia, la casa de Ducati, pero desde el primer d\u00eda las cosas no han ido como estaban planeadas y el domingo no ha sido muy diferente. H\u00e9ctor Barber\u00e1 ha [&hellip;]<\/p>\n","protected":false},"author":6,"featured_media":388,"comment_status":"closed","ping_status":"closed","sticky":false,"template":"","format":"standard","meta":{"footnotes":""},"categories":[3],"tags":[],"class_list":["post-386","post","type-post","status-publish","format-standard","has-post-thumbnail","hentry","category-motogp"],"yoast_head":"<!-- This site is optimized with the Yoast SEO plugin v27.1.1 - https:\/\/yoast.com\/product\/yoast-seo-wordpress\/ -->\n<title>Barber\u00e1 termina duod\u00e9cimo en Mugello, Baz lesionado - Esponsorama<\/title>\n<meta name=\"robots\" content=\"index, follow, max-snippet:-1, max-image-preview:large, max-video-preview:-1\" \/>\n<link rel=\"canonical\" href=\"http:\/\/esponsorama.ad\/es\/barbera-termina-duodecimo-en-mugello-baz-lesionado\/\" \/>\n<meta property=\"og:locale\" content=\"es_ES\" \/>\n<meta property=\"og:type\" content=\"article\" \/>\n<meta property=\"og:title\" content=\"Barber\u00e1 termina duod\u00e9cimo en Mugello, Baz lesionado - Esponsorama\" \/>\n<meta property=\"og:description\" content=\"Fin de semana muy complicado para los pilotos de Avintia Racing en Mugello. H\u00e9ctor Barber\u00e1 y Loris Baz llegaban con muchas ganas al Gran Premio de Italia, la casa de Ducati, pero desde el primer d\u00eda las cosas no han ido como estaban planeadas y el domingo no ha sido muy diferente. H\u00e9ctor Barber\u00e1 ha [&hellip;]\" \/>\n<meta property=\"og:url\" content=\"http:\/\/esponsorama.ad\/es\/barbera-termina-duodecimo-en-mugello-baz-lesionado\/\" \/>\n<meta property=\"og:site_name\" content=\"Esponsorama\" \/>\n<meta property=\"article:published_time\" content=\"2016-05-22T09:24:30+00:00\" \/>\n<meta property=\"article:modified_time\" content=\"2016-07-20T15:39:41+00:00\" \/>\n<meta property=\"og:image\" content=\"http:\/\/esponsorama.ad\/wp-content\/uploads\/2016\/06\/06Mugello16Mgp-1469.jpg\" \/>\n\t<meta property=\"og:image:width\" content=\"4294\" \/>\n\t<meta property=\"og:image:height\" content=\"2863\" \/>\n\t<meta property=\"og:image:type\" content=\"image\/jpeg\" \/>\n<meta name=\"author\" content=\"Xavi Andornet\" \/>\n<meta name=\"twitter:card\" content=\"summary_large_image\" \/>\n<meta name=\"twitter:label1\" content=\"Escrito por\" \/>\n\t<meta name=\"twitter:data1\" content=\"Xavi Andornet\" \/>\n\t<meta name=\"twitter:label2\" content=\"Tiempo de lectura\" \/>\n\t<meta name=\"twitter:data2\" content=\"3 minutos\" \/>\n<script type=\"application\/ld+json\" class=\"yoast-schema-graph\">{\"@context\":\"https:\/\/schema.org\",\"@graph\":[{\"@type\":\"Article\",\"@id\":\"http:\/\/esponsorama.ad\/es\/barbera-termina-duodecimo-en-mugello-baz-lesionado\/#article\",\"isPartOf\":{\"@id\":\"http:\/\/esponsorama.ad\/es\/barbera-termina-duodecimo-en-mugello-baz-lesionado\/\"},\"author\":{\"name\":\"Xavi Andornet\",\"@id\":\"http:\/\/esponsorama.ad\/es\/#\/schema\/person\/a5cde74945183d737066e46b61c6f9c4\"},\"headline\":\"Barber\u00e1 termina duod\u00e9cimo en Mugello, Baz lesionado\",\"datePublished\":\"2016-05-22T09:24:30+00:00\",\"dateModified\":\"2016-07-20T15:39:41+00:00\",\"mainEntityOfPage\":{\"@id\":\"http:\/\/esponsorama.ad\/es\/barbera-termina-duodecimo-en-mugello-baz-lesionado\/\"},\"wordCount\":599,\"image\":{\"@id\":\"http:\/\/esponsorama.ad\/es\/barbera-termina-duodecimo-en-mugello-baz-lesionado\/#primaryimage\"},\"thumbnailUrl\":\"http:\/\/esponsorama.ad\/wp-content\/uploads\/2016\/06\/06Mugello16Mgp-1469.jpg\",\"articleSection\":[\"MotoGP\"],\"inLanguage\":\"es\"},{\"@type\":\"WebPage\",\"@id\":\"http:\/\/esponsorama.ad\/es\/barbera-termina-duodecimo-en-mugello-baz-lesionado\/\",\"url\":\"http:\/\/esponsorama.ad\/es\/barbera-termina-duodecimo-en-mugello-baz-lesionado\/\",\"name\":\"Barber\u00e1 termina duod\u00e9cimo en Mugello, Baz lesionado - Esponsorama\",\"isPartOf\":{\"@id\":\"http:\/\/esponsorama.ad\/es\/#website\"},\"primaryImageOfPage\":{\"@id\":\"http:\/\/esponsorama.ad\/es\/barbera-termina-duodecimo-en-mugello-baz-lesionado\/#primaryimage\"},\"image\":{\"@id\":\"http:\/\/esponsorama.ad\/es\/barbera-termina-duodecimo-en-mugello-baz-lesionado\/#primaryimage\"},\"thumbnailUrl\":\"http:\/\/esponsorama.ad\/wp-content\/uploads\/2016\/06\/06Mugello16Mgp-1469.jpg\",\"datePublished\":\"2016-05-22T09:24:30+00:00\",\"dateModified\":\"2016-07-20T15:39:41+00:00\",\"author\":{\"@id\":\"http:\/\/esponsorama.ad\/es\/#\/schema\/person\/a5cde74945183d737066e46b61c6f9c4\"},\"breadcrumb\":{\"@id\":\"http:\/\/esponsorama.ad\/es\/barbera-termina-duodecimo-en-mugello-baz-lesionado\/#breadcrumb\"},\"inLanguage\":\"es\",\"potentialAction\":[{\"@type\":\"ReadAction\",\"target\":[\"http:\/\/esponsorama.ad\/es\/barbera-termina-duodecimo-en-mugello-baz-lesionado\/\"]}]},{\"@type\":\"ImageObject\",\"inLanguage\":\"es\",\"@id\":\"http:\/\/esponsorama.ad\/es\/barbera-termina-duodecimo-en-mugello-baz-lesionado\/#primaryimage\",\"url\":\"http:\/\/esponsorama.ad\/wp-content\/uploads\/2016\/06\/06Mugello16Mgp-1469.jpg\",\"contentUrl\":\"http:\/\/esponsorama.ad\/wp-content\/uploads\/2016\/06\/06Mugello16Mgp-1469.jpg\",\"width\":4294,\"height\":2863},{\"@type\":\"BreadcrumbList\",\"@id\":\"http:\/\/esponsorama.ad\/es\/barbera-termina-duodecimo-en-mugello-baz-lesionado\/#breadcrumb\",\"itemListElement\":[{\"@type\":\"ListItem\",\"position\":1,\"name\":\"Home\",\"item\":\"http:\/\/esponsorama.ad\/es\/\"},{\"@type\":\"ListItem\",\"position\":2,\"name\":\"Barber\u00e1 termina duod\u00e9cimo en Mugello, Baz lesionado\"}]},{\"@type\":\"WebSite\",\"@id\":\"http:\/\/esponsorama.ad\/es\/#website\",\"url\":\"http:\/\/esponsorama.ad\/es\/\",\"name\":\"Esponsorama\",\"description\":\"Specialist in motorsport sponsorship and event promotions\",\"potentialAction\":[{\"@type\":\"SearchAction\",\"target\":{\"@type\":\"EntryPoint\",\"urlTemplate\":\"http:\/\/esponsorama.ad\/es\/?s={search_term_string}\"},\"query-input\":{\"@type\":\"PropertyValueSpecification\",\"valueRequired\":true,\"valueName\":\"search_term_string\"}}],\"inLanguage\":\"es\"},{\"@type\":\"Person\",\"@id\":\"http:\/\/esponsorama.ad\/es\/#\/schema\/person\/a5cde74945183d737066e46b61c6f9c4\",\"name\":\"Xavi Andornet\",\"image\":{\"@type\":\"ImageObject\",\"inLanguage\":\"es\",\"@id\":\"http:\/\/esponsorama.ad\/es\/#\/schema\/person\/image\/\",\"url\":\"https:\/\/secure.gravatar.com\/avatar\/f10eaf9ad601244a2357c9fd7cd9805ed166cfaaf76d5d9ab08a9d873e70147a?s=96&d=mm&r=g\",\"contentUrl\":\"https:\/\/secure.gravatar.com\/avatar\/f10eaf9ad601244a2357c9fd7cd9805ed166cfaaf76d5d9ab08a9d873e70147a?s=96&d=mm&r=g\",\"caption\":\"Xavi Andornet\"},\"sameAs\":[\"http:\/\/www.andornet.ad\"],\"url\":\"http:\/\/esponsorama.ad\/es\/author\/andornet\/\"}]}<\/script>\n<!-- \/ Yoast SEO plugin. -->","yoast_head_json":{"title":"Barber\u00e1 termina duod\u00e9cimo en Mugello, Baz lesionado - Esponsorama","robots":{"index":"index","follow":"follow","max-snippet":"max-snippet:-1","max-image-preview":"max-image-preview:large","max-video-preview":"max-video-preview:-1"},"canonical":"http:\/\/esponsorama.ad\/es\/barbera-termina-duodecimo-en-mugello-baz-lesionado\/","og_locale":"es_ES","og_type":"article","og_title":"Barber\u00e1 termina duod\u00e9cimo en Mugello, Baz lesionado - Esponsorama","og_description":"Fin de semana muy complicado para los pilotos de Avintia Racing en Mugello. H\u00e9ctor Barber\u00e1 y Loris Baz llegaban con muchas ganas al Gran Premio de Italia, la casa de Ducati, pero desde el primer d\u00eda las cosas no han ido como estaban planeadas y el domingo no ha sido muy diferente. H\u00e9ctor Barber\u00e1 ha [&hellip;]","og_url":"http:\/\/esponsorama.ad\/es\/barbera-termina-duodecimo-en-mugello-baz-lesionado\/","og_site_name":"Esponsorama","article_published_time":"2016-05-22T09:24:30+00:00","article_modified_time":"2016-07-20T15:39:41+00:00","og_image":[{"width":4294,"height":2863,"url":"http:\/\/esponsorama.ad\/wp-content\/uploads\/2016\/06\/06Mugello16Mgp-1469.jpg","type":"image\/jpeg"}],"author":"Xavi Andornet","twitter_card":"summary_large_image","twitter_misc":{"Escrito por":"Xavi Andornet","Tiempo de lectura":"3 minutos"},"schema":{"@context":"https:\/\/schema.org","@graph":[{"@type":"Article","@id":"http:\/\/esponsorama.ad\/es\/barbera-termina-duodecimo-en-mugello-baz-lesionado\/#article","isPartOf":{"@id":"http:\/\/esponsorama.ad\/es\/barbera-termina-duodecimo-en-mugello-baz-lesionado\/"},"author":{"name":"Xavi Andornet","@id":"http:\/\/esponsorama.ad\/es\/#\/schema\/person\/a5cde74945183d737066e46b61c6f9c4"},"headline":"Barber\u00e1 termina duod\u00e9cimo en Mugello, Baz lesionado","datePublished":"2016-05-22T09:24:30+00:00","dateModified":"2016-07-20T15:39:41+00:00","mainEntityOfPage":{"@id":"http:\/\/esponsorama.ad\/es\/barbera-termina-duodecimo-en-mugello-baz-lesionado\/"},"wordCount":599,"image":{"@id":"http:\/\/esponsorama.ad\/es\/barbera-termina-duodecimo-en-mugello-baz-lesionado\/#primaryimage"},"thumbnailUrl":"http:\/\/esponsorama.ad\/wp-content\/uploads\/2016\/06\/06Mugello16Mgp-1469.jpg","articleSection":["MotoGP"],"inLanguage":"es"},{"@type":"WebPage","@id":"http:\/\/esponsorama.ad\/es\/barbera-termina-duodecimo-en-mugello-baz-lesionado\/","url":"http:\/\/esponsorama.ad\/es\/barbera-termina-duodecimo-en-mugello-baz-lesionado\/","name":"Barber\u00e1 termina duod\u00e9cimo en Mugello, Baz lesionado - Esponsorama","isPartOf":{"@id":"http:\/\/esponsorama.ad\/es\/#website"},"primaryImageOfPage":{"@id":"http:\/\/esponsorama.ad\/es\/barbera-termina-duodecimo-en-mugello-baz-lesionado\/#primaryimage"},"image":{"@id":"http:\/\/esponsorama.ad\/es\/barbera-termina-duodecimo-en-mugello-baz-lesionado\/#primaryimage"},"thumbnailUrl":"http:\/\/esponsorama.ad\/wp-content\/uploads\/2016\/06\/06Mugello16Mgp-1469.jpg","datePublished":"2016-05-22T09:24:30+00:00","dateModified":"2016-07-20T15:39:41+00:00","author":{"@id":"http:\/\/esponsorama.ad\/es\/#\/schema\/person\/a5cde74945183d737066e46b61c6f9c4"},"breadcrumb":{"@id":"http:\/\/esponsorama.ad\/es\/barbera-termina-duodecimo-en-mugello-baz-lesionado\/#breadcrumb"},"inLanguage":"es","potentialAction":[{"@type":"ReadAction","target":["http:\/\/esponsorama.ad\/es\/barbera-termina-duodecimo-en-mugello-baz-lesionado\/"]}]},{"@type":"ImageObject","inLanguage":"es","@id":"http:\/\/esponsorama.ad\/es\/barbera-termina-duodecimo-en-mugello-baz-lesionado\/#primaryimage","url":"http:\/\/esponsorama.ad\/wp-content\/uploads\/2016\/06\/06Mugello16Mgp-1469.jpg","contentUrl":"http:\/\/esponsorama.ad\/wp-content\/uploads\/2016\/06\/06Mugello16Mgp-1469.jpg","width":4294,"height":2863},{"@type":"BreadcrumbList","@id":"http:\/\/esponsorama.ad\/es\/barbera-termina-duodecimo-en-mugello-baz-lesionado\/#breadcrumb","itemListElement":[{"@type":"ListItem","position":1,"name":"Home","item":"http:\/\/esponsorama.ad\/es\/"},{"@type":"ListItem","position":2,"name":"Barber\u00e1 termina duod\u00e9cimo en Mugello, Baz lesionado"}]},{"@type":"WebSite","@id":"http:\/\/esponsorama.ad\/es\/#website","url":"http:\/\/esponsorama.ad\/es\/","name":"Esponsorama","description":"Specialist in motorsport sponsorship and event promotions","potentialAction":[{"@type":"SearchAction","target":{"@type":"EntryPoint","urlTemplate":"http:\/\/esponsorama.ad\/es\/?s={search_term_string}"},"query-input":{"@type":"PropertyValueSpecification","valueRequired":true,"valueName":"search_term_string"}}],"inLanguage":"es"},{"@type":"Person","@id":"http:\/\/esponsorama.ad\/es\/#\/schema\/person\/a5cde74945183d737066e46b61c6f9c4","name":"Xavi Andornet","image":{"@type":"ImageObject","inLanguage":"es","@id":"http:\/\/esponsorama.ad\/es\/#\/schema\/person\/image\/","url":"https:\/\/secure.gravatar.com\/avatar\/f10eaf9ad601244a2357c9fd7cd9805ed166cfaaf76d5d9ab08a9d873e70147a?s=96&d=mm&r=g","contentUrl":"https:\/\/secure.gravatar.com\/avatar\/f10eaf9ad601244a2357c9fd7cd9805ed166cfaaf76d5d9ab08a9d873e70147a?s=96&d=mm&r=g","caption":"Xavi Andornet"},"sameAs":["http:\/\/www.andornet.ad"],"url":"http:\/\/esponsorama.ad\/es\/author\/andornet\/"}]}},"_links":{"self":[{"href":"http:\/\/esponsorama.ad\/es\/wp-json\/wp\/v2\/posts\/386","targetHints":{"allow":["GET"]}}],"collection":[{"href":"http:\/\/esponsorama.ad\/es\/wp-json\/wp\/v2\/posts"}],"about":[{"href":"http:\/\/esponsorama.ad\/es\/wp-json\/wp\/v2\/types\/post"}],"author":[{"embeddable":true,"href":"http:\/\/esponsorama.ad\/es\/wp-json\/wp\/v2\/users\/6"}],"replies":[{"embeddable":true,"href":"http:\/\/esponsorama.ad\/es\/wp-json\/wp\/v2\/comments?post=386"}],"version-history":[{"count":0,"href":"http:\/\/esponsorama.ad\/es\/wp-json\/wp\/v2\/posts\/386\/revisions"}],"wp:featuredmedia":[{"embeddable":true,"href":"http:\/\/esponsorama.ad\/es\/wp-json\/wp\/v2\/media\/388"}],"wp:attachment":[{"href":"http:\/\/esponsorama.ad\/es\/wp-json\/wp\/v2\/media?parent=386"}],"wp:term":[{"taxonomy":"category","embeddable":true,"href":"http:\/\/esponsorama.ad\/es\/wp-json\/wp\/v2\/categories?post=386"},{"taxonomy":"post_tag","embeddable":true,"href":"http:\/\/esponsorama.ad\/es\/wp-json\/wp\/v2\/tags?post=386"}],"curies":[{"name":"wp","href":"https:\/\/api.w.org\/{rel}","templated":true}]}}