{"id":3861,"date":"2017-06-09T16:50:30","date_gmt":"2017-06-09T14:50:30","guid":{"rendered":"http:\/\/esponsorama.ad\/?p=3861"},"modified":"2017-06-09T16:58:35","modified_gmt":"2017-06-09T14:58:35","slug":"viernes-rodaje-vicente-perez-gran-premio-cataluna","status":"publish","type":"post","link":"http:\/\/esponsorama.ad\/es\/viernes-rodaje-vicente-perez-gran-premio-cataluna\/","title":{"rendered":"Viernes de rodaje para Vicente P\u00e9rez en el Gran Premio de Catalu\u00f1a"},"content":{"rendered":"<p>El Circuito de Catalu\u00f1a ha recibido a los pilotos del Mundial de MotoGP bajo la lluvia; durante la madrugada del viernes han habido peque\u00f1os chubascos, que se han alargado hasta el inicio de la actividad en pista. La categor\u00eda de Moto3 ha comenzado con la pista h\u00fameda, por lo que los entrenamientos libres han sido poco fruct\u00edferos.<\/p>\n<p>Para Vicente P\u00e9rez la jornada parec\u00eda que iba a ser muy evolutiva, ya que en la sesi\u00f3n de la ma\u00f1ana ha ido mejorando poco a poco y sinti\u00e9ndose c\u00f3modo sobre su KTM. El piloto valenciano ha marcado un tiempo de 2\u201909.336, que le ha situado en la decimos\u00e9ptima plaza.<\/p>\n<p>Ya en la tarde, las condiciones han sido completamente distintas y con la pista seca los pilotos han bajado sus tiempos, hasta rodar dentro de los m\u00e1rgenes de este trazado. Vicente no ha encontrado \u201csu sitio\u201d en esta sesi\u00f3n, pero le ha servido para identificar la pista, que apenas conoce. El valenciano finalizado en la posici\u00f3n 31\u00aa, con un tiempo de 1\u201957.312 y con ganas de subirse a la moto ma\u00f1ana.<\/p>\n<p>Estas condiciones mixtas le han venido bien para lo que pueda venir en pr\u00f3xima cita del FIM CEV, que ser\u00e1 tambi\u00e9n en el circuito de Montmel\u00f3.<\/p>\n\n<p>\u201cEl primer FP ha sido bueno porque hemos cogido bastante ritmo en mojado y hemos podido terminar decimos\u00e9ptimos; me he encontrado bastante c\u00f3modo. En el segundo FP he fallado yo, ya que no me he planteado bien el entrenamiento. Estoy ya pensando en ma\u00f1ana y esto s\u00f3lo ha sido el inicio del fin de semana; lo m\u00e1s importante es el d\u00eda del s\u00e1bado y el domingo. S\u00e9 que ma\u00f1ana podemos mejorar y por eso estoy tranquilo\u201d<\/p>\n\n<p>\u00abHa sido d\u00eda un poco complicado, ya que en la FP2 ha rodado en seco por primera vez y tambi\u00e9n es un trazado con poco grip, baches y algo complicado. El nivel de Vicente es para estar en mejores puestos, as\u00ed que s\u00f3lo nos queda trabajar m\u00e1s, entender el por qu\u00e9 no hemos sido capaces de ser r\u00e1pidos y as\u00ed estar en el sitio. El hecho de que el FP1 haya sido en agua nos perjudica respecto a un equipo del Mundial, ya que ellos tienen mejor ritmo y la puesta a punto mucho m\u00e1s clara\u201d<\/p>\n","protected":false},"excerpt":{"rendered":"<p>El Circuito de Catalu\u00f1a ha recibido a los pilotos del Mundial de MotoGP bajo la lluvia; durante la madrugada del viernes han habido peque\u00f1os chubascos, que se han alargado hasta el inicio de la actividad en pista. La categor\u00eda de Moto3 ha comenzado con la pista h\u00fameda, por lo que los entrenamientos libres han sido [&hellip;]<\/p>\n","protected":false},"author":6,"featured_media":3866,"comment_status":"closed","ping_status":"closed","sticky":false,"template":"","format":"standard","meta":{"footnotes":""},"categories":[10],"tags":[],"class_list":["post-3861","post","type-post","status-publish","format-standard","has-post-thumbnail","hentry","category-fim-cev"],"yoast_head":"<!-- This site is optimized with the Yoast SEO plugin v27.1.1 - https:\/\/yoast.com\/product\/yoast-seo-wordpress\/ -->\n<title>Viernes de rodaje para Vicente P\u00e9rez en el Gran Premio de Catalu\u00f1a - Esponsorama<\/title>\n<meta name=\"robots\" content=\"index, follow, max-snippet:-1, max-image-preview:large, max-video-preview:-1\" \/>\n<link rel=\"canonical\" href=\"http:\/\/esponsorama.ad\/es\/viernes-rodaje-vicente-perez-gran-premio-cataluna\/\" \/>\n<meta property=\"og:locale\" content=\"es_ES\" \/>\n<meta property=\"og:type\" content=\"article\" \/>\n<meta property=\"og:title\" content=\"Viernes de rodaje para Vicente P\u00e9rez en el Gran Premio de Catalu\u00f1a - Esponsorama\" \/>\n<meta property=\"og:description\" content=\"El Circuito de Catalu\u00f1a ha recibido a los pilotos del Mundial de MotoGP bajo la lluvia; durante la madrugada del viernes han habido peque\u00f1os chubascos, que se han alargado hasta el inicio de la actividad en pista. La categor\u00eda de Moto3 ha comenzado con la pista h\u00fameda, por lo que los entrenamientos libres han sido [&hellip;]\" \/>\n<meta property=\"og:url\" content=\"http:\/\/esponsorama.ad\/es\/viernes-rodaje-vicente-perez-gran-premio-cataluna\/\" \/>\n<meta property=\"og:site_name\" content=\"Esponsorama\" \/>\n<meta property=\"article:published_time\" content=\"2017-06-09T14:50:30+00:00\" \/>\n<meta property=\"article:modified_time\" content=\"2017-06-09T14:58:35+00:00\" \/>\n<meta property=\"og:image\" content=\"http:\/\/esponsorama.ad\/wp-content\/uploads\/2017\/06\/07Montmelo17M3-2956.jpg\" \/>\n\t<meta property=\"og:image:width\" content=\"4159\" \/>\n\t<meta property=\"og:image:height\" content=\"2773\" \/>\n\t<meta property=\"og:image:type\" content=\"image\/jpeg\" \/>\n<meta name=\"author\" content=\"Xavi Andornet\" \/>\n<meta name=\"twitter:card\" content=\"summary_large_image\" \/>\n<meta name=\"twitter:label1\" content=\"Escrito por\" \/>\n\t<meta name=\"twitter:data1\" content=\"Xavi Andornet\" \/>\n\t<meta name=\"twitter:label2\" content=\"Tiempo de lectura\" \/>\n\t<meta name=\"twitter:data2\" content=\"2 minutos\" \/>\n<script type=\"application\/ld+json\" class=\"yoast-schema-graph\">{\"@context\":\"https:\/\/schema.org\",\"@graph\":[{\"@type\":\"Article\",\"@id\":\"http:\/\/esponsorama.ad\/es\/viernes-rodaje-vicente-perez-gran-premio-cataluna\/#article\",\"isPartOf\":{\"@id\":\"http:\/\/esponsorama.ad\/es\/viernes-rodaje-vicente-perez-gran-premio-cataluna\/\"},\"author\":{\"name\":\"Xavi Andornet\",\"@id\":\"http:\/\/esponsorama.ad\/es\/#\/schema\/person\/a5cde74945183d737066e46b61c6f9c4\"},\"headline\":\"Viernes de rodaje para Vicente P\u00e9rez en el Gran Premio de Catalu\u00f1a\",\"datePublished\":\"2017-06-09T14:50:30+00:00\",\"dateModified\":\"2017-06-09T14:58:35+00:00\",\"mainEntityOfPage\":{\"@id\":\"http:\/\/esponsorama.ad\/es\/viernes-rodaje-vicente-perez-gran-premio-cataluna\/\"},\"wordCount\":428,\"image\":{\"@id\":\"http:\/\/esponsorama.ad\/es\/viernes-rodaje-vicente-perez-gran-premio-cataluna\/#primaryimage\"},\"thumbnailUrl\":\"http:\/\/esponsorama.ad\/wp-content\/uploads\/2017\/06\/07Montmelo17M3-2956.jpg\",\"articleSection\":[\"FIM CEV\"],\"inLanguage\":\"es\"},{\"@type\":\"WebPage\",\"@id\":\"http:\/\/esponsorama.ad\/es\/viernes-rodaje-vicente-perez-gran-premio-cataluna\/\",\"url\":\"http:\/\/esponsorama.ad\/es\/viernes-rodaje-vicente-perez-gran-premio-cataluna\/\",\"name\":\"Viernes de rodaje para Vicente P\u00e9rez en el Gran Premio de Catalu\u00f1a - Esponsorama\",\"isPartOf\":{\"@id\":\"http:\/\/esponsorama.ad\/es\/#website\"},\"primaryImageOfPage\":{\"@id\":\"http:\/\/esponsorama.ad\/es\/viernes-rodaje-vicente-perez-gran-premio-cataluna\/#primaryimage\"},\"image\":{\"@id\":\"http:\/\/esponsorama.ad\/es\/viernes-rodaje-vicente-perez-gran-premio-cataluna\/#primaryimage\"},\"thumbnailUrl\":\"http:\/\/esponsorama.ad\/wp-content\/uploads\/2017\/06\/07Montmelo17M3-2956.jpg\",\"datePublished\":\"2017-06-09T14:50:30+00:00\",\"dateModified\":\"2017-06-09T14:58:35+00:00\",\"author\":{\"@id\":\"http:\/\/esponsorama.ad\/es\/#\/schema\/person\/a5cde74945183d737066e46b61c6f9c4\"},\"breadcrumb\":{\"@id\":\"http:\/\/esponsorama.ad\/es\/viernes-rodaje-vicente-perez-gran-premio-cataluna\/#breadcrumb\"},\"inLanguage\":\"es\",\"potentialAction\":[{\"@type\":\"ReadAction\",\"target\":[\"http:\/\/esponsorama.ad\/es\/viernes-rodaje-vicente-perez-gran-premio-cataluna\/\"]}]},{\"@type\":\"ImageObject\",\"inLanguage\":\"es\",\"@id\":\"http:\/\/esponsorama.ad\/es\/viernes-rodaje-vicente-perez-gran-premio-cataluna\/#primaryimage\",\"url\":\"http:\/\/esponsorama.ad\/wp-content\/uploads\/2017\/06\/07Montmelo17M3-2956.jpg\",\"contentUrl\":\"http:\/\/esponsorama.ad\/wp-content\/uploads\/2017\/06\/07Montmelo17M3-2956.jpg\",\"width\":4159,\"height\":2773},{\"@type\":\"BreadcrumbList\",\"@id\":\"http:\/\/esponsorama.ad\/es\/viernes-rodaje-vicente-perez-gran-premio-cataluna\/#breadcrumb\",\"itemListElement\":[{\"@type\":\"ListItem\",\"position\":1,\"name\":\"Home\",\"item\":\"http:\/\/esponsorama.ad\/ca\/\"},{\"@type\":\"ListItem\",\"position\":2,\"name\":\"Viernes de rodaje para Vicente P\u00e9rez en el Gran Premio de Catalu\u00f1a\"}]},{\"@type\":\"WebSite\",\"@id\":\"http:\/\/esponsorama.ad\/es\/#website\",\"url\":\"http:\/\/esponsorama.ad\/es\/\",\"name\":\"Esponsorama\",\"description\":\"Specialist in motorsport sponsorship and event promotions\",\"potentialAction\":[{\"@type\":\"SearchAction\",\"target\":{\"@type\":\"EntryPoint\",\"urlTemplate\":\"http:\/\/esponsorama.ad\/es\/?s={search_term_string}\"},\"query-input\":{\"@type\":\"PropertyValueSpecification\",\"valueRequired\":true,\"valueName\":\"search_term_string\"}}],\"inLanguage\":\"es\"},{\"@type\":\"Person\",\"@id\":\"http:\/\/esponsorama.ad\/es\/#\/schema\/person\/a5cde74945183d737066e46b61c6f9c4\",\"name\":\"Xavi Andornet\",\"image\":{\"@type\":\"ImageObject\",\"inLanguage\":\"es\",\"@id\":\"http:\/\/esponsorama.ad\/es\/#\/schema\/person\/image\/\",\"url\":\"https:\/\/secure.gravatar.com\/avatar\/f10eaf9ad601244a2357c9fd7cd9805ed166cfaaf76d5d9ab08a9d873e70147a?s=96&d=mm&r=g\",\"contentUrl\":\"https:\/\/secure.gravatar.com\/avatar\/f10eaf9ad601244a2357c9fd7cd9805ed166cfaaf76d5d9ab08a9d873e70147a?s=96&d=mm&r=g\",\"caption\":\"Xavi Andornet\"},\"sameAs\":[\"http:\/\/www.andornet.ad\"],\"url\":\"http:\/\/esponsorama.ad\/es\/author\/andornet\/\"}]}<\/script>\n<!-- \/ Yoast SEO plugin. -->","yoast_head_json":{"title":"Viernes de rodaje para Vicente P\u00e9rez en el Gran Premio de Catalu\u00f1a - Esponsorama","robots":{"index":"index","follow":"follow","max-snippet":"max-snippet:-1","max-image-preview":"max-image-preview:large","max-video-preview":"max-video-preview:-1"},"canonical":"http:\/\/esponsorama.ad\/es\/viernes-rodaje-vicente-perez-gran-premio-cataluna\/","og_locale":"es_ES","og_type":"article","og_title":"Viernes de rodaje para Vicente P\u00e9rez en el Gran Premio de Catalu\u00f1a - Esponsorama","og_description":"El Circuito de Catalu\u00f1a ha recibido a los pilotos del Mundial de MotoGP bajo la lluvia; durante la madrugada del viernes han habido peque\u00f1os chubascos, que se han alargado hasta el inicio de la actividad en pista. La categor\u00eda de Moto3 ha comenzado con la pista h\u00fameda, por lo que los entrenamientos libres han sido [&hellip;]","og_url":"http:\/\/esponsorama.ad\/es\/viernes-rodaje-vicente-perez-gran-premio-cataluna\/","og_site_name":"Esponsorama","article_published_time":"2017-06-09T14:50:30+00:00","article_modified_time":"2017-06-09T14:58:35+00:00","og_image":[{"width":4159,"height":2773,"url":"http:\/\/esponsorama.ad\/wp-content\/uploads\/2017\/06\/07Montmelo17M3-2956.jpg","type":"image\/jpeg"}],"author":"Xavi Andornet","twitter_card":"summary_large_image","twitter_misc":{"Escrito por":"Xavi Andornet","Tiempo de lectura":"2 minutos"},"schema":{"@context":"https:\/\/schema.org","@graph":[{"@type":"Article","@id":"http:\/\/esponsorama.ad\/es\/viernes-rodaje-vicente-perez-gran-premio-cataluna\/#article","isPartOf":{"@id":"http:\/\/esponsorama.ad\/es\/viernes-rodaje-vicente-perez-gran-premio-cataluna\/"},"author":{"name":"Xavi Andornet","@id":"http:\/\/esponsorama.ad\/es\/#\/schema\/person\/a5cde74945183d737066e46b61c6f9c4"},"headline":"Viernes de rodaje para Vicente P\u00e9rez en el Gran Premio de Catalu\u00f1a","datePublished":"2017-06-09T14:50:30+00:00","dateModified":"2017-06-09T14:58:35+00:00","mainEntityOfPage":{"@id":"http:\/\/esponsorama.ad\/es\/viernes-rodaje-vicente-perez-gran-premio-cataluna\/"},"wordCount":428,"image":{"@id":"http:\/\/esponsorama.ad\/es\/viernes-rodaje-vicente-perez-gran-premio-cataluna\/#primaryimage"},"thumbnailUrl":"http:\/\/esponsorama.ad\/wp-content\/uploads\/2017\/06\/07Montmelo17M3-2956.jpg","articleSection":["FIM CEV"],"inLanguage":"es"},{"@type":"WebPage","@id":"http:\/\/esponsorama.ad\/es\/viernes-rodaje-vicente-perez-gran-premio-cataluna\/","url":"http:\/\/esponsorama.ad\/es\/viernes-rodaje-vicente-perez-gran-premio-cataluna\/","name":"Viernes de rodaje para Vicente P\u00e9rez en el Gran Premio de Catalu\u00f1a - Esponsorama","isPartOf":{"@id":"http:\/\/esponsorama.ad\/es\/#website"},"primaryImageOfPage":{"@id":"http:\/\/esponsorama.ad\/es\/viernes-rodaje-vicente-perez-gran-premio-cataluna\/#primaryimage"},"image":{"@id":"http:\/\/esponsorama.ad\/es\/viernes-rodaje-vicente-perez-gran-premio-cataluna\/#primaryimage"},"thumbnailUrl":"http:\/\/esponsorama.ad\/wp-content\/uploads\/2017\/06\/07Montmelo17M3-2956.jpg","datePublished":"2017-06-09T14:50:30+00:00","dateModified":"2017-06-09T14:58:35+00:00","author":{"@id":"http:\/\/esponsorama.ad\/es\/#\/schema\/person\/a5cde74945183d737066e46b61c6f9c4"},"breadcrumb":{"@id":"http:\/\/esponsorama.ad\/es\/viernes-rodaje-vicente-perez-gran-premio-cataluna\/#breadcrumb"},"inLanguage":"es","potentialAction":[{"@type":"ReadAction","target":["http:\/\/esponsorama.ad\/es\/viernes-rodaje-vicente-perez-gran-premio-cataluna\/"]}]},{"@type":"ImageObject","inLanguage":"es","@id":"http:\/\/esponsorama.ad\/es\/viernes-rodaje-vicente-perez-gran-premio-cataluna\/#primaryimage","url":"http:\/\/esponsorama.ad\/wp-content\/uploads\/2017\/06\/07Montmelo17M3-2956.jpg","contentUrl":"http:\/\/esponsorama.ad\/wp-content\/uploads\/2017\/06\/07Montmelo17M3-2956.jpg","width":4159,"height":2773},{"@type":"BreadcrumbList","@id":"http:\/\/esponsorama.ad\/es\/viernes-rodaje-vicente-perez-gran-premio-cataluna\/#breadcrumb","itemListElement":[{"@type":"ListItem","position":1,"name":"Home","item":"http:\/\/esponsorama.ad\/ca\/"},{"@type":"ListItem","position":2,"name":"Viernes de rodaje para Vicente P\u00e9rez en el Gran Premio de Catalu\u00f1a"}]},{"@type":"WebSite","@id":"http:\/\/esponsorama.ad\/es\/#website","url":"http:\/\/esponsorama.ad\/es\/","name":"Esponsorama","description":"Specialist in motorsport sponsorship and event promotions","potentialAction":[{"@type":"SearchAction","target":{"@type":"EntryPoint","urlTemplate":"http:\/\/esponsorama.ad\/es\/?s={search_term_string}"},"query-input":{"@type":"PropertyValueSpecification","valueRequired":true,"valueName":"search_term_string"}}],"inLanguage":"es"},{"@type":"Person","@id":"http:\/\/esponsorama.ad\/es\/#\/schema\/person\/a5cde74945183d737066e46b61c6f9c4","name":"Xavi Andornet","image":{"@type":"ImageObject","inLanguage":"es","@id":"http:\/\/esponsorama.ad\/es\/#\/schema\/person\/image\/","url":"https:\/\/secure.gravatar.com\/avatar\/f10eaf9ad601244a2357c9fd7cd9805ed166cfaaf76d5d9ab08a9d873e70147a?s=96&d=mm&r=g","contentUrl":"https:\/\/secure.gravatar.com\/avatar\/f10eaf9ad601244a2357c9fd7cd9805ed166cfaaf76d5d9ab08a9d873e70147a?s=96&d=mm&r=g","caption":"Xavi Andornet"},"sameAs":["http:\/\/www.andornet.ad"],"url":"http:\/\/esponsorama.ad\/es\/author\/andornet\/"}]}},"_links":{"self":[{"href":"http:\/\/esponsorama.ad\/es\/wp-json\/wp\/v2\/posts\/3861","targetHints":{"allow":["GET"]}}],"collection":[{"href":"http:\/\/esponsorama.ad\/es\/wp-json\/wp\/v2\/posts"}],"about":[{"href":"http:\/\/esponsorama.ad\/es\/wp-json\/wp\/v2\/types\/post"}],"author":[{"embeddable":true,"href":"http:\/\/esponsorama.ad\/es\/wp-json\/wp\/v2\/users\/6"}],"replies":[{"embeddable":true,"href":"http:\/\/esponsorama.ad\/es\/wp-json\/wp\/v2\/comments?post=3861"}],"version-history":[{"count":0,"href":"http:\/\/esponsorama.ad\/es\/wp-json\/wp\/v2\/posts\/3861\/revisions"}],"wp:featuredmedia":[{"embeddable":true,"href":"http:\/\/esponsorama.ad\/es\/wp-json\/wp\/v2\/media\/3866"}],"wp:attachment":[{"href":"http:\/\/esponsorama.ad\/es\/wp-json\/wp\/v2\/media?parent=3861"}],"wp:term":[{"taxonomy":"category","embeddable":true,"href":"http:\/\/esponsorama.ad\/es\/wp-json\/wp\/v2\/categories?post=3861"},{"taxonomy":"post_tag","embeddable":true,"href":"http:\/\/esponsorama.ad\/es\/wp-json\/wp\/v2\/tags?post=3861"}],"curies":[{"name":"wp","href":"https:\/\/api.w.org\/{rel}","templated":true}]}}