{"id":3919,"date":"2017-06-09T17:54:55","date_gmt":"2017-06-09T15:54:55","guid":{"rendered":"http:\/\/esponsorama.ad\/?p=3919"},"modified":"2017-06-09T18:44:22","modified_gmt":"2017-06-09T16:44:22","slug":"arranque-positivo-los-pilotos-del-reale-avintia-barcelona-2","status":"publish","type":"post","link":"http:\/\/esponsorama.ad\/es\/arranque-positivo-los-pilotos-del-reale-avintia-barcelona-2\/","title":{"rendered":"Arranque positivo para los pilotos del equipo Reale Avintia Racing en Barcelona"},"content":{"rendered":"<p>El primer d\u00eda de entrenamientos para el Gran Premio de Catalunya ha sido positivo para los pilotos del equipo Reale Avintia Racing, con H\u00e9ctor Barber\u00e1 11\u00ba y Loris Baz 15\u00ba, a pesar de sufrir sendas ca\u00eddas. Pero lo m\u00e1s importante es que las sensaciones han sido buenas y ambos conf\u00edan en poder mejorar sus tiempos ma\u00f1ana.<\/p>\n<p>En la primera sesi\u00f3n Barber\u00e1 y Baz se han quedado en el box, la pista segu\u00eda mojada y han preferido reservar neum\u00e1ticos para ma\u00f1ana. El test de hace unas semanas ha sido de gran ayuda y los pilotos han comenzado con una buena puesta a punto base, lo que se ha traducido en un buen ritmo desde el principio. Las ca\u00eddas de H\u00e9ctor y Loris han tenido lugar justo en los dos puntos modificados en el Circuit de Barcelona-Catalunya, con el espa\u00f1ol cayendo en la curva 10 y el franc\u00e9s en la nueva chicane. Afortunadamente ambas se han saldado sin grandes consecuencias y, aunque a Barber\u00e1 le han diagnosticado un fuerte golpe en el tend\u00f3n de dedo me\u00f1ique de su mano izquierda, ma\u00f1ana volver\u00e1 a salir con m\u00e1s ganas para buscar un puesto en la Q2.<\/p>\n\n<p>\u00abHemos empezado el primer d\u00eda un poco regular. Esta ma\u00f1ana no hemos rodado porque la pista no estaba completamente seca y por la tarde me he ca\u00eddo y se me ha quedado la mano izquierda debajo de la moto. Me he hecho da\u00f1o en un dedo y al principio me he asustado porque no pod\u00eda moverlo y ten\u00eda mucho dolor. Aun as\u00ed he llegado al box y he vuelto a salir con mi otra moto. Aunque no me encontraba igual, las tres vueltas que he podido dar no han ido mal y creo que, a pesar de todo, el primer d\u00eda ha sido positivo. Lo m\u00e1s importante es que estoy bien, en la Clinica Mobile han descartado cualquier rotura y ahora tenemos que intentar bajar la inflamaci\u00f3n, porque ma\u00f1ana ser\u00e1 complicado ponerme el guante. La moto funciona muy bien en esta pista, hicimos un test de dos d\u00edas hace poco y la puesta a punto la tenemos. Solo falta elegir bien los neum\u00e1ticos para el domingo y trabajar para mejorar el ritmo de carrera.\u201d<\/p>\n\n<p>\u00abPor la ma\u00f1ana la pista no estaba completamente seca y hemos decidido no salir para guardar neum\u00e1ticos. Por la tarde no ha ido nada mal, hemos salido con una moto con la puesta a punto base de Mugello y otra con la del test, y me ha gustado m\u00e1s de la Mugello. Tenemos que trabajar m\u00e1s, pero ha sido positivo, nos falta un poco de motor, pero ma\u00f1ana tendremos uno nuevo que nos puede solucionar muchos problemas. Est\u00e1 todo apretado pero conf\u00edo en mejorar mis tiempos. Tambi\u00e9n me he ca\u00eddo en la nueva chicane; en ese punto siempre cortar los pianos, pero esta vez he entrado con mucho \u00e1ngulo y me he ca\u00eddo. Ha sido una ca\u00edda lenta, pero rodando en grupo puede ser peligroso porque te quedas en medio de la pista.\u201d<\/p>\n","protected":false},"excerpt":{"rendered":"<p>El primer d\u00eda de entrenamientos para el Gran Premio de Catalunya ha sido positivo para los pilotos del equipo Reale Avintia Racing, con H\u00e9ctor Barber\u00e1 11\u00ba y Loris Baz 15\u00ba, a pesar de sufrir sendas ca\u00eddas. Pero lo m\u00e1s importante es que las sensaciones han sido buenas y ambos conf\u00edan en poder mejorar sus tiempos [&hellip;]<\/p>\n","protected":false},"author":6,"featured_media":3899,"comment_status":"closed","ping_status":"closed","sticky":false,"template":"","format":"standard","meta":{"footnotes":""},"categories":[3],"tags":[],"class_list":["post-3919","post","type-post","status-publish","format-standard","has-post-thumbnail","hentry","category-motogp"],"yoast_head":"<!-- This site is optimized with the Yoast SEO plugin v27.1.1 - https:\/\/yoast.com\/product\/yoast-seo-wordpress\/ -->\n<title>Arranque positivo para los pilotos del equipo Reale Avintia Racing en Barcelona - Esponsorama<\/title>\n<meta name=\"robots\" content=\"index, follow, max-snippet:-1, max-image-preview:large, max-video-preview:-1\" \/>\n<link rel=\"canonical\" href=\"http:\/\/esponsorama.ad\/es\/arranque-positivo-los-pilotos-del-reale-avintia-barcelona-2\/\" \/>\n<meta property=\"og:locale\" content=\"es_ES\" \/>\n<meta property=\"og:type\" content=\"article\" \/>\n<meta property=\"og:title\" content=\"Arranque positivo para los pilotos del equipo Reale Avintia Racing en Barcelona - Esponsorama\" \/>\n<meta property=\"og:description\" content=\"El primer d\u00eda de entrenamientos para el Gran Premio de Catalunya ha sido positivo para los pilotos del equipo Reale Avintia Racing, con H\u00e9ctor Barber\u00e1 11\u00ba y Loris Baz 15\u00ba, a pesar de sufrir sendas ca\u00eddas. Pero lo m\u00e1s importante es que las sensaciones han sido buenas y ambos conf\u00edan en poder mejorar sus tiempos [&hellip;]\" \/>\n<meta property=\"og:url\" content=\"http:\/\/esponsorama.ad\/es\/arranque-positivo-los-pilotos-del-reale-avintia-barcelona-2\/\" \/>\n<meta property=\"og:site_name\" content=\"Esponsorama\" \/>\n<meta property=\"article:published_time\" content=\"2017-06-09T15:54:55+00:00\" \/>\n<meta property=\"article:modified_time\" content=\"2017-06-09T16:44:22+00:00\" \/>\n<meta property=\"og:image\" content=\"http:\/\/esponsorama.ad\/wp-content\/uploads\/2017\/06\/07Montmelo17MGP-5939-1024x683.jpg\" \/>\n\t<meta property=\"og:image:width\" content=\"1024\" \/>\n\t<meta property=\"og:image:height\" content=\"683\" \/>\n\t<meta property=\"og:image:type\" content=\"image\/jpeg\" \/>\n<meta name=\"author\" content=\"Xavi Andornet\" \/>\n<meta name=\"twitter:card\" content=\"summary_large_image\" \/>\n<meta name=\"twitter:label1\" content=\"Escrito por\" \/>\n\t<meta name=\"twitter:data1\" content=\"Xavi Andornet\" \/>\n\t<meta name=\"twitter:label2\" content=\"Tiempo de lectura\" \/>\n\t<meta name=\"twitter:data2\" content=\"3 minutos\" \/>\n<script type=\"application\/ld+json\" class=\"yoast-schema-graph\">{\"@context\":\"https:\/\/schema.org\",\"@graph\":[{\"@type\":\"Article\",\"@id\":\"http:\/\/esponsorama.ad\/es\/arranque-positivo-los-pilotos-del-reale-avintia-barcelona-2\/#article\",\"isPartOf\":{\"@id\":\"http:\/\/esponsorama.ad\/es\/arranque-positivo-los-pilotos-del-reale-avintia-barcelona-2\/\"},\"author\":{\"name\":\"Xavi Andornet\",\"@id\":\"http:\/\/esponsorama.ad\/es\/#\/schema\/person\/a5cde74945183d737066e46b61c6f9c4\"},\"headline\":\"Arranque positivo para los pilotos del equipo Reale Avintia Racing en Barcelona\",\"datePublished\":\"2017-06-09T15:54:55+00:00\",\"dateModified\":\"2017-06-09T16:44:22+00:00\",\"mainEntityOfPage\":{\"@id\":\"http:\/\/esponsorama.ad\/es\/arranque-positivo-los-pilotos-del-reale-avintia-barcelona-2\/\"},\"wordCount\":558,\"image\":{\"@id\":\"http:\/\/esponsorama.ad\/es\/arranque-positivo-los-pilotos-del-reale-avintia-barcelona-2\/#primaryimage\"},\"thumbnailUrl\":\"http:\/\/esponsorama.ad\/wp-content\/uploads\/2017\/06\/07Montmelo17MGP-5939.jpg\",\"articleSection\":[\"MotoGP\"],\"inLanguage\":\"es\"},{\"@type\":\"WebPage\",\"@id\":\"http:\/\/esponsorama.ad\/es\/arranque-positivo-los-pilotos-del-reale-avintia-barcelona-2\/\",\"url\":\"http:\/\/esponsorama.ad\/es\/arranque-positivo-los-pilotos-del-reale-avintia-barcelona-2\/\",\"name\":\"Arranque positivo para los pilotos del equipo Reale Avintia Racing en Barcelona - Esponsorama\",\"isPartOf\":{\"@id\":\"http:\/\/esponsorama.ad\/es\/#website\"},\"primaryImageOfPage\":{\"@id\":\"http:\/\/esponsorama.ad\/es\/arranque-positivo-los-pilotos-del-reale-avintia-barcelona-2\/#primaryimage\"},\"image\":{\"@id\":\"http:\/\/esponsorama.ad\/es\/arranque-positivo-los-pilotos-del-reale-avintia-barcelona-2\/#primaryimage\"},\"thumbnailUrl\":\"http:\/\/esponsorama.ad\/wp-content\/uploads\/2017\/06\/07Montmelo17MGP-5939.jpg\",\"datePublished\":\"2017-06-09T15:54:55+00:00\",\"dateModified\":\"2017-06-09T16:44:22+00:00\",\"author\":{\"@id\":\"http:\/\/esponsorama.ad\/es\/#\/schema\/person\/a5cde74945183d737066e46b61c6f9c4\"},\"breadcrumb\":{\"@id\":\"http:\/\/esponsorama.ad\/es\/arranque-positivo-los-pilotos-del-reale-avintia-barcelona-2\/#breadcrumb\"},\"inLanguage\":\"es\",\"potentialAction\":[{\"@type\":\"ReadAction\",\"target\":[\"http:\/\/esponsorama.ad\/es\/arranque-positivo-los-pilotos-del-reale-avintia-barcelona-2\/\"]}]},{\"@type\":\"ImageObject\",\"inLanguage\":\"es\",\"@id\":\"http:\/\/esponsorama.ad\/es\/arranque-positivo-los-pilotos-del-reale-avintia-barcelona-2\/#primaryimage\",\"url\":\"http:\/\/esponsorama.ad\/wp-content\/uploads\/2017\/06\/07Montmelo17MGP-5939.jpg\",\"contentUrl\":\"http:\/\/esponsorama.ad\/wp-content\/uploads\/2017\/06\/07Montmelo17MGP-5939.jpg\",\"width\":4398,\"height\":2932},{\"@type\":\"BreadcrumbList\",\"@id\":\"http:\/\/esponsorama.ad\/es\/arranque-positivo-los-pilotos-del-reale-avintia-barcelona-2\/#breadcrumb\",\"itemListElement\":[{\"@type\":\"ListItem\",\"position\":1,\"name\":\"Home\",\"item\":\"http:\/\/esponsorama.ad\/es\/\"},{\"@type\":\"ListItem\",\"position\":2,\"name\":\"Arranque positivo para los pilotos del equipo Reale Avintia Racing en Barcelona\"}]},{\"@type\":\"WebSite\",\"@id\":\"http:\/\/esponsorama.ad\/es\/#website\",\"url\":\"http:\/\/esponsorama.ad\/es\/\",\"name\":\"Esponsorama\",\"description\":\"Specialist in motorsport sponsorship and event promotions\",\"potentialAction\":[{\"@type\":\"SearchAction\",\"target\":{\"@type\":\"EntryPoint\",\"urlTemplate\":\"http:\/\/esponsorama.ad\/es\/?s={search_term_string}\"},\"query-input\":{\"@type\":\"PropertyValueSpecification\",\"valueRequired\":true,\"valueName\":\"search_term_string\"}}],\"inLanguage\":\"es\"},{\"@type\":\"Person\",\"@id\":\"http:\/\/esponsorama.ad\/es\/#\/schema\/person\/a5cde74945183d737066e46b61c6f9c4\",\"name\":\"Xavi Andornet\",\"image\":{\"@type\":\"ImageObject\",\"inLanguage\":\"es\",\"@id\":\"http:\/\/esponsorama.ad\/es\/#\/schema\/person\/image\/\",\"url\":\"https:\/\/secure.gravatar.com\/avatar\/f10eaf9ad601244a2357c9fd7cd9805ed166cfaaf76d5d9ab08a9d873e70147a?s=96&d=mm&r=g\",\"contentUrl\":\"https:\/\/secure.gravatar.com\/avatar\/f10eaf9ad601244a2357c9fd7cd9805ed166cfaaf76d5d9ab08a9d873e70147a?s=96&d=mm&r=g\",\"caption\":\"Xavi Andornet\"},\"sameAs\":[\"http:\/\/www.andornet.ad\"],\"url\":\"http:\/\/esponsorama.ad\/es\/author\/andornet\/\"}]}<\/script>\n<!-- \/ Yoast SEO plugin. -->","yoast_head_json":{"title":"Arranque positivo para los pilotos del equipo Reale Avintia Racing en Barcelona - Esponsorama","robots":{"index":"index","follow":"follow","max-snippet":"max-snippet:-1","max-image-preview":"max-image-preview:large","max-video-preview":"max-video-preview:-1"},"canonical":"http:\/\/esponsorama.ad\/es\/arranque-positivo-los-pilotos-del-reale-avintia-barcelona-2\/","og_locale":"es_ES","og_type":"article","og_title":"Arranque positivo para los pilotos del equipo Reale Avintia Racing en Barcelona - Esponsorama","og_description":"El primer d\u00eda de entrenamientos para el Gran Premio de Catalunya ha sido positivo para los pilotos del equipo Reale Avintia Racing, con H\u00e9ctor Barber\u00e1 11\u00ba y Loris Baz 15\u00ba, a pesar de sufrir sendas ca\u00eddas. Pero lo m\u00e1s importante es que las sensaciones han sido buenas y ambos conf\u00edan en poder mejorar sus tiempos [&hellip;]","og_url":"http:\/\/esponsorama.ad\/es\/arranque-positivo-los-pilotos-del-reale-avintia-barcelona-2\/","og_site_name":"Esponsorama","article_published_time":"2017-06-09T15:54:55+00:00","article_modified_time":"2017-06-09T16:44:22+00:00","og_image":[{"width":1024,"height":683,"url":"http:\/\/esponsorama.ad\/wp-content\/uploads\/2017\/06\/07Montmelo17MGP-5939-1024x683.jpg","type":"image\/jpeg"}],"author":"Xavi Andornet","twitter_card":"summary_large_image","twitter_misc":{"Escrito por":"Xavi Andornet","Tiempo de lectura":"3 minutos"},"schema":{"@context":"https:\/\/schema.org","@graph":[{"@type":"Article","@id":"http:\/\/esponsorama.ad\/es\/arranque-positivo-los-pilotos-del-reale-avintia-barcelona-2\/#article","isPartOf":{"@id":"http:\/\/esponsorama.ad\/es\/arranque-positivo-los-pilotos-del-reale-avintia-barcelona-2\/"},"author":{"name":"Xavi Andornet","@id":"http:\/\/esponsorama.ad\/es\/#\/schema\/person\/a5cde74945183d737066e46b61c6f9c4"},"headline":"Arranque positivo para los pilotos del equipo Reale Avintia Racing en Barcelona","datePublished":"2017-06-09T15:54:55+00:00","dateModified":"2017-06-09T16:44:22+00:00","mainEntityOfPage":{"@id":"http:\/\/esponsorama.ad\/es\/arranque-positivo-los-pilotos-del-reale-avintia-barcelona-2\/"},"wordCount":558,"image":{"@id":"http:\/\/esponsorama.ad\/es\/arranque-positivo-los-pilotos-del-reale-avintia-barcelona-2\/#primaryimage"},"thumbnailUrl":"http:\/\/esponsorama.ad\/wp-content\/uploads\/2017\/06\/07Montmelo17MGP-5939.jpg","articleSection":["MotoGP"],"inLanguage":"es"},{"@type":"WebPage","@id":"http:\/\/esponsorama.ad\/es\/arranque-positivo-los-pilotos-del-reale-avintia-barcelona-2\/","url":"http:\/\/esponsorama.ad\/es\/arranque-positivo-los-pilotos-del-reale-avintia-barcelona-2\/","name":"Arranque positivo para los pilotos del equipo Reale Avintia Racing en Barcelona - Esponsorama","isPartOf":{"@id":"http:\/\/esponsorama.ad\/es\/#website"},"primaryImageOfPage":{"@id":"http:\/\/esponsorama.ad\/es\/arranque-positivo-los-pilotos-del-reale-avintia-barcelona-2\/#primaryimage"},"image":{"@id":"http:\/\/esponsorama.ad\/es\/arranque-positivo-los-pilotos-del-reale-avintia-barcelona-2\/#primaryimage"},"thumbnailUrl":"http:\/\/esponsorama.ad\/wp-content\/uploads\/2017\/06\/07Montmelo17MGP-5939.jpg","datePublished":"2017-06-09T15:54:55+00:00","dateModified":"2017-06-09T16:44:22+00:00","author":{"@id":"http:\/\/esponsorama.ad\/es\/#\/schema\/person\/a5cde74945183d737066e46b61c6f9c4"},"breadcrumb":{"@id":"http:\/\/esponsorama.ad\/es\/arranque-positivo-los-pilotos-del-reale-avintia-barcelona-2\/#breadcrumb"},"inLanguage":"es","potentialAction":[{"@type":"ReadAction","target":["http:\/\/esponsorama.ad\/es\/arranque-positivo-los-pilotos-del-reale-avintia-barcelona-2\/"]}]},{"@type":"ImageObject","inLanguage":"es","@id":"http:\/\/esponsorama.ad\/es\/arranque-positivo-los-pilotos-del-reale-avintia-barcelona-2\/#primaryimage","url":"http:\/\/esponsorama.ad\/wp-content\/uploads\/2017\/06\/07Montmelo17MGP-5939.jpg","contentUrl":"http:\/\/esponsorama.ad\/wp-content\/uploads\/2017\/06\/07Montmelo17MGP-5939.jpg","width":4398,"height":2932},{"@type":"BreadcrumbList","@id":"http:\/\/esponsorama.ad\/es\/arranque-positivo-los-pilotos-del-reale-avintia-barcelona-2\/#breadcrumb","itemListElement":[{"@type":"ListItem","position":1,"name":"Home","item":"http:\/\/esponsorama.ad\/es\/"},{"@type":"ListItem","position":2,"name":"Arranque positivo para los pilotos del equipo Reale Avintia Racing en Barcelona"}]},{"@type":"WebSite","@id":"http:\/\/esponsorama.ad\/es\/#website","url":"http:\/\/esponsorama.ad\/es\/","name":"Esponsorama","description":"Specialist in motorsport sponsorship and event promotions","potentialAction":[{"@type":"SearchAction","target":{"@type":"EntryPoint","urlTemplate":"http:\/\/esponsorama.ad\/es\/?s={search_term_string}"},"query-input":{"@type":"PropertyValueSpecification","valueRequired":true,"valueName":"search_term_string"}}],"inLanguage":"es"},{"@type":"Person","@id":"http:\/\/esponsorama.ad\/es\/#\/schema\/person\/a5cde74945183d737066e46b61c6f9c4","name":"Xavi Andornet","image":{"@type":"ImageObject","inLanguage":"es","@id":"http:\/\/esponsorama.ad\/es\/#\/schema\/person\/image\/","url":"https:\/\/secure.gravatar.com\/avatar\/f10eaf9ad601244a2357c9fd7cd9805ed166cfaaf76d5d9ab08a9d873e70147a?s=96&d=mm&r=g","contentUrl":"https:\/\/secure.gravatar.com\/avatar\/f10eaf9ad601244a2357c9fd7cd9805ed166cfaaf76d5d9ab08a9d873e70147a?s=96&d=mm&r=g","caption":"Xavi Andornet"},"sameAs":["http:\/\/www.andornet.ad"],"url":"http:\/\/esponsorama.ad\/es\/author\/andornet\/"}]}},"_links":{"self":[{"href":"http:\/\/esponsorama.ad\/es\/wp-json\/wp\/v2\/posts\/3919","targetHints":{"allow":["GET"]}}],"collection":[{"href":"http:\/\/esponsorama.ad\/es\/wp-json\/wp\/v2\/posts"}],"about":[{"href":"http:\/\/esponsorama.ad\/es\/wp-json\/wp\/v2\/types\/post"}],"author":[{"embeddable":true,"href":"http:\/\/esponsorama.ad\/es\/wp-json\/wp\/v2\/users\/6"}],"replies":[{"embeddable":true,"href":"http:\/\/esponsorama.ad\/es\/wp-json\/wp\/v2\/comments?post=3919"}],"version-history":[{"count":0,"href":"http:\/\/esponsorama.ad\/es\/wp-json\/wp\/v2\/posts\/3919\/revisions"}],"wp:featuredmedia":[{"embeddable":true,"href":"http:\/\/esponsorama.ad\/es\/wp-json\/wp\/v2\/media\/3899"}],"wp:attachment":[{"href":"http:\/\/esponsorama.ad\/es\/wp-json\/wp\/v2\/media?parent=3919"}],"wp:term":[{"taxonomy":"category","embeddable":true,"href":"http:\/\/esponsorama.ad\/es\/wp-json\/wp\/v2\/categories?post=3919"},{"taxonomy":"post_tag","embeddable":true,"href":"http:\/\/esponsorama.ad\/es\/wp-json\/wp\/v2\/tags?post=3919"}],"curies":[{"name":"wp","href":"https:\/\/api.w.org\/{rel}","templated":true}]}}