{"id":3943,"date":"2017-06-10T14:56:03","date_gmt":"2017-06-10T12:56:03","guid":{"rendered":"http:\/\/esponsorama.ad\/?p=3943"},"modified":"2017-06-10T17:10:48","modified_gmt":"2017-06-10T15:10:48","slug":"buen-trabajo-vicente-perez-la-carrera-manana-gp-cataluna","status":"publish","type":"post","link":"http:\/\/esponsorama.ad\/es\/buen-trabajo-vicente-perez-la-carrera-manana-gp-cataluna\/","title":{"rendered":"Buen trabajo de Vicente P\u00e9rez para la carrera de ma\u00f1ana en el GP de Catalu\u00f1a"},"content":{"rendered":"<p>La jornada del s\u00e1bado en el Gran Premio de Catalu\u00f1a ha estado marcada por las altas temperaturas; esto no ha sido impedimento para que los pilotos den el m\u00e1ximo posible. Adem\u00e1s, la gran afici\u00f3n, que siempre es usual ver en Montmel\u00f3, ha servido a todos de empuje para los clasificatorios.<\/p>\n<p>Vicente P\u00e9rez, de Reale Avintia Academy, ha tenido un buen d\u00eda y ha evolucionado bastante con respecto a los tiempos del d\u00eda de ayer. Aunque el piloto valenciano saldr\u00e1 ma\u00f1ana desde la P27 con un 1\u201955.218, la posici\u00f3n es irrelevante, ya que est\u00e1 a tan s\u00f3lo cinco d\u00e9cimas de la P17.\u00a0Vicente ten\u00eda muy claro que hoy deb\u00eda coger experiencia y as\u00ed lo ha hecho desde la ma\u00f1ana, que en la FP3 se ha clasificado en la P23 con un tiempo de 1\u201955.525.<\/p>\n<p>El equipo est\u00e1 contento con el trabajo que se est\u00e1 realizando y sabiendo que va por el buen camino para hacerse fuerte en el FIM CEV.\u00a0Ma\u00f1ana se espera la carrera con positividad y sin presiones, porque lo importante es aprender para el fin de semana que viene en la cita del FIM CEV.<\/p>\n\n<p>\u201cHoy hemos trabajado bastante bien. En el FP3 hemos mejorado respecto a ayer y eso me ha dado confianza para la Quali. En la sesi\u00f3n de Clasificaci\u00f3n no hemos tenido mucha suerte porque ven\u00eda para meterme en la P14 o P15 y un piloto se me ha puesto por delante; no he podido hacer una buena vuelta. Estoy contento porque tengo ritmo para ma\u00f1ana luchar por los puntos. Aunque estemos el P27, esto no es significativo porque en tiempos estamos muy pegados. Ma\u00f1ana tengo que hacer una buena salida y engancharme al grupo. Quiero agradecer todo el trabajo que siempre hace mi equipo para tener todo listo para cada entreno y carrera.\u201d<\/p>\n\n<p>\u201cVicente y todo el equipo han trabajado muy bien y creo que se ha cumplido el objetivo, que era ir sacando el m\u00e1ximo potencial de cara al fin de semana que viene. Aunque la posici\u00f3n es la 27\u00aa est\u00e1 a cuatro d\u00e9cimas de estar entre los quince primeros. La carrera de ma\u00f1ana nos la tomamos con calma, en un principio. Si se coloca en un buen grupo y hay paciencia podemos esperar un resultado bueno. No nos queremos obsesionar por coger puntos; nuestra idea principal es hacer bien la labor\u201d.<\/p>\n","protected":false},"excerpt":{"rendered":"<p>La jornada del s\u00e1bado en el Gran Premio de Catalu\u00f1a ha estado marcada por las altas temperaturas; esto no ha sido impedimento para que los pilotos den el m\u00e1ximo posible. Adem\u00e1s, la gran afici\u00f3n, que siempre es usual ver en Montmel\u00f3, ha servido a todos de empuje para los clasificatorios. Vicente P\u00e9rez, de Reale Avintia [&hellip;]<\/p>\n","protected":false},"author":6,"featured_media":3950,"comment_status":"closed","ping_status":"closed","sticky":false,"template":"","format":"standard","meta":{"footnotes":""},"categories":[10],"tags":[],"class_list":["post-3943","post","type-post","status-publish","format-standard","has-post-thumbnail","hentry","category-fim-cev"],"yoast_head":"<!-- This site is optimized with the Yoast SEO plugin v27.1.1 - https:\/\/yoast.com\/product\/yoast-seo-wordpress\/ -->\n<title>Buen trabajo de Vicente P\u00e9rez para la carrera de ma\u00f1ana en el GP de Catalu\u00f1a - Esponsorama<\/title>\n<meta name=\"robots\" content=\"index, follow, max-snippet:-1, max-image-preview:large, max-video-preview:-1\" \/>\n<link rel=\"canonical\" href=\"http:\/\/esponsorama.ad\/es\/buen-trabajo-vicente-perez-la-carrera-manana-gp-cataluna\/\" \/>\n<meta property=\"og:locale\" content=\"es_ES\" \/>\n<meta property=\"og:type\" content=\"article\" \/>\n<meta property=\"og:title\" content=\"Buen trabajo de Vicente P\u00e9rez para la carrera de ma\u00f1ana en el GP de Catalu\u00f1a - Esponsorama\" \/>\n<meta property=\"og:description\" content=\"La jornada del s\u00e1bado en el Gran Premio de Catalu\u00f1a ha estado marcada por las altas temperaturas; esto no ha sido impedimento para que los pilotos den el m\u00e1ximo posible. Adem\u00e1s, la gran afici\u00f3n, que siempre es usual ver en Montmel\u00f3, ha servido a todos de empuje para los clasificatorios. Vicente P\u00e9rez, de Reale Avintia [&hellip;]\" \/>\n<meta property=\"og:url\" content=\"http:\/\/esponsorama.ad\/es\/buen-trabajo-vicente-perez-la-carrera-manana-gp-cataluna\/\" \/>\n<meta property=\"og:site_name\" content=\"Esponsorama\" \/>\n<meta property=\"article:published_time\" content=\"2017-06-10T12:56:03+00:00\" \/>\n<meta property=\"article:modified_time\" content=\"2017-06-10T15:10:48+00:00\" \/>\n<meta property=\"og:image\" content=\"http:\/\/esponsorama.ad\/wp-content\/uploads\/2017\/06\/07Montmelo17M3-3019.jpg\" \/>\n\t<meta property=\"og:image:width\" content=\"4172\" \/>\n\t<meta property=\"og:image:height\" content=\"2781\" \/>\n\t<meta property=\"og:image:type\" content=\"image\/jpeg\" \/>\n<meta name=\"author\" content=\"Xavi Andornet\" \/>\n<meta name=\"twitter:card\" content=\"summary_large_image\" \/>\n<meta name=\"twitter:label1\" content=\"Escrito por\" \/>\n\t<meta name=\"twitter:data1\" content=\"Xavi Andornet\" \/>\n\t<meta name=\"twitter:label2\" content=\"Tiempo de lectura\" \/>\n\t<meta name=\"twitter:data2\" content=\"2 minutos\" \/>\n<script type=\"application\/ld+json\" class=\"yoast-schema-graph\">{\"@context\":\"https:\/\/schema.org\",\"@graph\":[{\"@type\":\"Article\",\"@id\":\"http:\/\/esponsorama.ad\/es\/buen-trabajo-vicente-perez-la-carrera-manana-gp-cataluna\/#article\",\"isPartOf\":{\"@id\":\"http:\/\/esponsorama.ad\/es\/buen-trabajo-vicente-perez-la-carrera-manana-gp-cataluna\/\"},\"author\":{\"name\":\"Xavi Andornet\",\"@id\":\"http:\/\/esponsorama.ad\/es\/#\/schema\/person\/a5cde74945183d737066e46b61c6f9c4\"},\"headline\":\"Buen trabajo de Vicente P\u00e9rez para la carrera de ma\u00f1ana en el GP de Catalu\u00f1a\",\"datePublished\":\"2017-06-10T12:56:03+00:00\",\"dateModified\":\"2017-06-10T15:10:48+00:00\",\"mainEntityOfPage\":{\"@id\":\"http:\/\/esponsorama.ad\/es\/buen-trabajo-vicente-perez-la-carrera-manana-gp-cataluna\/\"},\"wordCount\":439,\"image\":{\"@id\":\"http:\/\/esponsorama.ad\/es\/buen-trabajo-vicente-perez-la-carrera-manana-gp-cataluna\/#primaryimage\"},\"thumbnailUrl\":\"http:\/\/esponsorama.ad\/wp-content\/uploads\/2017\/06\/07Montmelo17M3-3019.jpg\",\"articleSection\":[\"FIM CEV\"],\"inLanguage\":\"es\"},{\"@type\":\"WebPage\",\"@id\":\"http:\/\/esponsorama.ad\/es\/buen-trabajo-vicente-perez-la-carrera-manana-gp-cataluna\/\",\"url\":\"http:\/\/esponsorama.ad\/es\/buen-trabajo-vicente-perez-la-carrera-manana-gp-cataluna\/\",\"name\":\"Buen trabajo de Vicente P\u00e9rez para la carrera de ma\u00f1ana en el GP de Catalu\u00f1a - Esponsorama\",\"isPartOf\":{\"@id\":\"http:\/\/esponsorama.ad\/es\/#website\"},\"primaryImageOfPage\":{\"@id\":\"http:\/\/esponsorama.ad\/es\/buen-trabajo-vicente-perez-la-carrera-manana-gp-cataluna\/#primaryimage\"},\"image\":{\"@id\":\"http:\/\/esponsorama.ad\/es\/buen-trabajo-vicente-perez-la-carrera-manana-gp-cataluna\/#primaryimage\"},\"thumbnailUrl\":\"http:\/\/esponsorama.ad\/wp-content\/uploads\/2017\/06\/07Montmelo17M3-3019.jpg\",\"datePublished\":\"2017-06-10T12:56:03+00:00\",\"dateModified\":\"2017-06-10T15:10:48+00:00\",\"author\":{\"@id\":\"http:\/\/esponsorama.ad\/es\/#\/schema\/person\/a5cde74945183d737066e46b61c6f9c4\"},\"breadcrumb\":{\"@id\":\"http:\/\/esponsorama.ad\/es\/buen-trabajo-vicente-perez-la-carrera-manana-gp-cataluna\/#breadcrumb\"},\"inLanguage\":\"es\",\"potentialAction\":[{\"@type\":\"ReadAction\",\"target\":[\"http:\/\/esponsorama.ad\/es\/buen-trabajo-vicente-perez-la-carrera-manana-gp-cataluna\/\"]}]},{\"@type\":\"ImageObject\",\"inLanguage\":\"es\",\"@id\":\"http:\/\/esponsorama.ad\/es\/buen-trabajo-vicente-perez-la-carrera-manana-gp-cataluna\/#primaryimage\",\"url\":\"http:\/\/esponsorama.ad\/wp-content\/uploads\/2017\/06\/07Montmelo17M3-3019.jpg\",\"contentUrl\":\"http:\/\/esponsorama.ad\/wp-content\/uploads\/2017\/06\/07Montmelo17M3-3019.jpg\",\"width\":4172,\"height\":2781},{\"@type\":\"BreadcrumbList\",\"@id\":\"http:\/\/esponsorama.ad\/es\/buen-trabajo-vicente-perez-la-carrera-manana-gp-cataluna\/#breadcrumb\",\"itemListElement\":[{\"@type\":\"ListItem\",\"position\":1,\"name\":\"Home\",\"item\":\"http:\/\/esponsorama.ad\/en\/\"},{\"@type\":\"ListItem\",\"position\":2,\"name\":\"Buen trabajo de Vicente P\u00e9rez para la carrera de ma\u00f1ana en el GP de Catalu\u00f1a\"}]},{\"@type\":\"WebSite\",\"@id\":\"http:\/\/esponsorama.ad\/es\/#website\",\"url\":\"http:\/\/esponsorama.ad\/es\/\",\"name\":\"Esponsorama\",\"description\":\"Specialist in motorsport sponsorship and event promotions\",\"potentialAction\":[{\"@type\":\"SearchAction\",\"target\":{\"@type\":\"EntryPoint\",\"urlTemplate\":\"http:\/\/esponsorama.ad\/es\/?s={search_term_string}\"},\"query-input\":{\"@type\":\"PropertyValueSpecification\",\"valueRequired\":true,\"valueName\":\"search_term_string\"}}],\"inLanguage\":\"es\"},{\"@type\":\"Person\",\"@id\":\"http:\/\/esponsorama.ad\/es\/#\/schema\/person\/a5cde74945183d737066e46b61c6f9c4\",\"name\":\"Xavi Andornet\",\"image\":{\"@type\":\"ImageObject\",\"inLanguage\":\"es\",\"@id\":\"http:\/\/esponsorama.ad\/es\/#\/schema\/person\/image\/\",\"url\":\"https:\/\/secure.gravatar.com\/avatar\/f10eaf9ad601244a2357c9fd7cd9805ed166cfaaf76d5d9ab08a9d873e70147a?s=96&d=mm&r=g\",\"contentUrl\":\"https:\/\/secure.gravatar.com\/avatar\/f10eaf9ad601244a2357c9fd7cd9805ed166cfaaf76d5d9ab08a9d873e70147a?s=96&d=mm&r=g\",\"caption\":\"Xavi Andornet\"},\"sameAs\":[\"http:\/\/www.andornet.ad\"],\"url\":\"http:\/\/esponsorama.ad\/es\/author\/andornet\/\"}]}<\/script>\n<!-- \/ Yoast SEO plugin. -->","yoast_head_json":{"title":"Buen trabajo de Vicente P\u00e9rez para la carrera de ma\u00f1ana en el GP de Catalu\u00f1a - Esponsorama","robots":{"index":"index","follow":"follow","max-snippet":"max-snippet:-1","max-image-preview":"max-image-preview:large","max-video-preview":"max-video-preview:-1"},"canonical":"http:\/\/esponsorama.ad\/es\/buen-trabajo-vicente-perez-la-carrera-manana-gp-cataluna\/","og_locale":"es_ES","og_type":"article","og_title":"Buen trabajo de Vicente P\u00e9rez para la carrera de ma\u00f1ana en el GP de Catalu\u00f1a - Esponsorama","og_description":"La jornada del s\u00e1bado en el Gran Premio de Catalu\u00f1a ha estado marcada por las altas temperaturas; esto no ha sido impedimento para que los pilotos den el m\u00e1ximo posible. Adem\u00e1s, la gran afici\u00f3n, que siempre es usual ver en Montmel\u00f3, ha servido a todos de empuje para los clasificatorios. Vicente P\u00e9rez, de Reale Avintia [&hellip;]","og_url":"http:\/\/esponsorama.ad\/es\/buen-trabajo-vicente-perez-la-carrera-manana-gp-cataluna\/","og_site_name":"Esponsorama","article_published_time":"2017-06-10T12:56:03+00:00","article_modified_time":"2017-06-10T15:10:48+00:00","og_image":[{"width":4172,"height":2781,"url":"http:\/\/esponsorama.ad\/wp-content\/uploads\/2017\/06\/07Montmelo17M3-3019.jpg","type":"image\/jpeg"}],"author":"Xavi Andornet","twitter_card":"summary_large_image","twitter_misc":{"Escrito por":"Xavi Andornet","Tiempo de lectura":"2 minutos"},"schema":{"@context":"https:\/\/schema.org","@graph":[{"@type":"Article","@id":"http:\/\/esponsorama.ad\/es\/buen-trabajo-vicente-perez-la-carrera-manana-gp-cataluna\/#article","isPartOf":{"@id":"http:\/\/esponsorama.ad\/es\/buen-trabajo-vicente-perez-la-carrera-manana-gp-cataluna\/"},"author":{"name":"Xavi Andornet","@id":"http:\/\/esponsorama.ad\/es\/#\/schema\/person\/a5cde74945183d737066e46b61c6f9c4"},"headline":"Buen trabajo de Vicente P\u00e9rez para la carrera de ma\u00f1ana en el GP de Catalu\u00f1a","datePublished":"2017-06-10T12:56:03+00:00","dateModified":"2017-06-10T15:10:48+00:00","mainEntityOfPage":{"@id":"http:\/\/esponsorama.ad\/es\/buen-trabajo-vicente-perez-la-carrera-manana-gp-cataluna\/"},"wordCount":439,"image":{"@id":"http:\/\/esponsorama.ad\/es\/buen-trabajo-vicente-perez-la-carrera-manana-gp-cataluna\/#primaryimage"},"thumbnailUrl":"http:\/\/esponsorama.ad\/wp-content\/uploads\/2017\/06\/07Montmelo17M3-3019.jpg","articleSection":["FIM CEV"],"inLanguage":"es"},{"@type":"WebPage","@id":"http:\/\/esponsorama.ad\/es\/buen-trabajo-vicente-perez-la-carrera-manana-gp-cataluna\/","url":"http:\/\/esponsorama.ad\/es\/buen-trabajo-vicente-perez-la-carrera-manana-gp-cataluna\/","name":"Buen trabajo de Vicente P\u00e9rez para la carrera de ma\u00f1ana en el GP de Catalu\u00f1a - Esponsorama","isPartOf":{"@id":"http:\/\/esponsorama.ad\/es\/#website"},"primaryImageOfPage":{"@id":"http:\/\/esponsorama.ad\/es\/buen-trabajo-vicente-perez-la-carrera-manana-gp-cataluna\/#primaryimage"},"image":{"@id":"http:\/\/esponsorama.ad\/es\/buen-trabajo-vicente-perez-la-carrera-manana-gp-cataluna\/#primaryimage"},"thumbnailUrl":"http:\/\/esponsorama.ad\/wp-content\/uploads\/2017\/06\/07Montmelo17M3-3019.jpg","datePublished":"2017-06-10T12:56:03+00:00","dateModified":"2017-06-10T15:10:48+00:00","author":{"@id":"http:\/\/esponsorama.ad\/es\/#\/schema\/person\/a5cde74945183d737066e46b61c6f9c4"},"breadcrumb":{"@id":"http:\/\/esponsorama.ad\/es\/buen-trabajo-vicente-perez-la-carrera-manana-gp-cataluna\/#breadcrumb"},"inLanguage":"es","potentialAction":[{"@type":"ReadAction","target":["http:\/\/esponsorama.ad\/es\/buen-trabajo-vicente-perez-la-carrera-manana-gp-cataluna\/"]}]},{"@type":"ImageObject","inLanguage":"es","@id":"http:\/\/esponsorama.ad\/es\/buen-trabajo-vicente-perez-la-carrera-manana-gp-cataluna\/#primaryimage","url":"http:\/\/esponsorama.ad\/wp-content\/uploads\/2017\/06\/07Montmelo17M3-3019.jpg","contentUrl":"http:\/\/esponsorama.ad\/wp-content\/uploads\/2017\/06\/07Montmelo17M3-3019.jpg","width":4172,"height":2781},{"@type":"BreadcrumbList","@id":"http:\/\/esponsorama.ad\/es\/buen-trabajo-vicente-perez-la-carrera-manana-gp-cataluna\/#breadcrumb","itemListElement":[{"@type":"ListItem","position":1,"name":"Home","item":"http:\/\/esponsorama.ad\/en\/"},{"@type":"ListItem","position":2,"name":"Buen trabajo de Vicente P\u00e9rez para la carrera de ma\u00f1ana en el GP de Catalu\u00f1a"}]},{"@type":"WebSite","@id":"http:\/\/esponsorama.ad\/es\/#website","url":"http:\/\/esponsorama.ad\/es\/","name":"Esponsorama","description":"Specialist in motorsport sponsorship and event promotions","potentialAction":[{"@type":"SearchAction","target":{"@type":"EntryPoint","urlTemplate":"http:\/\/esponsorama.ad\/es\/?s={search_term_string}"},"query-input":{"@type":"PropertyValueSpecification","valueRequired":true,"valueName":"search_term_string"}}],"inLanguage":"es"},{"@type":"Person","@id":"http:\/\/esponsorama.ad\/es\/#\/schema\/person\/a5cde74945183d737066e46b61c6f9c4","name":"Xavi Andornet","image":{"@type":"ImageObject","inLanguage":"es","@id":"http:\/\/esponsorama.ad\/es\/#\/schema\/person\/image\/","url":"https:\/\/secure.gravatar.com\/avatar\/f10eaf9ad601244a2357c9fd7cd9805ed166cfaaf76d5d9ab08a9d873e70147a?s=96&d=mm&r=g","contentUrl":"https:\/\/secure.gravatar.com\/avatar\/f10eaf9ad601244a2357c9fd7cd9805ed166cfaaf76d5d9ab08a9d873e70147a?s=96&d=mm&r=g","caption":"Xavi Andornet"},"sameAs":["http:\/\/www.andornet.ad"],"url":"http:\/\/esponsorama.ad\/es\/author\/andornet\/"}]}},"_links":{"self":[{"href":"http:\/\/esponsorama.ad\/es\/wp-json\/wp\/v2\/posts\/3943","targetHints":{"allow":["GET"]}}],"collection":[{"href":"http:\/\/esponsorama.ad\/es\/wp-json\/wp\/v2\/posts"}],"about":[{"href":"http:\/\/esponsorama.ad\/es\/wp-json\/wp\/v2\/types\/post"}],"author":[{"embeddable":true,"href":"http:\/\/esponsorama.ad\/es\/wp-json\/wp\/v2\/users\/6"}],"replies":[{"embeddable":true,"href":"http:\/\/esponsorama.ad\/es\/wp-json\/wp\/v2\/comments?post=3943"}],"version-history":[{"count":0,"href":"http:\/\/esponsorama.ad\/es\/wp-json\/wp\/v2\/posts\/3943\/revisions"}],"wp:featuredmedia":[{"embeddable":true,"href":"http:\/\/esponsorama.ad\/es\/wp-json\/wp\/v2\/media\/3950"}],"wp:attachment":[{"href":"http:\/\/esponsorama.ad\/es\/wp-json\/wp\/v2\/media?parent=3943"}],"wp:term":[{"taxonomy":"category","embeddable":true,"href":"http:\/\/esponsorama.ad\/es\/wp-json\/wp\/v2\/categories?post=3943"},{"taxonomy":"post_tag","embeddable":true,"href":"http:\/\/esponsorama.ad\/es\/wp-json\/wp\/v2\/tags?post=3943"}],"curies":[{"name":"wp","href":"https:\/\/api.w.org\/{rel}","templated":true}]}}