{"id":4014,"date":"2017-06-11T14:44:52","date_gmt":"2017-06-11T12:44:52","guid":{"rendered":"http:\/\/esponsorama.ad\/?p=4014"},"modified":"2017-06-11T14:54:49","modified_gmt":"2017-06-11T12:54:49","slug":"mala-suerte-vicente-perez-gran-premio-catalunya","status":"publish","type":"post","link":"http:\/\/esponsorama.ad\/es\/mala-suerte-vicente-perez-gran-premio-catalunya\/","title":{"rendered":"Mala suerte para Vicente P\u00e9rez en el Gran Premio de Catalunya"},"content":{"rendered":"<p>El domingo en el Gran Premio de Catalunya se ha arrancado con el calor, adem\u00e1s del clim\u00e1tico, de los miles de aficionados que han acudido a apoyar a sus \u00eddolos.<\/p>\n<p>En la Reale Avintia Academy la positividad estaba puesta en Vicente P\u00e9rez, para que pudiese hacer una buena actuaci\u00f3n en el trazado catal\u00e1n. Pero, la mala suerte del wild card ha vuelto a cebarse con \u00e9l y a penas cuatro vueltas despu\u00e9s de empezar la carrera, se ha ido al suelo haciendo\u00a0un highside.<\/p>\n<p>El piloto valenciano ten\u00eda unas molestias en su pelvis, que han hecho su traslado al hospital para descartar una posible fisura. Se le ha realizado un TAC y en principio los especialistas no han encontrado ninguna lesi\u00f3n. A falta de confirmaci\u00f3n, pero Vicente P\u00e9rez estar\u00e1 listo para competir en cinco d\u00edas.<\/p>\n<p>El pr\u00f3ximo fin de semana (17 y 18 de junio) viviremos, tambi\u00e9n en el circuito de Montmel\u00f3, la tercera cita del FIM CEV con nuestros cinco pilotos, que est\u00e1n haciendo una magn\u00edfica temporada. Las expectativas son buenas y este fin de semana de Mundial ha valido de previo para ello.<\/p>\n\n<p>\u201cLa carrera ha sido un poco dif\u00edcil porque he comenzado reserv\u00e1ndome mucho. Al final no he durado nada \u00a0y realmente no s\u00e9 qu\u00e9 me ha pasado. Se me ha ido la moto de detr\u00e1s y no s\u00e9 de qu\u00e9 forma ha sido, porque he hecho lo mismo que la anterior vuelta. Quiero pedir disculpas a todo el equipo que hace bastante esfuerzo por m\u00ed y que se preocupan por todos los detalles. Prometo no defraudar en la pr\u00f3xima carrera.\u201d<\/p>\n\n<p>\u201cEl fin de semana ha sido de mucho trabajo para todos. Es una l\u00e1stima la ca\u00edda de Vicente en la carrera, aunque nos quedamos con el tiempazo que ha marcado en ella\u00a0(1\u201955.083). Sin duda, estamos preparados para la semana que viene, que es la cita del FIM CEV. En resumen, estoy contento por el gran trabajo del equipo que se ha hecho durante todo el Gran Premio de Catalunya.\u00bb<\/p>\n","protected":false},"excerpt":{"rendered":"<p>El domingo en el Gran Premio de Catalunya se ha arrancado con el calor, adem\u00e1s del clim\u00e1tico, de los miles de aficionados que han acudido a apoyar a sus \u00eddolos. En la Reale Avintia Academy la positividad estaba puesta en Vicente P\u00e9rez, para que pudiese hacer una buena actuaci\u00f3n en el trazado catal\u00e1n. Pero, la [&hellip;]<\/p>\n","protected":false},"author":6,"featured_media":3938,"comment_status":"closed","ping_status":"closed","sticky":false,"template":"","format":"standard","meta":{"footnotes":""},"categories":[10],"tags":[],"class_list":["post-4014","post","type-post","status-publish","format-standard","has-post-thumbnail","hentry","category-fim-cev"],"yoast_head":"<!-- This site is optimized with the Yoast SEO plugin v27.1.1 - https:\/\/yoast.com\/product\/yoast-seo-wordpress\/ -->\n<title>Mala suerte para Vicente P\u00e9rez en el Gran Premio de Catalunya - Esponsorama<\/title>\n<meta name=\"robots\" content=\"index, follow, max-snippet:-1, max-image-preview:large, max-video-preview:-1\" \/>\n<link rel=\"canonical\" href=\"http:\/\/esponsorama.ad\/es\/mala-suerte-vicente-perez-gran-premio-catalunya\/\" \/>\n<meta property=\"og:locale\" content=\"es_ES\" \/>\n<meta property=\"og:type\" content=\"article\" \/>\n<meta property=\"og:title\" content=\"Mala suerte para Vicente P\u00e9rez en el Gran Premio de Catalunya - Esponsorama\" \/>\n<meta property=\"og:description\" content=\"El domingo en el Gran Premio de Catalunya se ha arrancado con el calor, adem\u00e1s del clim\u00e1tico, de los miles de aficionados que han acudido a apoyar a sus \u00eddolos. En la Reale Avintia Academy la positividad estaba puesta en Vicente P\u00e9rez, para que pudiese hacer una buena actuaci\u00f3n en el trazado catal\u00e1n. Pero, la [&hellip;]\" \/>\n<meta property=\"og:url\" content=\"http:\/\/esponsorama.ad\/es\/mala-suerte-vicente-perez-gran-premio-catalunya\/\" \/>\n<meta property=\"og:site_name\" content=\"Esponsorama\" \/>\n<meta property=\"article:published_time\" content=\"2017-06-11T12:44:52+00:00\" \/>\n<meta property=\"article:modified_time\" content=\"2017-06-11T12:54:49+00:00\" \/>\n<meta property=\"og:image\" content=\"http:\/\/esponsorama.ad\/wp-content\/uploads\/2017\/06\/07Montmelo17-7383-1024x683.jpg\" \/>\n\t<meta property=\"og:image:width\" content=\"1024\" \/>\n\t<meta property=\"og:image:height\" content=\"683\" \/>\n\t<meta property=\"og:image:type\" content=\"image\/jpeg\" \/>\n<meta name=\"author\" content=\"Xavi Andornet\" \/>\n<meta name=\"twitter:card\" content=\"summary_large_image\" \/>\n<meta name=\"twitter:label1\" content=\"Escrito por\" \/>\n\t<meta name=\"twitter:data1\" content=\"Xavi Andornet\" \/>\n\t<meta name=\"twitter:label2\" content=\"Tiempo de lectura\" \/>\n\t<meta name=\"twitter:data2\" content=\"2 minutos\" \/>\n<script type=\"application\/ld+json\" class=\"yoast-schema-graph\">{\"@context\":\"https:\/\/schema.org\",\"@graph\":[{\"@type\":\"Article\",\"@id\":\"http:\/\/esponsorama.ad\/es\/mala-suerte-vicente-perez-gran-premio-catalunya\/#article\",\"isPartOf\":{\"@id\":\"http:\/\/esponsorama.ad\/es\/mala-suerte-vicente-perez-gran-premio-catalunya\/\"},\"author\":{\"name\":\"Xavi Andornet\",\"@id\":\"http:\/\/esponsorama.ad\/es\/#\/schema\/person\/a5cde74945183d737066e46b61c6f9c4\"},\"headline\":\"Mala suerte para Vicente P\u00e9rez en el Gran Premio de Catalunya\",\"datePublished\":\"2017-06-11T12:44:52+00:00\",\"dateModified\":\"2017-06-11T12:54:49+00:00\",\"mainEntityOfPage\":{\"@id\":\"http:\/\/esponsorama.ad\/es\/mala-suerte-vicente-perez-gran-premio-catalunya\/\"},\"wordCount\":373,\"image\":{\"@id\":\"http:\/\/esponsorama.ad\/es\/mala-suerte-vicente-perez-gran-premio-catalunya\/#primaryimage\"},\"thumbnailUrl\":\"http:\/\/esponsorama.ad\/wp-content\/uploads\/2017\/06\/07Montmelo17-7383.jpg\",\"articleSection\":[\"FIM CEV\"],\"inLanguage\":\"es\"},{\"@type\":\"WebPage\",\"@id\":\"http:\/\/esponsorama.ad\/es\/mala-suerte-vicente-perez-gran-premio-catalunya\/\",\"url\":\"http:\/\/esponsorama.ad\/es\/mala-suerte-vicente-perez-gran-premio-catalunya\/\",\"name\":\"Mala suerte para Vicente P\u00e9rez en el Gran Premio de Catalunya - Esponsorama\",\"isPartOf\":{\"@id\":\"http:\/\/esponsorama.ad\/es\/#website\"},\"primaryImageOfPage\":{\"@id\":\"http:\/\/esponsorama.ad\/es\/mala-suerte-vicente-perez-gran-premio-catalunya\/#primaryimage\"},\"image\":{\"@id\":\"http:\/\/esponsorama.ad\/es\/mala-suerte-vicente-perez-gran-premio-catalunya\/#primaryimage\"},\"thumbnailUrl\":\"http:\/\/esponsorama.ad\/wp-content\/uploads\/2017\/06\/07Montmelo17-7383.jpg\",\"datePublished\":\"2017-06-11T12:44:52+00:00\",\"dateModified\":\"2017-06-11T12:54:49+00:00\",\"author\":{\"@id\":\"http:\/\/esponsorama.ad\/es\/#\/schema\/person\/a5cde74945183d737066e46b61c6f9c4\"},\"breadcrumb\":{\"@id\":\"http:\/\/esponsorama.ad\/es\/mala-suerte-vicente-perez-gran-premio-catalunya\/#breadcrumb\"},\"inLanguage\":\"es\",\"potentialAction\":[{\"@type\":\"ReadAction\",\"target\":[\"http:\/\/esponsorama.ad\/es\/mala-suerte-vicente-perez-gran-premio-catalunya\/\"]}]},{\"@type\":\"ImageObject\",\"inLanguage\":\"es\",\"@id\":\"http:\/\/esponsorama.ad\/es\/mala-suerte-vicente-perez-gran-premio-catalunya\/#primaryimage\",\"url\":\"http:\/\/esponsorama.ad\/wp-content\/uploads\/2017\/06\/07Montmelo17-7383.jpg\",\"contentUrl\":\"http:\/\/esponsorama.ad\/wp-content\/uploads\/2017\/06\/07Montmelo17-7383.jpg\",\"width\":4668,\"height\":3112},{\"@type\":\"BreadcrumbList\",\"@id\":\"http:\/\/esponsorama.ad\/es\/mala-suerte-vicente-perez-gran-premio-catalunya\/#breadcrumb\",\"itemListElement\":[{\"@type\":\"ListItem\",\"position\":1,\"name\":\"Home\",\"item\":\"http:\/\/esponsorama.ad\/ca\/\"},{\"@type\":\"ListItem\",\"position\":2,\"name\":\"Mala suerte para Vicente P\u00e9rez en el Gran Premio de Catalunya\"}]},{\"@type\":\"WebSite\",\"@id\":\"http:\/\/esponsorama.ad\/es\/#website\",\"url\":\"http:\/\/esponsorama.ad\/es\/\",\"name\":\"Esponsorama\",\"description\":\"Specialist in motorsport sponsorship and event promotions\",\"potentialAction\":[{\"@type\":\"SearchAction\",\"target\":{\"@type\":\"EntryPoint\",\"urlTemplate\":\"http:\/\/esponsorama.ad\/es\/?s={search_term_string}\"},\"query-input\":{\"@type\":\"PropertyValueSpecification\",\"valueRequired\":true,\"valueName\":\"search_term_string\"}}],\"inLanguage\":\"es\"},{\"@type\":\"Person\",\"@id\":\"http:\/\/esponsorama.ad\/es\/#\/schema\/person\/a5cde74945183d737066e46b61c6f9c4\",\"name\":\"Xavi Andornet\",\"image\":{\"@type\":\"ImageObject\",\"inLanguage\":\"es\",\"@id\":\"http:\/\/esponsorama.ad\/es\/#\/schema\/person\/image\/\",\"url\":\"https:\/\/secure.gravatar.com\/avatar\/f10eaf9ad601244a2357c9fd7cd9805ed166cfaaf76d5d9ab08a9d873e70147a?s=96&d=mm&r=g\",\"contentUrl\":\"https:\/\/secure.gravatar.com\/avatar\/f10eaf9ad601244a2357c9fd7cd9805ed166cfaaf76d5d9ab08a9d873e70147a?s=96&d=mm&r=g\",\"caption\":\"Xavi Andornet\"},\"sameAs\":[\"http:\/\/www.andornet.ad\"],\"url\":\"http:\/\/esponsorama.ad\/es\/author\/andornet\/\"}]}<\/script>\n<!-- \/ Yoast SEO plugin. -->","yoast_head_json":{"title":"Mala suerte para Vicente P\u00e9rez en el Gran Premio de Catalunya - Esponsorama","robots":{"index":"index","follow":"follow","max-snippet":"max-snippet:-1","max-image-preview":"max-image-preview:large","max-video-preview":"max-video-preview:-1"},"canonical":"http:\/\/esponsorama.ad\/es\/mala-suerte-vicente-perez-gran-premio-catalunya\/","og_locale":"es_ES","og_type":"article","og_title":"Mala suerte para Vicente P\u00e9rez en el Gran Premio de Catalunya - Esponsorama","og_description":"El domingo en el Gran Premio de Catalunya se ha arrancado con el calor, adem\u00e1s del clim\u00e1tico, de los miles de aficionados que han acudido a apoyar a sus \u00eddolos. En la Reale Avintia Academy la positividad estaba puesta en Vicente P\u00e9rez, para que pudiese hacer una buena actuaci\u00f3n en el trazado catal\u00e1n. Pero, la [&hellip;]","og_url":"http:\/\/esponsorama.ad\/es\/mala-suerte-vicente-perez-gran-premio-catalunya\/","og_site_name":"Esponsorama","article_published_time":"2017-06-11T12:44:52+00:00","article_modified_time":"2017-06-11T12:54:49+00:00","og_image":[{"width":1024,"height":683,"url":"http:\/\/esponsorama.ad\/wp-content\/uploads\/2017\/06\/07Montmelo17-7383-1024x683.jpg","type":"image\/jpeg"}],"author":"Xavi Andornet","twitter_card":"summary_large_image","twitter_misc":{"Escrito por":"Xavi Andornet","Tiempo de lectura":"2 minutos"},"schema":{"@context":"https:\/\/schema.org","@graph":[{"@type":"Article","@id":"http:\/\/esponsorama.ad\/es\/mala-suerte-vicente-perez-gran-premio-catalunya\/#article","isPartOf":{"@id":"http:\/\/esponsorama.ad\/es\/mala-suerte-vicente-perez-gran-premio-catalunya\/"},"author":{"name":"Xavi Andornet","@id":"http:\/\/esponsorama.ad\/es\/#\/schema\/person\/a5cde74945183d737066e46b61c6f9c4"},"headline":"Mala suerte para Vicente P\u00e9rez en el Gran Premio de Catalunya","datePublished":"2017-06-11T12:44:52+00:00","dateModified":"2017-06-11T12:54:49+00:00","mainEntityOfPage":{"@id":"http:\/\/esponsorama.ad\/es\/mala-suerte-vicente-perez-gran-premio-catalunya\/"},"wordCount":373,"image":{"@id":"http:\/\/esponsorama.ad\/es\/mala-suerte-vicente-perez-gran-premio-catalunya\/#primaryimage"},"thumbnailUrl":"http:\/\/esponsorama.ad\/wp-content\/uploads\/2017\/06\/07Montmelo17-7383.jpg","articleSection":["FIM CEV"],"inLanguage":"es"},{"@type":"WebPage","@id":"http:\/\/esponsorama.ad\/es\/mala-suerte-vicente-perez-gran-premio-catalunya\/","url":"http:\/\/esponsorama.ad\/es\/mala-suerte-vicente-perez-gran-premio-catalunya\/","name":"Mala suerte para Vicente P\u00e9rez en el Gran Premio de Catalunya - Esponsorama","isPartOf":{"@id":"http:\/\/esponsorama.ad\/es\/#website"},"primaryImageOfPage":{"@id":"http:\/\/esponsorama.ad\/es\/mala-suerte-vicente-perez-gran-premio-catalunya\/#primaryimage"},"image":{"@id":"http:\/\/esponsorama.ad\/es\/mala-suerte-vicente-perez-gran-premio-catalunya\/#primaryimage"},"thumbnailUrl":"http:\/\/esponsorama.ad\/wp-content\/uploads\/2017\/06\/07Montmelo17-7383.jpg","datePublished":"2017-06-11T12:44:52+00:00","dateModified":"2017-06-11T12:54:49+00:00","author":{"@id":"http:\/\/esponsorama.ad\/es\/#\/schema\/person\/a5cde74945183d737066e46b61c6f9c4"},"breadcrumb":{"@id":"http:\/\/esponsorama.ad\/es\/mala-suerte-vicente-perez-gran-premio-catalunya\/#breadcrumb"},"inLanguage":"es","potentialAction":[{"@type":"ReadAction","target":["http:\/\/esponsorama.ad\/es\/mala-suerte-vicente-perez-gran-premio-catalunya\/"]}]},{"@type":"ImageObject","inLanguage":"es","@id":"http:\/\/esponsorama.ad\/es\/mala-suerte-vicente-perez-gran-premio-catalunya\/#primaryimage","url":"http:\/\/esponsorama.ad\/wp-content\/uploads\/2017\/06\/07Montmelo17-7383.jpg","contentUrl":"http:\/\/esponsorama.ad\/wp-content\/uploads\/2017\/06\/07Montmelo17-7383.jpg","width":4668,"height":3112},{"@type":"BreadcrumbList","@id":"http:\/\/esponsorama.ad\/es\/mala-suerte-vicente-perez-gran-premio-catalunya\/#breadcrumb","itemListElement":[{"@type":"ListItem","position":1,"name":"Home","item":"http:\/\/esponsorama.ad\/ca\/"},{"@type":"ListItem","position":2,"name":"Mala suerte para Vicente P\u00e9rez en el Gran Premio de Catalunya"}]},{"@type":"WebSite","@id":"http:\/\/esponsorama.ad\/es\/#website","url":"http:\/\/esponsorama.ad\/es\/","name":"Esponsorama","description":"Specialist in motorsport sponsorship and event promotions","potentialAction":[{"@type":"SearchAction","target":{"@type":"EntryPoint","urlTemplate":"http:\/\/esponsorama.ad\/es\/?s={search_term_string}"},"query-input":{"@type":"PropertyValueSpecification","valueRequired":true,"valueName":"search_term_string"}}],"inLanguage":"es"},{"@type":"Person","@id":"http:\/\/esponsorama.ad\/es\/#\/schema\/person\/a5cde74945183d737066e46b61c6f9c4","name":"Xavi Andornet","image":{"@type":"ImageObject","inLanguage":"es","@id":"http:\/\/esponsorama.ad\/es\/#\/schema\/person\/image\/","url":"https:\/\/secure.gravatar.com\/avatar\/f10eaf9ad601244a2357c9fd7cd9805ed166cfaaf76d5d9ab08a9d873e70147a?s=96&d=mm&r=g","contentUrl":"https:\/\/secure.gravatar.com\/avatar\/f10eaf9ad601244a2357c9fd7cd9805ed166cfaaf76d5d9ab08a9d873e70147a?s=96&d=mm&r=g","caption":"Xavi Andornet"},"sameAs":["http:\/\/www.andornet.ad"],"url":"http:\/\/esponsorama.ad\/es\/author\/andornet\/"}]}},"_links":{"self":[{"href":"http:\/\/esponsorama.ad\/es\/wp-json\/wp\/v2\/posts\/4014","targetHints":{"allow":["GET"]}}],"collection":[{"href":"http:\/\/esponsorama.ad\/es\/wp-json\/wp\/v2\/posts"}],"about":[{"href":"http:\/\/esponsorama.ad\/es\/wp-json\/wp\/v2\/types\/post"}],"author":[{"embeddable":true,"href":"http:\/\/esponsorama.ad\/es\/wp-json\/wp\/v2\/users\/6"}],"replies":[{"embeddable":true,"href":"http:\/\/esponsorama.ad\/es\/wp-json\/wp\/v2\/comments?post=4014"}],"version-history":[{"count":0,"href":"http:\/\/esponsorama.ad\/es\/wp-json\/wp\/v2\/posts\/4014\/revisions"}],"wp:featuredmedia":[{"embeddable":true,"href":"http:\/\/esponsorama.ad\/es\/wp-json\/wp\/v2\/media\/3938"}],"wp:attachment":[{"href":"http:\/\/esponsorama.ad\/es\/wp-json\/wp\/v2\/media?parent=4014"}],"wp:term":[{"taxonomy":"category","embeddable":true,"href":"http:\/\/esponsorama.ad\/es\/wp-json\/wp\/v2\/categories?post=4014"},{"taxonomy":"post_tag","embeddable":true,"href":"http:\/\/esponsorama.ad\/es\/wp-json\/wp\/v2\/tags?post=4014"}],"curies":[{"name":"wp","href":"https:\/\/api.w.org\/{rel}","templated":true}]}}