{"id":4334,"date":"2017-06-17T16:50:01","date_gmt":"2017-06-17T14:50:01","guid":{"rendered":"http:\/\/esponsorama.ad\/?p=4334"},"modified":"2017-06-18T16:11:01","modified_gmt":"2017-06-18T14:11:01","slug":"buenos-cronos-los-pilotos-reale-avintia-academy-barcelona","status":"publish","type":"post","link":"http:\/\/esponsorama.ad\/es\/buenos-cronos-los-pilotos-reale-avintia-academy-barcelona\/","title":{"rendered":"Buenos cronos para los pilotos de Reale Avintia Academy en Barcelona"},"content":{"rendered":"<p>El s\u00e1bado, el circuito de Catalunya\u00a0amanec\u00eda con las altas temperaturas caracter\u00edsticas de estos \u00faltimos d\u00edas y han hecho poner a prueba las condiciones f\u00edsicas de los pilotos.<\/p>\n<p>Desde Reale Avintia Academy se ha podido rodar con un set up mucho m\u00e1s claro que en Le Mans, ya que se ha entrenado desde el jueves y los pilotos ya van entendiendo mejor este complicado trazado.<\/p>\n<p>En la categor\u00eda de Moto3, Vicente P\u00e9rez saldr\u00e1 ma\u00f1ana desde la segunda l\u00ednea de parrilla (cuarta posici\u00f3n) despu\u00e9s de marcar un tiempo de 1\u201954.485. El piloto valenciano ya est\u00e1 encontrando su sitio en este circuito y cada vez tiene mejores sensaciones.<\/p>\n<p>El kazajo\u00a0Makar Yurchenko estar\u00e1 en la P19 para la carrera de ma\u00f1ana, despu\u00e9s de hacer un crono de 1\u201955.912. Makar no ha tenido un d\u00eda bueno pero va mejorando poco a poco para estar en la posici\u00f3n que le corresponde.<\/p>\n<p>En la European Talent Cup, Andreas P\u00e9rez saldr\u00e1 segundo ma\u00f1ana en carrera con un tiempo de 1\u201959.083, que ha marcado en la sesi\u00f3n de la ma\u00f1ana. Se encuentra muy fuerte y ma\u00f1ana estar\u00e1 dando todo para hacer buenos resultados.<\/p>\n<p>Por su parte, Iker Garc\u00eda estar\u00e1 en parrilla en la P16, con un crono de 2\u201901.255. El piloto catal\u00e1n ha ido evolucionando desde el jueves y sinti\u00e9ndose m\u00e1s c\u00f3modo sobre su moto.<\/p>\n<p>Jos\u00e9 Su\u00e1rez se ha clasificado en la P25 para carrera marcando un tiempo de 2\u201904.186. El piloto murciano est\u00e1 contento con su resultado porque no conoc\u00eda el circuito y adem\u00e1s, es duro hasta que encuentras en sitio correcto.<strong>\u00a0<\/strong><\/p>\n\n<p>\u201cHoy estoy bastante contento porque hemos hecho un buen trabajo, tanto el equipo como yo saliendo desde la segunda l\u00ednea de parrilla. Esperamos hacer una buena salida y luchar hasta el final con el grupo y jugarnos la victoria en la \u00faltima vuelta.\u201d<\/p>\n\n<p>\u201d Ha sido un d\u00eda dif\u00edcil para m\u00ed pero estamos mejorando. Jueves, viernes y hoy hemos evolucionado pero no ha sido suficiente. Ma\u00f1ana a ver si conseguimos hacer buena carrera. Tengo que concentrarme en el inicio , las primera vueltas, para adelantar a muchos y poder estar delante. Veremos ma\u00f1ana.\u201d<\/p>\n\n<p>\u201cEst\u00e1 siendo un buen fin de semana. Ma\u00f1ana saldremos desde la P2 y espero que en carrera podamos estar luchando por las primeras posiciones. S\u00f3lo queda tirar y ver qu\u00e9 pasa.\u201d<\/p>\n<p><strong>\u00a0<\/strong><\/p>\n<p>\u201c Muy contento de c\u00f3mo ha ido el d\u00eda porque hemos tenido buenas sensaciones en seco. La clasificaci\u00f3n ha estado muy apretada y espero hacer una buena carrera y estar m\u00ednimo entre los diez primeros.\u201d<\/p>\n\n<p>\u201cEl d\u00eda de hoy me ha gustado mucho porque el circuito es muy largo y la t\u00e9cnica es complicada. Estoy orgulloso de mi posici\u00f3n para lo dif\u00edcil que es. Ma\u00f1ana intentar\u00e9 quedar entre los diez primeros.\u201d<\/p>\n","protected":false},"excerpt":{"rendered":"<p>El s\u00e1bado, el circuito de Catalunya\u00a0amanec\u00eda con las altas temperaturas caracter\u00edsticas de estos \u00faltimos d\u00edas y han hecho poner a prueba las condiciones f\u00edsicas de los pilotos. Desde Reale Avintia Academy se ha podido rodar con un set up mucho m\u00e1s claro que en Le Mans, ya que se ha entrenado desde el jueves y [&hellip;]<\/p>\n","protected":false},"author":6,"featured_media":4261,"comment_status":"closed","ping_status":"closed","sticky":false,"template":"","format":"standard","meta":{"footnotes":""},"categories":[10],"tags":[],"class_list":["post-4334","post","type-post","status-publish","format-standard","has-post-thumbnail","hentry","category-fim-cev"],"yoast_head":"<!-- This site is optimized with the Yoast SEO plugin v27.1.1 - https:\/\/yoast.com\/product\/yoast-seo-wordpress\/ -->\n<title>Buenos cronos para los pilotos de Reale Avintia Academy en Barcelona - Esponsorama<\/title>\n<meta name=\"robots\" content=\"index, follow, max-snippet:-1, max-image-preview:large, max-video-preview:-1\" \/>\n<link rel=\"canonical\" href=\"http:\/\/esponsorama.ad\/es\/buenos-cronos-los-pilotos-reale-avintia-academy-barcelona\/\" \/>\n<meta property=\"og:locale\" content=\"es_ES\" \/>\n<meta property=\"og:type\" content=\"article\" \/>\n<meta property=\"og:title\" content=\"Buenos cronos para los pilotos de Reale Avintia Academy en Barcelona - Esponsorama\" \/>\n<meta property=\"og:description\" content=\"El s\u00e1bado, el circuito de Catalunya\u00a0amanec\u00eda con las altas temperaturas caracter\u00edsticas de estos \u00faltimos d\u00edas y han hecho poner a prueba las condiciones f\u00edsicas de los pilotos. Desde Reale Avintia Academy se ha podido rodar con un set up mucho m\u00e1s claro que en Le Mans, ya que se ha entrenado desde el jueves y [&hellip;]\" \/>\n<meta property=\"og:url\" content=\"http:\/\/esponsorama.ad\/es\/buenos-cronos-los-pilotos-reale-avintia-academy-barcelona\/\" \/>\n<meta property=\"og:site_name\" content=\"Esponsorama\" \/>\n<meta property=\"article:published_time\" content=\"2017-06-17T14:50:01+00:00\" \/>\n<meta property=\"article:modified_time\" content=\"2017-06-18T14:11:01+00:00\" \/>\n<meta property=\"og:image\" content=\"http:\/\/esponsorama.ad\/wp-content\/uploads\/2017\/06\/MG_4376.jpg\" \/>\n\t<meta property=\"og:image:width\" content=\"5184\" \/>\n\t<meta property=\"og:image:height\" content=\"3456\" \/>\n\t<meta property=\"og:image:type\" content=\"image\/jpeg\" \/>\n<meta name=\"author\" content=\"Xavi Andornet\" \/>\n<meta name=\"twitter:card\" content=\"summary_large_image\" \/>\n<meta name=\"twitter:label1\" content=\"Escrito por\" \/>\n\t<meta name=\"twitter:data1\" content=\"Xavi Andornet\" \/>\n\t<meta name=\"twitter:label2\" content=\"Tiempo de lectura\" \/>\n\t<meta name=\"twitter:data2\" content=\"3 minutos\" \/>\n<script type=\"application\/ld+json\" class=\"yoast-schema-graph\">{\"@context\":\"https:\/\/schema.org\",\"@graph\":[{\"@type\":\"Article\",\"@id\":\"http:\/\/esponsorama.ad\/es\/buenos-cronos-los-pilotos-reale-avintia-academy-barcelona\/#article\",\"isPartOf\":{\"@id\":\"http:\/\/esponsorama.ad\/es\/buenos-cronos-los-pilotos-reale-avintia-academy-barcelona\/\"},\"author\":{\"name\":\"Xavi Andornet\",\"@id\":\"http:\/\/esponsorama.ad\/es\/#\/schema\/person\/a5cde74945183d737066e46b61c6f9c4\"},\"headline\":\"Buenos cronos para los pilotos de Reale Avintia Academy en Barcelona\",\"datePublished\":\"2017-06-17T14:50:01+00:00\",\"dateModified\":\"2017-06-18T14:11:01+00:00\",\"mainEntityOfPage\":{\"@id\":\"http:\/\/esponsorama.ad\/es\/buenos-cronos-los-pilotos-reale-avintia-academy-barcelona\/\"},\"wordCount\":521,\"image\":{\"@id\":\"http:\/\/esponsorama.ad\/es\/buenos-cronos-los-pilotos-reale-avintia-academy-barcelona\/#primaryimage\"},\"thumbnailUrl\":\"http:\/\/esponsorama.ad\/wp-content\/uploads\/2017\/06\/MG_4376.jpg\",\"articleSection\":[\"FIM CEV\"],\"inLanguage\":\"es\"},{\"@type\":\"WebPage\",\"@id\":\"http:\/\/esponsorama.ad\/es\/buenos-cronos-los-pilotos-reale-avintia-academy-barcelona\/\",\"url\":\"http:\/\/esponsorama.ad\/es\/buenos-cronos-los-pilotos-reale-avintia-academy-barcelona\/\",\"name\":\"Buenos cronos para los pilotos de Reale Avintia Academy en Barcelona - Esponsorama\",\"isPartOf\":{\"@id\":\"http:\/\/esponsorama.ad\/es\/#website\"},\"primaryImageOfPage\":{\"@id\":\"http:\/\/esponsorama.ad\/es\/buenos-cronos-los-pilotos-reale-avintia-academy-barcelona\/#primaryimage\"},\"image\":{\"@id\":\"http:\/\/esponsorama.ad\/es\/buenos-cronos-los-pilotos-reale-avintia-academy-barcelona\/#primaryimage\"},\"thumbnailUrl\":\"http:\/\/esponsorama.ad\/wp-content\/uploads\/2017\/06\/MG_4376.jpg\",\"datePublished\":\"2017-06-17T14:50:01+00:00\",\"dateModified\":\"2017-06-18T14:11:01+00:00\",\"author\":{\"@id\":\"http:\/\/esponsorama.ad\/es\/#\/schema\/person\/a5cde74945183d737066e46b61c6f9c4\"},\"breadcrumb\":{\"@id\":\"http:\/\/esponsorama.ad\/es\/buenos-cronos-los-pilotos-reale-avintia-academy-barcelona\/#breadcrumb\"},\"inLanguage\":\"es\",\"potentialAction\":[{\"@type\":\"ReadAction\",\"target\":[\"http:\/\/esponsorama.ad\/es\/buenos-cronos-los-pilotos-reale-avintia-academy-barcelona\/\"]}]},{\"@type\":\"ImageObject\",\"inLanguage\":\"es\",\"@id\":\"http:\/\/esponsorama.ad\/es\/buenos-cronos-los-pilotos-reale-avintia-academy-barcelona\/#primaryimage\",\"url\":\"http:\/\/esponsorama.ad\/wp-content\/uploads\/2017\/06\/MG_4376.jpg\",\"contentUrl\":\"http:\/\/esponsorama.ad\/wp-content\/uploads\/2017\/06\/MG_4376.jpg\",\"width\":5184,\"height\":3456},{\"@type\":\"BreadcrumbList\",\"@id\":\"http:\/\/esponsorama.ad\/es\/buenos-cronos-los-pilotos-reale-avintia-academy-barcelona\/#breadcrumb\",\"itemListElement\":[{\"@type\":\"ListItem\",\"position\":1,\"name\":\"Home\",\"item\":\"http:\/\/esponsorama.ad\/es\/\"},{\"@type\":\"ListItem\",\"position\":2,\"name\":\"Buenos cronos para los pilotos de Reale Avintia Academy en Barcelona\"}]},{\"@type\":\"WebSite\",\"@id\":\"http:\/\/esponsorama.ad\/es\/#website\",\"url\":\"http:\/\/esponsorama.ad\/es\/\",\"name\":\"Esponsorama\",\"description\":\"Specialist in motorsport sponsorship and event promotions\",\"potentialAction\":[{\"@type\":\"SearchAction\",\"target\":{\"@type\":\"EntryPoint\",\"urlTemplate\":\"http:\/\/esponsorama.ad\/es\/?s={search_term_string}\"},\"query-input\":{\"@type\":\"PropertyValueSpecification\",\"valueRequired\":true,\"valueName\":\"search_term_string\"}}],\"inLanguage\":\"es\"},{\"@type\":\"Person\",\"@id\":\"http:\/\/esponsorama.ad\/es\/#\/schema\/person\/a5cde74945183d737066e46b61c6f9c4\",\"name\":\"Xavi Andornet\",\"image\":{\"@type\":\"ImageObject\",\"inLanguage\":\"es\",\"@id\":\"http:\/\/esponsorama.ad\/es\/#\/schema\/person\/image\/\",\"url\":\"https:\/\/secure.gravatar.com\/avatar\/f10eaf9ad601244a2357c9fd7cd9805ed166cfaaf76d5d9ab08a9d873e70147a?s=96&d=mm&r=g\",\"contentUrl\":\"https:\/\/secure.gravatar.com\/avatar\/f10eaf9ad601244a2357c9fd7cd9805ed166cfaaf76d5d9ab08a9d873e70147a?s=96&d=mm&r=g\",\"caption\":\"Xavi Andornet\"},\"sameAs\":[\"http:\/\/www.andornet.ad\"],\"url\":\"http:\/\/esponsorama.ad\/es\/author\/andornet\/\"}]}<\/script>\n<!-- \/ Yoast SEO plugin. -->","yoast_head_json":{"title":"Buenos cronos para los pilotos de Reale Avintia Academy en Barcelona - Esponsorama","robots":{"index":"index","follow":"follow","max-snippet":"max-snippet:-1","max-image-preview":"max-image-preview:large","max-video-preview":"max-video-preview:-1"},"canonical":"http:\/\/esponsorama.ad\/es\/buenos-cronos-los-pilotos-reale-avintia-academy-barcelona\/","og_locale":"es_ES","og_type":"article","og_title":"Buenos cronos para los pilotos de Reale Avintia Academy en Barcelona - Esponsorama","og_description":"El s\u00e1bado, el circuito de Catalunya\u00a0amanec\u00eda con las altas temperaturas caracter\u00edsticas de estos \u00faltimos d\u00edas y han hecho poner a prueba las condiciones f\u00edsicas de los pilotos. Desde Reale Avintia Academy se ha podido rodar con un set up mucho m\u00e1s claro que en Le Mans, ya que se ha entrenado desde el jueves y [&hellip;]","og_url":"http:\/\/esponsorama.ad\/es\/buenos-cronos-los-pilotos-reale-avintia-academy-barcelona\/","og_site_name":"Esponsorama","article_published_time":"2017-06-17T14:50:01+00:00","article_modified_time":"2017-06-18T14:11:01+00:00","og_image":[{"width":5184,"height":3456,"url":"http:\/\/esponsorama.ad\/wp-content\/uploads\/2017\/06\/MG_4376.jpg","type":"image\/jpeg"}],"author":"Xavi Andornet","twitter_card":"summary_large_image","twitter_misc":{"Escrito por":"Xavi Andornet","Tiempo de lectura":"3 minutos"},"schema":{"@context":"https:\/\/schema.org","@graph":[{"@type":"Article","@id":"http:\/\/esponsorama.ad\/es\/buenos-cronos-los-pilotos-reale-avintia-academy-barcelona\/#article","isPartOf":{"@id":"http:\/\/esponsorama.ad\/es\/buenos-cronos-los-pilotos-reale-avintia-academy-barcelona\/"},"author":{"name":"Xavi Andornet","@id":"http:\/\/esponsorama.ad\/es\/#\/schema\/person\/a5cde74945183d737066e46b61c6f9c4"},"headline":"Buenos cronos para los pilotos de Reale Avintia Academy en Barcelona","datePublished":"2017-06-17T14:50:01+00:00","dateModified":"2017-06-18T14:11:01+00:00","mainEntityOfPage":{"@id":"http:\/\/esponsorama.ad\/es\/buenos-cronos-los-pilotos-reale-avintia-academy-barcelona\/"},"wordCount":521,"image":{"@id":"http:\/\/esponsorama.ad\/es\/buenos-cronos-los-pilotos-reale-avintia-academy-barcelona\/#primaryimage"},"thumbnailUrl":"http:\/\/esponsorama.ad\/wp-content\/uploads\/2017\/06\/MG_4376.jpg","articleSection":["FIM CEV"],"inLanguage":"es"},{"@type":"WebPage","@id":"http:\/\/esponsorama.ad\/es\/buenos-cronos-los-pilotos-reale-avintia-academy-barcelona\/","url":"http:\/\/esponsorama.ad\/es\/buenos-cronos-los-pilotos-reale-avintia-academy-barcelona\/","name":"Buenos cronos para los pilotos de Reale Avintia Academy en Barcelona - Esponsorama","isPartOf":{"@id":"http:\/\/esponsorama.ad\/es\/#website"},"primaryImageOfPage":{"@id":"http:\/\/esponsorama.ad\/es\/buenos-cronos-los-pilotos-reale-avintia-academy-barcelona\/#primaryimage"},"image":{"@id":"http:\/\/esponsorama.ad\/es\/buenos-cronos-los-pilotos-reale-avintia-academy-barcelona\/#primaryimage"},"thumbnailUrl":"http:\/\/esponsorama.ad\/wp-content\/uploads\/2017\/06\/MG_4376.jpg","datePublished":"2017-06-17T14:50:01+00:00","dateModified":"2017-06-18T14:11:01+00:00","author":{"@id":"http:\/\/esponsorama.ad\/es\/#\/schema\/person\/a5cde74945183d737066e46b61c6f9c4"},"breadcrumb":{"@id":"http:\/\/esponsorama.ad\/es\/buenos-cronos-los-pilotos-reale-avintia-academy-barcelona\/#breadcrumb"},"inLanguage":"es","potentialAction":[{"@type":"ReadAction","target":["http:\/\/esponsorama.ad\/es\/buenos-cronos-los-pilotos-reale-avintia-academy-barcelona\/"]}]},{"@type":"ImageObject","inLanguage":"es","@id":"http:\/\/esponsorama.ad\/es\/buenos-cronos-los-pilotos-reale-avintia-academy-barcelona\/#primaryimage","url":"http:\/\/esponsorama.ad\/wp-content\/uploads\/2017\/06\/MG_4376.jpg","contentUrl":"http:\/\/esponsorama.ad\/wp-content\/uploads\/2017\/06\/MG_4376.jpg","width":5184,"height":3456},{"@type":"BreadcrumbList","@id":"http:\/\/esponsorama.ad\/es\/buenos-cronos-los-pilotos-reale-avintia-academy-barcelona\/#breadcrumb","itemListElement":[{"@type":"ListItem","position":1,"name":"Home","item":"http:\/\/esponsorama.ad\/es\/"},{"@type":"ListItem","position":2,"name":"Buenos cronos para los pilotos de Reale Avintia Academy en Barcelona"}]},{"@type":"WebSite","@id":"http:\/\/esponsorama.ad\/es\/#website","url":"http:\/\/esponsorama.ad\/es\/","name":"Esponsorama","description":"Specialist in motorsport sponsorship and event promotions","potentialAction":[{"@type":"SearchAction","target":{"@type":"EntryPoint","urlTemplate":"http:\/\/esponsorama.ad\/es\/?s={search_term_string}"},"query-input":{"@type":"PropertyValueSpecification","valueRequired":true,"valueName":"search_term_string"}}],"inLanguage":"es"},{"@type":"Person","@id":"http:\/\/esponsorama.ad\/es\/#\/schema\/person\/a5cde74945183d737066e46b61c6f9c4","name":"Xavi Andornet","image":{"@type":"ImageObject","inLanguage":"es","@id":"http:\/\/esponsorama.ad\/es\/#\/schema\/person\/image\/","url":"https:\/\/secure.gravatar.com\/avatar\/f10eaf9ad601244a2357c9fd7cd9805ed166cfaaf76d5d9ab08a9d873e70147a?s=96&d=mm&r=g","contentUrl":"https:\/\/secure.gravatar.com\/avatar\/f10eaf9ad601244a2357c9fd7cd9805ed166cfaaf76d5d9ab08a9d873e70147a?s=96&d=mm&r=g","caption":"Xavi Andornet"},"sameAs":["http:\/\/www.andornet.ad"],"url":"http:\/\/esponsorama.ad\/es\/author\/andornet\/"}]}},"_links":{"self":[{"href":"http:\/\/esponsorama.ad\/es\/wp-json\/wp\/v2\/posts\/4334","targetHints":{"allow":["GET"]}}],"collection":[{"href":"http:\/\/esponsorama.ad\/es\/wp-json\/wp\/v2\/posts"}],"about":[{"href":"http:\/\/esponsorama.ad\/es\/wp-json\/wp\/v2\/types\/post"}],"author":[{"embeddable":true,"href":"http:\/\/esponsorama.ad\/es\/wp-json\/wp\/v2\/users\/6"}],"replies":[{"embeddable":true,"href":"http:\/\/esponsorama.ad\/es\/wp-json\/wp\/v2\/comments?post=4334"}],"version-history":[{"count":0,"href":"http:\/\/esponsorama.ad\/es\/wp-json\/wp\/v2\/posts\/4334\/revisions"}],"wp:featuredmedia":[{"embeddable":true,"href":"http:\/\/esponsorama.ad\/es\/wp-json\/wp\/v2\/media\/4261"}],"wp:attachment":[{"href":"http:\/\/esponsorama.ad\/es\/wp-json\/wp\/v2\/media?parent=4334"}],"wp:term":[{"taxonomy":"category","embeddable":true,"href":"http:\/\/esponsorama.ad\/es\/wp-json\/wp\/v2\/categories?post=4334"},{"taxonomy":"post_tag","embeddable":true,"href":"http:\/\/esponsorama.ad\/es\/wp-json\/wp\/v2\/tags?post=4334"}],"curies":[{"name":"wp","href":"https:\/\/api.w.org\/{rel}","templated":true}]}}