{"id":4562,"date":"2017-06-24T16:55:28","date_gmt":"2017-06-24T14:55:28","guid":{"rendered":"http:\/\/esponsorama.ad\/?p=4562"},"modified":"2017-06-24T19:35:47","modified_gmt":"2017-06-24T17:35:47","slug":"los-pilotos-reale-avintia-racing-completan-una-emocionante-sesion-clasificatoria-assen-2","status":"publish","type":"post","link":"http:\/\/esponsorama.ad\/es\/los-pilotos-reale-avintia-racing-completan-una-emocionante-sesion-clasificatoria-assen-2\/","title":{"rendered":"Los pilotos de Reale Avintia Racing completan una emocionante sesi\u00f3n clasificatoria en Assen"},"content":{"rendered":"<p>Las previsiones de lluvia se han cumplido hoy en Assen y todas las sesiones libres y cronometradas se han disputado en mojado. Por la ma\u00f1ana los pilotos de Reale Avintia Racing, H\u00e9ctor Barber\u00e1 y Loris Baz han terminado sexto y noveno, respectivamente, por lo que las expectativas del equipo para la Q1 eran bastante altas.<\/p>\n<p>Por la tarde las buenas sensaciones que han tenido Barber\u00e1 y Baz han desaparecido y la falta de agarre en el neum\u00e1tico posterior no les ha permitido rendir como por la ma\u00f1ana. Aun as\u00ed Baz lo ha dado todo y ha luchado hasta la \u00faltima vuelta para pasar el corte a la Q2. Al final no ha podido ser y ha terminado cuarto, con lo que ma\u00f1ana saldr\u00e1 a la carrera 14\u00ba desde la quinta l\u00ednea de la parrilla.<\/p>\n<p>Barber\u00e1 no ha podido acercarse a su ritmo del FP3 y ma\u00f1ana saldr\u00e1 20\u00ba desde la pen\u00faltima l\u00ednea, aunque ambos conf\u00edan en poder hacer una buena carrera, llueva o no.<\/p>\n\n<p>\u00abHa faltado muy poco para pasar a la Q2. Esta ma\u00f1ana he tenido muy buenas sensaciones en mojado pero la tarde aunque he ido bien, las sensaciones han sido diferentes. Aunque he ca\u00eddo esta ma\u00f1ana el \u2018grip\u2019 era muy bueno, pero durante la Q1 no ten\u00eda nada de agarre detr\u00e1s y sobre todo en la \u00faltima parte del circuito ha sido complicado. Lo he intentado hasta el final, he estado siempre primero, segundo, tercero, cuarto\u2026 Sab\u00eda que hab\u00eda que dar una \u00faltima vuelta muy buena y as\u00ed ha sido hasta el T3. Casi me caigo diez veces en la \u00faltima vuelta y, aunque he mejorado, no ha sido bastante. La posici\u00f3n no es mala y veremos qu\u00e9 pasa ma\u00f1ana con la lluvia. Creo que estamos bien para cualquier condici\u00f3n y hacer una buena carrera.\u201d<\/p>\n\n<p>\u00abHa sido una sesi\u00f3n clasificatoria bastante complicada. Esta ma\u00f1ana he terminado sexto y el \u2018feeling\u2019 era muy bueno. Pero esta tarde ha cambiado todo, no hab\u00eda \u2018grip\u2019 detr\u00e1s y parec\u00eda que iba a perder la moto en cada curva. As\u00ed ha sido imposible apretar y no he podido rodar como por la ma\u00f1ana. En solo 15 minutos no tienes tiempo de parar y al final salimos bastante atr\u00e1s. Las condiciones de la pista eran diferentes y deb\u00eda haberme adaptado mejor. Sinceramente no s\u00e9 qu\u00e9 prefiero para ma\u00f1ana, si lluvia o seco. Esta ma\u00f1ana ha ido muy bien, pero muy mal por la tarde. Ayer fui r\u00e1pido por la ma\u00f1ana y no tanto por la tarde. Habr\u00e1 que hacerlo bien en la condici\u00f3n que nos toque.\u201d<\/p>\n","protected":false},"excerpt":{"rendered":"<p>Las previsiones de lluvia se han cumplido hoy en Assen y todas las sesiones libres y cronometradas se han disputado en mojado. Por la ma\u00f1ana los pilotos de Reale Avintia Racing, H\u00e9ctor Barber\u00e1 y Loris Baz han terminado sexto y noveno, respectivamente, por lo que las expectativas del equipo para la Q1 eran bastante altas. [&hellip;]<\/p>\n","protected":false},"author":6,"featured_media":4564,"comment_status":"closed","ping_status":"closed","sticky":false,"template":"","format":"standard","meta":{"footnotes":""},"categories":[3],"tags":[],"class_list":["post-4562","post","type-post","status-publish","format-standard","has-post-thumbnail","hentry","category-motogp"],"yoast_head":"<!-- This site is optimized with the Yoast SEO plugin v27.1.1 - https:\/\/yoast.com\/product\/yoast-seo-wordpress\/ -->\n<title>Los pilotos de Reale Avintia Racing completan una emocionante sesi\u00f3n clasificatoria en Assen - Esponsorama<\/title>\n<meta name=\"robots\" content=\"index, follow, max-snippet:-1, max-image-preview:large, max-video-preview:-1\" \/>\n<link rel=\"canonical\" href=\"http:\/\/esponsorama.ad\/es\/los-pilotos-reale-avintia-racing-completan-una-emocionante-sesion-clasificatoria-assen-2\/\" \/>\n<meta property=\"og:locale\" content=\"es_ES\" \/>\n<meta property=\"og:type\" content=\"article\" \/>\n<meta property=\"og:title\" content=\"Los pilotos de Reale Avintia Racing completan una emocionante sesi\u00f3n clasificatoria en Assen - Esponsorama\" \/>\n<meta property=\"og:description\" content=\"Las previsiones de lluvia se han cumplido hoy en Assen y todas las sesiones libres y cronometradas se han disputado en mojado. Por la ma\u00f1ana los pilotos de Reale Avintia Racing, H\u00e9ctor Barber\u00e1 y Loris Baz han terminado sexto y noveno, respectivamente, por lo que las expectativas del equipo para la Q1 eran bastante altas. [&hellip;]\" \/>\n<meta property=\"og:url\" content=\"http:\/\/esponsorama.ad\/es\/los-pilotos-reale-avintia-racing-completan-una-emocionante-sesion-clasificatoria-assen-2\/\" \/>\n<meta property=\"og:site_name\" content=\"Esponsorama\" \/>\n<meta property=\"article:published_time\" content=\"2017-06-24T14:55:28+00:00\" \/>\n<meta property=\"article:modified_time\" content=\"2017-06-24T17:35:47+00:00\" \/>\n<meta property=\"og:image\" content=\"http:\/\/esponsorama.ad\/wp-content\/uploads\/2017\/06\/08Assen17MgpESPONSORAMA_FK7826.jpg\" \/>\n\t<meta property=\"og:image:width\" content=\"3779\" \/>\n\t<meta property=\"og:image:height\" content=\"2519\" \/>\n\t<meta property=\"og:image:type\" content=\"image\/jpeg\" \/>\n<meta name=\"author\" content=\"Xavi Andornet\" \/>\n<meta name=\"twitter:card\" content=\"summary_large_image\" \/>\n<meta name=\"twitter:label1\" content=\"Escrito por\" \/>\n\t<meta name=\"twitter:data1\" content=\"Xavi Andornet\" \/>\n\t<meta name=\"twitter:label2\" content=\"Tiempo de lectura\" \/>\n\t<meta name=\"twitter:data2\" content=\"2 minutos\" \/>\n<script type=\"application\/ld+json\" class=\"yoast-schema-graph\">{\"@context\":\"https:\/\/schema.org\",\"@graph\":[{\"@type\":\"Article\",\"@id\":\"http:\/\/esponsorama.ad\/es\/los-pilotos-reale-avintia-racing-completan-una-emocionante-sesion-clasificatoria-assen-2\/#article\",\"isPartOf\":{\"@id\":\"http:\/\/esponsorama.ad\/es\/los-pilotos-reale-avintia-racing-completan-una-emocionante-sesion-clasificatoria-assen-2\/\"},\"author\":{\"name\":\"Xavi Andornet\",\"@id\":\"http:\/\/esponsorama.ad\/es\/#\/schema\/person\/a5cde74945183d737066e46b61c6f9c4\"},\"headline\":\"Los pilotos de Reale Avintia Racing completan una emocionante sesi\u00f3n clasificatoria en Assen\",\"datePublished\":\"2017-06-24T14:55:28+00:00\",\"dateModified\":\"2017-06-24T17:35:47+00:00\",\"mainEntityOfPage\":{\"@id\":\"http:\/\/esponsorama.ad\/es\/los-pilotos-reale-avintia-racing-completan-una-emocionante-sesion-clasificatoria-assen-2\/\"},\"wordCount\":477,\"image\":{\"@id\":\"http:\/\/esponsorama.ad\/es\/los-pilotos-reale-avintia-racing-completan-una-emocionante-sesion-clasificatoria-assen-2\/#primaryimage\"},\"thumbnailUrl\":\"http:\/\/esponsorama.ad\/wp-content\/uploads\/2017\/06\/08Assen17MgpESPONSORAMA_FK7826.jpg\",\"articleSection\":[\"MotoGP\"],\"inLanguage\":\"es\"},{\"@type\":\"WebPage\",\"@id\":\"http:\/\/esponsorama.ad\/es\/los-pilotos-reale-avintia-racing-completan-una-emocionante-sesion-clasificatoria-assen-2\/\",\"url\":\"http:\/\/esponsorama.ad\/es\/los-pilotos-reale-avintia-racing-completan-una-emocionante-sesion-clasificatoria-assen-2\/\",\"name\":\"Los pilotos de Reale Avintia Racing completan una emocionante sesi\u00f3n clasificatoria en Assen - Esponsorama\",\"isPartOf\":{\"@id\":\"http:\/\/esponsorama.ad\/es\/#website\"},\"primaryImageOfPage\":{\"@id\":\"http:\/\/esponsorama.ad\/es\/los-pilotos-reale-avintia-racing-completan-una-emocionante-sesion-clasificatoria-assen-2\/#primaryimage\"},\"image\":{\"@id\":\"http:\/\/esponsorama.ad\/es\/los-pilotos-reale-avintia-racing-completan-una-emocionante-sesion-clasificatoria-assen-2\/#primaryimage\"},\"thumbnailUrl\":\"http:\/\/esponsorama.ad\/wp-content\/uploads\/2017\/06\/08Assen17MgpESPONSORAMA_FK7826.jpg\",\"datePublished\":\"2017-06-24T14:55:28+00:00\",\"dateModified\":\"2017-06-24T17:35:47+00:00\",\"author\":{\"@id\":\"http:\/\/esponsorama.ad\/es\/#\/schema\/person\/a5cde74945183d737066e46b61c6f9c4\"},\"breadcrumb\":{\"@id\":\"http:\/\/esponsorama.ad\/es\/los-pilotos-reale-avintia-racing-completan-una-emocionante-sesion-clasificatoria-assen-2\/#breadcrumb\"},\"inLanguage\":\"es\",\"potentialAction\":[{\"@type\":\"ReadAction\",\"target\":[\"http:\/\/esponsorama.ad\/es\/los-pilotos-reale-avintia-racing-completan-una-emocionante-sesion-clasificatoria-assen-2\/\"]}]},{\"@type\":\"ImageObject\",\"inLanguage\":\"es\",\"@id\":\"http:\/\/esponsorama.ad\/es\/los-pilotos-reale-avintia-racing-completan-una-emocionante-sesion-clasificatoria-assen-2\/#primaryimage\",\"url\":\"http:\/\/esponsorama.ad\/wp-content\/uploads\/2017\/06\/08Assen17MgpESPONSORAMA_FK7826.jpg\",\"contentUrl\":\"http:\/\/esponsorama.ad\/wp-content\/uploads\/2017\/06\/08Assen17MgpESPONSORAMA_FK7826.jpg\",\"width\":3779,\"height\":2519},{\"@type\":\"BreadcrumbList\",\"@id\":\"http:\/\/esponsorama.ad\/es\/los-pilotos-reale-avintia-racing-completan-una-emocionante-sesion-clasificatoria-assen-2\/#breadcrumb\",\"itemListElement\":[{\"@type\":\"ListItem\",\"position\":1,\"name\":\"Home\",\"item\":\"http:\/\/esponsorama.ad\/en\/\"},{\"@type\":\"ListItem\",\"position\":2,\"name\":\"Los pilotos de Reale Avintia Racing completan una emocionante sesi\u00f3n clasificatoria en Assen\"}]},{\"@type\":\"WebSite\",\"@id\":\"http:\/\/esponsorama.ad\/es\/#website\",\"url\":\"http:\/\/esponsorama.ad\/es\/\",\"name\":\"Esponsorama\",\"description\":\"Specialist in motorsport sponsorship and event promotions\",\"potentialAction\":[{\"@type\":\"SearchAction\",\"target\":{\"@type\":\"EntryPoint\",\"urlTemplate\":\"http:\/\/esponsorama.ad\/es\/?s={search_term_string}\"},\"query-input\":{\"@type\":\"PropertyValueSpecification\",\"valueRequired\":true,\"valueName\":\"search_term_string\"}}],\"inLanguage\":\"es\"},{\"@type\":\"Person\",\"@id\":\"http:\/\/esponsorama.ad\/es\/#\/schema\/person\/a5cde74945183d737066e46b61c6f9c4\",\"name\":\"Xavi Andornet\",\"image\":{\"@type\":\"ImageObject\",\"inLanguage\":\"es\",\"@id\":\"http:\/\/esponsorama.ad\/es\/#\/schema\/person\/image\/\",\"url\":\"https:\/\/secure.gravatar.com\/avatar\/f10eaf9ad601244a2357c9fd7cd9805ed166cfaaf76d5d9ab08a9d873e70147a?s=96&d=mm&r=g\",\"contentUrl\":\"https:\/\/secure.gravatar.com\/avatar\/f10eaf9ad601244a2357c9fd7cd9805ed166cfaaf76d5d9ab08a9d873e70147a?s=96&d=mm&r=g\",\"caption\":\"Xavi Andornet\"},\"sameAs\":[\"http:\/\/www.andornet.ad\"],\"url\":\"http:\/\/esponsorama.ad\/es\/author\/andornet\/\"}]}<\/script>\n<!-- \/ Yoast SEO plugin. -->","yoast_head_json":{"title":"Los pilotos de Reale Avintia Racing completan una emocionante sesi\u00f3n clasificatoria en Assen - Esponsorama","robots":{"index":"index","follow":"follow","max-snippet":"max-snippet:-1","max-image-preview":"max-image-preview:large","max-video-preview":"max-video-preview:-1"},"canonical":"http:\/\/esponsorama.ad\/es\/los-pilotos-reale-avintia-racing-completan-una-emocionante-sesion-clasificatoria-assen-2\/","og_locale":"es_ES","og_type":"article","og_title":"Los pilotos de Reale Avintia Racing completan una emocionante sesi\u00f3n clasificatoria en Assen - Esponsorama","og_description":"Las previsiones de lluvia se han cumplido hoy en Assen y todas las sesiones libres y cronometradas se han disputado en mojado. Por la ma\u00f1ana los pilotos de Reale Avintia Racing, H\u00e9ctor Barber\u00e1 y Loris Baz han terminado sexto y noveno, respectivamente, por lo que las expectativas del equipo para la Q1 eran bastante altas. [&hellip;]","og_url":"http:\/\/esponsorama.ad\/es\/los-pilotos-reale-avintia-racing-completan-una-emocionante-sesion-clasificatoria-assen-2\/","og_site_name":"Esponsorama","article_published_time":"2017-06-24T14:55:28+00:00","article_modified_time":"2017-06-24T17:35:47+00:00","og_image":[{"width":3779,"height":2519,"url":"http:\/\/esponsorama.ad\/wp-content\/uploads\/2017\/06\/08Assen17MgpESPONSORAMA_FK7826.jpg","type":"image\/jpeg"}],"author":"Xavi Andornet","twitter_card":"summary_large_image","twitter_misc":{"Escrito por":"Xavi Andornet","Tiempo de lectura":"2 minutos"},"schema":{"@context":"https:\/\/schema.org","@graph":[{"@type":"Article","@id":"http:\/\/esponsorama.ad\/es\/los-pilotos-reale-avintia-racing-completan-una-emocionante-sesion-clasificatoria-assen-2\/#article","isPartOf":{"@id":"http:\/\/esponsorama.ad\/es\/los-pilotos-reale-avintia-racing-completan-una-emocionante-sesion-clasificatoria-assen-2\/"},"author":{"name":"Xavi Andornet","@id":"http:\/\/esponsorama.ad\/es\/#\/schema\/person\/a5cde74945183d737066e46b61c6f9c4"},"headline":"Los pilotos de Reale Avintia Racing completan una emocionante sesi\u00f3n clasificatoria en Assen","datePublished":"2017-06-24T14:55:28+00:00","dateModified":"2017-06-24T17:35:47+00:00","mainEntityOfPage":{"@id":"http:\/\/esponsorama.ad\/es\/los-pilotos-reale-avintia-racing-completan-una-emocionante-sesion-clasificatoria-assen-2\/"},"wordCount":477,"image":{"@id":"http:\/\/esponsorama.ad\/es\/los-pilotos-reale-avintia-racing-completan-una-emocionante-sesion-clasificatoria-assen-2\/#primaryimage"},"thumbnailUrl":"http:\/\/esponsorama.ad\/wp-content\/uploads\/2017\/06\/08Assen17MgpESPONSORAMA_FK7826.jpg","articleSection":["MotoGP"],"inLanguage":"es"},{"@type":"WebPage","@id":"http:\/\/esponsorama.ad\/es\/los-pilotos-reale-avintia-racing-completan-una-emocionante-sesion-clasificatoria-assen-2\/","url":"http:\/\/esponsorama.ad\/es\/los-pilotos-reale-avintia-racing-completan-una-emocionante-sesion-clasificatoria-assen-2\/","name":"Los pilotos de Reale Avintia Racing completan una emocionante sesi\u00f3n clasificatoria en Assen - Esponsorama","isPartOf":{"@id":"http:\/\/esponsorama.ad\/es\/#website"},"primaryImageOfPage":{"@id":"http:\/\/esponsorama.ad\/es\/los-pilotos-reale-avintia-racing-completan-una-emocionante-sesion-clasificatoria-assen-2\/#primaryimage"},"image":{"@id":"http:\/\/esponsorama.ad\/es\/los-pilotos-reale-avintia-racing-completan-una-emocionante-sesion-clasificatoria-assen-2\/#primaryimage"},"thumbnailUrl":"http:\/\/esponsorama.ad\/wp-content\/uploads\/2017\/06\/08Assen17MgpESPONSORAMA_FK7826.jpg","datePublished":"2017-06-24T14:55:28+00:00","dateModified":"2017-06-24T17:35:47+00:00","author":{"@id":"http:\/\/esponsorama.ad\/es\/#\/schema\/person\/a5cde74945183d737066e46b61c6f9c4"},"breadcrumb":{"@id":"http:\/\/esponsorama.ad\/es\/los-pilotos-reale-avintia-racing-completan-una-emocionante-sesion-clasificatoria-assen-2\/#breadcrumb"},"inLanguage":"es","potentialAction":[{"@type":"ReadAction","target":["http:\/\/esponsorama.ad\/es\/los-pilotos-reale-avintia-racing-completan-una-emocionante-sesion-clasificatoria-assen-2\/"]}]},{"@type":"ImageObject","inLanguage":"es","@id":"http:\/\/esponsorama.ad\/es\/los-pilotos-reale-avintia-racing-completan-una-emocionante-sesion-clasificatoria-assen-2\/#primaryimage","url":"http:\/\/esponsorama.ad\/wp-content\/uploads\/2017\/06\/08Assen17MgpESPONSORAMA_FK7826.jpg","contentUrl":"http:\/\/esponsorama.ad\/wp-content\/uploads\/2017\/06\/08Assen17MgpESPONSORAMA_FK7826.jpg","width":3779,"height":2519},{"@type":"BreadcrumbList","@id":"http:\/\/esponsorama.ad\/es\/los-pilotos-reale-avintia-racing-completan-una-emocionante-sesion-clasificatoria-assen-2\/#breadcrumb","itemListElement":[{"@type":"ListItem","position":1,"name":"Home","item":"http:\/\/esponsorama.ad\/en\/"},{"@type":"ListItem","position":2,"name":"Los pilotos de Reale Avintia Racing completan una emocionante sesi\u00f3n clasificatoria en Assen"}]},{"@type":"WebSite","@id":"http:\/\/esponsorama.ad\/es\/#website","url":"http:\/\/esponsorama.ad\/es\/","name":"Esponsorama","description":"Specialist in motorsport sponsorship and event promotions","potentialAction":[{"@type":"SearchAction","target":{"@type":"EntryPoint","urlTemplate":"http:\/\/esponsorama.ad\/es\/?s={search_term_string}"},"query-input":{"@type":"PropertyValueSpecification","valueRequired":true,"valueName":"search_term_string"}}],"inLanguage":"es"},{"@type":"Person","@id":"http:\/\/esponsorama.ad\/es\/#\/schema\/person\/a5cde74945183d737066e46b61c6f9c4","name":"Xavi Andornet","image":{"@type":"ImageObject","inLanguage":"es","@id":"http:\/\/esponsorama.ad\/es\/#\/schema\/person\/image\/","url":"https:\/\/secure.gravatar.com\/avatar\/f10eaf9ad601244a2357c9fd7cd9805ed166cfaaf76d5d9ab08a9d873e70147a?s=96&d=mm&r=g","contentUrl":"https:\/\/secure.gravatar.com\/avatar\/f10eaf9ad601244a2357c9fd7cd9805ed166cfaaf76d5d9ab08a9d873e70147a?s=96&d=mm&r=g","caption":"Xavi Andornet"},"sameAs":["http:\/\/www.andornet.ad"],"url":"http:\/\/esponsorama.ad\/es\/author\/andornet\/"}]}},"_links":{"self":[{"href":"http:\/\/esponsorama.ad\/es\/wp-json\/wp\/v2\/posts\/4562","targetHints":{"allow":["GET"]}}],"collection":[{"href":"http:\/\/esponsorama.ad\/es\/wp-json\/wp\/v2\/posts"}],"about":[{"href":"http:\/\/esponsorama.ad\/es\/wp-json\/wp\/v2\/types\/post"}],"author":[{"embeddable":true,"href":"http:\/\/esponsorama.ad\/es\/wp-json\/wp\/v2\/users\/6"}],"replies":[{"embeddable":true,"href":"http:\/\/esponsorama.ad\/es\/wp-json\/wp\/v2\/comments?post=4562"}],"version-history":[{"count":0,"href":"http:\/\/esponsorama.ad\/es\/wp-json\/wp\/v2\/posts\/4562\/revisions"}],"wp:featuredmedia":[{"embeddable":true,"href":"http:\/\/esponsorama.ad\/es\/wp-json\/wp\/v2\/media\/4564"}],"wp:attachment":[{"href":"http:\/\/esponsorama.ad\/es\/wp-json\/wp\/v2\/media?parent=4562"}],"wp:term":[{"taxonomy":"category","embeddable":true,"href":"http:\/\/esponsorama.ad\/es\/wp-json\/wp\/v2\/categories?post=4562"},{"taxonomy":"post_tag","embeddable":true,"href":"http:\/\/esponsorama.ad\/es\/wp-json\/wp\/v2\/tags?post=4562"}],"curies":[{"name":"wp","href":"https:\/\/api.w.org\/{rel}","templated":true}]}}