{"id":463,"date":"2016-06-29T13:30:49","date_gmt":"2016-06-29T11:30:49","guid":{"rendered":"http:\/\/esponsorama.ad\/?p=463"},"modified":"2016-07-20T17:43:04","modified_gmt":"2016-07-20T15:43:04","slug":"fantastico-sexto-puesto-para-barbera-en-una-carrera-loca-en-assen","status":"publish","type":"post","link":"http:\/\/esponsorama.ad\/es\/fantastico-sexto-puesto-para-barbera-en-una-carrera-loca-en-assen\/","title":{"rendered":"Fant\u00e1stico sexto puesto para Barber\u00e1 en una carrera loca en Assen"},"content":{"rendered":"<p>El piloto de Avintia Racing, H\u00e9ctor Barber\u00e1 ha conseguido un fant\u00e1stico sexto puesto en una carrera loca que se ha disputado en dos partes. Era la primera vez en 86 a\u00f1os de historia del Dutch TT que se corr\u00eda en domingo, adem\u00e1s de la carrera n\u00famero 250 de la era MotoGP en el Campeonato del Mundo. Pero m\u00e1s sobre todo ser\u00e1 recordada por su desenlace final.<br \/>\nInicialmente prevista a 26 vueltas, la carrera ha sido detenida por la fuerte lluvia cuando faltaban 12. En esa primera parte las cosas no hab\u00edan ido demasiado bien para H\u00e9ctor Barber\u00e1 y Michele Pirro. El primero estaba 14\u00ba cuando han sacado la bandera roja, mientras que Pirro se ha ca\u00eddo, aunque por fortuna ha podido llegar al box.<br \/>\nEn la segunda carrera Barber\u00e1 ha ido cogiendo ritmo poco a poco para terminar sexto por detr\u00e1s de Andrea Iannone. Con este resultado el piloto de Avintia Racing escala un puesto en la clasificaci\u00f3n provisional y, a falta de una carrera para llegar al ecuador del campeonato ocupa la s\u00e9ptima posici\u00f3n. Adem\u00e1s sigue siendo la primera Ducati en la general.<br \/>\nMichele Pirro se ha ido al suelo despu\u00e9s de cinco vueltas cuando luchaba por la s\u00e9ptima posici\u00f3n, en lo que ha sido un fin de semana muy complicado para el piloto de pruebas de Ducati.<\/p>\n<p>H\u00c9CTOR BARBER\u00c1 #8 \/ @HectorBarbera P6<br \/>\n\u201cEstoy muy contento porque la primera carrera era un desastre, he decidido montar el neum\u00e1tico trasero duro y no ten\u00eda nada de agarre, en la recta iba patinando. Solo con hacer el gesto de entrar en las curvas la moto se cruzaba y la verdad es que lo estaba pasando mal. En la segunda carrera ten\u00eda claro que hab\u00eda que montar el blando y ha cambiado por completo el comportamiento de la moto. Pero ha sido tan grande el cambio que he tardado un par de vueltas en reaccionar. Acabar el sexto en un fin de semana tan complicado, con roturas y ca\u00eddas ha sido una recompensa para todos. Quiero dar una vez m\u00e1s las gracias al equipo porque ha reaccionado muy r\u00e1pido a todos los problemas que hemos tenido, y me han estado motivando en todo momento.\u201d<\/p>\n<p>MICHELE PIRRO #51 \/ @pirrorider DNF<br \/>\n\u201cHa sido un fin de semana dificil\u00edsimo, creo que uno de los m\u00e1s duros de mi carrera deportiva, pero as\u00ed son las carreras. Me sabe mal por el equipo, porque pod\u00edamos luchar por estar entre los siete primeros en la segunda carrera, pero me he ca\u00eddo sin previo aviso, el l\u00edmite era muy peque\u00f1o y no he podido hacer nada. Sobre todo lo siento por el equipo porque hoy pod\u00edamos haber logrado un buen resultado. Estas dos carreras han sido una buena experiencia, pero esperaba conseguir un resultado mejor este fin de semana. Gracias Avintia por esta oportunidad, espero que la pr\u00f3xima vez vaya mejor.\u201d<\/p>\n","protected":false},"excerpt":{"rendered":"<p>El piloto de Avintia Racing, H\u00e9ctor Barber\u00e1 ha conseguido un fant\u00e1stico sexto puesto en una carrera loca que se ha disputado en dos partes. Era la primera vez en 86 a\u00f1os de historia del Dutch TT que se corr\u00eda en domingo, adem\u00e1s de la carrera n\u00famero 250 de la era MotoGP en el Campeonato del [&hellip;]<\/p>\n","protected":false},"author":6,"featured_media":467,"comment_status":"closed","ping_status":"closed","sticky":false,"template":"","format":"standard","meta":{"footnotes":""},"categories":[1],"tags":[],"class_list":["post-463","post","type-post","status-publish","format-standard","has-post-thumbnail","hentry","category-sin-categoria"],"yoast_head":"<!-- This site is optimized with the Yoast SEO plugin v27.1.1 - https:\/\/yoast.com\/product\/yoast-seo-wordpress\/ -->\n<title>Fant\u00e1stico sexto puesto para Barber\u00e1 en una carrera loca en Assen - Esponsorama<\/title>\n<meta name=\"robots\" content=\"index, follow, max-snippet:-1, max-image-preview:large, max-video-preview:-1\" \/>\n<link rel=\"canonical\" href=\"http:\/\/esponsorama.ad\/es\/fantastico-sexto-puesto-para-barbera-en-una-carrera-loca-en-assen\/\" \/>\n<meta property=\"og:locale\" content=\"es_ES\" \/>\n<meta property=\"og:type\" content=\"article\" \/>\n<meta property=\"og:title\" content=\"Fant\u00e1stico sexto puesto para Barber\u00e1 en una carrera loca en Assen - Esponsorama\" \/>\n<meta property=\"og:description\" content=\"El piloto de Avintia Racing, H\u00e9ctor Barber\u00e1 ha conseguido un fant\u00e1stico sexto puesto en una carrera loca que se ha disputado en dos partes. Era la primera vez en 86 a\u00f1os de historia del Dutch TT que se corr\u00eda en domingo, adem\u00e1s de la carrera n\u00famero 250 de la era MotoGP en el Campeonato del [&hellip;]\" \/>\n<meta property=\"og:url\" content=\"http:\/\/esponsorama.ad\/es\/fantastico-sexto-puesto-para-barbera-en-una-carrera-loca-en-assen\/\" \/>\n<meta property=\"og:site_name\" content=\"Esponsorama\" \/>\n<meta property=\"article:published_time\" content=\"2016-06-29T11:30:49+00:00\" \/>\n<meta property=\"article:modified_time\" content=\"2016-07-20T15:43:04+00:00\" \/>\n<meta property=\"og:image\" content=\"http:\/\/esponsorama.ad\/wp-content\/uploads\/2016\/06\/08_ASSEN_2016_REPSOL_MGP-0868.jpg\" \/>\n\t<meta property=\"og:image:width\" content=\"5184\" \/>\n\t<meta property=\"og:image:height\" content=\"3456\" \/>\n\t<meta property=\"og:image:type\" content=\"image\/jpeg\" \/>\n<meta name=\"author\" content=\"Xavi Andornet\" \/>\n<meta name=\"twitter:card\" content=\"summary_large_image\" \/>\n<meta name=\"twitter:label1\" content=\"Escrito por\" \/>\n\t<meta name=\"twitter:data1\" content=\"Xavi Andornet\" \/>\n\t<meta name=\"twitter:label2\" content=\"Tiempo de lectura\" \/>\n\t<meta name=\"twitter:data2\" content=\"2 minutos\" \/>\n<script type=\"application\/ld+json\" class=\"yoast-schema-graph\">{\"@context\":\"https:\/\/schema.org\",\"@graph\":[{\"@type\":\"Article\",\"@id\":\"http:\/\/esponsorama.ad\/es\/fantastico-sexto-puesto-para-barbera-en-una-carrera-loca-en-assen\/#article\",\"isPartOf\":{\"@id\":\"http:\/\/esponsorama.ad\/es\/fantastico-sexto-puesto-para-barbera-en-una-carrera-loca-en-assen\/\"},\"author\":{\"name\":\"Xavi Andornet\",\"@id\":\"http:\/\/esponsorama.ad\/es\/#\/schema\/person\/a5cde74945183d737066e46b61c6f9c4\"},\"headline\":\"Fant\u00e1stico sexto puesto para Barber\u00e1 en una carrera loca en Assen\",\"datePublished\":\"2016-06-29T11:30:49+00:00\",\"dateModified\":\"2016-07-20T15:43:04+00:00\",\"mainEntityOfPage\":{\"@id\":\"http:\/\/esponsorama.ad\/es\/fantastico-sexto-puesto-para-barbera-en-una-carrera-loca-en-assen\/\"},\"wordCount\":511,\"image\":{\"@id\":\"http:\/\/esponsorama.ad\/es\/fantastico-sexto-puesto-para-barbera-en-una-carrera-loca-en-assen\/#primaryimage\"},\"thumbnailUrl\":\"http:\/\/esponsorama.ad\/wp-content\/uploads\/2016\/06\/08_ASSEN_2016_REPSOL_MGP-0868.jpg\",\"inLanguage\":\"es\"},{\"@type\":\"WebPage\",\"@id\":\"http:\/\/esponsorama.ad\/es\/fantastico-sexto-puesto-para-barbera-en-una-carrera-loca-en-assen\/\",\"url\":\"http:\/\/esponsorama.ad\/es\/fantastico-sexto-puesto-para-barbera-en-una-carrera-loca-en-assen\/\",\"name\":\"Fant\u00e1stico sexto puesto para Barber\u00e1 en una carrera loca en Assen - Esponsorama\",\"isPartOf\":{\"@id\":\"http:\/\/esponsorama.ad\/es\/#website\"},\"primaryImageOfPage\":{\"@id\":\"http:\/\/esponsorama.ad\/es\/fantastico-sexto-puesto-para-barbera-en-una-carrera-loca-en-assen\/#primaryimage\"},\"image\":{\"@id\":\"http:\/\/esponsorama.ad\/es\/fantastico-sexto-puesto-para-barbera-en-una-carrera-loca-en-assen\/#primaryimage\"},\"thumbnailUrl\":\"http:\/\/esponsorama.ad\/wp-content\/uploads\/2016\/06\/08_ASSEN_2016_REPSOL_MGP-0868.jpg\",\"datePublished\":\"2016-06-29T11:30:49+00:00\",\"dateModified\":\"2016-07-20T15:43:04+00:00\",\"author\":{\"@id\":\"http:\/\/esponsorama.ad\/es\/#\/schema\/person\/a5cde74945183d737066e46b61c6f9c4\"},\"breadcrumb\":{\"@id\":\"http:\/\/esponsorama.ad\/es\/fantastico-sexto-puesto-para-barbera-en-una-carrera-loca-en-assen\/#breadcrumb\"},\"inLanguage\":\"es\",\"potentialAction\":[{\"@type\":\"ReadAction\",\"target\":[\"http:\/\/esponsorama.ad\/es\/fantastico-sexto-puesto-para-barbera-en-una-carrera-loca-en-assen\/\"]}]},{\"@type\":\"ImageObject\",\"inLanguage\":\"es\",\"@id\":\"http:\/\/esponsorama.ad\/es\/fantastico-sexto-puesto-para-barbera-en-una-carrera-loca-en-assen\/#primaryimage\",\"url\":\"http:\/\/esponsorama.ad\/wp-content\/uploads\/2016\/06\/08_ASSEN_2016_REPSOL_MGP-0868.jpg\",\"contentUrl\":\"http:\/\/esponsorama.ad\/wp-content\/uploads\/2016\/06\/08_ASSEN_2016_REPSOL_MGP-0868.jpg\",\"width\":5184,\"height\":3456},{\"@type\":\"BreadcrumbList\",\"@id\":\"http:\/\/esponsorama.ad\/es\/fantastico-sexto-puesto-para-barbera-en-una-carrera-loca-en-assen\/#breadcrumb\",\"itemListElement\":[{\"@type\":\"ListItem\",\"position\":1,\"name\":\"Home\",\"item\":\"http:\/\/esponsorama.ad\/ca\/\"},{\"@type\":\"ListItem\",\"position\":2,\"name\":\"Fant\u00e1stico sexto puesto para Barber\u00e1 en una carrera loca en Assen\"}]},{\"@type\":\"WebSite\",\"@id\":\"http:\/\/esponsorama.ad\/es\/#website\",\"url\":\"http:\/\/esponsorama.ad\/es\/\",\"name\":\"Esponsorama\",\"description\":\"Specialist in motorsport sponsorship and event promotions\",\"potentialAction\":[{\"@type\":\"SearchAction\",\"target\":{\"@type\":\"EntryPoint\",\"urlTemplate\":\"http:\/\/esponsorama.ad\/es\/?s={search_term_string}\"},\"query-input\":{\"@type\":\"PropertyValueSpecification\",\"valueRequired\":true,\"valueName\":\"search_term_string\"}}],\"inLanguage\":\"es\"},{\"@type\":\"Person\",\"@id\":\"http:\/\/esponsorama.ad\/es\/#\/schema\/person\/a5cde74945183d737066e46b61c6f9c4\",\"name\":\"Xavi Andornet\",\"image\":{\"@type\":\"ImageObject\",\"inLanguage\":\"es\",\"@id\":\"http:\/\/esponsorama.ad\/es\/#\/schema\/person\/image\/\",\"url\":\"https:\/\/secure.gravatar.com\/avatar\/f10eaf9ad601244a2357c9fd7cd9805ed166cfaaf76d5d9ab08a9d873e70147a?s=96&d=mm&r=g\",\"contentUrl\":\"https:\/\/secure.gravatar.com\/avatar\/f10eaf9ad601244a2357c9fd7cd9805ed166cfaaf76d5d9ab08a9d873e70147a?s=96&d=mm&r=g\",\"caption\":\"Xavi Andornet\"},\"sameAs\":[\"http:\/\/www.andornet.ad\"],\"url\":\"http:\/\/esponsorama.ad\/es\/author\/andornet\/\"}]}<\/script>\n<!-- \/ Yoast SEO plugin. -->","yoast_head_json":{"title":"Fant\u00e1stico sexto puesto para Barber\u00e1 en una carrera loca en Assen - Esponsorama","robots":{"index":"index","follow":"follow","max-snippet":"max-snippet:-1","max-image-preview":"max-image-preview:large","max-video-preview":"max-video-preview:-1"},"canonical":"http:\/\/esponsorama.ad\/es\/fantastico-sexto-puesto-para-barbera-en-una-carrera-loca-en-assen\/","og_locale":"es_ES","og_type":"article","og_title":"Fant\u00e1stico sexto puesto para Barber\u00e1 en una carrera loca en Assen - Esponsorama","og_description":"El piloto de Avintia Racing, H\u00e9ctor Barber\u00e1 ha conseguido un fant\u00e1stico sexto puesto en una carrera loca que se ha disputado en dos partes. Era la primera vez en 86 a\u00f1os de historia del Dutch TT que se corr\u00eda en domingo, adem\u00e1s de la carrera n\u00famero 250 de la era MotoGP en el Campeonato del [&hellip;]","og_url":"http:\/\/esponsorama.ad\/es\/fantastico-sexto-puesto-para-barbera-en-una-carrera-loca-en-assen\/","og_site_name":"Esponsorama","article_published_time":"2016-06-29T11:30:49+00:00","article_modified_time":"2016-07-20T15:43:04+00:00","og_image":[{"width":5184,"height":3456,"url":"http:\/\/esponsorama.ad\/wp-content\/uploads\/2016\/06\/08_ASSEN_2016_REPSOL_MGP-0868.jpg","type":"image\/jpeg"}],"author":"Xavi Andornet","twitter_card":"summary_large_image","twitter_misc":{"Escrito por":"Xavi Andornet","Tiempo de lectura":"2 minutos"},"schema":{"@context":"https:\/\/schema.org","@graph":[{"@type":"Article","@id":"http:\/\/esponsorama.ad\/es\/fantastico-sexto-puesto-para-barbera-en-una-carrera-loca-en-assen\/#article","isPartOf":{"@id":"http:\/\/esponsorama.ad\/es\/fantastico-sexto-puesto-para-barbera-en-una-carrera-loca-en-assen\/"},"author":{"name":"Xavi Andornet","@id":"http:\/\/esponsorama.ad\/es\/#\/schema\/person\/a5cde74945183d737066e46b61c6f9c4"},"headline":"Fant\u00e1stico sexto puesto para Barber\u00e1 en una carrera loca en Assen","datePublished":"2016-06-29T11:30:49+00:00","dateModified":"2016-07-20T15:43:04+00:00","mainEntityOfPage":{"@id":"http:\/\/esponsorama.ad\/es\/fantastico-sexto-puesto-para-barbera-en-una-carrera-loca-en-assen\/"},"wordCount":511,"image":{"@id":"http:\/\/esponsorama.ad\/es\/fantastico-sexto-puesto-para-barbera-en-una-carrera-loca-en-assen\/#primaryimage"},"thumbnailUrl":"http:\/\/esponsorama.ad\/wp-content\/uploads\/2016\/06\/08_ASSEN_2016_REPSOL_MGP-0868.jpg","inLanguage":"es"},{"@type":"WebPage","@id":"http:\/\/esponsorama.ad\/es\/fantastico-sexto-puesto-para-barbera-en-una-carrera-loca-en-assen\/","url":"http:\/\/esponsorama.ad\/es\/fantastico-sexto-puesto-para-barbera-en-una-carrera-loca-en-assen\/","name":"Fant\u00e1stico sexto puesto para Barber\u00e1 en una carrera loca en Assen - Esponsorama","isPartOf":{"@id":"http:\/\/esponsorama.ad\/es\/#website"},"primaryImageOfPage":{"@id":"http:\/\/esponsorama.ad\/es\/fantastico-sexto-puesto-para-barbera-en-una-carrera-loca-en-assen\/#primaryimage"},"image":{"@id":"http:\/\/esponsorama.ad\/es\/fantastico-sexto-puesto-para-barbera-en-una-carrera-loca-en-assen\/#primaryimage"},"thumbnailUrl":"http:\/\/esponsorama.ad\/wp-content\/uploads\/2016\/06\/08_ASSEN_2016_REPSOL_MGP-0868.jpg","datePublished":"2016-06-29T11:30:49+00:00","dateModified":"2016-07-20T15:43:04+00:00","author":{"@id":"http:\/\/esponsorama.ad\/es\/#\/schema\/person\/a5cde74945183d737066e46b61c6f9c4"},"breadcrumb":{"@id":"http:\/\/esponsorama.ad\/es\/fantastico-sexto-puesto-para-barbera-en-una-carrera-loca-en-assen\/#breadcrumb"},"inLanguage":"es","potentialAction":[{"@type":"ReadAction","target":["http:\/\/esponsorama.ad\/es\/fantastico-sexto-puesto-para-barbera-en-una-carrera-loca-en-assen\/"]}]},{"@type":"ImageObject","inLanguage":"es","@id":"http:\/\/esponsorama.ad\/es\/fantastico-sexto-puesto-para-barbera-en-una-carrera-loca-en-assen\/#primaryimage","url":"http:\/\/esponsorama.ad\/wp-content\/uploads\/2016\/06\/08_ASSEN_2016_REPSOL_MGP-0868.jpg","contentUrl":"http:\/\/esponsorama.ad\/wp-content\/uploads\/2016\/06\/08_ASSEN_2016_REPSOL_MGP-0868.jpg","width":5184,"height":3456},{"@type":"BreadcrumbList","@id":"http:\/\/esponsorama.ad\/es\/fantastico-sexto-puesto-para-barbera-en-una-carrera-loca-en-assen\/#breadcrumb","itemListElement":[{"@type":"ListItem","position":1,"name":"Home","item":"http:\/\/esponsorama.ad\/ca\/"},{"@type":"ListItem","position":2,"name":"Fant\u00e1stico sexto puesto para Barber\u00e1 en una carrera loca en Assen"}]},{"@type":"WebSite","@id":"http:\/\/esponsorama.ad\/es\/#website","url":"http:\/\/esponsorama.ad\/es\/","name":"Esponsorama","description":"Specialist in motorsport sponsorship and event promotions","potentialAction":[{"@type":"SearchAction","target":{"@type":"EntryPoint","urlTemplate":"http:\/\/esponsorama.ad\/es\/?s={search_term_string}"},"query-input":{"@type":"PropertyValueSpecification","valueRequired":true,"valueName":"search_term_string"}}],"inLanguage":"es"},{"@type":"Person","@id":"http:\/\/esponsorama.ad\/es\/#\/schema\/person\/a5cde74945183d737066e46b61c6f9c4","name":"Xavi Andornet","image":{"@type":"ImageObject","inLanguage":"es","@id":"http:\/\/esponsorama.ad\/es\/#\/schema\/person\/image\/","url":"https:\/\/secure.gravatar.com\/avatar\/f10eaf9ad601244a2357c9fd7cd9805ed166cfaaf76d5d9ab08a9d873e70147a?s=96&d=mm&r=g","contentUrl":"https:\/\/secure.gravatar.com\/avatar\/f10eaf9ad601244a2357c9fd7cd9805ed166cfaaf76d5d9ab08a9d873e70147a?s=96&d=mm&r=g","caption":"Xavi Andornet"},"sameAs":["http:\/\/www.andornet.ad"],"url":"http:\/\/esponsorama.ad\/es\/author\/andornet\/"}]}},"_links":{"self":[{"href":"http:\/\/esponsorama.ad\/es\/wp-json\/wp\/v2\/posts\/463","targetHints":{"allow":["GET"]}}],"collection":[{"href":"http:\/\/esponsorama.ad\/es\/wp-json\/wp\/v2\/posts"}],"about":[{"href":"http:\/\/esponsorama.ad\/es\/wp-json\/wp\/v2\/types\/post"}],"author":[{"embeddable":true,"href":"http:\/\/esponsorama.ad\/es\/wp-json\/wp\/v2\/users\/6"}],"replies":[{"embeddable":true,"href":"http:\/\/esponsorama.ad\/es\/wp-json\/wp\/v2\/comments?post=463"}],"version-history":[{"count":0,"href":"http:\/\/esponsorama.ad\/es\/wp-json\/wp\/v2\/posts\/463\/revisions"}],"wp:featuredmedia":[{"embeddable":true,"href":"http:\/\/esponsorama.ad\/es\/wp-json\/wp\/v2\/media\/467"}],"wp:attachment":[{"href":"http:\/\/esponsorama.ad\/es\/wp-json\/wp\/v2\/media?parent=463"}],"wp:term":[{"taxonomy":"category","embeddable":true,"href":"http:\/\/esponsorama.ad\/es\/wp-json\/wp\/v2\/categories?post=463"},{"taxonomy":"post_tag","embeddable":true,"href":"http:\/\/esponsorama.ad\/es\/wp-json\/wp\/v2\/tags?post=463"}],"curies":[{"name":"wp","href":"https:\/\/api.w.org\/{rel}","templated":true}]}}